{"id":30766,"date":"2024-06-14T16:44:29","date_gmt":"2024-06-14T18:44:29","guid":{"rendered":"https:\/\/www.rotaseguros.com.br\/planosdesaude\/?p=30766"},"modified":"2024-06-20T11:55:06","modified_gmt":"2024-06-20T13:55:06","slug":"reajuste-dos-planos-individuais-2024","status":"publish","type":"post","link":"https:\/\/www.rotaseguros.com.br\/planosdesaude\/reajuste-dos-planos-individuais-2024\/","title":{"rendered":"ANS define percentual de reajuste dos planos de sa\u00fade individuais em 2024. Confira!"},"content":{"rendered":"<span class=\"span-reading-time rt-reading-time\" style=\"display: block;\"><span class=\"rt-label rt-prefix\">Reading Time: <\/span> <span class=\"rt-time\"> 3<\/span> <span class=\"rt-label rt-postfix\">minutes<\/span><\/span><p>A Ag\u00eancia Nacional de Sa\u00fade Suplementar (ANS) aprovou o reajuste dos planos de sa\u00fade individuais e familiares, o \u00edndice \u00e9 de 6,91%. Quando comparado aos \u00faltimos anos, este \u00e9 o menor valor. Em 2022, o percentual foi de 15,5% e, em 2023, de 9,63%.<\/p><div id=\"ez-toc-container\" class=\"ez-toc-v2_0_82_2 counter-flat ez-toc-counter ez-toc-grey ez-toc-container-direction\">\n<div class=\"ez-toc-title-container\">\n<p class=\"ez-toc-title\" style=\"cursor:inherit\">Aqui voc\u00ea encontra:<\/p>\n<span class=\"ez-toc-title-toggle\"><a href=\"#\" class=\"ez-toc-pull-right ez-toc-btn ez-toc-btn-xs ez-toc-btn-default ez-toc-toggle\" aria-label=\"Alternar tabela de conte\u00fado\"><span class=\"ez-toc-js-icon-con\"><span class=\"\"><span class=\"eztoc-hide\" style=\"display:none;\">Toggle<\/span><span class=\"ez-toc-icon-toggle-span\"><svg style=\"fill: #999;color:#999\" xmlns=\"http:\/\/www.w3.org\/2000\/svg\" class=\"list-377408\" width=\"20px\" height=\"20px\" viewBox=\"0 0 24 24\" fill=\"none\"><path d=\"M6 6H4v2h2V6zm14 0H8v2h12V6zM4 11h2v2H4v-2zm16 0H8v2h12v-2zM4 16h2v2H4v-2zm16 0H8v2h12v-2z\" fill=\"currentColor\"><\/path><\/svg><svg style=\"fill: #999;color:#999\" class=\"arrow-unsorted-368013\" xmlns=\"http:\/\/www.w3.org\/2000\/svg\" width=\"10px\" height=\"10px\" viewBox=\"0 0 24 24\" version=\"1.2\" baseProfile=\"tiny\"><path d=\"M18.2 9.3l-6.2-6.3-6.2 6.3c-.2.2-.3.4-.3.7s.1.5.3.7c.2.2.4.3.7.3h11c.3 0 .5-.1.7-.3.2-.2.3-.5.3-.7s-.1-.5-.3-.7zM5.8 14.7l6.2 6.3 6.2-6.3c.2-.2.3-.5.3-.7s-.1-.5-.3-.7c-.2-.2-.4-.3-.7-.3h-11c-.3 0-.5.1-.7.3-.2.2-.3.5-.3.7s.1.5.3.7z\"\/><\/svg><\/span><\/span><\/span><\/a><\/span><\/div>\n<nav><ul class='ez-toc-list ez-toc-list-level-1 ' ><li class='ez-toc-page-1'><a class=\"ez-toc-link ez-toc-heading-1\" href=\"https:\/\/www.rotaseguros.com.br\/planosdesaude\/reajuste-dos-planos-individuais-2024\/#Qual_e_o_calculo_utilizado_para_o_reajuste\" >Qual \u00e9 o c\u00e1lculo utilizado para o reajuste?<\/a><\/li><li class='ez-toc-page-1'><a class=\"ez-toc-link ez-toc-heading-2\" href=\"https:\/\/www.rotaseguros.com.br\/planosdesaude\/reajuste-dos-planos-individuais-2024\/#Como_e_feita_a_cobranca_do_reajuste_dos_planos_de_saude\" >Como \u00e9 feita a cobran\u00e7a do reajuste dos planos de sa\u00fade?<\/a><\/li><li class='ez-toc-page-1'><a class=\"ez-toc-link ez-toc-heading-3\" href=\"https:\/\/www.rotaseguros.com.br\/planosdesaude\/reajuste-dos-planos-individuais-2024\/#Historico_de_reajustes_dos_Planos_de_Saude_no_Brasil\" >Hist\u00f3rico de reajustes dos Planos de Sa\u00fade no Brasil<\/a><\/li><li class='ez-toc-page-1'><a class=\"ez-toc-link ez-toc-heading-4\" href=\"https:\/\/www.rotaseguros.com.br\/planosdesaude\/reajuste-dos-planos-individuais-2024\/#Como_contratar\" >Como contratar?<\/a><\/li><\/ul><\/nav><\/div>\n\n<p>Apreciado pelo Minist\u00e9rio da Fazenda, esse teto compreende o aumento permitido entre maio de 2024 e abril de 2025. <strong>Ou seja, o reajuste aplicado pela operadora pode ser de at\u00e9 6,91%, nunca mais do que isso, durante esse per\u00edodo.<\/strong><\/p>\n<p>O \u00edndice reflete como as despesas assistenciais mudaram de 2023 para 2022 nos planos de sa\u00fade individuais e familiares. Essa mudan\u00e7a est\u00e1 relacionada aos custos dos procedimentos e \u00e0 frequ\u00eancia de uso dos servi\u00e7os de sa\u00fade, segundo a ANS.<\/p>\n<p>Milh\u00f5es de benefici\u00e1rios ser\u00e3o impactados. No Brasil, estima-se que quase 8 milh\u00f5es de consumidores de planos de sa\u00fade possuem planos individuais e\/ou familiares. Vale lembrar que os contratos coletivos empresariais ou por ades\u00e3o n\u00e3o est\u00e3o inclusos nessa regra. Neles, as operadoras podem negociar diretamente com os benefici\u00e1rios.<\/p>\n<p><em>Fa\u00e7a seu coment\u00e1rio no final da p\u00e1gina com suas perguntas, sugest\u00f5es, elogios ou feedback para melhorar o nosso conte\u00fado. Assim voc\u00ea colabora com outras pessoas que acessarem nosso blog.<\/em><\/p>\n<h2><span class=\"ez-toc-section\" id=\"Qual_e_o_calculo_utilizado_para_o_reajuste\"><\/span><strong>Qual \u00e9 o c\u00e1lculo utilizado para o reajuste?<\/strong><span class=\"ez-toc-section-end\"><\/span><\/h2>\n<p>A ANS determinou o reajuste de 6,91% com base na varia\u00e7\u00e3o de custos assistenciais entre 2023 e 2022.<\/p>\n<p>Para o c\u00e1lculo do reajuste, a ANS utiliza a mesma metodologia desde 2019, que considera duas vari\u00e1veis:<\/p>\n<p><strong>\u00cdndice de Valor das Despesas Assistenciais (IVDA):<\/strong><\/p>\n<p>Mostra como os custos dos servi\u00e7os de sa\u00fade variaram ao longo do tempo. O IVDA representa 80% do c\u00e1lculo.<\/p>\n<p><strong>\u00cdndice Nacional de Pre\u00e7os ao Consumidor Amplo (IPCA):<\/strong><\/p>\n<p>Mostra como os pre\u00e7os dos produtos e servi\u00e7os mudam ao longo do tempo. Ele \u00e9 usado para medir a infla\u00e7\u00e3o, ou seja, o aumento geral dos pre\u00e7os. O IPCA representa 20% do c\u00e1lculo.<\/p>\n<p>Os benefici\u00e1rios devem estar atentos aos seus boletos! Conforme informado, com a libera\u00e7\u00e3o do teto do reajuste, as operadoras podem agora aplicar os percentuais necess\u00e1rios nos contratos com seus clientes. Portanto, \u00e9 crucial que os clientes estejam mais atentos aos seus boletos de pagamento e verifiquem o percentual aplicado, para garantir que n\u00e3o exceda o limite estabelecido pela ANS (15,5%).<\/p>\n<p><strong>Em caso de d\u00favidas, os consumidores podem contatar a ANS atrav\u00e9s dos seguintes canais de atendimento:<\/strong><\/p>\n<ul>\n<li>Disque ANS: 0800 701 9656<\/li>\n<li>Central de Atendimento ao Consumidor, no endere\u00e7o eletr\u00f4nico <a href=\"http:\/\/www.gov.br\/ans\" target=\"_new\" rel=\"noreferrer noopener\">www.gov.br\/ans<\/a><\/li>\n<li>Central de atendimento para deficientes auditivos: 0800 021 2105<\/li>\n<\/ul>\n<h2><span class=\"ez-toc-section\" id=\"Como_e_feita_a_cobranca_do_reajuste_dos_planos_de_saude\"><\/span><strong>Como \u00e9 feita a cobran\u00e7a do reajuste dos planos de sa\u00fade?<\/strong><span class=\"ez-toc-section-end\"><\/span><\/h2>\n<p>A <a href=\"https:\/\/bvsms.saude.gov.br\/bvs\/saudelegis\/ans\/2008\/res0171_29_04_2008.html\" target=\"_blank\" rel=\"noopener noreferrer\">RN n\u00b0 171\/2008<\/a> determina que ap\u00f3s a divulga\u00e7\u00e3o do reajuste, as operadoras podem aplic\u00e1-lo aos benefici\u00e1rios de planos da seguinte forma:<\/p>\n<p>O reajuste pode ser implementado a partir do anivers\u00e1rio do contrato, ou seja, a partir da data de contrata\u00e7\u00e3o.<\/p>\n<p>Por exemplo, os contratos que aniversariam em maio e junho devem ter cobran\u00e7as feitas at\u00e9 julho ou, no m\u00e1ximo, agosto, com cobran\u00e7a retroativa.<\/p>\n<p>Entenda melhor:<\/p>\n<p><img loading=\"lazy\" decoding=\"async\" class=\"wp-image-30773  aligncenter\" src=\"https:\/\/www.rotaseguros.com.br\/planosdesaude\/wp-content\/uploads\/2024\/06\/reajustes-nos-planos-de-saude-1024x1820.png\" alt=\"reajustes nos planos de sa\u00fade\" width=\"664\" height=\"1180\" srcset=\"https:\/\/www.rotaseguros.com.br\/planosdesaude\/wp-content\/uploads\/2024\/06\/reajustes-nos-planos-de-saude-1024x1820.png 1024w, https:\/\/www.rotaseguros.com.br\/planosdesaude\/wp-content\/uploads\/2024\/06\/reajustes-nos-planos-de-saude-169x300.png 169w, https:\/\/www.rotaseguros.com.br\/planosdesaude\/wp-content\/uploads\/2024\/06\/reajustes-nos-planos-de-saude-768x1365.png 768w, https:\/\/www.rotaseguros.com.br\/planosdesaude\/wp-content\/uploads\/2024\/06\/reajustes-nos-planos-de-saude-864x1536.png 864w, https:\/\/www.rotaseguros.com.br\/planosdesaude\/wp-content\/uploads\/2024\/06\/reajustes-nos-planos-de-saude-980x1742.png 980w, https:\/\/www.rotaseguros.com.br\/planosdesaude\/wp-content\/uploads\/2024\/06\/reajustes-nos-planos-de-saude-480x853.png 480w, https:\/\/www.rotaseguros.com.br\/planosdesaude\/wp-content\/uploads\/2024\/06\/reajustes-nos-planos-de-saude.png 1080w\" sizes=\"auto, (max-width: 664px) 100vw, 664px\" \/><\/p>\n<h2><span class=\"ez-toc-section\" id=\"Historico_de_reajustes_dos_Planos_de_Saude_no_Brasil\"><\/span><strong>Hist\u00f3rico de reajustes dos Planos de Sa\u00fade no Brasil<\/strong><span class=\"ez-toc-section-end\"><\/span><\/h2>\n<p>Analisando o gr\u00e1fico abaixo, observamos um evento \u00fanico: um reajuste negativo de -8,19%, resultando na diminui\u00e7\u00e3o do valor de muitas mensalidades.<\/p>\n<figure id=\"attachment_30770\" aria-describedby=\"caption-attachment-30770\" style=\"width: 1000px\" class=\"wp-caption alignnone\"><img loading=\"lazy\" decoding=\"async\" class=\"wp-image-30770 size-full\" src=\"https:\/\/www.rotaseguros.com.br\/planosdesaude\/wp-content\/uploads\/2024\/06\/reajustes-dos-planos-de-saude.png\" alt=\"reajustes dos planos de sa\u00fade\" width=\"1000\" height=\"550\" srcset=\"https:\/\/www.rotaseguros.com.br\/planosdesaude\/wp-content\/uploads\/2024\/06\/reajustes-dos-planos-de-saude.png 1000w, https:\/\/www.rotaseguros.com.br\/planosdesaude\/wp-content\/uploads\/2024\/06\/reajustes-dos-planos-de-saude-300x165.png 300w, https:\/\/www.rotaseguros.com.br\/planosdesaude\/wp-content\/uploads\/2024\/06\/reajustes-dos-planos-de-saude-768x422.png 768w, https:\/\/www.rotaseguros.com.br\/planosdesaude\/wp-content\/uploads\/2024\/06\/reajustes-dos-planos-de-saude-980x539.png 980w, https:\/\/www.rotaseguros.com.br\/planosdesaude\/wp-content\/uploads\/2024\/06\/reajustes-dos-planos-de-saude-480x264.png 480w\" sizes=\"auto, (max-width: 1000px) 100vw, 1000px\" \/><figcaption id=\"caption-attachment-30770\" class=\"wp-caption-text\"><em>Reajustes individuais por ano. Fonte: ANS.<\/em><\/figcaption><\/figure>\n<p>No entanto, essa queda significativa pode ser atribu\u00edda principalmente ao distanciamento social imposto pela pandemia de Covid-19.<\/p>\n<p>Por outro lado, Cesar Serra, diretor-adjunto da Diretoria de Normas e Habilita\u00e7\u00e3o de Operadoras (Diope) da ANS, argumenta que examinar o \u00edndice de reajuste com base apenas no ano de 2021 n\u00e3o \u00e9 a abordagem correta.<\/p>\n<p>\u00c9 necess\u00e1ria uma an\u00e1lise mais ampla, considerando os tr\u00eas anos de pandemia. Por exemplo, a varia\u00e7\u00e3o fica abaixo do principal \u00edndice de infla\u00e7\u00e3o do pa\u00eds, o IPCA, no mesmo per\u00edodo.<\/p>\n<p>O aumento de 6,91% estabelecido para 2024 representa um dos menores \u00edndices desde o ano 2000. Esse valor de reajuste \u00e9 uma not\u00edcia positiva para os consumidores, j\u00e1 resultando em um impacto menor no bolso.<\/p>\n<p>Assim, os benefici\u00e1rios de planos de sa\u00fade individuais e familiares sofrer\u00e3o menos com a press\u00e3o financeira resultante do contrato do plano de sa\u00fade individual e\/ou familiar, fator importante para um per\u00edodo de incertezas econ\u00f4micas.<\/p>\n<h2><span class=\"ez-toc-section\" id=\"Como_contratar\"><\/span><strong>Como contratar?<\/strong><span class=\"ez-toc-section-end\"><\/span><\/h2>\n<p>Se o reajuste pesar\u00e1 no seu bolso, entre em contato com nossos consultores na sua regi\u00e3o. Estamos prontos para ajudar voc\u00ea a escolher o melhor plano para fazer a sua portabilidade:<\/p>\n<ul>\n<li>Belo Horizonte\/MG: (31) 3279-8000<\/li>\n<li>Cascavel\/PR: (45) 2101-9406<\/li>\n<li>Caxias do Sul\/RS: (54) 2991-8720<\/li>\n<li>Colatina\/ES: (27) 3121-9393<\/li>\n<li>Curitiba\/PR: (41) 3596-036<\/li>\n<li>Divin\u00f3polis\/MG: (37) 3511-3030<\/li>\n<li>Londrina\/PR: (43) 3233-2069<\/li>\n<li>Maring\u00e1\/PR: (44) 2103-6720<\/li>\n<li>Po\u00e7os de Caldas\/MG: (35) 3713-2531<\/li>\n<li>Vit\u00f3ria\/ES: (27) 2233-3020<\/li>\n<li>Uberl\u00e2ndia\/MG: <span class=\"numeroInteiroRota\">(34) 3291-9300<\/span><\/li>\n<\/ul>\n","protected":false},"excerpt":{"rendered":"<p><span class=\"span-reading-time rt-reading-time\" style=\"display: block;\"><span class=\"rt-label rt-prefix\">Reading Time: <\/span> <span class=\"rt-time\"> 3<\/span> <span class=\"rt-label rt-postfix\">minutes<\/span><\/span>A Ag\u00eancia Nacional de Sa\u00fade Suplementar (ANS) aprovou o reajuste dos planos de sa\u00fade individuais e familiares, o \u00edndice \u00e9 de 6,91%. Quando comparado aos \u00faltimos anos, este \u00e9 o &#8230;<\/p>\n","protected":false},"author":2,"featured_media":30776,"comment_status":"open","ping_status":"open","sticky":false,"template":"","format":"standard","meta":{"_monsterinsights_skip_tracking":false,"_monsterinsights_sitenote_active":false,"_monsterinsights_sitenote_note":"","_monsterinsights_sitenote_category":0,"footnotes":"","_links_to":"","_links_to_target":""},"categories":[1,27],"tags":[2813,38,673,2814,2819,2822,132,394,2815,458,51,2816,524,2817,2818,389,48,1127,2821,2820],"class_list":["post-30766","post","type-post","status-publish","format-standard","has-post-thumbnail","hentry","category-sem-categoria","category-plano-de-saude","tag-agencia-nacional-da-saude","tag-ans","tag-coronavirus","tag-ministerio-da-fazenda","tag-noticias-plano-de-saude","tag-plano-coletivo","tag-plano-de-saude","tag-plano-de-saude-individual","tag-plano-familiar","tag-plano-individual","tag-reajuste","tag-reajuste-plano-2024","tag-reajuste-plano-de-saude","tag-reajuste-plano-de-saude-2024","tag-reajuste-plano-de-saude-2025","tag-reajuste-plano-individual","tag-rota-seguros-2","tag-saude","tag-valor-plano","tag-valores-plano-de-saude"],"_links":{"self":[{"href":"https:\/\/www.rotaseguros.com.br\/planosdesaude\/wp-json\/wp\/v2\/posts\/30766","targetHints":{"allow":["GET"]}}],"collection":[{"href":"https:\/\/www.rotaseguros.com.br\/planosdesaude\/wp-json\/wp\/v2\/posts"}],"about":[{"href":"https:\/\/www.rotaseguros.com.br\/planosdesaude\/wp-json\/wp\/v2\/types\/post"}],"author":[{"embeddable":true,"href":"https:\/\/www.rotaseguros.com.br\/planosdesaude\/wp-json\/wp\/v2\/users\/2"}],"replies":[{"embeddable":true,"href":"https:\/\/www.rotaseguros.com.br\/planosdesaude\/wp-json\/wp\/v2\/comments?post=30766"}],"version-history":[{"count":0,"href":"https:\/\/www.rotaseguros.com.br\/planosdesaude\/wp-json\/wp\/v2\/posts\/30766\/revisions"}],"wp:featuredmedia":[{"embeddable":true,"href":"https:\/\/www.rotaseguros.com.br\/planosdesaude\/wp-json\/wp\/v2\/media\/30776"}],"wp:attachment":[{"href":"https:\/\/www.rotaseguros.com.br\/planosdesaude\/wp-json\/wp\/v2\/media?parent=30766"}],"wp:term":[{"taxonomy":"category","embeddable":true,"href":"https:\/\/www.rotaseguros.com.br\/planosdesaude\/wp-json\/wp\/v2\/categories?post=30766"},{"taxonomy":"post_tag","embeddable":true,"href":"https:\/\/www.rotaseguros.com.br\/planosdesaude\/wp-json\/wp\/v2\/tags?post=30766"}],"curies":[{"name":"wp","href":"https:\/\/api.w.org\/{rel}","templated":true}]}}