{"id":30994,"date":"2024-07-17T13:44:44","date_gmt":"2024-07-17T15:44:44","guid":{"rendered":"https:\/\/www.rotaseguros.com.br\/planosdesaude\/?p=30994"},"modified":"2024-07-17T13:44:44","modified_gmt":"2024-07-17T15:44:44","slug":"sulamerica-expande-sua-rede-credenciada-em-mg-2","status":"publish","type":"post","link":"https:\/\/www.rotaseguros.com.br\/planosdesaude\/sulamerica-expande-sua-rede-credenciada-em-mg-2\/","title":{"rendered":"SulAm\u00e9rica expande sua rede credenciada em MG"},"content":{"rendered":"<span class=\"span-reading-time rt-reading-time\" style=\"display: block;\"><span class=\"rt-label rt-prefix\">Reading Time: <\/span> <span class=\"rt-time\"> 3<\/span> <span class=\"rt-label rt-postfix\">minutes<\/span><\/span><p><span style=\"font-weight: 400;\">A <a href=\"https:\/\/www.rotaseguros.com.br\/planosdesaude\/sulamerica-saude-e-um-bom-plano\/\">SulAm\u00e9rica Sa\u00fade<\/a> tem sido uma refer\u00eancia no mercado de seguros e sa\u00fade integral. Com uma trajet\u00f3ria de mais de 125 anos, a empresa consolidou sua posi\u00e7\u00e3o entre os melhores planos de sa\u00fade, oferecendo uma extensa gama de produtos e servi\u00e7os que v\u00e3o al\u00e9m do convencional.\u00a0<\/span><\/p><div id=\"ez-toc-container\" class=\"ez-toc-v2_0_82_2 counter-flat ez-toc-counter ez-toc-grey ez-toc-container-direction\">\n<div class=\"ez-toc-title-container\">\n<p class=\"ez-toc-title\" style=\"cursor:inherit\">Aqui voc\u00ea encontra:<\/p>\n<span class=\"ez-toc-title-toggle\"><a href=\"#\" class=\"ez-toc-pull-right ez-toc-btn ez-toc-btn-xs ez-toc-btn-default ez-toc-toggle\" aria-label=\"Alternar tabela de conte\u00fado\"><span class=\"ez-toc-js-icon-con\"><span class=\"\"><span class=\"eztoc-hide\" style=\"display:none;\">Toggle<\/span><span class=\"ez-toc-icon-toggle-span\"><svg style=\"fill: #999;color:#999\" xmlns=\"http:\/\/www.w3.org\/2000\/svg\" class=\"list-377408\" width=\"20px\" height=\"20px\" viewBox=\"0 0 24 24\" fill=\"none\"><path d=\"M6 6H4v2h2V6zm14 0H8v2h12V6zM4 11h2v2H4v-2zm16 0H8v2h12v-2zM4 16h2v2H4v-2zm16 0H8v2h12v-2z\" fill=\"currentColor\"><\/path><\/svg><svg style=\"fill: #999;color:#999\" class=\"arrow-unsorted-368013\" xmlns=\"http:\/\/www.w3.org\/2000\/svg\" width=\"10px\" height=\"10px\" viewBox=\"0 0 24 24\" version=\"1.2\" baseProfile=\"tiny\"><path d=\"M18.2 9.3l-6.2-6.3-6.2 6.3c-.2.2-.3.4-.3.7s.1.5.3.7c.2.2.4.3.7.3h11c.3 0 .5-.1.7-.3.2-.2.3-.5.3-.7s-.1-.5-.3-.7zM5.8 14.7l6.2 6.3 6.2-6.3c.2-.2.3-.5.3-.7s-.1-.5-.3-.7c-.2-.2-.4-.3-.7-.3h-11c-.3 0-.5.1-.7.3-.2.2-.3.5-.3.7s.1.5.3.7z\"\/><\/svg><\/span><\/span><\/span><\/a><\/span><\/div>\n<nav><ul class='ez-toc-list ez-toc-list-level-1 ' ><li class='ez-toc-page-1'><a class=\"ez-toc-link ez-toc-heading-1\" href=\"https:\/\/www.rotaseguros.com.br\/planosdesaude\/sulamerica-expande-sua-rede-credenciada-em-mg-2\/#A_Sulamerica_esta_cada_dia_maior\" >A Sulam\u00e9rica est\u00e1 cada dia maior!<\/a><\/li><li class='ez-toc-page-1'><a class=\"ez-toc-link ez-toc-heading-2\" href=\"https:\/\/www.rotaseguros.com.br\/planosdesaude\/sulamerica-expande-sua-rede-credenciada-em-mg-2\/#Em_meio_a_processo_de_expansao_SulAmerica_inaugura_filial_em_Belo_Horizonte\" >Em meio a processo de expans\u00e3o, SulAm\u00e9rica inaugura filial em Belo Horizonte<\/a><\/li><li class='ez-toc-page-1'><a class=\"ez-toc-link ez-toc-heading-3\" href=\"https:\/\/www.rotaseguros.com.br\/planosdesaude\/sulamerica-expande-sua-rede-credenciada-em-mg-2\/#Contrate_SulAmerica_com_a_Rota_Seguros\" >Contrate SulAm\u00e9rica com a Rota Seguros!<\/a><\/li><\/ul><\/nav><\/div>\n\n<p><span style=\"font-weight: 400;\">Para tanto a operadora tem como lema ser uma empresa que cuida da sa\u00fade f\u00edsica, emocional e financeira das pessoas. Essa abordagem abrangente se reflete em seus planos de sa\u00fade, que v\u00e3o al\u00e9m da simples cobertura m\u00e9dica. Os segurados podem contar com suporte em diversas \u00e1reas, promovendo uma experi\u00eancia completa de cuidado.<\/span><\/p>\n<p><span style=\"font-weight: 400;\">N\u00e3o \u00e9 atoa que a Sulam\u00e9rica sa\u00fade conta com mais de 3,6 milh\u00f5es de benefici\u00e1rios em todo o Brasil. Para os quais oferece planos de sa\u00fade nas modalidades ambulatorial + hospitalar com obstetr\u00edcia e hospitalar com obstetr\u00edcia. Seja qual for a sua necessidade, os planos s\u00e3o projetados para proporcionar cobertura abrangente, incluindo consultas eletivas, urg\u00eancia e emerg\u00eancia, procedimentos hospitalares, interna\u00e7\u00f5es, cirurgias e partos.<\/span><\/p>\n<p><span style=\"font-weight: 400;\">Dessa maneira, a SulAm\u00e9rica vai al\u00e9m ao oferecer uma s\u00e9rie de benef\u00edcios exclusivos para seus benefici\u00e1rios. Escleroterapia, fonoaudiologia, psicomotricidade, transplante, remiss\u00e3o, check-up e seguro viagem s\u00e3o apenas alguns dos extras que enriquecem a oferta da operadora. Esses diferenciais refor\u00e7am o compromisso da SulAm\u00e9rica em ir al\u00e9m do b\u00e1sico, garantindo um atendimento personalizado e abrangente.<\/span><\/p>\n<p><img loading=\"lazy\" decoding=\"async\" class=\"alignnone wp-image-30089 size-full\" src=\"https:\/\/www.rotaseguros.com.br\/planosdesaude\/wp-content\/uploads\/2024\/02\/179.png\" alt=\"Sulamerica \" width=\"1080\" height=\"270\" srcset=\"https:\/\/www.rotaseguros.com.br\/planosdesaude\/wp-content\/uploads\/2024\/02\/179.png 1080w, https:\/\/www.rotaseguros.com.br\/planosdesaude\/wp-content\/uploads\/2024\/02\/179-300x75.png 300w, https:\/\/www.rotaseguros.com.br\/planosdesaude\/wp-content\/uploads\/2024\/02\/179-1024x256.png 1024w, https:\/\/www.rotaseguros.com.br\/planosdesaude\/wp-content\/uploads\/2024\/02\/179-768x192.png 768w, https:\/\/www.rotaseguros.com.br\/planosdesaude\/wp-content\/uploads\/2024\/02\/179-980x245.png 980w, https:\/\/www.rotaseguros.com.br\/planosdesaude\/wp-content\/uploads\/2024\/02\/179-480x120.png 480w\" sizes=\"auto, (max-width: 1080px) 100vw, 1080px\" \/><\/p>\n<h1><span class=\"ez-toc-section\" id=\"A_Sulamerica_esta_cada_dia_maior\"><\/span><strong>A Sulam\u00e9rica est\u00e1 cada dia maior!<\/strong><span class=\"ez-toc-section-end\"><\/span><\/h1>\n<p><span style=\"font-weight: 400;\">Com mais de um s\u00e9culo de experi\u00eancia, a SulAm\u00e9rica combina tradi\u00e7\u00e3o e inova\u00e7\u00e3o para oferecer solu\u00e7\u00f5es de sa\u00fade que acompanham as mudan\u00e7as nas necessidades da sociedade.<\/span><span style=\"font-weight: 400;\"><br \/>\n<\/span><span style=\"font-weight: 400;\"><br \/>\n<\/span><span style=\"font-weight: 400;\">Para tanto a operadora investimento em crescimento aumentando sua rede de credenciados em Minas Gerais! Ao todo s\u00e3o mais de 700 novos credenciamentos, entre m\u00e9dicos, laborat\u00f3rios, cl\u00ednicas e hospitais, entre eles podemos destacar:\u00a0<\/span><\/p>\n<ul>\n<li><span style=\"font-weight: 400;\">Hospital Po\u00e7os de Caldas<\/span><\/li>\n<li><span style=\"font-weight: 400;\">Santa Casa de Montes Claros<\/span><\/li>\n<li><span style=\"font-weight: 400;\">Hospital de Olhos de Governador Valadares<\/span><\/li>\n<\/ul>\n<p><strong>Confira a lista das cidades que tiveram amplia\u00e7\u00e3o de rede credenciada SulAm\u00e9rica:<\/strong><\/p>\n<ul>\n<li style=\"font-weight: 400;\" aria-level=\"1\"><span style=\"font-weight: 400;\">Aimor\u00e9s<\/span><\/li>\n<li style=\"font-weight: 400;\" aria-level=\"1\"><span style=\"font-weight: 400;\">Al\u00e9m Para\u00edba<\/span><\/li>\n<li style=\"font-weight: 400;\" aria-level=\"1\"><span style=\"font-weight: 400;\">Alfenas<\/span><\/li>\n<li style=\"font-weight: 400;\" aria-level=\"1\"><span style=\"font-weight: 400;\">Andradas<\/span><\/li>\n<li style=\"font-weight: 400;\" aria-level=\"1\"><span style=\"font-weight: 400;\">Ara\u00e7uai<\/span><\/li>\n<li style=\"font-weight: 400;\" aria-level=\"1\"><span style=\"font-weight: 400;\">Araguari<\/span><\/li>\n<li style=\"font-weight: 400;\" aria-level=\"1\"><span style=\"font-weight: 400;\">Arax\u00e1<\/span><\/li>\n<li style=\"font-weight: 400;\" aria-level=\"1\"><span style=\"font-weight: 400;\">Arcos<\/span><\/li>\n<li style=\"font-weight: 400;\" aria-level=\"1\"><span style=\"font-weight: 400;\">Bambu\u00ed<\/span><\/li>\n<li style=\"font-weight: 400;\" aria-level=\"1\"><span style=\"font-weight: 400;\">Bar\u00e3o De Cocais<\/span><\/li>\n<li style=\"font-weight: 400;\" aria-level=\"1\"><span style=\"font-weight: 400;\">Barbacena\u00a0<\/span><\/li>\n<li style=\"font-weight: 400;\" aria-level=\"1\"><span style=\"font-weight: 400;\">Belo Horizonte<\/span><\/li>\n<li style=\"font-weight: 400;\" aria-level=\"1\"><span style=\"font-weight: 400;\">Bom Sucesso<\/span><\/li>\n<li style=\"font-weight: 400;\" aria-level=\"1\"><span style=\"font-weight: 400;\">Brumadinho<\/span><\/li>\n<li style=\"font-weight: 400;\" aria-level=\"1\"><span style=\"font-weight: 400;\">Caet\u00e9<\/span><\/li>\n<li style=\"font-weight: 400;\" aria-level=\"1\"><span style=\"font-weight: 400;\">Cambu\u00ed<\/span><\/li>\n<li style=\"font-weight: 400;\" aria-level=\"1\"><span style=\"font-weight: 400;\">Campina Verde<\/span><\/li>\n<li style=\"font-weight: 400;\" aria-level=\"1\"><span style=\"font-weight: 400;\">Campo Belo<\/span><\/li>\n<li style=\"font-weight: 400;\" aria-level=\"1\"><span style=\"font-weight: 400;\">Caranda\u00ed<\/span><\/li>\n<li style=\"font-weight: 400;\" aria-level=\"1\"><span style=\"font-weight: 400;\">Cataguases<\/span><\/li>\n<li style=\"font-weight: 400;\" aria-level=\"1\"><span style=\"font-weight: 400;\">Concei\u00e7\u00e3o Do Mato Dentro<\/span><\/li>\n<li style=\"font-weight: 400;\" aria-level=\"1\"><span style=\"font-weight: 400;\">Congonhas<\/span><\/li>\n<li style=\"font-weight: 400;\" aria-level=\"1\"><span style=\"font-weight: 400;\">Conselheiro Lafaiete<\/span><\/li>\n<li style=\"font-weight: 400;\" aria-level=\"1\"><span style=\"font-weight: 400;\">Contagem<\/span><\/li>\n<li style=\"font-weight: 400;\" aria-level=\"1\"><span style=\"font-weight: 400;\">Coronel Fabriciano<\/span><\/li>\n<li style=\"font-weight: 400;\" aria-level=\"1\"><span style=\"font-weight: 400;\">Curvelo<\/span><\/li>\n<li style=\"font-weight: 400;\" aria-level=\"1\"><span style=\"font-weight: 400;\">Divin\u00f3polis<\/span><\/li>\n<li style=\"font-weight: 400;\" aria-level=\"1\"><span style=\"font-weight: 400;\">Entre Rios De Minas<\/span><\/li>\n<li style=\"font-weight: 400;\" aria-level=\"1\"><span style=\"font-weight: 400;\">Eugen\u00f3polis<\/span><\/li>\n<li style=\"font-weight: 400;\" aria-level=\"1\"><span style=\"font-weight: 400;\">Extrema<\/span><\/li>\n<li style=\"font-weight: 400;\" aria-level=\"1\"><span style=\"font-weight: 400;\">Formiga<\/span><\/li>\n<li style=\"font-weight: 400;\" aria-level=\"1\"><span style=\"font-weight: 400;\">Frutal<\/span><\/li>\n<li style=\"font-weight: 400;\" aria-level=\"1\"><span style=\"font-weight: 400;\">Governador Valadares<\/span><\/li>\n<li style=\"font-weight: 400;\" aria-level=\"1\"><span style=\"font-weight: 400;\">Guanh\u00e3es<\/span><\/li>\n<li style=\"font-weight: 400;\" aria-level=\"1\"><span style=\"font-weight: 400;\">Guaran\u00e9sia<\/span><\/li>\n<li style=\"font-weight: 400;\" aria-level=\"1\"><span style=\"font-weight: 400;\">Guaxup\u00e9<\/span><\/li>\n<li style=\"font-weight: 400;\" aria-level=\"1\"><span style=\"font-weight: 400;\">Ibirit\u00e9<\/span><\/li>\n<li style=\"font-weight: 400;\" aria-level=\"1\"><span style=\"font-weight: 400;\">Inhapim<\/span><\/li>\n<li style=\"font-weight: 400;\" aria-level=\"1\"><span style=\"font-weight: 400;\">Ipatinga<\/span><\/li>\n<li style=\"font-weight: 400;\" aria-level=\"1\"><span style=\"font-weight: 400;\">Itabirito<\/span><\/li>\n<li style=\"font-weight: 400;\" aria-level=\"1\"><span style=\"font-weight: 400;\">Itaguara<\/span><\/li>\n<li style=\"font-weight: 400;\" aria-level=\"1\"><span style=\"font-weight: 400;\">Itajub\u00e1<\/span><\/li>\n<li style=\"font-weight: 400;\" aria-level=\"1\"><span style=\"font-weight: 400;\">Itamonte<\/span><\/li>\n<li style=\"font-weight: 400;\" aria-level=\"1\"><span style=\"font-weight: 400;\">Itanhandu<\/span><\/li>\n<li style=\"font-weight: 400;\" aria-level=\"1\"><span style=\"font-weight: 400;\">Itapagipe<\/span><\/li>\n<li style=\"font-weight: 400;\" aria-level=\"1\"><span style=\"font-weight: 400;\">Ita\u00fa De Minas<\/span><\/li>\n<li style=\"font-weight: 400;\" aria-level=\"1\"><span style=\"font-weight: 400;\">Ita\u00fana<\/span><\/li>\n<li style=\"font-weight: 400;\" aria-level=\"1\"><span style=\"font-weight: 400;\">Ituiutaba<\/span><\/li>\n<li style=\"font-weight: 400;\" aria-level=\"1\"><span style=\"font-weight: 400;\">Jana\u00faba<\/span><\/li>\n<li style=\"font-weight: 400;\" aria-level=\"1\"><span style=\"font-weight: 400;\">Jeceaba<\/span><\/li>\n<li style=\"font-weight: 400;\" aria-level=\"1\"><span style=\"font-weight: 400;\">Jo\u00e3o Monlevade<\/span><\/li>\n<li style=\"font-weight: 400;\" aria-level=\"1\"><span style=\"font-weight: 400;\">Jo\u00e3o Pinheiro<\/span><\/li>\n<li style=\"font-weight: 400;\" aria-level=\"1\"><span style=\"font-weight: 400;\">Juatuba<\/span><\/li>\n<li style=\"font-weight: 400;\" aria-level=\"1\"><span style=\"font-weight: 400;\">Juiz De Fora<\/span><\/li>\n<li style=\"font-weight: 400;\" aria-level=\"1\"><span style=\"font-weight: 400;\">Lagoa Santa<\/span><\/li>\n<li style=\"font-weight: 400;\" aria-level=\"1\"><span style=\"font-weight: 400;\">Lambari<\/span><\/li>\n<li style=\"font-weight: 400;\" aria-level=\"1\"><span style=\"font-weight: 400;\">Lavras<\/span><\/li>\n<li style=\"font-weight: 400;\" aria-level=\"1\"><span style=\"font-weight: 400;\">Leopoldina\u00a0<\/span><\/li>\n<li style=\"font-weight: 400;\" aria-level=\"1\"><span style=\"font-weight: 400;\">Lima Duarte<\/span><\/li>\n<li style=\"font-weight: 400;\" aria-level=\"1\"><span style=\"font-weight: 400;\">Machado<\/span><\/li>\n<li style=\"font-weight: 400;\" aria-level=\"1\"><span style=\"font-weight: 400;\">Manhumirim<\/span><\/li>\n<li style=\"font-weight: 400;\" aria-level=\"1\"><span style=\"font-weight: 400;\">Mariana<\/span><\/li>\n<li style=\"font-weight: 400;\" aria-level=\"1\"><span style=\"font-weight: 400;\">M\u00e1rio Campos<\/span><\/li>\n<li style=\"font-weight: 400;\" aria-level=\"1\"><span style=\"font-weight: 400;\">Martinho Campos<\/span><\/li>\n<li style=\"font-weight: 400;\" aria-level=\"1\"><span style=\"font-weight: 400;\">Mateus Leme<\/span><\/li>\n<li style=\"font-weight: 400;\" aria-level=\"1\"><span style=\"font-weight: 400;\">Mateus Leme<\/span><\/li>\n<li style=\"font-weight: 400;\" aria-level=\"1\"><span style=\"font-weight: 400;\">Matozinhos<\/span><\/li>\n<li style=\"font-weight: 400;\" aria-level=\"1\"><span style=\"font-weight: 400;\">Monte Carmelo<\/span><\/li>\n<li style=\"font-weight: 400;\" aria-level=\"1\"><span style=\"font-weight: 400;\">Muria\u00e9<\/span><\/li>\n<li style=\"font-weight: 400;\" aria-level=\"1\"><span style=\"font-weight: 400;\">Nova Lima<\/span><\/li>\n<li style=\"font-weight: 400;\" aria-level=\"1\"><span style=\"font-weight: 400;\">Ouro Preto<\/span><\/li>\n<li style=\"font-weight: 400;\" aria-level=\"1\"><span style=\"font-weight: 400;\">Par\u00e1 De Minas<\/span><\/li>\n<li style=\"font-weight: 400;\" aria-level=\"1\"><span style=\"font-weight: 400;\">Paracatu<\/span><\/li>\n<li style=\"font-weight: 400;\" aria-level=\"1\"><span style=\"font-weight: 400;\">Passos<\/span><\/li>\n<li style=\"font-weight: 400;\" aria-level=\"1\"><span style=\"font-weight: 400;\">Patroc\u00ednio<\/span><\/li>\n<li style=\"font-weight: 400;\" aria-level=\"1\"><span style=\"font-weight: 400;\">Pedro Leopoldo<\/span><\/li>\n<li style=\"font-weight: 400;\" aria-level=\"1\"><span style=\"font-weight: 400;\">Pequi<\/span><\/li>\n<li style=\"font-weight: 400;\" aria-level=\"1\"><span style=\"font-weight: 400;\">Pirapora<\/span><\/li>\n<li style=\"font-weight: 400;\" aria-level=\"1\"><span style=\"font-weight: 400;\">Poco Fundo<\/span><\/li>\n<li style=\"font-weight: 400;\" aria-level=\"1\"><span style=\"font-weight: 400;\">Po\u00e7os De Caldas<\/span><\/li>\n<li style=\"font-weight: 400;\" aria-level=\"1\"><span style=\"font-weight: 400;\">Pouso Alegre<\/span><\/li>\n<li style=\"font-weight: 400;\" aria-level=\"1\"><span style=\"font-weight: 400;\">Pouso Alto<\/span><\/li>\n<li style=\"font-weight: 400;\" aria-level=\"1\"><span style=\"font-weight: 400;\">Recreio<\/span><\/li>\n<li style=\"font-weight: 400;\" aria-level=\"1\"><span style=\"font-weight: 400;\">Sabar\u00e1<\/span><\/li>\n<li style=\"font-weight: 400;\" aria-level=\"1\"><span style=\"font-weight: 400;\">Salinas<\/span><\/li>\n<li style=\"font-weight: 400;\" aria-level=\"1\"><span style=\"font-weight: 400;\">Santa B\u00e1rbara<\/span><\/li>\n<li style=\"font-weight: 400;\" aria-level=\"1\"><span style=\"font-weight: 400;\">Santa Luzia<\/span><\/li>\n<li style=\"font-weight: 400;\" aria-level=\"1\"><span style=\"font-weight: 400;\">Santa Rita Do Sapuca\u00ed<\/span><\/li>\n<li style=\"font-weight: 400;\" aria-level=\"1\"><span style=\"font-weight: 400;\">Santos Dumont<\/span><\/li>\n<li style=\"font-weight: 400;\" aria-level=\"1\"><span style=\"font-weight: 400;\">S\u00e3o Jo\u00e3o Del Rei<\/span><\/li>\n<li style=\"font-weight: 400;\" aria-level=\"1\"><span style=\"font-weight: 400;\">S\u00e3o Louren\u00e7o<\/span><\/li>\n<li style=\"font-weight: 400;\" aria-level=\"1\"><span style=\"font-weight: 400;\">S\u00e3o Sebasti\u00e3o Do Para\u00edso<\/span><\/li>\n<li style=\"font-weight: 400;\" aria-level=\"1\"><span style=\"font-weight: 400;\">S\u00e3o Vicente De Minas<\/span><\/li>\n<li style=\"font-weight: 400;\" aria-level=\"1\"><span style=\"font-weight: 400;\">Sarzedo<\/span><\/li>\n<li style=\"font-weight: 400;\" aria-level=\"1\"><span style=\"font-weight: 400;\">Sete Lagoas<\/span><\/li>\n<li style=\"font-weight: 400;\" aria-level=\"1\"><span style=\"font-weight: 400;\">Taiobeiras<\/span><\/li>\n<li style=\"font-weight: 400;\" aria-level=\"1\"><span style=\"font-weight: 400;\">Te\u00f3filo Otoni<\/span><\/li>\n<li style=\"font-weight: 400;\" aria-level=\"1\"><span style=\"font-weight: 400;\">Tim\u00f3teo<\/span><\/li>\n<li style=\"font-weight: 400;\" aria-level=\"1\"><span style=\"font-weight: 400;\">Tres Coracoes<\/span><\/li>\n<li style=\"font-weight: 400;\" aria-level=\"1\"><span style=\"font-weight: 400;\">Tupaciguara<\/span><\/li>\n<li style=\"font-weight: 400;\" aria-level=\"1\"><span style=\"font-weight: 400;\">Ub\u00e1<\/span><\/li>\n<li style=\"font-weight: 400;\" aria-level=\"1\"><span style=\"font-weight: 400;\">Uberaba<\/span><\/li>\n<li style=\"font-weight: 400;\" aria-level=\"1\"><span style=\"font-weight: 400;\">Uberl\u00e2ndia<\/span><\/li>\n<li style=\"font-weight: 400;\" aria-level=\"1\"><span style=\"font-weight: 400;\">Una\u00ed<\/span><\/li>\n<li style=\"font-weight: 400;\" aria-level=\"1\"><span style=\"font-weight: 400;\">Varginha<\/span><\/li>\n<li style=\"font-weight: 400;\" aria-level=\"1\"><span style=\"font-weight: 400;\">Vespasiano<\/span><\/li>\n<li style=\"font-weight: 400;\" aria-level=\"1\"><span style=\"font-weight: 400;\">Vi\u00e7osa<\/span><\/li>\n<\/ul>\n<h2 style=\"text-align: left;\"><strong><img loading=\"lazy\" decoding=\"async\" class=\"alignnone wp-image-30090 size-full\" src=\"https:\/\/www.rotaseguros.com.br\/planosdesaude\/wp-content\/uploads\/2024\/02\/180.png\" alt=\"Sulamerica \" width=\"1080\" height=\"270\" srcset=\"https:\/\/www.rotaseguros.com.br\/planosdesaude\/wp-content\/uploads\/2024\/02\/180.png 1080w, https:\/\/www.rotaseguros.com.br\/planosdesaude\/wp-content\/uploads\/2024\/02\/180-300x75.png 300w, https:\/\/www.rotaseguros.com.br\/planosdesaude\/wp-content\/uploads\/2024\/02\/180-1024x256.png 1024w, https:\/\/www.rotaseguros.com.br\/planosdesaude\/wp-content\/uploads\/2024\/02\/180-768x192.png 768w, https:\/\/www.rotaseguros.com.br\/planosdesaude\/wp-content\/uploads\/2024\/02\/180-980x245.png 980w, https:\/\/www.rotaseguros.com.br\/planosdesaude\/wp-content\/uploads\/2024\/02\/180-480x120.png 480w\" sizes=\"auto, (max-width: 1080px) 100vw, 1080px\" \/><\/strong><\/h2>\n<h2 style=\"text-align: left;\"><span class=\"ez-toc-section\" id=\"Em_meio_a_processo_de_expansao_SulAmerica_inaugura_filial_em_Belo_Horizonte\"><\/span><strong>Em meio a processo de expans\u00e3o, SulAm\u00e9rica inaugura filial em Belo Horizonte<\/strong><span class=\"ez-toc-section-end\"><\/span><\/h2>\n<p>Refor\u00e7ando seu compromisso e dedica\u00e7\u00e3o com os mineiros, a SulAm\u00e9rica inaugurou uma filial em Belo Horizonte.<\/p>\n<p>Localizada na Avenida Oleg\u00e1rio Maciel, no bairro Santo Agostinho, a nova filial refor\u00e7a a import\u00e2ncia da capital mineira para a operadora de Planos de Sa\u00fade.<\/p>\n<p>O novo espa\u00e7o foi criado com a inten\u00e7\u00e3o de oferecer um atendimento de excel\u00eancia, mais pr\u00f3ximo e personalizado para os benefici\u00e1rios e clientes da regi\u00e3o.<\/p>\n<p>Al\u00e9m disso, novos produtos foram desenvolvidos especificamente para atender \u00e0s demandas da popula\u00e7\u00e3o local, garantindo um servi\u00e7o exclusivo e diferenciado.<\/p>\n<p>Com 128 anos de hist\u00f3ria, a SulAm\u00e9rica atende mais de 5,5 milh\u00f5es de clientes, oferecendo uma ampla gama de produtos e servi\u00e7os, incluindo Sa\u00fade, Odonto, Vida, Previd\u00eancia e Investimentos. A empresa conta com uma equipe de mais de 4 mil colaboradores dedicados e uma rede de distribui\u00e7\u00e3o formada por mais de 37 mil corretores independentes em todo o Brasil.<\/p>\n<h2 style=\"text-align: left;\"><span class=\"ez-toc-section\" id=\"Contrate_SulAmerica_com_a_Rota_Seguros\"><\/span><strong>Contrate SulAm\u00e9rica com a Rota Seguros!<\/strong><span class=\"ez-toc-section-end\"><\/span><\/h2>\n<p>Se voc\u00ea est\u00e1 considerando contratar um plano de sa\u00fade e deseja aproveitar a expans\u00e3o da SulAm\u00e9rica, pode contar com a Rota Seguros. Estamos presentes em diversas regi\u00f5es para melhor atend\u00ea-lo.<\/p>\n<p>Somos reconhecidos por nossa excel\u00eancia em planos de sa\u00fade, constru\u00edda por meio de um atendimento humanizado e eficiente, sempre focado em suas necessidades. Oferecemos op\u00e7\u00f5es de servi\u00e7os personalizados, com consultores especializados em sa\u00fade suplementar.<\/p>\n<p>Nosso compromisso \u00e9 apresentar as melhores e mais variadas alternativas de planos de sa\u00fade, adaptadas \u00e0s suas necessidades espec\u00edficas. Estamos totalmente dedicados \u00e0 sua sa\u00fade e bem-estar. Entre em contato conosco para saber mais:<\/p>\n<ul>\n<li>Belo Horizonte\/MG: (31) 3279-8000<\/li>\n<li>Divin\u00f3polis\/MG: (37) 3511-3030<\/li>\n<li>Po\u00e7os de Caldas\/MG: (35) 3713-2531<\/li>\n<li>Uberl\u00e2ndia\/MG: (34) 3291-9300<\/li>\n<\/ul>\n","protected":false},"excerpt":{"rendered":"<p><span class=\"span-reading-time rt-reading-time\" style=\"display: block;\"><span class=\"rt-label rt-prefix\">Reading Time: <\/span> <span class=\"rt-time\"> 3<\/span> <span class=\"rt-label rt-postfix\">minutes<\/span><\/span>A SulAm\u00e9rica Sa\u00fade tem sido uma refer\u00eancia no mercado de seguros e sa\u00fade integral. Com uma trajet\u00f3ria de mais de 125 anos, a empresa consolidou sua posi\u00e7\u00e3o entre os melhores &#8230;<\/p>\n","protected":false},"author":2,"featured_media":30997,"comment_status":"open","ping_status":"open","sticky":false,"template":"","format":"standard","meta":{"_monsterinsights_skip_tracking":false,"_monsterinsights_sitenote_active":false,"_monsterinsights_sitenote_note":"","_monsterinsights_sitenote_category":0,"footnotes":"","_links_to":"","_links_to_target":""},"categories":[28,450],"tags":[2925,2919,2923,2920,2921,2924,132,41,48,63,289,2922],"class_list":["post-30994","post","type-post","status-publish","format-standard","has-post-thumbnail","hentry","category-sul-america","category-sulamerica-odonto","tag-contratar-sulamerica-mg","tag-expansao-sulamerica","tag-filial-sulamerica","tag-hospitais-em-minas-gerais","tag-hospitais-mg","tag-nova-filial-sulamerica","tag-plano-de-saude","tag-planos-de-saude","tag-rota-seguros-2","tag-sulamerica","tag-sulamerica-bh","tag-sulamerica-mg"],"_links":{"self":[{"href":"https:\/\/www.rotaseguros.com.br\/planosdesaude\/wp-json\/wp\/v2\/posts\/30994","targetHints":{"allow":["GET"]}}],"collection":[{"href":"https:\/\/www.rotaseguros.com.br\/planosdesaude\/wp-json\/wp\/v2\/posts"}],"about":[{"href":"https:\/\/www.rotaseguros.com.br\/planosdesaude\/wp-json\/wp\/v2\/types\/post"}],"author":[{"embeddable":true,"href":"https:\/\/www.rotaseguros.com.br\/planosdesaude\/wp-json\/wp\/v2\/users\/2"}],"replies":[{"embeddable":true,"href":"https:\/\/www.rotaseguros.com.br\/planosdesaude\/wp-json\/wp\/v2\/comments?post=30994"}],"version-history":[{"count":0,"href":"https:\/\/www.rotaseguros.com.br\/planosdesaude\/wp-json\/wp\/v2\/posts\/30994\/revisions"}],"wp:featuredmedia":[{"embeddable":true,"href":"https:\/\/www.rotaseguros.com.br\/planosdesaude\/wp-json\/wp\/v2\/media\/30997"}],"wp:attachment":[{"href":"https:\/\/www.rotaseguros.com.br\/planosdesaude\/wp-json\/wp\/v2\/media?parent=30994"}],"wp:term":[{"taxonomy":"category","embeddable":true,"href":"https:\/\/www.rotaseguros.com.br\/planosdesaude\/wp-json\/wp\/v2\/categories?post=30994"},{"taxonomy":"post_tag","embeddable":true,"href":"https:\/\/www.rotaseguros.com.br\/planosdesaude\/wp-json\/wp\/v2\/tags?post=30994"}],"curies":[{"name":"wp","href":"https:\/\/api.w.org\/{rel}","templated":true}]}}