{"id":31092,"date":"2024-08-15T12:00:12","date_gmt":"2024-08-15T14:00:12","guid":{"rendered":"https:\/\/www.rotaseguros.com.br\/planosdesaude\/?p=31092"},"modified":"2024-08-16T13:47:52","modified_gmt":"2024-08-16T15:47:52","slug":"tudo-o-que-voce-precisa-saber-sobre-a-febre-coqueluche","status":"publish","type":"post","link":"https:\/\/www.rotaseguros.com.br\/planosdesaude\/tudo-o-que-voce-precisa-saber-sobre-a-febre-coqueluche\/","title":{"rendered":"Tudo o que voc\u00ea precisa saber sobre a Febre Coqueluche"},"content":{"rendered":"<span class=\"span-reading-time rt-reading-time\" style=\"display: block;\"><span class=\"rt-label rt-prefix\">Reading Time: <\/span> <span class=\"rt-time\"> 3<\/span> <span class=\"rt-label rt-postfix\">minutes<\/span><\/span><p><span style=\"font-weight: 400;\">A febre coqueluche, tamb\u00e9m conhecida como tosse convulsa, \u00e9 uma doen\u00e7a infecciosa respirat\u00f3ria altamente contagiosa causada pela bact\u00e9ria <\/span><i><span style=\"font-weight: 400;\">Bordetella pertussis<\/span><\/i><span style=\"font-weight: 400;\">. Embora seja comumente associada a crian\u00e7as, pode afetar pessoas de todas as idades.<\/span><\/p><div id=\"ez-toc-container\" class=\"ez-toc-v2_0_82_2 counter-flat ez-toc-counter ez-toc-grey ez-toc-container-direction\">\n<div class=\"ez-toc-title-container\">\n<p class=\"ez-toc-title\" style=\"cursor:inherit\">Aqui voc\u00ea encontra:<\/p>\n<span class=\"ez-toc-title-toggle\"><a href=\"#\" class=\"ez-toc-pull-right ez-toc-btn ez-toc-btn-xs ez-toc-btn-default ez-toc-toggle\" aria-label=\"Alternar tabela de conte\u00fado\"><span class=\"ez-toc-js-icon-con\"><span class=\"\"><span class=\"eztoc-hide\" style=\"display:none;\">Toggle<\/span><span class=\"ez-toc-icon-toggle-span\"><svg style=\"fill: #999;color:#999\" xmlns=\"http:\/\/www.w3.org\/2000\/svg\" class=\"list-377408\" width=\"20px\" height=\"20px\" viewBox=\"0 0 24 24\" fill=\"none\"><path d=\"M6 6H4v2h2V6zm14 0H8v2h12V6zM4 11h2v2H4v-2zm16 0H8v2h12v-2zM4 16h2v2H4v-2zm16 0H8v2h12v-2z\" fill=\"currentColor\"><\/path><\/svg><svg style=\"fill: #999;color:#999\" class=\"arrow-unsorted-368013\" xmlns=\"http:\/\/www.w3.org\/2000\/svg\" width=\"10px\" height=\"10px\" viewBox=\"0 0 24 24\" version=\"1.2\" baseProfile=\"tiny\"><path d=\"M18.2 9.3l-6.2-6.3-6.2 6.3c-.2.2-.3.4-.3.7s.1.5.3.7c.2.2.4.3.7.3h11c.3 0 .5-.1.7-.3.2-.2.3-.5.3-.7s-.1-.5-.3-.7zM5.8 14.7l6.2 6.3 6.2-6.3c.2-.2.3-.5.3-.7s-.1-.5-.3-.7c-.2-.2-.4-.3-.7-.3h-11c-.3 0-.5.1-.7.3-.2.2-.3.5-.3.7s.1.5.3.7z\"\/><\/svg><\/span><\/span><\/span><\/a><\/span><\/div>\n<nav><ul class='ez-toc-list ez-toc-list-level-1 ' ><li class='ez-toc-page-1'><a class=\"ez-toc-link ez-toc-heading-1\" href=\"https:\/\/www.rotaseguros.com.br\/planosdesaude\/tudo-o-que-voce-precisa-saber-sobre-a-febre-coqueluche\/#O_que_e_a_Coqueluche\" >O que \u00e9 a Coqueluche?<\/a><\/li><li class='ez-toc-page-1'><a class=\"ez-toc-link ez-toc-heading-2\" href=\"https:\/\/www.rotaseguros.com.br\/planosdesaude\/tudo-o-que-voce-precisa-saber-sobre-a-febre-coqueluche\/#Transmissao\" >Transmiss\u00e3o<\/a><\/li><li class='ez-toc-page-1'><a class=\"ez-toc-link ez-toc-heading-3\" href=\"https:\/\/www.rotaseguros.com.br\/planosdesaude\/tudo-o-que-voce-precisa-saber-sobre-a-febre-coqueluche\/#Fase_Catarral_1_a_2_semanas\" >Fase Catarral (1 a 2 semanas)<\/a><\/li><li class='ez-toc-page-1'><a class=\"ez-toc-link ez-toc-heading-4\" href=\"https:\/\/www.rotaseguros.com.br\/planosdesaude\/tudo-o-que-voce-precisa-saber-sobre-a-febre-coqueluche\/#Fase_Paroxistica_2_a_4_semanas\" >Fase Parox\u00edstica (2 a 4 semanas)<\/a><\/li><li class='ez-toc-page-1'><a class=\"ez-toc-link ez-toc-heading-5\" href=\"https:\/\/www.rotaseguros.com.br\/planosdesaude\/tudo-o-que-voce-precisa-saber-sobre-a-febre-coqueluche\/#Fase_de_Convalescenca_1_a_2_meses\" >Fase de Convalescen\u00e7a (1 a 2 meses)<\/a><\/li><li class='ez-toc-page-1'><a class=\"ez-toc-link ez-toc-heading-6\" href=\"https:\/\/www.rotaseguros.com.br\/planosdesaude\/tudo-o-que-voce-precisa-saber-sobre-a-febre-coqueluche\/#Riscos_e_Complicacoes\" >Riscos e Complica\u00e7\u00f5es<\/a><\/li><li class='ez-toc-page-1'><a class=\"ez-toc-link ez-toc-heading-7\" href=\"https:\/\/www.rotaseguros.com.br\/planosdesaude\/tudo-o-que-voce-precisa-saber-sobre-a-febre-coqueluche\/#Tratamento\" >Tratamento<\/a><\/li><li class='ez-toc-page-1'><a class=\"ez-toc-link ez-toc-heading-8\" href=\"https:\/\/www.rotaseguros.com.br\/planosdesaude\/tudo-o-que-voce-precisa-saber-sobre-a-febre-coqueluche\/#Prevencao\" >Preven\u00e7\u00e3o<\/a><\/li><li class='ez-toc-page-1'><a class=\"ez-toc-link ez-toc-heading-9\" href=\"https:\/\/www.rotaseguros.com.br\/planosdesaude\/tudo-o-que-voce-precisa-saber-sobre-a-febre-coqueluche\/#Coqueluche_em_adultos\" >Coqueluche em adultos<\/a><\/li><li class='ez-toc-page-1'><a class=\"ez-toc-link ez-toc-heading-10\" href=\"https:\/\/www.rotaseguros.com.br\/planosdesaude\/tudo-o-que-voce-precisa-saber-sobre-a-febre-coqueluche\/#Coqueluche_e_a_Pandemia_de_COVID-19\" >Coqueluche e a Pandemia de COVID-19<\/a><\/li><\/ul><\/nav><\/div>\n\n<p><span style=\"font-weight: 400;\">Neste artigo, exploraremos em detalhes o que \u00e9 a coqueluche, como ela se manifesta, os riscos, o diagn\u00f3stico, o tratamento, e as formas de preven\u00e7\u00e3o. Vamos l\u00e1?!<\/span><\/p>\n<h2><span class=\"ez-toc-section\" id=\"O_que_e_a_Coqueluche\"><\/span><b>O que \u00e9 a Coqueluche?<\/b><span class=\"ez-toc-section-end\"><\/span><\/h2>\n<p><span style=\"font-weight: 400;\">A coqueluche \u00e9 uma doen\u00e7a bacteriana que ataca o trato respirat\u00f3rio. Seu nome popular, &#8220;tosse convulsa&#8221;, \u00e9 devido \u00e0 caracter\u00edstica mais marcante da doen\u00e7a: uma tosse violenta que muitas vezes termina em um som agudo ao tentar inalar ar. Embora a tosse seja o sintoma mais conhecido, a febre \u00e9 outro sintoma comum que pode variar em intensidade.<\/span><\/p>\n<h2><span class=\"ez-toc-section\" id=\"Transmissao\"><\/span><b>Transmiss\u00e3o<\/b><span class=\"ez-toc-section-end\"><\/span><\/h2>\n<p><span style=\"font-weight: 400;\">A coqueluche \u00e9 transmitida de pessoa para pessoa por meio de got\u00edculas respirat\u00f3rias liberadas no ar quando uma pessoa infectada tosse ou espirra. \u00c9 uma doen\u00e7a altamente contagiosa, especialmente nas fases iniciais, antes que os sintomas se tornem evidentes.<\/span><\/p>\n<p><span style=\"font-weight: 400;\">A coqueluche evolui geralmente em tr\u00eas est\u00e1gios:<\/span><\/p>\n<h3><span class=\"ez-toc-section\" id=\"Fase_Catarral_1_a_2_semanas\"><\/span><b>Fase Catarral (1 a 2 semanas)<\/b><span class=\"ez-toc-section-end\"><\/span><\/h3>\n<p><span style=\"font-weight: 400;\">Esta fase inicial \u00e9 semelhante a um resfriado comum, com coriza, febre baixa e tosse leve. Nesta fase, a doen\u00e7a \u00e9 altamente contagiosa, mas muitas vezes passa despercebida.<\/span><\/p>\n<h3><span class=\"ez-toc-section\" id=\"Fase_Paroxistica_2_a_4_semanas\"><\/span><b>Fase Parox\u00edstica (2 a 4 semanas)<\/b><span class=\"ez-toc-section-end\"><\/span><\/h3>\n<p><span style=\"font-weight: 400;\">A tosse se torna intensa, ocorrendo em ataques repetitivos que podem levar ao v\u00f4mito ou exaust\u00e3o. A febre pode estar presente, mas n\u00e3o \u00e9 o sintoma principal. O som agudo, semelhante a um \u201cguincho\u201d, ao tentar respirar ap\u00f3s a tosse \u00e9 t\u00edpico nesta fase.<\/span><\/p>\n<h3><span class=\"ez-toc-section\" id=\"Fase_de_Convalescenca_1_a_2_meses\"><\/span><b>Fase de Convalescen\u00e7a (1 a 2 meses)<\/b><span class=\"ez-toc-section-end\"><\/span><\/h3>\n<p><span style=\"font-weight: 400;\">Nesta fase, a tosse diminui gradualmente, mas pode persistir por semanas. A febre geralmente desaparece, mas a recupera\u00e7\u00e3o total pode levar tempo.<\/span><\/p>\n<h2><span class=\"ez-toc-section\" id=\"Riscos_e_Complicacoes\"><\/span><b>Riscos e Complica\u00e7\u00f5es<\/b><span class=\"ez-toc-section-end\"><\/span><\/h2>\n<p><span style=\"font-weight: 400;\">A coqueluche pode ser perigosa, especialmente para beb\u00eas e crian\u00e7as pequenas. Complica\u00e7\u00f5es graves incluem pneumonia, convuls\u00f5es, encefalopatia e at\u00e9 morte, que pode ocorrer em casos graves, especialmente em beb\u00eas com menos de 6 meses que ainda n\u00e3o completaram o ciclo de vacina\u00e7\u00e3o.<\/span><\/p>\n<p><span style=\"font-weight: 400;\">O diagn\u00f3stico de coqueluche \u00e9 feito principalmente com base na observa\u00e7\u00e3o cl\u00ednica dos sintomas, especialmente a tosse caracter\u00edstica. No entanto, testes laboratoriais podem ser realizados para confirmar a infec\u00e7\u00e3o, incluindo:<\/span><\/p>\n<ul>\n<li style=\"font-weight: 400;\" aria-level=\"1\"><b>Cultura de muco nasal:<\/b><span style=\"font-weight: 400;\"> O teste mais definitivo, onde a bact\u00e9ria <\/span><i><span style=\"font-weight: 400;\">Bordetella pertussis<\/span><\/i><span style=\"font-weight: 400;\"> \u00e9 cultivada a partir de uma amostra de muco.<\/span><\/li>\n<li style=\"font-weight: 400;\" aria-level=\"1\"><b>PCR (Rea\u00e7\u00e3o em Cadeia da Polimerase):<\/b><span style=\"font-weight: 400;\"> Um teste mais r\u00e1pido e sens\u00edvel que detecta o DNA da bact\u00e9ria.<\/span><\/li>\n<li style=\"font-weight: 400;\" aria-level=\"1\"><b>Testes de sangue:<\/b><span style=\"font-weight: 400;\"> Podem ser realizados para detectar anticorpos contra a coqueluche.<\/span><\/li>\n<\/ul>\n<h2><span class=\"ez-toc-section\" id=\"Tratamento\"><\/span><b>Tratamento<\/b><span class=\"ez-toc-section-end\"><\/span><\/h2>\n<p><span style=\"font-weight: 400;\">O tratamento da coqueluche envolve o uso de antibi\u00f3ticos para matar a bact\u00e9ria e prevenir a propaga\u00e7\u00e3o da doen\u00e7a. No entanto, os antibi\u00f3ticos s\u00e3o mais eficazes quando administrados nas fases iniciais da infec\u00e7\u00e3o. Ap\u00f3s a fase parox\u00edstica, os antibi\u00f3ticos podem ajudar a reduzir a transmiss\u00e3o, mas n\u00e3o aliviam significativamente os sintomas.<\/span><\/p>\n<p><span style=\"font-weight: 400;\">Al\u00e9m dos antibi\u00f3ticos, o tratamento de suporte \u00e9 essencial, especialmente para crian\u00e7as pequenas. Isso pode incluir:<\/span><\/p>\n<ul>\n<li style=\"font-weight: 400;\" aria-level=\"1\"><b>Hidrata\u00e7\u00e3o:<\/b><span style=\"font-weight: 400;\"> Manter a crian\u00e7a hidratada \u00e9 crucial, especialmente se houver v\u00f4mitos frequentes.<\/span><\/li>\n<li style=\"font-weight: 400;\" aria-level=\"1\"><b>Oxigenoterapia:<\/b><span style=\"font-weight: 400;\"> Em casos graves, pode ser necess\u00e1rio oxig\u00eanio suplementar.<\/span><\/li>\n<li style=\"font-weight: 400;\" aria-level=\"1\"><b>Monitoramento hospitalar:<\/b><span style=\"font-weight: 400;\"> Beb\u00eas e crian\u00e7as pequenas com coqueluche frequentemente requerem interna\u00e7\u00e3o para monitoramento e tratamento intensivo.<\/span><\/li>\n<\/ul>\n<h2><span class=\"ez-toc-section\" id=\"Prevencao\"><\/span><b>Preven\u00e7\u00e3o<\/b><span class=\"ez-toc-section-end\"><\/span><\/h2>\n<p><span style=\"font-weight: 400;\">A vacina\u00e7\u00e3o \u00e9 a forma mais eficaz de prevenir a coqueluche. A vacina DTP (Difteria, T\u00e9tano e Coqueluche) \u00e9 administrada em v\u00e1rias doses durante a inf\u00e2ncia, com refor\u00e7os recomendados na adolesc\u00eancia e idade adulta. As mulheres gr\u00e1vidas tamb\u00e9m s\u00e3o aconselhadas a tomar a vacina contra coqueluche durante cada gravidez, para proteger o rec\u00e9m-nascido.<\/span><\/p>\n<p><span style=\"font-weight: 400;\">Al\u00e9m da vacina\u00e7\u00e3o, outras medidas preventivas incluem higiene respirat\u00f3ria, isolamento de casos suspeitos e quimioprofilaxia.<\/span><\/p>\n<h2><span class=\"ez-toc-section\" id=\"Coqueluche_em_adultos\"><\/span><b>Coqueluche em adultos<\/b><span class=\"ez-toc-section-end\"><\/span><\/h2>\n<p><span style=\"font-weight: 400;\">Embora a coqueluche seja frequentemente associada a crian\u00e7as, os adultos tamb\u00e9m podem contrair a doen\u00e7a. Nos adultos, os sintomas podem ser menos severos, o que pode levar a subdiagn\u00f3sticos e, consequentemente, \u00e0 propaga\u00e7\u00e3o inadvertida da doen\u00e7a, especialmente para crian\u00e7as pequenas. A revacina\u00e7\u00e3o \u00e9 importante, pois a imunidade conferida pela vacina tende a diminuir ao longo do tempo.<\/span><\/p>\n<h2><span class=\"ez-toc-section\" id=\"Coqueluche_e_a_Pandemia_de_COVID-19\"><\/span><b>Coqueluche e a Pandemia de COVID-19<\/b><span class=\"ez-toc-section-end\"><\/span><\/h2>\n<p><span style=\"font-weight: 400;\">Durante a pandemia de COVID-19, houve uma preocupa\u00e7\u00e3o adicional com a coqueluche, pois os sintomas respirat\u00f3rios podem ser confundidos com os da COVID-19. Al\u00e9m disso, a pandemia levou a uma queda nas taxas de vacina\u00e7\u00e3o, o que pode aumentar o risco de surtos de coqueluche em algumas popula\u00e7\u00f5es.<\/span><\/p>\n<p><span style=\"font-weight: 400;\">A coqueluche \u00e9 uma doen\u00e7a grave que requer aten\u00e7\u00e3o, especialmente em popula\u00e7\u00f5es vulner\u00e1veis, como beb\u00eas e crian\u00e7as pequenas. A vacina\u00e7\u00e3o \u00e9 a principal ferramenta de preven\u00e7\u00e3o, mas \u00e9 importante tamb\u00e9m estar atento aos sintomas e buscar tratamento imediato se a coqueluche for suspeita. Embora a doen\u00e7a possa ser controlada com a devida interven\u00e7\u00e3o, a preven\u00e7\u00e3o atrav\u00e9s da vacina\u00e7\u00e3o e medidas de higiene respirat\u00f3ria continua sendo a abordagem mais eficaz para proteger a sa\u00fade p\u00fablica.<\/span><\/p>\n<p><span style=\"font-weight: 400;\">Ao entender mais sobre a febre coqueluche, podemos n\u00e3o apenas proteger a n\u00f3s mesmos e nossas fam\u00edlias, mas tamb\u00e9m contribuir para a sa\u00fade coletiva, prevenindo a dissemina\u00e7\u00e3o dessa doen\u00e7a potencialmente perigosa.<\/span><\/p>\n<p>&nbsp;<\/p>\n","protected":false},"excerpt":{"rendered":"<p><span class=\"span-reading-time rt-reading-time\" style=\"display: block;\"><span class=\"rt-label rt-prefix\">Reading Time: <\/span> <span class=\"rt-time\"> 3<\/span> <span class=\"rt-label rt-postfix\">minutes<\/span><\/span>A febre coqueluche, tamb\u00e9m conhecida como tosse convulsa, \u00e9 uma doen\u00e7a infecciosa respirat\u00f3ria altamente contagiosa causada pela bact\u00e9ria Bordetella pertussis. Embora seja comumente associada a crian\u00e7as, pode afetar pessoas de &#8230;<\/p>\n","protected":false},"author":2,"featured_media":31096,"comment_status":"open","ping_status":"open","sticky":false,"template":"","format":"standard","meta":{"_monsterinsights_skip_tracking":false,"_monsterinsights_sitenote_active":false,"_monsterinsights_sitenote_note":"","_monsterinsights_sitenote_category":0,"footnotes":"","_links_to":"","_links_to_target":""},"categories":[6,1005],"tags":[2978,2984,2983,2979,2985,2982,2980,2981],"class_list":["post-31092","post","type-post","status-publish","format-standard","has-post-thumbnail","hentry","category-dicas","category-saude","tag-coqueluche","tag-doencas-infantis","tag-febre","tag-febre-coqueluche","tag-febre-coqueluche-em-criancas","tag-o-que-e-coqueluche","tag-sintomas-coqueluche","tag-tratamento-coqueluche"],"_links":{"self":[{"href":"https:\/\/www.rotaseguros.com.br\/planosdesaude\/wp-json\/wp\/v2\/posts\/31092","targetHints":{"allow":["GET"]}}],"collection":[{"href":"https:\/\/www.rotaseguros.com.br\/planosdesaude\/wp-json\/wp\/v2\/posts"}],"about":[{"href":"https:\/\/www.rotaseguros.com.br\/planosdesaude\/wp-json\/wp\/v2\/types\/post"}],"author":[{"embeddable":true,"href":"https:\/\/www.rotaseguros.com.br\/planosdesaude\/wp-json\/wp\/v2\/users\/2"}],"replies":[{"embeddable":true,"href":"https:\/\/www.rotaseguros.com.br\/planosdesaude\/wp-json\/wp\/v2\/comments?post=31092"}],"version-history":[{"count":0,"href":"https:\/\/www.rotaseguros.com.br\/planosdesaude\/wp-json\/wp\/v2\/posts\/31092\/revisions"}],"wp:featuredmedia":[{"embeddable":true,"href":"https:\/\/www.rotaseguros.com.br\/planosdesaude\/wp-json\/wp\/v2\/media\/31096"}],"wp:attachment":[{"href":"https:\/\/www.rotaseguros.com.br\/planosdesaude\/wp-json\/wp\/v2\/media?parent=31092"}],"wp:term":[{"taxonomy":"category","embeddable":true,"href":"https:\/\/www.rotaseguros.com.br\/planosdesaude\/wp-json\/wp\/v2\/categories?post=31092"},{"taxonomy":"post_tag","embeddable":true,"href":"https:\/\/www.rotaseguros.com.br\/planosdesaude\/wp-json\/wp\/v2\/tags?post=31092"}],"curies":[{"name":"wp","href":"https:\/\/api.w.org\/{rel}","templated":true}]}}