{"id":31158,"date":"2024-09-02T15:56:44","date_gmt":"2024-09-02T17:56:44","guid":{"rendered":"https:\/\/www.rotaseguros.com.br\/planosdesaude\/?p=31158"},"modified":"2024-09-02T16:13:01","modified_gmt":"2024-09-02T18:13:01","slug":"setembro-amarelo-a-importancia-do-cuidado-com-a-saude-mental","status":"publish","type":"post","link":"https:\/\/www.rotaseguros.com.br\/planosdesaude\/setembro-amarelo-a-importancia-do-cuidado-com-a-saude-mental\/","title":{"rendered":"Setembro Amarelo: A import\u00e2ncia do cuidado com a sa\u00fade mental"},"content":{"rendered":"<span class=\"span-reading-time rt-reading-time\" style=\"display: block;\"><span class=\"rt-label rt-prefix\">Reading Time: <\/span> <span class=\"rt-time\"> 4<\/span> <span class=\"rt-label rt-postfix\">minutes<\/span><\/span><p>Com a chegada do m\u00eas de setembro, inicia-se a campanha do &#8220;Setembro Amarelo&#8221;, um m\u00eas dedicado \u00e0 conscientiza\u00e7\u00e3o sobre a sa\u00fade mental e \u00e0 preven\u00e7\u00e3o do suic\u00eddio. A campanha visa alertar a popula\u00e7\u00e3o sobre a seriedade das doen\u00e7as mentais, que, apesar de frequentemente invis\u00edveis, podem ter um impacto profundo na vida das pessoas que sofrem com as mesmas.\u00a0<\/p><div id=\"ez-toc-container\" class=\"ez-toc-v2_0_82_2 counter-flat ez-toc-counter ez-toc-grey ez-toc-container-direction\">\n<div class=\"ez-toc-title-container\">\n<p class=\"ez-toc-title\" style=\"cursor:inherit\">Aqui voc\u00ea encontra:<\/p>\n<span class=\"ez-toc-title-toggle\"><a href=\"#\" class=\"ez-toc-pull-right ez-toc-btn ez-toc-btn-xs ez-toc-btn-default ez-toc-toggle\" aria-label=\"Alternar tabela de conte\u00fado\"><span class=\"ez-toc-js-icon-con\"><span class=\"\"><span class=\"eztoc-hide\" style=\"display:none;\">Toggle<\/span><span class=\"ez-toc-icon-toggle-span\"><svg style=\"fill: #999;color:#999\" xmlns=\"http:\/\/www.w3.org\/2000\/svg\" class=\"list-377408\" width=\"20px\" height=\"20px\" viewBox=\"0 0 24 24\" fill=\"none\"><path d=\"M6 6H4v2h2V6zm14 0H8v2h12V6zM4 11h2v2H4v-2zm16 0H8v2h12v-2zM4 16h2v2H4v-2zm16 0H8v2h12v-2z\" fill=\"currentColor\"><\/path><\/svg><svg style=\"fill: #999;color:#999\" class=\"arrow-unsorted-368013\" xmlns=\"http:\/\/www.w3.org\/2000\/svg\" width=\"10px\" height=\"10px\" viewBox=\"0 0 24 24\" version=\"1.2\" baseProfile=\"tiny\"><path d=\"M18.2 9.3l-6.2-6.3-6.2 6.3c-.2.2-.3.4-.3.7s.1.5.3.7c.2.2.4.3.7.3h11c.3 0 .5-.1.7-.3.2-.2.3-.5.3-.7s-.1-.5-.3-.7zM5.8 14.7l6.2 6.3 6.2-6.3c.2-.2.3-.5.3-.7s-.1-.5-.3-.7c-.2-.2-.4-.3-.7-.3h-11c-.3 0-.5.1-.7.3-.2.2-.3.5-.3.7s.1.5.3.7z\"\/><\/svg><\/span><\/span><\/span><\/a><\/span><\/div>\n<nav><ul class='ez-toc-list ez-toc-list-level-1 ' ><li class='ez-toc-page-1'><a class=\"ez-toc-link ez-toc-heading-1\" href=\"https:\/\/www.rotaseguros.com.br\/planosdesaude\/setembro-amarelo-a-importancia-do-cuidado-com-a-saude-mental\/#Setembro_Amarelo_conscientizacao_e_prevencao\" >Setembro Amarelo: conscientiza\u00e7\u00e3o e preven\u00e7\u00e3o<\/a><\/li><li class='ez-toc-page-1'><a class=\"ez-toc-link ez-toc-heading-2\" href=\"https:\/\/www.rotaseguros.com.br\/planosdesaude\/setembro-amarelo-a-importancia-do-cuidado-com-a-saude-mental\/#Dados_divulgados_pelo_Anuario_Brasileiro_de_Seguranca_Publica_do_Forum_Brasileiro_de_Seguranca_Publica_da_Organizacao_Mundial_da_Saude_OMS_apontam_que_16262_suicidios_foram_registrados_no_Brasil_em_2023\" >Dados divulgados pelo Anu\u00e1rio Brasileiro de Seguran\u00e7a P\u00fablica, do F\u00f3rum Brasileiro de Seguran\u00e7a P\u00fablica da Organiza\u00e7\u00e3o Mundial da Sa\u00fade (OMS) apontam que 16.262 suic\u00eddios foram registrados no Brasil em 2023.<\/a><\/li><li class='ez-toc-page-1'><a class=\"ez-toc-link ez-toc-heading-3\" href=\"https:\/\/www.rotaseguros.com.br\/planosdesaude\/setembro-amarelo-a-importancia-do-cuidado-com-a-saude-mental\/#O_que_desencadeia_problemas_mentais\" >O que desencadeia problemas mentais?<\/a><\/li><li class='ez-toc-page-1'><a class=\"ez-toc-link ez-toc-heading-4\" href=\"https:\/\/www.rotaseguros.com.br\/planosdesaude\/setembro-amarelo-a-importancia-do-cuidado-com-a-saude-mental\/#Fatores_geneticos_e_biologicos\" >Fatores gen\u00e9ticos e biol\u00f3gicos<\/a><\/li><li class='ez-toc-page-1'><a class=\"ez-toc-link ez-toc-heading-5\" href=\"https:\/\/www.rotaseguros.com.br\/planosdesaude\/setembro-amarelo-a-importancia-do-cuidado-com-a-saude-mental\/#Fatores_psicologicos\" >Fatores psicol\u00f3gicos<\/a><\/li><li class='ez-toc-page-1'><a class=\"ez-toc-link ez-toc-heading-6\" href=\"https:\/\/www.rotaseguros.com.br\/planosdesaude\/setembro-amarelo-a-importancia-do-cuidado-com-a-saude-mental\/#Fatores_ambientais_e_sociais\" >Fatores ambientais e sociais<\/a><\/li><li class='ez-toc-page-1'><a class=\"ez-toc-link ez-toc-heading-7\" href=\"https:\/\/www.rotaseguros.com.br\/planosdesaude\/setembro-amarelo-a-importancia-do-cuidado-com-a-saude-mental\/#Fatores_relacionados_ao_estilo_de_vida\" >Fatores relacionados ao estilo de vida<\/a><\/li><li class='ez-toc-page-1'><a class=\"ez-toc-link ez-toc-heading-8\" href=\"https:\/\/www.rotaseguros.com.br\/planosdesaude\/setembro-amarelo-a-importancia-do-cuidado-com-a-saude-mental\/#Fatores_psicologicos_e_emocionais\" >Fatores psicol\u00f3gicos e emocionais<\/a><\/li><li class='ez-toc-page-1'><a class=\"ez-toc-link ez-toc-heading-9\" href=\"https:\/\/www.rotaseguros.com.br\/planosdesaude\/setembro-amarelo-a-importancia-do-cuidado-com-a-saude-mental\/#Desafios_da_vida_e_eventos_significativos\" >Desafios da vida e eventos significativos<\/a><\/li><li class='ez-toc-page-1'><a class=\"ez-toc-link ez-toc-heading-10\" href=\"https:\/\/www.rotaseguros.com.br\/planosdesaude\/setembro-amarelo-a-importancia-do-cuidado-com-a-saude-mental\/#A_importancia_do_acompanhamento_medico\" >A import\u00e2ncia do acompanhamento m\u00e9dico<\/a><\/li><li class='ez-toc-page-1'><a class=\"ez-toc-link ez-toc-heading-11\" href=\"https:\/\/www.rotaseguros.com.br\/planosdesaude\/setembro-amarelo-a-importancia-do-cuidado-com-a-saude-mental\/#Saude_mental_Sinais_de_alerta\" >Sa\u00fade mental: Sinais de alerta<\/a><\/li><li class='ez-toc-page-1'><a class=\"ez-toc-link ez-toc-heading-12\" href=\"https:\/\/www.rotaseguros.com.br\/planosdesaude\/setembro-amarelo-a-importancia-do-cuidado-com-a-saude-mental\/#Planos_de_Saude_e_o_cuidado_mental\" >Planos de Sa\u00fade e o cuidado mental<\/a><\/li><\/ul><\/nav><\/div>\n\n<p>Depress\u00e3o, burnout, ansiedade, suic\u00eddio e desequil\u00edbrio mental s\u00e3o alguns dos problemas que podem ser enfrentados pela popula\u00e7\u00e3o. Mas afinal, como eles se desenvolvem?<\/p>\n<h2><span class=\"ez-toc-section\" id=\"Setembro_Amarelo_conscientizacao_e_prevencao\"><\/span><strong>Setembro Amarelo: conscientiza\u00e7\u00e3o e preven\u00e7\u00e3o<\/strong><span class=\"ez-toc-section-end\"><\/span><\/h2>\n<h2><img loading=\"lazy\" decoding=\"async\" class=\"alignnone wp-image-31166 size-full\" style=\"color: #666666; font-size: 14px;\" title=\"Setembro Amarelo\" src=\"https:\/\/www.rotaseguros.com.br\/planosdesaude\/wp-content\/uploads\/2024\/09\/110.png\" alt=\"Setembro Amarelo\" width=\"1080\" height=\"270\" srcset=\"https:\/\/www.rotaseguros.com.br\/planosdesaude\/wp-content\/uploads\/2024\/09\/110.png 1080w, https:\/\/www.rotaseguros.com.br\/planosdesaude\/wp-content\/uploads\/2024\/09\/110-300x75.png 300w, https:\/\/www.rotaseguros.com.br\/planosdesaude\/wp-content\/uploads\/2024\/09\/110-1024x256.png 1024w, https:\/\/www.rotaseguros.com.br\/planosdesaude\/wp-content\/uploads\/2024\/09\/110-768x192.png 768w, https:\/\/www.rotaseguros.com.br\/planosdesaude\/wp-content\/uploads\/2024\/09\/110-980x245.png 980w, https:\/\/www.rotaseguros.com.br\/planosdesaude\/wp-content\/uploads\/2024\/09\/110-480x120.png 480w\" sizes=\"auto, (max-width: 1080px) 100vw, 1080px\" \/><\/h2>\n<h2><span class=\"ez-toc-section\" id=\"Dados_divulgados_pelo_Anuario_Brasileiro_de_Seguranca_Publica_do_Forum_Brasileiro_de_Seguranca_Publica_da_Organizacao_Mundial_da_Saude_OMS_apontam_que_16262_suicidios_foram_registrados_no_Brasil_em_2023\"><\/span><span style=\"color: #666666; font-size: 14px;\">Dados divulgados pelo Anu\u00e1rio Brasileiro de Seguran\u00e7a P\u00fablica, do F\u00f3rum Brasileiro de Seguran\u00e7a P\u00fablica da Organiza\u00e7\u00e3o Mundial da Sa\u00fade (OMS) apontam que 16.262 suic\u00eddios foram registrados no Brasil em 2023.<\/span><span class=\"ez-toc-section-end\"><\/span><\/h2>\n<p>O Setembro Amarelo \u00e9 uma campanha iniciada pela Associa\u00e7\u00e3o Brasileira de Psiquiatria (ABP) em colabora\u00e7\u00e3o com o Conselho Federal de Medicina e tem como lema \u201cA vida \u00e9 a melhor escolha\u201d. Seu objetivo \u00e9 fomentar o di\u00e1logo sobre sa\u00fade mental e enfatizar a import\u00e2ncia do cuidado com a mesma para uma melhor qualidade de vida,<strong> evitando o suic\u00eddio.<\/strong><\/p>\n<p>Nesta perspectiva, n\u00e3o apenas a sa\u00fade f\u00edsica \u00e9 importante para o bem-estar do indiv\u00edduo. A conex\u00e3o entre corpo e mente \u00e9 essencial!<\/p>\n<h2><span class=\"ez-toc-section\" id=\"O_que_desencadeia_problemas_mentais\"><\/span><strong>O que desencadeia problemas mentais?<\/strong><span class=\"ez-toc-section-end\"><\/span><\/h2>\n<p>N\u00e3o existe uma raz\u00e3o pela qual os problemas mentais se desenvolvem, at\u00e9 porque s\u00e3o muitos. Na verdade, eles podem ser desencadeados por uma combina\u00e7\u00e3o de fatores biol\u00f3gicos, psicol\u00f3gicos e sociais.<\/p>\n<p>Para refor\u00e7ar o objetivo do Setembro Amarelo, vamos entender um pouco mais das principais causas e fatores que podem contribuir para o desenvolvimento de transtornos mentais?<\/p>\n<h3><span class=\"ez-toc-section\" id=\"Fatores_geneticos_e_biologicos\"><\/span>Fatores gen\u00e9ticos e biol\u00f3gicos<span class=\"ez-toc-section-end\"><\/span><\/h3>\n<p>Pessoas com predisposi\u00e7\u00e3o gen\u00e9tica para transtornos mentais podem ser mais suscet\u00edveis a desenvolver condi\u00e7\u00f5es de sa\u00fade relacionadas aos transtornos mentais, devido \u00e0 heran\u00e7a familiar. Desequil\u00edbrios qu\u00edmicos no c\u00e9rebro, altera\u00e7\u00f5es na estrutura cerebral ou disfun\u00e7\u00f5es nos neurotransmissores (como serotonina e dopamina) podem influenciar a ocorr\u00eancia de transtornos mentais.<\/p>\n<h3><span class=\"ez-toc-section\" id=\"Fatores_psicologicos\"><\/span>Fatores psicol\u00f3gicos<span class=\"ez-toc-section-end\"><\/span><\/h3>\n<p>Ao sofrer algum trauma, como abuso, neglig\u00eancia ou eventos altamente estressantes, uma pessoa tem maior risco de desenvolver transtornos mentais. O estresse prolongado devido a press\u00f5es no trabalho, problemas financeiros ou conflitos familiares tamb\u00e9m podem desencadear ou agravar os transtornos mentais.<\/p>\n<h3><span class=\"ez-toc-section\" id=\"Fatores_ambientais_e_sociais\"><\/span>Fatores ambientais e sociais<span class=\"ez-toc-section-end\"><\/span><\/h3>\n<p>Um ambiente familiar abusivo, a aus\u00eancia de suporte social e o isolamento podem contribuir para o desenvolvimento de problemas mentais.\u00a0Al\u00e9m disso, dificuldades econ\u00f4micas e a inseguran\u00e7a financeira podem aumentar o risco de transtornos mentais, especialmente em contextos de pobreza e desigualdade.<\/p>\n<h3><span class=\"ez-toc-section\" id=\"Fatores_relacionados_ao_estilo_de_vida\"><\/span>Fatores relacionados ao estilo de vida<span class=\"ez-toc-section-end\"><\/span><\/h3>\n<p>O abuso de \u00e1lcool e drogas pode n\u00e3o apenas desencadear transtornos mentais, mas tamb\u00e9m agravar condi\u00e7\u00f5es existentes, criando um ciclo de depend\u00eancia e problemas psicol\u00f3gicos. Al\u00e9m disso, a falta de sono adequado e o descuido com a sa\u00fade f\u00edsica \u2014 como dieta e exerc\u00edcio \u2014 podem ter um impacto significativo na sa\u00fade mental.<\/p>\n<h3><span class=\"ez-toc-section\" id=\"Fatores_psicologicos_e_emocionais\"><\/span>Fatores psicol\u00f3gicos e emocionais<span class=\"ez-toc-section-end\"><\/span><\/h3>\n<p>Sentimentos persistentes de inadequa\u00e7\u00e3o e baixa autoestima podem contribuir para o desenvolvimento de transtornos como a depress\u00e3o. Certos padr\u00f5es de pensamento e comportamento, como aqueles encontrados em transtornos de personalidade, tamb\u00e9m podem influenciar a sa\u00fade mental.<\/p>\n<h3><span class=\"ez-toc-section\" id=\"Desafios_da_vida_e_eventos_significativos\"><\/span>Desafios da vida e eventos significativos<span class=\"ez-toc-section-end\"><\/span><\/h3>\n<p>As mudan\u00e7as que a vida imp\u00f5e tamb\u00e9m s\u00e3o prop\u00edcias para o desenvolvimento de problemas mentais. A morte de um familiar, por exemplo, ou outras perdas significativas, al\u00e9m de transi\u00e7\u00f5es importantes, como mudan\u00e7a de emprego, div\u00f3rcio ou mudan\u00e7a de resid\u00eancia, podem ser estressantes e contribuir para problemas mentais.<\/p>\n<p>A resposta de cada pessoa aos fatores que desencadeiam os transtornos mentais pode variar, tornando o diagn\u00f3stico e o tratamento subjetivos. Se voc\u00ea ou algu\u00e9m que conhece est\u00e1 enfrentando dificuldades, busque ajuda profissional.\u00a0<\/p>\n<h2><span class=\"ez-toc-section\" id=\"A_importancia_do_acompanhamento_medico\"><\/span><strong>A import\u00e2ncia do acompanhamento m\u00e9dico<\/strong><span class=\"ez-toc-section-end\"><\/span><\/h2>\n<h2><strong><img loading=\"lazy\" decoding=\"async\" class=\"alignnone size-full wp-image-31168\" src=\"https:\/\/www.rotaseguros.com.br\/planosdesaude\/wp-content\/uploads\/2024\/09\/109.png\" alt=\"Setembro Amarelo\" width=\"1080\" height=\"270\" srcset=\"https:\/\/www.rotaseguros.com.br\/planosdesaude\/wp-content\/uploads\/2024\/09\/109.png 1080w, https:\/\/www.rotaseguros.com.br\/planosdesaude\/wp-content\/uploads\/2024\/09\/109-300x75.png 300w, https:\/\/www.rotaseguros.com.br\/planosdesaude\/wp-content\/uploads\/2024\/09\/109-1024x256.png 1024w, https:\/\/www.rotaseguros.com.br\/planosdesaude\/wp-content\/uploads\/2024\/09\/109-768x192.png 768w, https:\/\/www.rotaseguros.com.br\/planosdesaude\/wp-content\/uploads\/2024\/09\/109-980x245.png 980w, https:\/\/www.rotaseguros.com.br\/planosdesaude\/wp-content\/uploads\/2024\/09\/109-480x120.png 480w\" sizes=\"auto, (max-width: 1080px) 100vw, 1080px\" \/><\/strong><\/h2>\n<p>O acompanhamento profissional \u00e9 extremamente importante para a manuten\u00e7\u00e3o da sa\u00fade mental. Psic\u00f3logos e psiquiatras\u00a0<\/p>\n<p>s\u00e3o os mais recomendados para diagnosticar e tratar esses problemas, mas outros profissionais tamb\u00e9m podem ser procurados, como o Assistente Social e o Terapeuta Ocupacional, por exemplo.<\/p>\n<p>Para o tratamento ser efetivo, \u00e9 fundamental que o paciente se sinta confort\u00e1vel e confiante durante as sess\u00f5es, pois isso promove uma abordagem mais eficaz ao tratamento. A conscientiza\u00e7\u00e3o e a busca por tratamento s\u00e3o essenciais!\u00a0<\/p>\n<h2><span class=\"ez-toc-section\" id=\"Saude_mental_Sinais_de_alerta\"><\/span><strong>Sa\u00fade mental: Sinais de alerta<\/strong><span class=\"ez-toc-section-end\"><\/span><\/h2>\n<p>Para buscar ajuda, nada melhor do que se conhecer e reconhecer os principais sinais de alerta. Portanto, se voc\u00ea tem\u00a0 mudan\u00e7as bruscas de comportamento, sentimentos persistentes de desesperan\u00e7a e frequentemente pensa em se machucar, est\u00e1 na hora de buscar ajuda, pois esses podem ser ind\u00edcios de que voc\u00ea est\u00e1 enfrentando uma crise.<\/p>\n<p>Adicionalmente, tamb\u00e9m \u00e9 poss\u00edvel ter a sensibilidade de reconhecer sinais de problemas mentais em terceiros. Portanto, se um amigo, conhecido ou familiar tem se comportado de forma suspeita, ofere\u00e7a ajuda ou busque alternativas para o apoio necess\u00e1rio ser oferecido.<\/p>\n<p>Para garantir o suporte necess\u00e1rio, a campanha do Setembro Amarelo conta com o suporte do CVV \u2014 Centro de Valoriza\u00e7\u00e3o da Vida, que oferece atendimento e visa a preven\u00e7\u00e3o do suic\u00eddio de forma gratuita e sigilosa. O CVV pode ser contatado atrav\u00e9s do n\u00famero 188, e tamb\u00e9m por e-mail e chat no site cvv.org.br, al\u00e9m de postos presenciais em todo o pa\u00eds e est\u00e1 dispon\u00edvel 24h por dia.\u00a0<\/p>\n<p>Falar abertamente sobre os sinais, al\u00e9m de ajudar a desmistificar conceitos precipitados, ainda pode ser \u00fatil para oferecer o suporte adequado com intuito de salvar vidas!<\/p>\n<h2><span class=\"ez-toc-section\" id=\"Planos_de_Saude_e_o_cuidado_mental\"><\/span><strong>Planos de Sa\u00fade e o cuidado mental<\/strong><span class=\"ez-toc-section-end\"><\/span><\/h2>\n<div class=\"flex-1 overflow-hidden masked-content\">\n<div class=\"h-full\">\n<div class=\"react-scroll-to-bottom--css-anlgs-79elbk h-full\">\n<div class=\"react-scroll-to-bottom--css-anlgs-1n7m0yu\">\n<div class=\"flex flex-col text-sm pb-[120px]\">\n<article class=\"w-full text-token-text-primary focus-visible:outline-2 focus-visible:outline-offset-[-4px]\" dir=\"auto\" data-testid=\"conversation-turn-3\" data-scroll-anchor=\"true\">\n<div class=\"text-base py-[18px] m-auto w-full px-3 lg:px-0 md:px-0\">\n<div class=\"mx-auto flex flex-1 gap-4 text-base md:gap-5 lg:gap-6 md:max-w-3xl\">\n<div class=\"group\/conversation-turn relative flex w-full min-w-0 flex-col agent-turn\">\n<div class=\"flex-col gap-1 md:gap-3\">\n<div class=\"flex max-w-full flex-col flex-grow\">\n<div class=\"min-h-[20px] text-message flex w-full flex-col items-end gap-2 break-words [.text-message+&amp;]:mt-5 overflow-x-auto whitespace-normal\" dir=\"auto\" data-message-author-role=\"assistant\" data-message-id=\"be0f59b4-062c-4beb-af1f-a61628dee958\">\n<div class=\"flex w-full flex-col gap-1 empty:hidden first:pt-[3px]\">\n<div class=\"markdown prose w-full break-words dark:prose-invert light\">\n<p><img loading=\"lazy\" decoding=\"async\" class=\"alignnone size-full wp-image-31167\" src=\"https:\/\/www.rotaseguros.com.br\/planosdesaude\/wp-content\/uploads\/2024\/09\/111.png\" alt=\"Setembro Amarelo\" width=\"1080\" height=\"270\" srcset=\"https:\/\/www.rotaseguros.com.br\/planosdesaude\/wp-content\/uploads\/2024\/09\/111.png 1080w, https:\/\/www.rotaseguros.com.br\/planosdesaude\/wp-content\/uploads\/2024\/09\/111-300x75.png 300w, https:\/\/www.rotaseguros.com.br\/planosdesaude\/wp-content\/uploads\/2024\/09\/111-1024x256.png 1024w, https:\/\/www.rotaseguros.com.br\/planosdesaude\/wp-content\/uploads\/2024\/09\/111-768x192.png 768w, https:\/\/www.rotaseguros.com.br\/planosdesaude\/wp-content\/uploads\/2024\/09\/111-980x245.png 980w, https:\/\/www.rotaseguros.com.br\/planosdesaude\/wp-content\/uploads\/2024\/09\/111-480x120.png 480w\" sizes=\"auto, (max-width: 1080px) 100vw, 1080px\" \/><\/p>\n<p>Em um cen\u00e1rio onde a sa\u00fade mental \u00e9 t\u00e3o importante quanto a f\u00edsica, ter um bom plano de sa\u00fade que garante acesso a profissionais especializados, terapias e tratamentos necess\u00e1rios para manter o equil\u00edbrio emocional e psicol\u00f3gico \u00e9 essencial.<\/p>\n<p>Na <a href=\"https:\/\/www.rotaseguros.com.br\/index.html\">Rota Seguros<\/a>, estamos comprometidos com a desmistifica\u00e7\u00e3o das doen\u00e7as mentais e com a promo\u00e7\u00e3o de um atendimento humanizado e acess\u00edvel. Ao escolher uma operadora conosco, verifique se a mesma oferece coberturas para cuidados mentais, garantindo assim suporte adequado em momentos cr\u00edticos.<\/p>\n<p>A Rota Seguros oferece planos com amplas coberturas, incluindo atendimento psicol\u00f3gico e psiqui\u00e1trico, garantindo um suporte completo e confi\u00e1vel para sua sa\u00fade mental. Ao optar pela Rota Seguros, voc\u00ea assegura um cuidado integral para si e para sua fam\u00edlia, promovendo bem-estar e qualidade de vida.<\/p>\n<p>Atrav\u00e9s da informa\u00e7\u00e3o, empatia e apoio, podemos contribuir para uma sociedade mais consciente e atenta \u00e0 sa\u00fade mental. N\u00f3s, da Rota Seguros, contamos com o seu apoio!<\/p>\n<\/div>\n<\/div>\n<\/div>\n<\/div>\n<\/div>\n<\/div>\n<\/div>\n<\/div>\n<\/article>\n<\/div>\n<\/div>\n<\/div>\n<\/div>\n<\/div>\n","protected":false},"excerpt":{"rendered":"<p><span class=\"span-reading-time rt-reading-time\" style=\"display: block;\"><span class=\"rt-label rt-prefix\">Reading Time: <\/span> <span class=\"rt-time\"> 4<\/span> <span class=\"rt-label rt-postfix\">minutes<\/span><\/span>Com a chegada do m\u00eas de setembro, inicia-se a campanha do &#8220;Setembro Amarelo&#8221;, um m\u00eas dedicado \u00e0 conscientiza\u00e7\u00e3o sobre a sa\u00fade mental e \u00e0 preven\u00e7\u00e3o do suic\u00eddio. A campanha visa &#8230;<\/p>\n","protected":false},"author":2,"featured_media":31159,"comment_status":"open","ping_status":"open","sticky":false,"template":"","format":"standard","meta":{"_monsterinsights_skip_tracking":false,"_monsterinsights_sitenote_active":false,"_monsterinsights_sitenote_note":"","_monsterinsights_sitenote_category":0,"footnotes":"","_links_to":"","_links_to_target":""},"categories":[6],"tags":[692,1047,3015,1268,132,2256,1267,693,1266,1289],"class_list":["post-31158","post","type-post","status-publish","format-standard","has-post-thumbnail","hentry","category-dicas","tag-ansiedade","tag-burnout","tag-cuidados-mentais","tag-depressao","tag-plano-de-saude","tag-psicologo","tag-psiquiatra","tag-saude-mental","tag-setembro-amarelo","tag-suicidio"],"_links":{"self":[{"href":"https:\/\/www.rotaseguros.com.br\/planosdesaude\/wp-json\/wp\/v2\/posts\/31158","targetHints":{"allow":["GET"]}}],"collection":[{"href":"https:\/\/www.rotaseguros.com.br\/planosdesaude\/wp-json\/wp\/v2\/posts"}],"about":[{"href":"https:\/\/www.rotaseguros.com.br\/planosdesaude\/wp-json\/wp\/v2\/types\/post"}],"author":[{"embeddable":true,"href":"https:\/\/www.rotaseguros.com.br\/planosdesaude\/wp-json\/wp\/v2\/users\/2"}],"replies":[{"embeddable":true,"href":"https:\/\/www.rotaseguros.com.br\/planosdesaude\/wp-json\/wp\/v2\/comments?post=31158"}],"version-history":[{"count":0,"href":"https:\/\/www.rotaseguros.com.br\/planosdesaude\/wp-json\/wp\/v2\/posts\/31158\/revisions"}],"wp:featuredmedia":[{"embeddable":true,"href":"https:\/\/www.rotaseguros.com.br\/planosdesaude\/wp-json\/wp\/v2\/media\/31159"}],"wp:attachment":[{"href":"https:\/\/www.rotaseguros.com.br\/planosdesaude\/wp-json\/wp\/v2\/media?parent=31158"}],"wp:term":[{"taxonomy":"category","embeddable":true,"href":"https:\/\/www.rotaseguros.com.br\/planosdesaude\/wp-json\/wp\/v2\/categories?post=31158"},{"taxonomy":"post_tag","embeddable":true,"href":"https:\/\/www.rotaseguros.com.br\/planosdesaude\/wp-json\/wp\/v2\/tags?post=31158"}],"curies":[{"name":"wp","href":"https:\/\/api.w.org\/{rel}","templated":true}]}}