{"id":31191,"date":"2024-09-18T15:07:43","date_gmt":"2024-09-18T17:07:43","guid":{"rendered":"https:\/\/www.rotaseguros.com.br\/planosdesaude\/?p=31191"},"modified":"2024-09-18T15:07:43","modified_gmt":"2024-09-18T17:07:43","slug":"dor-de-cabeca-ou-enxaqueca-entenda-a-diferenca","status":"publish","type":"post","link":"https:\/\/www.rotaseguros.com.br\/planosdesaude\/dor-de-cabeca-ou-enxaqueca-entenda-a-diferenca\/","title":{"rendered":"Dor de cabe\u00e7a ou enxaqueca? Entenda a diferen\u00e7a!"},"content":{"rendered":"<span class=\"span-reading-time rt-reading-time\" style=\"display: block;\"><span class=\"rt-label rt-prefix\">Reading Time: <\/span> <span class=\"rt-time\"> 4<\/span> <span class=\"rt-label rt-postfix\">minutes<\/span><\/span><p><span style=\"font-weight: 400;\">Sabe quando voc\u00ea sente aquela dor de cabe\u00e7a chata, que parece n\u00e3o ter fim? Esse desconforto pode ser muito mais do que uma dor de cabe\u00e7a, pode ser uma enxaqueca. Embora sejam parecidas, a dor de cabe\u00e7a comum e a enxaqueca apresentam caracter\u00edsticas distintas.<\/span><\/p><div id=\"ez-toc-container\" class=\"ez-toc-v2_0_82_2 counter-flat ez-toc-counter ez-toc-grey ez-toc-container-direction\">\n<div class=\"ez-toc-title-container\">\n<p class=\"ez-toc-title\" style=\"cursor:inherit\">Aqui voc\u00ea encontra:<\/p>\n<span class=\"ez-toc-title-toggle\"><a href=\"#\" class=\"ez-toc-pull-right ez-toc-btn ez-toc-btn-xs ez-toc-btn-default ez-toc-toggle\" aria-label=\"Alternar tabela de conte\u00fado\"><span class=\"ez-toc-js-icon-con\"><span class=\"\"><span class=\"eztoc-hide\" style=\"display:none;\">Toggle<\/span><span class=\"ez-toc-icon-toggle-span\"><svg style=\"fill: #999;color:#999\" xmlns=\"http:\/\/www.w3.org\/2000\/svg\" class=\"list-377408\" width=\"20px\" height=\"20px\" viewBox=\"0 0 24 24\" fill=\"none\"><path d=\"M6 6H4v2h2V6zm14 0H8v2h12V6zM4 11h2v2H4v-2zm16 0H8v2h12v-2zM4 16h2v2H4v-2zm16 0H8v2h12v-2z\" fill=\"currentColor\"><\/path><\/svg><svg style=\"fill: #999;color:#999\" class=\"arrow-unsorted-368013\" xmlns=\"http:\/\/www.w3.org\/2000\/svg\" width=\"10px\" height=\"10px\" viewBox=\"0 0 24 24\" version=\"1.2\" baseProfile=\"tiny\"><path d=\"M18.2 9.3l-6.2-6.3-6.2 6.3c-.2.2-.3.4-.3.7s.1.5.3.7c.2.2.4.3.7.3h11c.3 0 .5-.1.7-.3.2-.2.3-.5.3-.7s-.1-.5-.3-.7zM5.8 14.7l6.2 6.3 6.2-6.3c.2-.2.3-.5.3-.7s-.1-.5-.3-.7c-.2-.2-.4-.3-.7-.3h-11c-.3 0-.5.1-.7.3-.2.2-.3.5-.3.7s.1.5.3.7z\"\/><\/svg><\/span><\/span><\/span><\/a><\/span><\/div>\n<nav><ul class='ez-toc-list ez-toc-list-level-1 ' ><li class='ez-toc-page-1'><a class=\"ez-toc-link ez-toc-heading-1\" href=\"https:\/\/www.rotaseguros.com.br\/planosdesaude\/dor-de-cabeca-ou-enxaqueca-entenda-a-diferenca\/#O_que_e_enxaqueca\" >O que \u00e9 enxaqueca?<\/a><\/li><li class='ez-toc-page-1'><a class=\"ez-toc-link ez-toc-heading-2\" href=\"https:\/\/www.rotaseguros.com.br\/planosdesaude\/dor-de-cabeca-ou-enxaqueca-entenda-a-diferenca\/#O_que_e_dor_de_cabeca\" >O que \u00e9 dor de cabe\u00e7a?<\/a><\/li><li class='ez-toc-page-1'><a class=\"ez-toc-link ez-toc-heading-3\" href=\"https:\/\/www.rotaseguros.com.br\/planosdesaude\/dor-de-cabeca-ou-enxaqueca-entenda-a-diferenca\/#Diferencas_entre_enxaqueca_e_dor_de_cabeca_comum\" >Diferen\u00e7as entre enxaqueca e dor de cabe\u00e7a comum<\/a><\/li><li class='ez-toc-page-1'><a class=\"ez-toc-link ez-toc-heading-4\" href=\"https:\/\/www.rotaseguros.com.br\/planosdesaude\/dor-de-cabeca-ou-enxaqueca-entenda-a-diferenca\/#Diagnostico\" >Diagn\u00f3stico<\/a><\/li><li class='ez-toc-page-1'><a class=\"ez-toc-link ez-toc-heading-5\" href=\"https:\/\/www.rotaseguros.com.br\/planosdesaude\/dor-de-cabeca-ou-enxaqueca-entenda-a-diferenca\/#Anamnese\" >Anamnese\u00a0<\/a><\/li><li class='ez-toc-page-1'><a class=\"ez-toc-link ez-toc-heading-6\" href=\"https:\/\/www.rotaseguros.com.br\/planosdesaude\/dor-de-cabeca-ou-enxaqueca-entenda-a-diferenca\/#Exame_fisico\" >Exame f\u00edsico<\/a><\/li><li class='ez-toc-page-1'><a class=\"ez-toc-link ez-toc-heading-7\" href=\"https:\/\/www.rotaseguros.com.br\/planosdesaude\/dor-de-cabeca-ou-enxaqueca-entenda-a-diferenca\/#Registros_das_dores\" >Registros das dores<\/a><\/li><li class='ez-toc-page-1'><a class=\"ez-toc-link ez-toc-heading-8\" href=\"https:\/\/www.rotaseguros.com.br\/planosdesaude\/dor-de-cabeca-ou-enxaqueca-entenda-a-diferenca\/#Exames_de_imagem\" >Exames de imagem<\/a><\/li><li class='ez-toc-page-1'><a class=\"ez-toc-link ez-toc-heading-9\" href=\"https:\/\/www.rotaseguros.com.br\/planosdesaude\/dor-de-cabeca-ou-enxaqueca-entenda-a-diferenca\/#Tratamento_e_prevencao\" >Tratamento e preven\u00e7\u00e3o<\/a><\/li><li class='ez-toc-page-1'><a class=\"ez-toc-link ez-toc-heading-10\" href=\"https:\/\/www.rotaseguros.com.br\/planosdesaude\/dor-de-cabeca-ou-enxaqueca-entenda-a-diferenca\/#Contrate_um_Plano_de_Saude_com_a_Rota_Seguros\" >Contrate um Plano de Sa\u00fade com a Rota Seguros!<\/a><\/li><\/ul><\/nav><\/div>\n\n<p><span style=\"font-weight: 400;\">Neste artigo, exploraremos as diferen\u00e7as entre enxaqueca e dor de cabe\u00e7a comum, trazendo informa\u00e7\u00f5es cient\u00edficas, dicas de tratamento e estrat\u00e9gias de preven\u00e7\u00e3o para lidar com essas condi\u00e7\u00f5es.<\/span><\/p>\n<h2><span class=\"ez-toc-section\" id=\"O_que_e_enxaqueca\"><\/span><b>O que \u00e9 enxaqueca?<\/b><span class=\"ez-toc-section-end\"><\/span><\/h2>\n<p><span style=\"font-weight: 400;\">A <\/span><b>enxaqueca<\/b><span style=\"font-weight: 400;\"> \u00e9, sem d\u00favida, uma condi\u00e7\u00e3o neurol\u00f3gica complexa. Ela afeta cerca de 15% da popula\u00e7\u00e3o brasileira, conforme dados dispon\u00edveis. Esse tipo de dor de cabe\u00e7a se caracteriza, principalmente, por uma dor intensa e frequentemente pulsante, que geralmente ocorre de um lado da cabe\u00e7a.<\/span><\/p>\n<p><span style=\"font-weight: 400;\">Al\u00e9m disso, \u00e9 importante destacar que os portadores de enxaqueca podem enfrentar uma s\u00e9rie de sintomas incapacitantes que v\u00e3o muito al\u00e9m da dor. Por exemplo, muitos relatam experi\u00eancias de n\u00e1useas, v\u00f4mitos e hipersensibilidade \u00e0 luz e ao som. Esses sintomas n\u00e3o apenas agravam a dor, mas tamb\u00e9m complicam a realiza\u00e7\u00e3o de atividades di\u00e1rias.<\/span><\/p>\n<p><span style=\"font-weight: 400;\">Consequentemente, muitas pessoas que sofrem de enxaqueca afirmam que esses epis\u00f3dios podem durar de 4 a 72 horas, transformando-se em um verdadeiro desafio na rotina di\u00e1ria. Assim, fica claro que a enxaqueca n\u00e3o \u00e9 apenas uma dor passageira; ela pode impactar significativamente a qualidade de vida e o bem-estar geral.<\/span><\/p>\n<h2><span class=\"ez-toc-section\" id=\"O_que_e_dor_de_cabeca\"><\/span><b>O que \u00e9 dor de cabe\u00e7a?<\/b><span class=\"ez-toc-section-end\"><\/span><\/h2>\n<p><span style=\"font-weight: 400;\">Por outro lado, a dor de cabe\u00e7a comum, que frequentemente \u00e9 chamada de cefaleia tensional, \u00e9 muito mais comum que a enxaqueca.\u00a0<\/span><\/p>\n<p><span style=\"font-weight: 400;\">Voc\u00ea j\u00e1 se sentiu pressionado, como se tivesse uma faixa apertada ao redor da cabe\u00e7a? Essa sensa\u00e7\u00e3o \u00e9, na verdade, bastante t\u00edpica das dores de cabe\u00e7a tensionais.<\/span><\/p>\n<p><span style=\"font-weight: 400;\">Al\u00e9m disso, esse tipo de dor geralmente ocorre em ambos os lados da cabe\u00e7a, o que a diferencia ainda mais da enxaqueca.\u00a0<\/span><\/p>\n<p><span style=\"font-weight: 400;\">Muitas vezes, a dor de cabe\u00e7a comum pode ser desencadeada por fatores cotidianos, como estresse acumulado, m\u00e1 postura ou tens\u00e3o muscular.\u00a0<\/span><\/p>\n<p><span style=\"font-weight: 400;\">Embora a dor possa ser desconfort\u00e1vel, \u00e9 importante notar que ela geralmente n\u00e3o apresenta os sintomas severos associados \u00e0 enxaqueca, como n\u00e1useas ou hipersensibilidade \u00e0 luz.<\/span><\/p>\n<p><span style=\"font-weight: 400;\">Portanto, mesmo que essa dor possa atrapalhar suas atividades, ela tende a ser geralmente menos limitante.<\/span><\/p>\n<h2><span class=\"ez-toc-section\" id=\"Diferencas_entre_enxaqueca_e_dor_de_cabeca_comum\"><\/span><b>Diferen\u00e7as entre enxaqueca e dor de cabe\u00e7a comum<\/b><span class=\"ez-toc-section-end\"><\/span><\/h2>\n<p><span style=\"font-weight: 400;\">As diferen\u00e7as entre enxaqueca e dor de cabe\u00e7a comum s\u00e3o significativas. Primeiramente, a intensidade e a dura\u00e7\u00e3o da dor s\u00e3o aspectos cruciais. Enquanto a enxaqueca pode se prolongar por dias e \u00e9 frequentemente limitante, a dor de cabe\u00e7a comum tende a ser mais leve e tempor\u00e1ria.<\/span><\/p>\n<p><span style=\"font-weight: 400;\">Al\u00e9m disso, os fatores desencadeantes tamb\u00e9m diferem. A enxaqueca pode ser provocada por altera\u00e7\u00f5es hormonais, certos alimentos (como chocolate e queijos envelhecidos), estresse e at\u00e9 mudan\u00e7as clim\u00e1ticas. J\u00e1 a dor de cabe\u00e7a comum \u00e9 mais frequentemente relacionada a fatores do dia a dia, como tens\u00e3o acumulada, falta de sono ou desidrata\u00e7\u00e3o.<\/span><\/p>\n<h2><b><img loading=\"lazy\" decoding=\"async\" class=\"alignnone wp-image-31196 size-full\" title=\"Dor de cabe\u00e7a\" src=\"https:\/\/www.rotaseguros.com.br\/planosdesaude\/wp-content\/uploads\/2024\/09\/Dor-de-cabeca.png\" alt=\"Dor de cabe\u00e7a\" width=\"6912\" height=\"3456\" srcset=\"https:\/\/www.rotaseguros.com.br\/planosdesaude\/wp-content\/uploads\/2024\/09\/Dor-de-cabeca.png 6912w, https:\/\/www.rotaseguros.com.br\/planosdesaude\/wp-content\/uploads\/2024\/09\/Dor-de-cabeca-300x150.png 300w, https:\/\/www.rotaseguros.com.br\/planosdesaude\/wp-content\/uploads\/2024\/09\/Dor-de-cabeca-1024x512.png 1024w, https:\/\/www.rotaseguros.com.br\/planosdesaude\/wp-content\/uploads\/2024\/09\/Dor-de-cabeca-768x384.png 768w, https:\/\/www.rotaseguros.com.br\/planosdesaude\/wp-content\/uploads\/2024\/09\/Dor-de-cabeca-1536x768.png 1536w, https:\/\/www.rotaseguros.com.br\/planosdesaude\/wp-content\/uploads\/2024\/09\/Dor-de-cabeca-2048x1024.png 2048w, https:\/\/www.rotaseguros.com.br\/planosdesaude\/wp-content\/uploads\/2024\/09\/Dor-de-cabeca-1080x540.png 1080w, https:\/\/www.rotaseguros.com.br\/planosdesaude\/wp-content\/uploads\/2024\/09\/Dor-de-cabeca-1280x640.png 1280w, https:\/\/www.rotaseguros.com.br\/planosdesaude\/wp-content\/uploads\/2024\/09\/Dor-de-cabeca-980x490.png 980w, https:\/\/www.rotaseguros.com.br\/planosdesaude\/wp-content\/uploads\/2024\/09\/Dor-de-cabeca-480x240.png 480w\" sizes=\"auto, (max-width: 6912px) 100vw, 6912px\" \/><\/b><\/h2>\n<h2><span class=\"ez-toc-section\" id=\"Diagnostico\"><\/span><b>Diagn\u00f3stico<\/b><span class=\"ez-toc-section-end\"><\/span><\/h2>\n<div class=\"flex max-w-full flex-col flex-grow\">\n<div class=\"min-h-[20px] text-message flex w-full flex-col items-end gap-2 whitespace-normal break-words [.text-message+&amp;]:mt-5\" dir=\"auto\" data-message-author-role=\"assistant\" data-message-id=\"83d5f33a-c27f-427e-9430-e4f538db33a2\">\n<div class=\"flex w-full flex-col gap-1 empty:hidden first:pt-[3px]\">\n<div class=\"markdown prose w-full break-words dark:prose-invert light\">\n<p>Para descobrir se o que voc\u00ea sente \u00e9 dor de cabe\u00e7a ou enxaqueca, podem ser necess\u00e1rias v\u00e1rias etapas. Dentre elas:\u00a0<\/p>\n<h3><span class=\"ez-toc-section\" id=\"Anamnese\"><\/span>Anamnese\u00a0<span class=\"ez-toc-section-end\"><\/span><\/h3>\n<p>O primeiro passo \u00e9 uma conversa detalhada com o paciente. O m\u00e9dico far\u00e1 perguntas sobre:<\/p>\n<ul>\n<li><strong>Hist\u00f3rico M\u00e9dico<\/strong>: Quest\u00f5es sobre a frequ\u00eancia e a dura\u00e7\u00e3o das dores, hist\u00f3rico familiar de enxaqueca ou dor de cabe\u00e7a, e outros problemas de sa\u00fade.<\/li>\n<li><strong>Sintomas<\/strong>: Descri\u00e7\u00e3o da dor (localiza\u00e7\u00e3o, intensidade, tipo), se \u00e9 pulsante ou em press\u00e3o, e outros sintomas associados (n\u00e1useas, v\u00f4mitos, sensibilidade \u00e0 luz e ao som).<\/li>\n<li><strong>Fatores Desencadeantes<\/strong>: Identifica\u00e7\u00e3o de gatilhos, como estresse, alimentos espec\u00edficos, altera\u00e7\u00f5es hormonais, e h\u00e1bitos de sono.<\/li>\n<\/ul>\n<h3><span class=\"ez-toc-section\" id=\"Exame_fisico\"><\/span>Exame f\u00edsico<span class=\"ez-toc-section-end\"><\/span><\/h3>\n<p>Ap\u00f3s a anamnese, o m\u00e9dico realizar\u00e1 um exame f\u00edsico que pode incluir testes de reflexos, coordena\u00e7\u00e3o e for\u00e7a muscular para descartar outras condi\u00e7\u00f5es neurol\u00f3gicas.<\/p>\n<h3><span class=\"ez-toc-section\" id=\"Registros_das_dores\"><\/span>Registros das dores<span class=\"ez-toc-section-end\"><\/span><\/h3>\n<p>O m\u00e9dico pode recomendar que o paciente mantenha um &#8220;di\u00e1rio&#8221; de dores de cabe\u00e7a, incluindo:<\/p>\n<ul>\n<li>Datas e hor\u00e1rios das dores<\/li>\n<li>Dura\u00e7\u00e3o e intensidade<\/li>\n<li>Sintomas associados<\/li>\n<li>Poss\u00edveis gatilhos (alimentos, estresse, sono)<\/li>\n<\/ul>\n<h3><span class=\"ez-toc-section\" id=\"Exames_de_imagem\"><\/span>Exames de imagem<span class=\"ez-toc-section-end\"><\/span><\/h3>\n<p>Em alguns casos, o m\u00e9dico pode solicitar exames de imagem, como a T<strong>omografia Computadorizada (TC)<\/strong> ou <strong>Resson\u00e2ncia Magn\u00e9tica (RM)<\/strong>, avaliando mais detalhadamente o c\u00e9rebro e detectandoposs\u00edveis anomalias.<\/p>\n<\/div>\n<\/div>\n<\/div>\n<\/div>\n<p><span style=\"font-weight: 400;\">Entender as diferen\u00e7as entre <\/span><b>enxaqueca<\/b><span style=\"font-weight: 400;\"> e <\/span><b>dor de cabe\u00e7a comum<\/b><span style=\"font-weight: 400;\"> \u00e9 essencial para buscar o al\u00edvio e melhorar a qualidade de vida. Se voc\u00ea j\u00e1 se viu lutando contra dores de cabe\u00e7a frequentes, lembre-se de que existem op\u00e7\u00f5es e estrat\u00e9gias dispon\u00edveis para ajudar a gerenciar esses epis\u00f3dios. Consultar um profissional de sa\u00fade pode ser o primeiro passo em dire\u00e7\u00e3o a uma vida livre de dor e desconforto.<\/span><\/p>\n<h2><span class=\"ez-toc-section\" id=\"Tratamento_e_prevencao\"><\/span><b>Tratamento e preven\u00e7\u00e3o<\/b><span class=\"ez-toc-section-end\"><\/span><\/h2>\n<p><span style=\"font-weight: 400;\">Quando se trata de <\/span><b>tratamento para dor de cabe\u00e7a e\/ou enxaqueca<\/b><span style=\"font-weight: 400;\">, a abordagem pode variar bastante.\u00a0<\/span><\/p>\n<p><span style=\"font-weight: 400;\">Por exemplo, para as enxaquecas, tratamentos espec\u00edficos, como analg\u00e9sicos prescritos, triptanos e medicamentos preventivos podem ser necess\u00e1rios. Estudos mostram que, para muitos pacientes, uma combina\u00e7\u00e3o de medica\u00e7\u00f5es e mudan\u00e7as no estilo de vida pode reduzir a frequ\u00eancia e a intensidade das crises.<\/span><\/p>\n<p><span style=\"font-weight: 400;\">Por outro lado, para a dor de cabe\u00e7a comum, o al\u00edvio pode ser encontrado com analg\u00e9sicos de venda livre, como paracetamol ou ibuprofeno. Al\u00e9m disso, t\u00e9cnicas de relaxamento, como yoga e medita\u00e7\u00e3o, podem ser eficazes para prevenir epis\u00f3dios. Ou seja, a<\/span><span style=\"font-weight: 400;\">\u00a0<\/span><b>preven\u00e7\u00e3o<\/b><span style=\"font-weight: 400;\"> tamb\u00e9m \u00e9 importante na gest\u00e3o da dor de cabe\u00e7a comum e da enxaqueca.\u00a0<\/span><\/p>\n<p><span style=\"font-weight: 400;\">Manter um estilo de vida saud\u00e1vel, com uma dieta equilibrada, hidrata\u00e7\u00e3o adequada e pr\u00e1ticas de manejo do estresse, pode fazer toda a diferen\u00e7a.\u00a0<\/span><span style=\"font-weight: 400;\">E lembre-se: a <a href=\"https:\/\/www.rotaseguros.com.br\/planosdesaude\/higiene-do-sono-como-combater-a-insonia\/\">qualidade do sono<\/a> \u00e9 fundamental!\u00a0<\/span><\/p>\n<h2><span class=\"ez-toc-section\" id=\"Contrate_um_Plano_de_Saude_com_a_Rota_Seguros\"><\/span><strong>Contrate um Plano de Sa\u00fade com a Rota Seguros!<\/strong><span class=\"ez-toc-section-end\"><\/span><\/h2>\n<p><span style=\"font-weight: 400;\"><img loading=\"lazy\" decoding=\"async\" class=\"alignnone wp-image-31200 size-full\" title=\"Rota Seguros\" src=\"https:\/\/www.rotaseguros.com.br\/planosdesaude\/wp-content\/uploads\/2024\/09\/Topicos-1.png\" alt=\"Rota Seguros\" width=\"1080\" height=\"270\" srcset=\"https:\/\/www.rotaseguros.com.br\/planosdesaude\/wp-content\/uploads\/2024\/09\/Topicos-1.png 1080w, https:\/\/www.rotaseguros.com.br\/planosdesaude\/wp-content\/uploads\/2024\/09\/Topicos-1-300x75.png 300w, https:\/\/www.rotaseguros.com.br\/planosdesaude\/wp-content\/uploads\/2024\/09\/Topicos-1-1024x256.png 1024w, https:\/\/www.rotaseguros.com.br\/planosdesaude\/wp-content\/uploads\/2024\/09\/Topicos-1-768x192.png 768w, https:\/\/www.rotaseguros.com.br\/planosdesaude\/wp-content\/uploads\/2024\/09\/Topicos-1-980x245.png 980w, https:\/\/www.rotaseguros.com.br\/planosdesaude\/wp-content\/uploads\/2024\/09\/Topicos-1-480x120.png 480w\" sizes=\"auto, (max-width: 1080px) 100vw, 1080px\" \/><\/span><\/p>\n<p><span style=\"font-weight: 400;\">A frustra\u00e7\u00e3o de n\u00e3o conseguir se concentrar no trabalho ou de n\u00e3o aproveitar momentos com a fam\u00edlia pode ser devastadora. Por isso, se voc\u00ea se <\/span>voc\u00ea sofre com os sintomas associados \u00e0 dor de cabe\u00e7a e\/ou enxaqueca, <span style=\"font-weight: 400;\"> n\u00e3o hesite em procurar um m\u00e9dico. <strong>T<\/strong><\/span><strong>emos o Plano de Sa\u00fade ideal para voc\u00ea!<\/strong><\/p>\n<p><span style=\"font-weight: 400;\">Se voc\u00ea est\u00e1 pronto para dar o pr\u00f3ximo passo em dire\u00e7\u00e3o a uma vida mais saud\u00e1vel e livre de dores, entre em contato conosco hoje mesmo. Nossa equipe est\u00e1 preparada para te ajudar a encontrar o plano de sa\u00fade que melhor se adapta \u00e0s suas necessidades. Afinal, sua sa\u00fade merece aten\u00e7\u00e3o e cuidado!<\/span><\/p>\n<p>&nbsp;<\/p>\n<ul>\n<li>Belo Horizonte\/MG: (31) 3279-8000<\/li>\n<li>Cascavel\/PR: (45) 2101-9406<\/li>\n<li>Caxias do Sul\/RS: (54) 2991-8720<\/li>\n<li>Colatina\/ES: (27) 3121-9393<\/li>\n<li>Curitiba\/PR: (41) 3596-0365<\/li>\n<li>Divin\u00f3polis\/MG: (37) 3511-3030<\/li>\n<li>Londrina\/PR: (43) 3233-2069<\/li>\n<li>Maring\u00e1\/PR: (44) 2103-6720<\/li>\n<li>Po\u00e7os de Caldas\/MG: (35) 3713-2531<\/li>\n<li>Patos de Minas\/MG: (34) 3820-8080<\/li>\n<li>Uberl\u00e2ndia\/MG: (34) 3291-9300<\/li>\n<li>Vit\u00f3ria\/ES: (27) 2233-3020<\/li>\n<\/ul>\n","protected":false},"excerpt":{"rendered":"<p><span class=\"span-reading-time rt-reading-time\" style=\"display: block;\"><span class=\"rt-label rt-prefix\">Reading Time: <\/span> <span class=\"rt-time\"> 4<\/span> <span class=\"rt-label rt-postfix\">minutes<\/span><\/span>Sabe quando voc\u00ea sente aquela dor de cabe\u00e7a chata, que parece n\u00e3o ter fim? Esse desconforto pode ser muito mais do que uma dor de cabe\u00e7a, pode ser uma enxaqueca. &#8230;<\/p>\n","protected":false},"author":2,"featured_media":31197,"comment_status":"open","ping_status":"open","sticky":false,"template":"","format":"standard","meta":{"_monsterinsights_skip_tracking":false,"_monsterinsights_sitenote_active":false,"_monsterinsights_sitenote_note":"","_monsterinsights_sitenote_category":0,"footnotes":"","_links_to":"","_links_to_target":""},"categories":[12,27,33,1005],"tags":[3039,3033,2887,3038,2528,3032,2197,3037,2259,3036,1235,3040,3034,3041,3035],"class_list":["post-31191","post","type-post","status-publish","format-standard","has-post-thumbnail","hentry","category-noticias","category-plano-de-saude","category-rota-seguros","category-saude","tag-alivio-da-dor","tag-cefaleia","tag-consultas-medicas","tag-diagnostico-de-dor-de-cabeca","tag-dor-de-cabeca","tag-enxaqueca","tag-estilo-de-vida-saudavel","tag-fatores-desencadeantes","tag-medicacao","tag-prevencao-de-enxaqueca","tag-qualidade-de-vida","tag-saude-neurologica","tag-sintomas-de-dor-de-cabeca","tag-terapias-complementares","tag-tratamento-de-enxaqueca"],"_links":{"self":[{"href":"https:\/\/www.rotaseguros.com.br\/planosdesaude\/wp-json\/wp\/v2\/posts\/31191","targetHints":{"allow":["GET"]}}],"collection":[{"href":"https:\/\/www.rotaseguros.com.br\/planosdesaude\/wp-json\/wp\/v2\/posts"}],"about":[{"href":"https:\/\/www.rotaseguros.com.br\/planosdesaude\/wp-json\/wp\/v2\/types\/post"}],"author":[{"embeddable":true,"href":"https:\/\/www.rotaseguros.com.br\/planosdesaude\/wp-json\/wp\/v2\/users\/2"}],"replies":[{"embeddable":true,"href":"https:\/\/www.rotaseguros.com.br\/planosdesaude\/wp-json\/wp\/v2\/comments?post=31191"}],"version-history":[{"count":0,"href":"https:\/\/www.rotaseguros.com.br\/planosdesaude\/wp-json\/wp\/v2\/posts\/31191\/revisions"}],"wp:featuredmedia":[{"embeddable":true,"href":"https:\/\/www.rotaseguros.com.br\/planosdesaude\/wp-json\/wp\/v2\/media\/31197"}],"wp:attachment":[{"href":"https:\/\/www.rotaseguros.com.br\/planosdesaude\/wp-json\/wp\/v2\/media?parent=31191"}],"wp:term":[{"taxonomy":"category","embeddable":true,"href":"https:\/\/www.rotaseguros.com.br\/planosdesaude\/wp-json\/wp\/v2\/categories?post=31191"},{"taxonomy":"post_tag","embeddable":true,"href":"https:\/\/www.rotaseguros.com.br\/planosdesaude\/wp-json\/wp\/v2\/tags?post=31191"}],"curies":[{"name":"wp","href":"https:\/\/api.w.org\/{rel}","templated":true}]}}