{"id":31576,"date":"2025-01-03T10:47:37","date_gmt":"2025-01-03T12:47:37","guid":{"rendered":"https:\/\/www.rotaseguros.com.br\/planosdesaude\/?p=31576"},"modified":"2025-12-18T09:19:31","modified_gmt":"2025-12-18T12:19:31","slug":"janeiro-branco-a-primeira-meta-do-ano-e-a-saude-mental","status":"publish","type":"post","link":"https:\/\/www.rotaseguros.com.br\/planosdesaude\/janeiro-branco-a-primeira-meta-do-ano-e-a-saude-mental\/","title":{"rendered":"Janeiro Branco: a primeira meta do ano \u00e9 a sa\u00fade mental!"},"content":{"rendered":"<span class=\"span-reading-time rt-reading-time\" style=\"display: block;\"><span class=\"rt-label rt-prefix\">Reading Time: <\/span> <span class=\"rt-time\"> 3<\/span> <span class=\"rt-label rt-postfix\">minutes<\/span><\/span><p>&nbsp;<\/p><div id=\"ez-toc-container\" class=\"ez-toc-v2_0_82_2 counter-flat ez-toc-counter ez-toc-grey ez-toc-container-direction\">\n<div class=\"ez-toc-title-container\">\n<p class=\"ez-toc-title\" style=\"cursor:inherit\">Aqui voc\u00ea encontra:<\/p>\n<span class=\"ez-toc-title-toggle\"><a href=\"#\" class=\"ez-toc-pull-right ez-toc-btn ez-toc-btn-xs ez-toc-btn-default ez-toc-toggle\" aria-label=\"Alternar tabela de conte\u00fado\"><span class=\"ez-toc-js-icon-con\"><span class=\"\"><span class=\"eztoc-hide\" style=\"display:none;\">Toggle<\/span><span class=\"ez-toc-icon-toggle-span\"><svg style=\"fill: #999;color:#999\" xmlns=\"http:\/\/www.w3.org\/2000\/svg\" class=\"list-377408\" width=\"20px\" height=\"20px\" viewBox=\"0 0 24 24\" fill=\"none\"><path d=\"M6 6H4v2h2V6zm14 0H8v2h12V6zM4 11h2v2H4v-2zm16 0H8v2h12v-2zM4 16h2v2H4v-2zm16 0H8v2h12v-2z\" fill=\"currentColor\"><\/path><\/svg><svg style=\"fill: #999;color:#999\" class=\"arrow-unsorted-368013\" xmlns=\"http:\/\/www.w3.org\/2000\/svg\" width=\"10px\" height=\"10px\" viewBox=\"0 0 24 24\" version=\"1.2\" baseProfile=\"tiny\"><path d=\"M18.2 9.3l-6.2-6.3-6.2 6.3c-.2.2-.3.4-.3.7s.1.5.3.7c.2.2.4.3.7.3h11c.3 0 .5-.1.7-.3.2-.2.3-.5.3-.7s-.1-.5-.3-.7zM5.8 14.7l6.2 6.3 6.2-6.3c.2-.2.3-.5.3-.7s-.1-.5-.3-.7c-.2-.2-.4-.3-.7-.3h-11c-.3 0-.5.1-.7.3-.2.2-.3.5-.3.7s.1.5.3.7z\"\/><\/svg><\/span><\/span><\/span><\/a><\/span><\/div>\n<nav><ul class='ez-toc-list ez-toc-list-level-1 ' ><li class='ez-toc-page-1'><a class=\"ez-toc-link ez-toc-heading-1\" href=\"https:\/\/www.rotaseguros.com.br\/planosdesaude\/janeiro-branco-a-primeira-meta-do-ano-e-a-saude-mental\/#O_que_e_o_Janeiro_Branco\" >O que \u00e9 o Janeiro Branco?<\/a><\/li><li class='ez-toc-page-1'><a class=\"ez-toc-link ez-toc-heading-2\" href=\"https:\/\/www.rotaseguros.com.br\/planosdesaude\/janeiro-branco-a-primeira-meta-do-ano-e-a-saude-mental\/#Por_que_o_Janeiro_Branco_e_tao_importante\" >Por que o Janeiro Branco \u00e9 t\u00e3o importante?<\/a><\/li><li class='ez-toc-page-1'><a class=\"ez-toc-link ez-toc-heading-3\" href=\"https:\/\/www.rotaseguros.com.br\/planosdesaude\/janeiro-branco-a-primeira-meta-do-ano-e-a-saude-mental\/#Como_cuidar_da_saude_mental\" >Como cuidar da sa\u00fade mental?<\/a><\/li><li class='ez-toc-page-1'><a class=\"ez-toc-link ez-toc-heading-4\" href=\"https:\/\/www.rotaseguros.com.br\/planosdesaude\/janeiro-branco-a-primeira-meta-do-ano-e-a-saude-mental\/#Fale_sobre_seus_sentimentos\" >Fale sobre seus sentimentos<\/a><\/li><li class='ez-toc-page-1'><a class=\"ez-toc-link ez-toc-heading-5\" href=\"https:\/\/www.rotaseguros.com.br\/planosdesaude\/janeiro-branco-a-primeira-meta-do-ano-e-a-saude-mental\/#Pratique_a_autocompaixao\" >Pratique a autocompaix\u00e3o<\/a><\/li><li class='ez-toc-page-1'><a class=\"ez-toc-link ez-toc-heading-6\" href=\"https:\/\/www.rotaseguros.com.br\/planosdesaude\/janeiro-branco-a-primeira-meta-do-ano-e-a-saude-mental\/#Mantenha_uma_rotina_equilibrada\" >Mantenha uma rotina equilibrada<\/a><\/li><li class='ez-toc-page-1'><a class=\"ez-toc-link ez-toc-heading-7\" href=\"https:\/\/www.rotaseguros.com.br\/planosdesaude\/janeiro-branco-a-primeira-meta-do-ano-e-a-saude-mental\/#Busque_ajuda_profissional\" >Busque ajuda profissional<\/a><\/li><li class='ez-toc-page-1'><a class=\"ez-toc-link ez-toc-heading-8\" href=\"https:\/\/www.rotaseguros.com.br\/planosdesaude\/janeiro-branco-a-primeira-meta-do-ano-e-a-saude-mental\/#Pratique_atividades_fisicas\" >Pratique atividades f\u00edsicas<\/a><\/li><li class='ez-toc-page-1'><a class=\"ez-toc-link ez-toc-heading-9\" href=\"https:\/\/www.rotaseguros.com.br\/planosdesaude\/janeiro-branco-a-primeira-meta-do-ano-e-a-saude-mental\/#Desconecte-se_quando_necessario\" >Desconecte-se quando necess\u00e1rio<\/a><\/li><li class='ez-toc-page-1'><a class=\"ez-toc-link ez-toc-heading-10\" href=\"https:\/\/www.rotaseguros.com.br\/planosdesaude\/janeiro-branco-a-primeira-meta-do-ano-e-a-saude-mental\/#A_saude_mental_e_uma_prioridade\" >A sa\u00fade mental \u00e9 uma prioridade<\/a><\/li><\/ul><\/nav><\/div>\n\n<p>Todo in\u00edcio de ano \u00e9 marcado por promessas, metas e planos. Muitas vezes, focamos na sa\u00fade f\u00edsica, na carreira ou em objetivos financeiros, mas esquecemos de algo fundamental: a <a href=\"https:\/\/www.gov.br\/saude\/pt-br\/assuntos\/saude-de-a-a-z\/s\/saude-mental\" target=\"_blank\" rel=\"noopener\">sa\u00fade mental<\/a>. \u00c9 nesse contexto que surge o movimento <strong>Janeiro Branco<\/strong>, uma campanha dedicada a conscientizar a sociedade sobre a import\u00e2ncia de cuidar da mente e do bem-estar emocional.<\/p>\n<p>&nbsp;<\/p>\n<p><img loading=\"lazy\" decoding=\"async\" class=\"alignnone wp-image-31579 size-full\" title=\"O que \u00e9 o Janeiro Branco\" src=\"https:\/\/www.rotaseguros.com.br\/planosdesaude\/wp-content\/uploads\/2024\/12\/O-que-e-o-Janeiro-Branco.png\" alt=\"O que \u00e9 o Janeiro Branco\" width=\"800\" height=\"200\" srcset=\"https:\/\/www.rotaseguros.com.br\/planosdesaude\/wp-content\/uploads\/2024\/12\/O-que-e-o-Janeiro-Branco.png 800w, https:\/\/www.rotaseguros.com.br\/planosdesaude\/wp-content\/uploads\/2024\/12\/O-que-e-o-Janeiro-Branco-300x75.png 300w, https:\/\/www.rotaseguros.com.br\/planosdesaude\/wp-content\/uploads\/2024\/12\/O-que-e-o-Janeiro-Branco-768x192.png 768w\" sizes=\"auto, (max-width: 800px) 100vw, 800px\" \/><\/p>\n<p>&nbsp;<\/p>\n<h2><span class=\"ez-toc-section\" id=\"O_que_e_o_Janeiro_Branco\"><\/span>O que \u00e9 o Janeiro Branco?<span class=\"ez-toc-section-end\"><\/span><\/h2>\n<p>&nbsp;<\/p>\n<p>Criado em 2014, o Janeiro Branco \u00e9 uma iniciativa brasileira que tem como objetivo chamar a aten\u00e7\u00e3o para quest\u00f5es relacionadas \u00e0 sa\u00fade mental e emocional. Inspirada no come\u00e7o de um novo ciclo, a campanha usa o m\u00eas de janeiro como simbolismo para reflex\u00e3o, autoconhecimento e planejamento de uma vida mais equilibrada. O &#8220;branco&#8221; representa uma tela em branco, pronta para ser preenchida com novas perspectivas e atitudes.<\/p>\n<h3><\/h3>\n<p><img loading=\"lazy\" decoding=\"async\" class=\"alignnone wp-image-31580 size-full\" title=\"Por que o Janeiro Branco \u00e9 t\u00e3o importante\" src=\"https:\/\/www.rotaseguros.com.br\/planosdesaude\/wp-content\/uploads\/2024\/12\/Por-que-o-Janeiro-Branco-e-tao-importante.png\" alt=\"Por que o Janeiro Branco \u00e9 t\u00e3o importante\" width=\"800\" height=\"200\" srcset=\"https:\/\/www.rotaseguros.com.br\/planosdesaude\/wp-content\/uploads\/2024\/12\/Por-que-o-Janeiro-Branco-e-tao-importante.png 800w, https:\/\/www.rotaseguros.com.br\/planosdesaude\/wp-content\/uploads\/2024\/12\/Por-que-o-Janeiro-Branco-e-tao-importante-300x75.png 300w, https:\/\/www.rotaseguros.com.br\/planosdesaude\/wp-content\/uploads\/2024\/12\/Por-que-o-Janeiro-Branco-e-tao-importante-768x192.png 768w\" sizes=\"auto, (max-width: 800px) 100vw, 800px\" \/><\/p>\n<p>&nbsp;<\/p>\n<h2><span class=\"ez-toc-section\" id=\"Por_que_o_Janeiro_Branco_e_tao_importante\"><\/span>Por que o Janeiro Branco \u00e9 t\u00e3o importante?<span class=\"ez-toc-section-end\"><\/span><\/h2>\n<p>&nbsp;<\/p>\n<p>Nos \u00faltimos anos, as discuss\u00f5es sobre sa\u00fade mental ganharam destaque, mas ainda enfrentam preconceitos e desinforma\u00e7\u00e3o. Dados da Organiza\u00e7\u00e3o Mundial da Sa\u00fade (OMS) indicam que os transtornos mentais, como ansiedade e depress\u00e3o, afetam milh\u00f5es de pessoas em todo o mundo, muitas vezes de forma silenciosa. A campanha Janeiro Branco busca quebrar esse sil\u00eancio, incentivando o di\u00e1logo e promovendo a preven\u00e7\u00e3o.<\/p>\n<h2><\/h2>\n<p><img loading=\"lazy\" decoding=\"async\" class=\"alignnone wp-image-31581 size-full\" title=\"Como cuidar da sa\u00fade mental\" src=\"https:\/\/www.rotaseguros.com.br\/planosdesaude\/wp-content\/uploads\/2024\/12\/Como-cuidar-da-saude-mental.png\" alt=\"Como cuidar da sa\u00fade mental\" width=\"800\" height=\"200\" srcset=\"https:\/\/www.rotaseguros.com.br\/planosdesaude\/wp-content\/uploads\/2024\/12\/Como-cuidar-da-saude-mental.png 800w, https:\/\/www.rotaseguros.com.br\/planosdesaude\/wp-content\/uploads\/2024\/12\/Como-cuidar-da-saude-mental-300x75.png 300w, https:\/\/www.rotaseguros.com.br\/planosdesaude\/wp-content\/uploads\/2024\/12\/Como-cuidar-da-saude-mental-768x192.png 768w\" sizes=\"auto, (max-width: 800px) 100vw, 800px\" \/><\/p>\n<p>&nbsp;<\/p>\n<h2><span class=\"ez-toc-section\" id=\"Como_cuidar_da_saude_mental\"><\/span>Como cuidar da sa\u00fade mental?<span class=\"ez-toc-section-end\"><\/span><\/h2>\n<p>Cuidar da mente \u00e9 essencial para viver com mais qualidade e leveza. Aqui est\u00e3o algumas medidas que podem ajudar:<\/p>\n<h3><span class=\"ez-toc-section\" id=\"Fale_sobre_seus_sentimentos\"><\/span>Fale sobre seus sentimentos<span class=\"ez-toc-section-end\"><\/span><\/h3>\n<p>Compartilhar preocupa\u00e7\u00f5es com amigos, familiares ou profissionais de sa\u00fade mental pode aliviar tens\u00f5es e oferecer novas perspectivas.<\/p>\n<h3><span class=\"ez-toc-section\" id=\"Pratique_a_autocompaixao\"><\/span>Pratique a autocompaix\u00e3o<span class=\"ez-toc-section-end\"><\/span><\/h3>\n<p>Seja gentil consigo mesmo. Reconhe\u00e7a seus limites e celebre pequenas conquistas sem cobran\u00e7as excessivas.<\/p>\n<h3><span class=\"ez-toc-section\" id=\"Mantenha_uma_rotina_equilibrada\"><\/span>Mantenha uma rotina equilibrada<span class=\"ez-toc-section-end\"><\/span><\/h3>\n<p>Estabele\u00e7a h\u00e1bitos saud\u00e1veis, como dormir bem, alimentar-se de forma balanceada e incluir momentos de lazer no seu dia a dia.<\/p>\n<h3><span class=\"ez-toc-section\" id=\"Busque_ajuda_profissional\"><\/span>Busque ajuda profissional<span class=\"ez-toc-section-end\"><\/span><\/h3>\n<p>Se voc\u00ea sente que algo n\u00e3o vai bem, procurar um psic\u00f3logo ou psiquiatra pode ser fundamental. Profissionais especializados podem ajudar a identificar e tratar problemas de forma eficaz.<\/p>\n<h3><span class=\"ez-toc-section\" id=\"Pratique_atividades_fisicas\"><\/span>Pratique atividades f\u00edsicas<span class=\"ez-toc-section-end\"><\/span><\/h3>\n<p>Exerc\u00edcios ajudam a reduzir os n\u00edveis de estresse e liberam endorfinas, subst\u00e2ncias que promovem sensa\u00e7\u00f5es de bem-estar.<\/p>\n<h3><span class=\"ez-toc-section\" id=\"Desconecte-se_quando_necessario\"><\/span>Desconecte-se quando necess\u00e1rio<span class=\"ez-toc-section-end\"><\/span><\/h3>\n<p>O excesso de informa\u00e7\u00f5es e a press\u00e3o das redes sociais podem afetar negativamente a sa\u00fade mental. Reserve um tempo para desconectar-se e conectar-se com o mundo real.<\/p>\n<p>&nbsp;<\/p>\n<p><img loading=\"lazy\" decoding=\"async\" class=\"alignnone wp-image-31582 size-full\" src=\"https:\/\/www.rotaseguros.com.br\/planosdesaude\/wp-content\/uploads\/2024\/12\/A-saude-mental-e-uma-prioridade.png\" alt=\"A sa\u00fade mental \u00e9 uma prioridade\" width=\"800\" height=\"200\" srcset=\"https:\/\/www.rotaseguros.com.br\/planosdesaude\/wp-content\/uploads\/2024\/12\/A-saude-mental-e-uma-prioridade.png 800w, https:\/\/www.rotaseguros.com.br\/planosdesaude\/wp-content\/uploads\/2024\/12\/A-saude-mental-e-uma-prioridade-300x75.png 300w, https:\/\/www.rotaseguros.com.br\/planosdesaude\/wp-content\/uploads\/2024\/12\/A-saude-mental-e-uma-prioridade-768x192.png 768w\" sizes=\"auto, (max-width: 800px) 100vw, 800px\" \/><\/p>\n<p>&nbsp;<\/p>\n<h2><span class=\"ez-toc-section\" id=\"A_saude_mental_e_uma_prioridade\"><\/span>A sa\u00fade mental \u00e9 uma prioridade<span class=\"ez-toc-section-end\"><\/span><\/h2>\n<p>&nbsp;<\/p>\n<p>O Janeiro Branco \u00e9 mais do que uma campanha \u00e9 um convite \u00e0 reflex\u00e3o e \u00e0 a\u00e7\u00e3o. Come\u00e7ar o ano cuidando da mente \u00e9 um ato de amor-pr\u00f3prio e tamb\u00e9m de responsabilidade social. Afinal, pessoas emocionalmente saud\u00e1veis contribuem para rela\u00e7\u00f5es mais harmoniosas, ambientes de trabalho mais produtivos e uma sociedade mais emp\u00e1tica.<\/p>\n<p>Que tal aproveitar o simbolismo de um novo come\u00e7o e fazer da sa\u00fade mental a sua primeira meta deste ano? Cuide-se, converse, busque apoio quando necess\u00e1rio e inspire outros a fazerem o mesmo. Afinal, uma mente equilibrada \u00e9 o ponto de partida para uma vida plena e feliz.<\/p>\n<p>Leia tamb\u00e9m este artigo: <a href=\"https:\/\/www.rotaseguros.com.br\/planosdesaude\/cancer-de-pele-tipos-existentes-sintomas-e-diagnostico\/\">C\u00e2ncer de pele: tipos existentes, sintomas e diagn\u00f3stico<\/a><\/p>\n","protected":false},"excerpt":{"rendered":"<p><span class=\"span-reading-time rt-reading-time\" style=\"display: block;\"><span class=\"rt-label rt-prefix\">Reading Time: <\/span> <span class=\"rt-time\"> 3<\/span> <span class=\"rt-label rt-postfix\">minutes<\/span><\/span>&nbsp; Todo in\u00edcio de ano \u00e9 marcado por promessas, metas e planos. Muitas vezes, focamos na sa\u00fade f\u00edsica, na carreira ou em objetivos financeiros, mas esquecemos de algo fundamental: a &#8230;<\/p>\n","protected":false},"author":36,"featured_media":31578,"comment_status":"open","ping_status":"open","sticky":false,"template":"","format":"standard","meta":{"_monsterinsights_skip_tracking":false,"_monsterinsights_sitenote_active":false,"_monsterinsights_sitenote_note":"","_monsterinsights_sitenote_category":0,"footnotes":"","_links_to":"","_links_to_target":""},"categories":[1005,6,33],"tags":[1318,2080,3185,3202,1343,693,3204,3203],"class_list":["post-31576","post","type-post","status-publish","format-standard","has-post-thumbnail","hentry","category-saude","category-dicas","category-rota-seguros","tag-autocuidado","tag-bem-estar-emocional","tag-equilibrio-emocional","tag-janeirobranco","tag-prevencao","tag-saude-mental","tag-saude-mental-em-foco","tag-saude-psicologica"],"_links":{"self":[{"href":"https:\/\/www.rotaseguros.com.br\/planosdesaude\/wp-json\/wp\/v2\/posts\/31576","targetHints":{"allow":["GET"]}}],"collection":[{"href":"https:\/\/www.rotaseguros.com.br\/planosdesaude\/wp-json\/wp\/v2\/posts"}],"about":[{"href":"https:\/\/www.rotaseguros.com.br\/planosdesaude\/wp-json\/wp\/v2\/types\/post"}],"author":[{"embeddable":true,"href":"https:\/\/www.rotaseguros.com.br\/planosdesaude\/wp-json\/wp\/v2\/users\/36"}],"replies":[{"embeddable":true,"href":"https:\/\/www.rotaseguros.com.br\/planosdesaude\/wp-json\/wp\/v2\/comments?post=31576"}],"version-history":[{"count":1,"href":"https:\/\/www.rotaseguros.com.br\/planosdesaude\/wp-json\/wp\/v2\/posts\/31576\/revisions"}],"predecessor-version":[{"id":34123,"href":"https:\/\/www.rotaseguros.com.br\/planosdesaude\/wp-json\/wp\/v2\/posts\/31576\/revisions\/34123"}],"wp:featuredmedia":[{"embeddable":true,"href":"https:\/\/www.rotaseguros.com.br\/planosdesaude\/wp-json\/wp\/v2\/media\/31578"}],"wp:attachment":[{"href":"https:\/\/www.rotaseguros.com.br\/planosdesaude\/wp-json\/wp\/v2\/media?parent=31576"}],"wp:term":[{"taxonomy":"category","embeddable":true,"href":"https:\/\/www.rotaseguros.com.br\/planosdesaude\/wp-json\/wp\/v2\/categories?post=31576"},{"taxonomy":"post_tag","embeddable":true,"href":"https:\/\/www.rotaseguros.com.br\/planosdesaude\/wp-json\/wp\/v2\/tags?post=31576"}],"curies":[{"name":"wp","href":"https:\/\/api.w.org\/{rel}","templated":true}]}}