{"id":31621,"date":"2025-01-13T10:26:34","date_gmt":"2025-01-13T12:26:34","guid":{"rendered":"https:\/\/www.rotaseguros.com.br\/planosdesaude\/?p=31621"},"modified":"2025-01-13T10:26:34","modified_gmt":"2025-01-13T12:26:34","slug":"extensao-de-cilios-quais-sao-os-riscos-para-a-sua-saude","status":"publish","type":"post","link":"https:\/\/www.rotaseguros.com.br\/planosdesaude\/extensao-de-cilios-quais-sao-os-riscos-para-a-sua-saude\/","title":{"rendered":"Extens\u00e3o de c\u00edlios: quais s\u00e3o os riscos para a sua sa\u00fade?"},"content":{"rendered":"<span class=\"span-reading-time rt-reading-time\" style=\"display: block;\"><span class=\"rt-label rt-prefix\">Reading Time: <\/span> <span class=\"rt-time\"> 4<\/span> <span class=\"rt-label rt-postfix\">minutes<\/span><\/span><p>A extens\u00e3o dos c\u00edlios se tornou uma febre no universo da beleza. Prometendo um olhar mais marcante e dispensando o uso do r\u00edmel no dia a dia, essa t\u00e9cnica conquistou milhares de adeptos. No entanto, nem tudo s\u00e3o flores quando se trata de aplicar fios artificiais t\u00e3o pr\u00f3ximos aos olhos. Apesar de seu apelo est\u00e9tico, as extens\u00f5es de c\u00edlios podem representar s\u00e9rios riscos para a sa\u00fade ocular e geral.<\/p><div id=\"ez-toc-container\" class=\"ez-toc-v2_0_82_2 counter-flat ez-toc-counter ez-toc-grey ez-toc-container-direction\">\n<div class=\"ez-toc-title-container\">\n<p class=\"ez-toc-title\" style=\"cursor:inherit\">Aqui voc\u00ea encontra:<\/p>\n<span class=\"ez-toc-title-toggle\"><a href=\"#\" class=\"ez-toc-pull-right ez-toc-btn ez-toc-btn-xs ez-toc-btn-default ez-toc-toggle\" aria-label=\"Alternar tabela de conte\u00fado\"><span class=\"ez-toc-js-icon-con\"><span class=\"\"><span class=\"eztoc-hide\" style=\"display:none;\">Toggle<\/span><span class=\"ez-toc-icon-toggle-span\"><svg style=\"fill: #999;color:#999\" xmlns=\"http:\/\/www.w3.org\/2000\/svg\" class=\"list-377408\" width=\"20px\" height=\"20px\" viewBox=\"0 0 24 24\" fill=\"none\"><path d=\"M6 6H4v2h2V6zm14 0H8v2h12V6zM4 11h2v2H4v-2zm16 0H8v2h12v-2zM4 16h2v2H4v-2zm16 0H8v2h12v-2z\" fill=\"currentColor\"><\/path><\/svg><svg style=\"fill: #999;color:#999\" class=\"arrow-unsorted-368013\" xmlns=\"http:\/\/www.w3.org\/2000\/svg\" width=\"10px\" height=\"10px\" viewBox=\"0 0 24 24\" version=\"1.2\" baseProfile=\"tiny\"><path d=\"M18.2 9.3l-6.2-6.3-6.2 6.3c-.2.2-.3.4-.3.7s.1.5.3.7c.2.2.4.3.7.3h11c.3 0 .5-.1.7-.3.2-.2.3-.5.3-.7s-.1-.5-.3-.7zM5.8 14.7l6.2 6.3 6.2-6.3c.2-.2.3-.5.3-.7s-.1-.5-.3-.7c-.2-.2-.4-.3-.7-.3h-11c-.3 0-.5.1-.7.3-.2.2-.3.5-.3.7s.1.5.3.7z\"\/><\/svg><\/span><\/span><\/span><\/a><\/span><\/div>\n<nav><ul class='ez-toc-list ez-toc-list-level-1 ' ><li class='ez-toc-page-1'><a class=\"ez-toc-link ez-toc-heading-1\" href=\"https:\/\/www.rotaseguros.com.br\/planosdesaude\/extensao-de-cilios-quais-sao-os-riscos-para-a-sua-saude\/#O_que_e_a_extensao_de_cilios\" >O que \u00e9 a extens\u00e3o de c\u00edlios?<\/a><\/li><li class='ez-toc-page-1'><a class=\"ez-toc-link ez-toc-heading-2\" href=\"https:\/\/www.rotaseguros.com.br\/planosdesaude\/extensao-de-cilios-quais-sao-os-riscos-para-a-sua-saude\/#Os_principais_riscos_da_extensao_de_cilios\" >Os principais riscos da extens\u00e3o de c\u00edlios<\/a><\/li><li class='ez-toc-page-1'><a class=\"ez-toc-link ez-toc-heading-3\" href=\"https:\/\/www.rotaseguros.com.br\/planosdesaude\/extensao-de-cilios-quais-sao-os-riscos-para-a-sua-saude\/#Reacoes_alergicas\" >Rea\u00e7\u00f5es al\u00e9rgicas<\/a><\/li><li class='ez-toc-page-1'><a class=\"ez-toc-link ez-toc-heading-4\" href=\"https:\/\/www.rotaseguros.com.br\/planosdesaude\/extensao-de-cilios-quais-sao-os-riscos-para-a-sua-saude\/#Infeccoes_oculares\" >Infec\u00e7\u00f5es oculares<\/a><\/li><li class='ez-toc-page-1'><a class=\"ez-toc-link ez-toc-heading-5\" href=\"https:\/\/www.rotaseguros.com.br\/planosdesaude\/extensao-de-cilios-quais-sao-os-riscos-para-a-sua-saude\/#Queda_dos_cilios_naturais\" >Queda dos c\u00edlios naturais<\/a><\/li><li class='ez-toc-page-1'><a class=\"ez-toc-link ez-toc-heading-6\" href=\"https:\/\/www.rotaseguros.com.br\/planosdesaude\/extensao-de-cilios-quais-sao-os-riscos-para-a-sua-saude\/#Danos_a_superficie_ocular\" >Danos \u00e0 superf\u00edcie ocular<\/a><\/li><li class='ez-toc-page-1'><a class=\"ez-toc-link ez-toc-heading-7\" href=\"https:\/\/www.rotaseguros.com.br\/planosdesaude\/extensao-de-cilios-quais-sao-os-riscos-para-a-sua-saude\/#Substancia_cancerigena\" >Subst\u00e2ncia cancer\u00edgena<\/a><\/li><li class='ez-toc-page-1'><a class=\"ez-toc-link ez-toc-heading-8\" href=\"https:\/\/www.rotaseguros.com.br\/planosdesaude\/extensao-de-cilios-quais-sao-os-riscos-para-a-sua-saude\/#Como_minimizar_os_riscos\" >Como minimizar os riscos<\/a><\/li><li class='ez-toc-page-1'><a class=\"ez-toc-link ez-toc-heading-9\" href=\"https:\/\/www.rotaseguros.com.br\/planosdesaude\/extensao-de-cilios-quais-sao-os-riscos-para-a-sua-saude\/#Quando_buscar_ajuda_medica\" >Quando buscar ajuda m\u00e9dica<\/a><\/li><li class='ez-toc-page-1'><a class=\"ez-toc-link ez-toc-heading-10\" href=\"https:\/\/www.rotaseguros.com.br\/planosdesaude\/extensao-de-cilios-quais-sao-os-riscos-para-a-sua-saude\/#Beleza_com_responsabilidade\" >Beleza com responsabilidade<\/a><\/li><\/ul><\/nav><\/div>\n\n<p>&nbsp;<\/p>\n<p><img loading=\"lazy\" decoding=\"async\" class=\"alignnone wp-image-31628 size-full\" title=\"O que \u00e9 a extens\u00e3o de c\u00edlios\" src=\"https:\/\/www.rotaseguros.com.br\/planosdesaude\/wp-content\/uploads\/2024\/12\/O-que-e-a-extensao-de-cilios.png\" alt=\"O que \u00e9 a extens\u00e3o de c\u00edlios\" width=\"800\" height=\"200\" srcset=\"https:\/\/www.rotaseguros.com.br\/planosdesaude\/wp-content\/uploads\/2024\/12\/O-que-e-a-extensao-de-cilios.png 800w, https:\/\/www.rotaseguros.com.br\/planosdesaude\/wp-content\/uploads\/2024\/12\/O-que-e-a-extensao-de-cilios-300x75.png 300w, https:\/\/www.rotaseguros.com.br\/planosdesaude\/wp-content\/uploads\/2024\/12\/O-que-e-a-extensao-de-cilios-768x192.png 768w\" sizes=\"auto, (max-width: 800px) 100vw, 800px\" \/><\/p>\n<p>&nbsp;<\/p>\n<h2><span class=\"ez-toc-section\" id=\"O_que_e_a_extensao_de_cilios\"><\/span>O que \u00e9 a extens\u00e3o de c\u00edlios?<span class=\"ez-toc-section-end\"><\/span><\/h2>\n<p>&nbsp;<\/p>\n<p>A extens\u00e3o de c\u00edlios consiste na aplica\u00e7\u00e3o de fios sint\u00e9ticos ou naturais, um a um, sobre os c\u00edlios naturais, utilizando uma cola espec\u00edfica. O procedimento deve ser realizado por um profissional qualificado, em um ambiente higi\u00eanico, e pode levar at\u00e9 duas horas para ser conclu\u00eddo. Embora os resultados sejam instantaneamente deslumbrantes, \u00e9 fundamental compreender os riscos envolvidos.<\/p>\n<p>&nbsp;<\/p>\n<p><img loading=\"lazy\" decoding=\"async\" class=\"alignnone wp-image-31629 size-full\" title=\"Os principais riscos da extens\u00e3o de c\u00edlios\" src=\"https:\/\/www.rotaseguros.com.br\/planosdesaude\/wp-content\/uploads\/2024\/12\/Os-principais-riscos-da-extensao-de-cilios.png\" alt=\"Os principais riscos da extens\u00e3o de c\u00edlios\" width=\"800\" height=\"200\" srcset=\"https:\/\/www.rotaseguros.com.br\/planosdesaude\/wp-content\/uploads\/2024\/12\/Os-principais-riscos-da-extensao-de-cilios.png 800w, https:\/\/www.rotaseguros.com.br\/planosdesaude\/wp-content\/uploads\/2024\/12\/Os-principais-riscos-da-extensao-de-cilios-300x75.png 300w, https:\/\/www.rotaseguros.com.br\/planosdesaude\/wp-content\/uploads\/2024\/12\/Os-principais-riscos-da-extensao-de-cilios-768x192.png 768w\" sizes=\"auto, (max-width: 800px) 100vw, 800px\" \/><\/p>\n<p>&nbsp;<\/p>\n<h2><span class=\"ez-toc-section\" id=\"Os_principais_riscos_da_extensao_de_cilios\"><\/span>Os principais riscos da extens\u00e3o de c\u00edlios<span class=\"ez-toc-section-end\"><\/span><\/h2>\n<p>&nbsp;<\/p>\n<h3><span class=\"ez-toc-section\" id=\"Reacoes_alergicas\"><\/span>Rea\u00e7\u00f5es al\u00e9rgicas<span class=\"ez-toc-section-end\"><\/span><\/h3>\n<p>&nbsp;<\/p>\n<p>Um dos riscos mais comuns est\u00e1 associado \u00e0 cola utilizada no procedimento. Muitas vezes, esses adesivos cont\u00eam subst\u00e2ncias como formalde\u00eddo, que podem causar rea\u00e7\u00f5es al\u00e9rgicas severas. Entre os sintomas est\u00e3o vermelhid\u00e3o, coceira e incha\u00e7o nas p\u00e1lpebras.<\/p>\n<p>&nbsp;<\/p>\n<h3><span class=\"ez-toc-section\" id=\"Infeccoes_oculares\"><\/span>Infec\u00e7\u00f5es oculares<span class=\"ez-toc-section-end\"><\/span><\/h3>\n<p>&nbsp;<\/p>\n<p>A proximidade dos c\u00edlios artificiais com os olhos aumenta o risco de infec\u00f5es, como conjuntivite. Isso pode ocorrer devido \u00e0 falta de higieniza\u00e7\u00e3o adequada dos materiais ou ao ac\u00famulo de sujeira nos fios aplicados.<\/p>\n<p>&nbsp;<\/p>\n<h3><span class=\"ez-toc-section\" id=\"Queda_dos_cilios_naturais\"><\/span>Queda dos c\u00edlios naturais<span class=\"ez-toc-section-end\"><\/span><\/h3>\n<p>&nbsp;<\/p>\n<p>O peso dos fios artificiais e o uso constante das extens\u00f5es podem enfraquecer os c\u00edlios naturais, levando \u00e0 sua queda. Em casos mais graves, isso pode resultar em falhas permanentes no crescimento dos c\u00edlios.<\/p>\n<p>&nbsp;<\/p>\n<h3><span class=\"ez-toc-section\" id=\"Danos_a_superficie_ocular\"><\/span>Danos \u00e0 superf\u00edcie ocular<span class=\"ez-toc-section-end\"><\/span><\/h3>\n<p>&nbsp;<\/p>\n<p>A aplica\u00e7\u00e3o inadequada ou a manipula\u00e7\u00e3o incorreta dos fios podem causar arranh\u00f5es na c\u00f3rnea, levando a dores intensas e poss\u00edveis complica\u00e7\u00f5es mais graves.<\/p>\n<p>&nbsp;<\/p>\n<p><img loading=\"lazy\" decoding=\"async\" class=\"alignnone wp-image-31630 size-full\" title=\"Subst\u00e2ncia cancer\u00edgena em extens\u00e3o de c\u00edlios\" src=\"https:\/\/www.rotaseguros.com.br\/planosdesaude\/wp-content\/uploads\/2024\/12\/Substancia-cancerigena-em-extensao-de-cilios.png\" alt=\"Subst\u00e2ncia cancer\u00edgena em extens\u00e3o de c\u00edlios\" width=\"800\" height=\"200\" srcset=\"https:\/\/www.rotaseguros.com.br\/planosdesaude\/wp-content\/uploads\/2024\/12\/Substancia-cancerigena-em-extensao-de-cilios.png 800w, https:\/\/www.rotaseguros.com.br\/planosdesaude\/wp-content\/uploads\/2024\/12\/Substancia-cancerigena-em-extensao-de-cilios-300x75.png 300w, https:\/\/www.rotaseguros.com.br\/planosdesaude\/wp-content\/uploads\/2024\/12\/Substancia-cancerigena-em-extensao-de-cilios-768x192.png 768w\" sizes=\"auto, (max-width: 800px) 100vw, 800px\" \/><\/p>\n<p>&nbsp;<\/p>\n<h2><span class=\"ez-toc-section\" id=\"Substancia_cancerigena\"><\/span>Subst\u00e2ncia cancer\u00edgena<span class=\"ez-toc-section-end\"><\/span><\/h2>\n<p>&nbsp;<\/p>\n<p>Os adesivos para os c\u00edlios podem apresentar um risco diferente \u00e0 sa\u00fade. Um estudo testou 37 colas para c\u00edlios, profissionais e de consumo geral, para determinar a presen\u00e7a de formalde\u00eddo, que \u00e9 uma subst\u00e2ncia reconhecidamente cancer\u00edgena.<\/p>\n<p>A pesquisa concluiu que 75% das 20 colas profissionais testadas liberavam formalde\u00eddo e quatro das 17 colas de consumo geral tamb\u00e9m continham a subst\u00e2ncia. E algumas das colas que continham formalde\u00eddo n\u00e3o declaravam a subst\u00e2ncia na sua lista de ingredientes.<\/p>\n<p>Os conservantes da cola podem causar <a href=\"https:\/\/bvsms.saude.gov.br\/conjutivite\/\" target=\"_blank\" rel=\"noopener\">conjuntivite<\/a> t\u00f3xica e eros\u00e3o da conjuntiva, que ocorre quando a camada celular sobre a superf\u00edcie da c\u00f3rnea (conhecida como epitelio) se solta da camada subjacente. Esta condi\u00e7\u00e3o \u00e9 dolorosa e pode prejudicar a vis\u00e3o.<\/p>\n<p>Existem casos em que a cola das unhas, que \u00e9 muito mais potente, foi vendida como cola para os c\u00edlios ou usada em substitui\u00e7\u00e3o. Em um dos casos mais chocantes de erro de aplica\u00e7\u00e3o, as p\u00e1lpebras de uma mulher ficaram coladas ap\u00f3s o uso de supercola para aplicar seus c\u00edlios posti\u00e7os.<\/p>\n<p>&nbsp;<\/p>\n<p>&nbsp;<\/p>\n<p><img loading=\"lazy\" decoding=\"async\" class=\"alignnone wp-image-31634 size-full\" title=\"Como minimizar os riscos da extens\u00e3o de c\u00edlios\" src=\"https:\/\/www.rotaseguros.com.br\/planosdesaude\/wp-content\/uploads\/2024\/12\/Como-minimizar-os-riscos-da-extensao-de-cilios-1.png\" alt=\"Como minimizar os riscos da extens\u00e3o de c\u00edlios\" width=\"800\" height=\"200\" srcset=\"https:\/\/www.rotaseguros.com.br\/planosdesaude\/wp-content\/uploads\/2024\/12\/Como-minimizar-os-riscos-da-extensao-de-cilios-1.png 800w, https:\/\/www.rotaseguros.com.br\/planosdesaude\/wp-content\/uploads\/2024\/12\/Como-minimizar-os-riscos-da-extensao-de-cilios-1-300x75.png 300w, https:\/\/www.rotaseguros.com.br\/planosdesaude\/wp-content\/uploads\/2024\/12\/Como-minimizar-os-riscos-da-extensao-de-cilios-1-768x192.png 768w\" sizes=\"auto, (max-width: 800px) 100vw, 800px\" \/><\/p>\n<p>&nbsp;<\/p>\n<h2><span class=\"ez-toc-section\" id=\"Como_minimizar_os_riscos\"><\/span>Como minimizar os riscos<span class=\"ez-toc-section-end\"><\/span><\/h2>\n<p>&nbsp;<\/p>\n<p>Embora os riscos sejam reais, algumas medidas podem ajudar a preveni-los:<\/p>\n<ul>\n<li>Escolha um profissional qualificado: Certifique-se de que o aplicador \u00e9 experiente e segue protocolos de higiene rigorosos.<\/li>\n<li>Verifique os produtos utilizados: Questione sobre a composi\u00e7\u00e3o da cola e dos fios e evite produtos que contenham subst\u00e2ncias alerg\u00eanas.<\/li>\n<li>Cuide da higiene: Mantenha os c\u00edlios limpos, evitando o ac\u00famulo de oleosidade e sujeira.<\/li>\n<li>Respeite os intervalos: Evite fazer manuten\u00e7\u00f5es consecutivas sem dar um descanso aos c\u00edlios naturais.<\/li>\n<\/ul>\n<p>&nbsp;<\/p>\n<p><img loading=\"lazy\" decoding=\"async\" class=\"alignnone wp-image-31635 size-full\" title=\"Extens\u00e3o de c\u00edlios: Quando buscar ajuda m\u00e9dica\" src=\"https:\/\/www.rotaseguros.com.br\/planosdesaude\/wp-content\/uploads\/2024\/12\/Extensao-de-cilios_-Quando-buscar-ajuda-medica.png\" alt=\"Extens\u00e3o de c\u00edlios: Quando buscar ajuda m\u00e9dica\" width=\"800\" height=\"200\" srcset=\"https:\/\/www.rotaseguros.com.br\/planosdesaude\/wp-content\/uploads\/2024\/12\/Extensao-de-cilios_-Quando-buscar-ajuda-medica.png 800w, https:\/\/www.rotaseguros.com.br\/planosdesaude\/wp-content\/uploads\/2024\/12\/Extensao-de-cilios_-Quando-buscar-ajuda-medica-300x75.png 300w, https:\/\/www.rotaseguros.com.br\/planosdesaude\/wp-content\/uploads\/2024\/12\/Extensao-de-cilios_-Quando-buscar-ajuda-medica-768x192.png 768w\" sizes=\"auto, (max-width: 800px) 100vw, 800px\" \/><\/p>\n<p>&nbsp;<\/p>\n<h2><span class=\"ez-toc-section\" id=\"Quando_buscar_ajuda_medica\"><\/span>Quando buscar ajuda m\u00e9dica<span class=\"ez-toc-section-end\"><\/span><\/h2>\n<p>&nbsp;<\/p>\n<p>Se voc\u00ea sentir qualquer desconforto ap\u00f3s a aplica\u00e7\u00e3o, como dor, incha\u00e7o ou vermelhid\u00e3o persistente, procure um oftalmologista imediatamente. Ignorar os sintomas pode agravar a situa\u00e7\u00e3o e comprometer a sa\u00fade dos seus olhos.<\/p>\n<p>&nbsp;<\/p>\n<p><img loading=\"lazy\" decoding=\"async\" class=\"alignnone wp-image-31636 size-full\" title=\"Extens\u00e3o de c\u00edlios: Beleza com responsabilidade\" src=\"https:\/\/www.rotaseguros.com.br\/planosdesaude\/wp-content\/uploads\/2024\/12\/Extensao-de-cilios_-Beleza-com-responsabilidade.png\" alt=\"Extens\u00e3o de c\u00edlios: Beleza com responsabilidade\" width=\"800\" height=\"200\" srcset=\"https:\/\/www.rotaseguros.com.br\/planosdesaude\/wp-content\/uploads\/2024\/12\/Extensao-de-cilios_-Beleza-com-responsabilidade.png 800w, https:\/\/www.rotaseguros.com.br\/planosdesaude\/wp-content\/uploads\/2024\/12\/Extensao-de-cilios_-Beleza-com-responsabilidade-300x75.png 300w, https:\/\/www.rotaseguros.com.br\/planosdesaude\/wp-content\/uploads\/2024\/12\/Extensao-de-cilios_-Beleza-com-responsabilidade-768x192.png 768w\" sizes=\"auto, (max-width: 800px) 100vw, 800px\" \/><\/p>\n<p>&nbsp;<\/p>\n<h2><span class=\"ez-toc-section\" id=\"Beleza_com_responsabilidade\"><\/span>Beleza com responsabilidade<span class=\"ez-toc-section-end\"><\/span><\/h2>\n<p>&nbsp;<\/p>\n<p>As extens\u00f5es de c\u00edlios podem ser uma solu\u00e7\u00e3o pr\u00e1tica para quem busca real\u00e7ar o olhar, mas \u00e9 essencial estar ciente dos riscos e tomar medidas para minimiz\u00e1-los. Priorizar a seguran\u00e7a e a sa\u00fade deve ser sempre a primeira preocupa\u00e7\u00e3o. Afinal, um olhar saud\u00e1vel \u00e9 muito mais valioso do que qualquer procedimento est\u00e9tico.<\/p>\n<p>&nbsp;<\/p>\n<p>Leia tamb\u00e9m esse artigo: <a href=\"https:\/\/www.rotaseguros.com.br\/planosdesaude\/peeling-de-fenol-para-que-serve-e-quanto-custa\/\">Peeling de fenol: para que serve e quanto custa?<\/a><\/p>\n<p>&nbsp;<\/p>\n","protected":false},"excerpt":{"rendered":"<p><span class=\"span-reading-time rt-reading-time\" style=\"display: block;\"><span class=\"rt-label rt-prefix\">Reading Time: <\/span> <span class=\"rt-time\"> 4<\/span> <span class=\"rt-label rt-postfix\">minutes<\/span><\/span>A extens\u00e3o dos c\u00edlios se tornou uma febre no universo da beleza. Prometendo um olhar mais marcante e dispensando o uso do r\u00edmel no dia a dia, essa t\u00e9cnica conquistou &#8230;<\/p>\n","protected":false},"author":36,"featured_media":31622,"comment_status":"open","ping_status":"open","sticky":false,"template":"","format":"standard","meta":{"_monsterinsights_skip_tracking":false,"_monsterinsights_sitenote_active":false,"_monsterinsights_sitenote_note":"","_monsterinsights_sitenote_category":0,"footnotes":"","_links_to":"","_links_to_target":""},"categories":[1005,6,33],"tags":[1374,3228,2020,3227,3231,3230,3232,3229],"class_list":["post-31621","post","type-post","status-publish","format-standard","has-post-thumbnail","hentry","category-saude","category-dicas","category-rota-seguros","tag-beleza","tag-cilios","tag-cuidados","tag-extensao","tag-infeccoes-oculares","tag-queda-dos-cilios-naturais","tag-reacoes-alergicas","tag-substancia-cancerigena"],"_links":{"self":[{"href":"https:\/\/www.rotaseguros.com.br\/planosdesaude\/wp-json\/wp\/v2\/posts\/31621","targetHints":{"allow":["GET"]}}],"collection":[{"href":"https:\/\/www.rotaseguros.com.br\/planosdesaude\/wp-json\/wp\/v2\/posts"}],"about":[{"href":"https:\/\/www.rotaseguros.com.br\/planosdesaude\/wp-json\/wp\/v2\/types\/post"}],"author":[{"embeddable":true,"href":"https:\/\/www.rotaseguros.com.br\/planosdesaude\/wp-json\/wp\/v2\/users\/36"}],"replies":[{"embeddable":true,"href":"https:\/\/www.rotaseguros.com.br\/planosdesaude\/wp-json\/wp\/v2\/comments?post=31621"}],"version-history":[{"count":0,"href":"https:\/\/www.rotaseguros.com.br\/planosdesaude\/wp-json\/wp\/v2\/posts\/31621\/revisions"}],"wp:featuredmedia":[{"embeddable":true,"href":"https:\/\/www.rotaseguros.com.br\/planosdesaude\/wp-json\/wp\/v2\/media\/31622"}],"wp:attachment":[{"href":"https:\/\/www.rotaseguros.com.br\/planosdesaude\/wp-json\/wp\/v2\/media?parent=31621"}],"wp:term":[{"taxonomy":"category","embeddable":true,"href":"https:\/\/www.rotaseguros.com.br\/planosdesaude\/wp-json\/wp\/v2\/categories?post=31621"},{"taxonomy":"post_tag","embeddable":true,"href":"https:\/\/www.rotaseguros.com.br\/planosdesaude\/wp-json\/wp\/v2\/tags?post=31621"}],"curies":[{"name":"wp","href":"https:\/\/api.w.org\/{rel}","templated":true}]}}