{"id":31721,"date":"2025-02-03T13:24:30","date_gmt":"2025-02-03T15:24:30","guid":{"rendered":"https:\/\/www.rotaseguros.com.br\/planosdesaude\/?p=31721"},"modified":"2025-02-03T13:24:30","modified_gmt":"2025-02-03T15:24:30","slug":"verao-combina-com-frutas-saudaveis-refrescantes-e-deliciosas","status":"publish","type":"post","link":"https:\/\/www.rotaseguros.com.br\/planosdesaude\/verao-combina-com-frutas-saudaveis-refrescantes-e-deliciosas\/","title":{"rendered":"Ver\u00e3o combina com frutas: saud\u00e1veis, refrescantes e deliciosas!"},"content":{"rendered":"<span class=\"span-reading-time rt-reading-time\" style=\"display: block;\"><span class=\"rt-label rt-prefix\">Reading Time: <\/span> <span class=\"rt-time\"> 4<\/span> <span class=\"rt-label rt-postfix\">minutes<\/span><\/span><p data-pm-slice=\"1 3 []\">O <strong>ver\u00e3o<\/strong> \u00e9 a esta\u00e7\u00e3o perfeita para aproveitar dias ensolarados e momentos ao ar livre. Com as altas temperaturas, o corpo exige mais hidrata\u00e7\u00e3o e alimentos leves. Por isso, nada combina melhor com essa temporada do que as<strong> frutas<\/strong>. Elas s\u00e3o <strong>refrescantes, nutritivas e cheias de sabor<\/strong>, tornando-se verdadeiras aliadas para manter a energia e o bem-estar.<\/p><div id=\"ez-toc-container\" class=\"ez-toc-v2_0_82_2 counter-flat ez-toc-counter ez-toc-grey ez-toc-container-direction\">\n<div class=\"ez-toc-title-container\">\n<p class=\"ez-toc-title\" style=\"cursor:inherit\">Aqui voc\u00ea encontra:<\/p>\n<span class=\"ez-toc-title-toggle\"><a href=\"#\" class=\"ez-toc-pull-right ez-toc-btn ez-toc-btn-xs ez-toc-btn-default ez-toc-toggle\" aria-label=\"Alternar tabela de conte\u00fado\"><span class=\"ez-toc-js-icon-con\"><span class=\"\"><span class=\"eztoc-hide\" style=\"display:none;\">Toggle<\/span><span class=\"ez-toc-icon-toggle-span\"><svg style=\"fill: #999;color:#999\" xmlns=\"http:\/\/www.w3.org\/2000\/svg\" class=\"list-377408\" width=\"20px\" height=\"20px\" viewBox=\"0 0 24 24\" fill=\"none\"><path d=\"M6 6H4v2h2V6zm14 0H8v2h12V6zM4 11h2v2H4v-2zm16 0H8v2h12v-2zM4 16h2v2H4v-2zm16 0H8v2h12v-2z\" fill=\"currentColor\"><\/path><\/svg><svg style=\"fill: #999;color:#999\" class=\"arrow-unsorted-368013\" xmlns=\"http:\/\/www.w3.org\/2000\/svg\" width=\"10px\" height=\"10px\" viewBox=\"0 0 24 24\" version=\"1.2\" baseProfile=\"tiny\"><path d=\"M18.2 9.3l-6.2-6.3-6.2 6.3c-.2.2-.3.4-.3.7s.1.5.3.7c.2.2.4.3.7.3h11c.3 0 .5-.1.7-.3.2-.2.3-.5.3-.7s-.1-.5-.3-.7zM5.8 14.7l6.2 6.3 6.2-6.3c.2-.2.3-.5.3-.7s-.1-.5-.3-.7c-.2-.2-.4-.3-.7-.3h-11c-.3 0-.5.1-.7.3-.2.2-.3.5-.3.7s.1.5.3.7z\"\/><\/svg><\/span><\/span><\/span><\/a><\/span><\/div>\n<nav><ul class='ez-toc-list ez-toc-list-level-1 ' ><li class='ez-toc-page-1'><a class=\"ez-toc-link ez-toc-heading-1\" href=\"https:\/\/www.rotaseguros.com.br\/planosdesaude\/verao-combina-com-frutas-saudaveis-refrescantes-e-deliciosas\/#Por_que_frutas_sao_ideais_para_o_verao\" >Por que frutas s\u00e3o ideais para o ver\u00e3o?<\/a><\/li><li class='ez-toc-page-1'><a class=\"ez-toc-link ez-toc-heading-2\" href=\"https:\/\/www.rotaseguros.com.br\/planosdesaude\/verao-combina-com-frutas-saudaveis-refrescantes-e-deliciosas\/#Frutas_que_sao_a_cara_do_verao\" >Frutas que s\u00e3o a cara do ver\u00e3o<\/a><\/li><li class='ez-toc-page-1'><a class=\"ez-toc-link ez-toc-heading-3\" href=\"https:\/\/www.rotaseguros.com.br\/planosdesaude\/verao-combina-com-frutas-saudaveis-refrescantes-e-deliciosas\/#Melancia\" >Melancia<\/a><\/li><li class='ez-toc-page-1'><a class=\"ez-toc-link ez-toc-heading-4\" href=\"https:\/\/www.rotaseguros.com.br\/planosdesaude\/verao-combina-com-frutas-saudaveis-refrescantes-e-deliciosas\/#Abacaxi\" >Abacaxi<\/a><\/li><li class='ez-toc-page-1'><a class=\"ez-toc-link ez-toc-heading-5\" href=\"https:\/\/www.rotaseguros.com.br\/planosdesaude\/verao-combina-com-frutas-saudaveis-refrescantes-e-deliciosas\/#Manga\" >Manga<\/a><\/li><li class='ez-toc-page-1'><a class=\"ez-toc-link ez-toc-heading-6\" href=\"https:\/\/www.rotaseguros.com.br\/planosdesaude\/verao-combina-com-frutas-saudaveis-refrescantes-e-deliciosas\/#Coco\" >Coco<\/a><\/li><li class='ez-toc-page-1'><a class=\"ez-toc-link ez-toc-heading-7\" href=\"https:\/\/www.rotaseguros.com.br\/planosdesaude\/verao-combina-com-frutas-saudaveis-refrescantes-e-deliciosas\/#Uva\" >Uva<\/a><\/li><li class='ez-toc-page-1'><a class=\"ez-toc-link ez-toc-heading-8\" href=\"https:\/\/www.rotaseguros.com.br\/planosdesaude\/verao-combina-com-frutas-saudaveis-refrescantes-e-deliciosas\/#Limao\" >Lim\u00e3o<\/a><\/li><li class='ez-toc-page-1'><a class=\"ez-toc-link ez-toc-heading-9\" href=\"https:\/\/www.rotaseguros.com.br\/planosdesaude\/verao-combina-com-frutas-saudaveis-refrescantes-e-deliciosas\/#Dicas_para_incluir_frutas_no_dia_a_dia_de_verao\" >Dicas para incluir frutas no dia a dia de ver\u00e3o<\/a><\/li><li class='ez-toc-page-1'><a class=\"ez-toc-link ez-toc-heading-10\" href=\"https:\/\/www.rotaseguros.com.br\/planosdesaude\/verao-combina-com-frutas-saudaveis-refrescantes-e-deliciosas\/#Beneficios_para_a_saude_e_o_bem-estar\" >Benef\u00edcios para a sa\u00fade e o bem-estar<\/a><\/li><li class='ez-toc-page-1'><a class=\"ez-toc-link ez-toc-heading-11\" href=\"https:\/\/www.rotaseguros.com.br\/planosdesaude\/verao-combina-com-frutas-saudaveis-refrescantes-e-deliciosas\/#Aproveite_o_verao_com_mais_sabor\" >Aproveite o ver\u00e3o com mais sabor!<\/a><\/li><\/ul><\/nav><\/div>\n\n<p data-pm-slice=\"1 3 []\">\u00a0<\/p>\n<p data-pm-slice=\"1 3 []\"><img loading=\"lazy\" decoding=\"async\" class=\"alignnone wp-image-31723 size-full\" title=\"Por que frutas s\u00e3o ideais para o ver\u00e3o\" src=\"https:\/\/www.rotaseguros.com.br\/planosdesaude\/wp-content\/uploads\/2025\/01\/Por-que-frutas-sao-ideais-para-o-verao.png\" alt=\"Por que frutas s\u00e3o ideais para o ver\u00e3o\" width=\"800\" height=\"200\" srcset=\"https:\/\/www.rotaseguros.com.br\/planosdesaude\/wp-content\/uploads\/2025\/01\/Por-que-frutas-sao-ideais-para-o-verao.png 800w, https:\/\/www.rotaseguros.com.br\/planosdesaude\/wp-content\/uploads\/2025\/01\/Por-que-frutas-sao-ideais-para-o-verao-300x75.png 300w, https:\/\/www.rotaseguros.com.br\/planosdesaude\/wp-content\/uploads\/2025\/01\/Por-que-frutas-sao-ideais-para-o-verao-768x192.png 768w\" sizes=\"auto, (max-width: 800px) 100vw, 800px\" \/><\/p>\n<p data-pm-slice=\"1 3 []\">\u00a0<\/p>\n<h2><span class=\"ez-toc-section\" id=\"Por_que_frutas_sao_ideais_para_o_verao\"><\/span>Por que frutas s\u00e3o ideais para o ver\u00e3o?<span class=\"ez-toc-section-end\"><\/span><\/h2>\n<p>&nbsp;<\/p>\n<p>As frutas oferecem excelente hidrata\u00e7\u00e3o natural, especialmente aquelas com alto teor de \u00e1gua, como melancia, mel\u00e3o e laranja. Ao consumi-las, voc\u00ea rep\u00f5e rapidamente os l\u00edquidos perdidos pelo calor, mantendo o corpo bem hidratado e em pleno funcionamento.<\/p>\n<p>Al\u00e9m disso, as frutas s\u00e3o ricas em vitaminas e minerais essenciais. A vitamina C fortalece a imunidade e auxilia na cicatriza\u00e7\u00e3o, enquanto o pot\u00e1ssio ajuda a regular o equil\u00edbrio dos eletr\u00f3litos e previne as c\u00e2imbras, especialmente nos dias quentes.<\/p>\n<p>Outra vantagem \u00e9 que as frutas s\u00e3o leves, com poucas calorias e alto teor de fibras. Elas promovem saciedade, melhoram a digest\u00e3o e otimizar\u00e3o o funcionamento do seu organismo. Frutas como uva, manga e melancia s\u00e3o particularmente ricas em antioxidantes, combatendo os radicais livres e retardando o envelhecimento precoce da pele, ao mesmo tempo em que protegem contra os danos causados pelo sol.<\/p>\n<p>Por fim, as frutas s\u00e3o pr\u00e1ticas e vers\u00e1teis, podendo ser consumidas de diversas formas: in natura, em sucos, saladas, sobremesas, picol\u00e9s caseiros ou \u00e1guas saborizadas. Elas se adaptam facilmente \u00e0 sua rotina, trazendo conveni\u00eancia e benef\u00edcios a qualquer momento do dia.<\/p>\n<p>&nbsp;<\/p>\n<p><img loading=\"lazy\" decoding=\"async\" class=\"alignnone wp-image-31729 size-full\" title=\"Frutas que s\u00e3o a cara do ver\u00e3o\" src=\"https:\/\/www.rotaseguros.com.br\/planosdesaude\/wp-content\/uploads\/2025\/01\/Frutas-que-sao-a-cara-do-verao.png\" alt=\"Frutas que s\u00e3o a cara do ver\u00e3o\" width=\"800\" height=\"440\" srcset=\"https:\/\/www.rotaseguros.com.br\/planosdesaude\/wp-content\/uploads\/2025\/01\/Frutas-que-sao-a-cara-do-verao.png 800w, https:\/\/www.rotaseguros.com.br\/planosdesaude\/wp-content\/uploads\/2025\/01\/Frutas-que-sao-a-cara-do-verao-300x165.png 300w, https:\/\/www.rotaseguros.com.br\/planosdesaude\/wp-content\/uploads\/2025\/01\/Frutas-que-sao-a-cara-do-verao-768x422.png 768w\" sizes=\"auto, (max-width: 800px) 100vw, 800px\" \/><\/p>\n<p>&nbsp;<\/p>\n<h2 data-pm-slice=\"1 1 []\"><span class=\"ez-toc-section\" id=\"Frutas_que_sao_a_cara_do_verao\"><\/span>Frutas que s\u00e3o a cara do ver\u00e3o<span class=\"ez-toc-section-end\"><\/span><\/h2>\n<p>&nbsp;<\/p>\n<p data-pm-slice=\"1 1 []\">Descubra os benef\u00edcios dessas del\u00edcias que refrescam e nutrem nos dias mais quentes!<\/p>\n<h3><span class=\"ez-toc-section\" id=\"Melancia\"><\/span>Melancia<span class=\"ez-toc-section-end\"><\/span><\/h3>\n<p>Rica em \u00e1gua e licopeno, a melancia \u00e9 perfeita para hidratar o corpo nos dias mais quentes. Al\u00e9m disso, o licopeno ajuda a proteger a pele contra os danos causados pelos raios solares, contribuindo para a sa\u00fade da pele.<\/p>\n<h3><span class=\"ez-toc-section\" id=\"Abacaxi\"><\/span>Abacaxi<span class=\"ez-toc-section-end\"><\/span><\/h3>\n<p>Com propriedades anti-inflamat\u00f3rias, o abacaxi \u00e9 um aliado no al\u00edvio da sensa\u00e7\u00e3o de incha\u00e7o e melhora da digest\u00e3o. Seu sabor tropical e refrescante o torna ideal para sucos, sobremesas e at\u00e9 grelhado.<\/p>\n<h3><span class=\"ez-toc-section\" id=\"Manga\"><\/span>Manga<span class=\"ez-toc-section-end\"><\/span><\/h3>\n<p>Fonte de vitaminas A e C, a manga \u00e9 doce e saborosa, al\u00e9m de ser excelente para fortalecer o sistema imunol\u00f3gico e promover a sa\u00fade da vis\u00e3o. \u00c9 uma \u00f3tima op\u00e7\u00e3o para sobremesas ou para ser consumida in natura.<\/p>\n<h3><span class=\"ez-toc-section\" id=\"Coco\"><\/span>Coco<span class=\"ez-toc-section-end\"><\/span><\/h3>\n<p>A \u00e1gua de coco \u00e9 um isot\u00f4nico natural que hidrata rapidamente, sendo ideal para quem pratica atividades f\u00edsicas ao ar livre. J\u00e1 a polpa do coco pode ser usada em receitas ou consumida como um lanche saud\u00e1vel e energ\u00e9tico.<\/p>\n<h3><span class=\"ez-toc-section\" id=\"Uva\"><\/span>Uva<span class=\"ez-toc-section-end\"><\/span><\/h3>\n<p>Pr\u00e1tica para consumir, a uva \u00e9 rica em antioxidantes, como os flavonoides, que combatem os radicais livres e ajudam na sa\u00fade cardiovascular. \u00c9 uma \u00f3tima op\u00e7\u00e3o para petiscos ou para adicionar em saladas.<\/p>\n<h3><span class=\"ez-toc-section\" id=\"Limao\"><\/span>Lim\u00e3o<span class=\"ez-toc-section-end\"><\/span><\/h3>\n<p>Refrescante e vers\u00e1til, o lim\u00e3o \u00e9 uma base excelente para sucos, sobremesas e infus\u00f5es arom\u00e1ticas. Sua alta concentra\u00e7\u00e3o de vitamina C fortalece o sistema imunol\u00f3gico e auxilia na hidrata\u00e7\u00e3o.<\/p>\n<p>&nbsp;<\/p>\n<p><img loading=\"lazy\" decoding=\"async\" class=\"alignnone wp-image-31724 size-full\" title=\"Dicas para incluir frutas no dia a dia de ver\u00e3o\" src=\"https:\/\/www.rotaseguros.com.br\/planosdesaude\/wp-content\/uploads\/2025\/01\/Dicas-para-incluir-frutas-no-dia-a-dia-de-verao.png\" alt=\"Dicas para incluir frutas no dia a dia de ver\u00e3o\" width=\"800\" height=\"200\" srcset=\"https:\/\/www.rotaseguros.com.br\/planosdesaude\/wp-content\/uploads\/2025\/01\/Dicas-para-incluir-frutas-no-dia-a-dia-de-verao.png 800w, https:\/\/www.rotaseguros.com.br\/planosdesaude\/wp-content\/uploads\/2025\/01\/Dicas-para-incluir-frutas-no-dia-a-dia-de-verao-300x75.png 300w, https:\/\/www.rotaseguros.com.br\/planosdesaude\/wp-content\/uploads\/2025\/01\/Dicas-para-incluir-frutas-no-dia-a-dia-de-verao-768x192.png 768w\" sizes=\"auto, (max-width: 800px) 100vw, 800px\" \/><\/p>\n<p>&nbsp;<\/p>\n<h2><span class=\"ez-toc-section\" id=\"Dicas_para_incluir_frutas_no_dia_a_dia_de_verao\"><\/span><span style=\"font-size: 2rem;\">Dicas para incluir frutas no dia a dia de ver\u00e3o<\/span><span class=\"ez-toc-section-end\"><\/span><\/h2>\n<p>&nbsp;<\/p>\n<p>Comece o dia com energia ao combinar frutas frescas como morangos, abacaxi ou bananas com iogurte natural e granola, criando uma refei\u00e7\u00e3o leve, nutritiva e cheia de vitaminas, fibras e prote\u00ednas. Ao longo do dia, mantenha peda\u00e7os de frutas cortadas na geladeira, como melancia, uvas ou ma\u00e7\u00e3, para facilitar o acesso a um lanche saud\u00e1vel e refrescante sempre que bater a fome.<\/p>\n<p>Para a sobremesa, que tal picol\u00e9s caseiros? Misture suco de frutas como laranja ou morango com peda\u00e7os inteiros e congele, oferecendo uma op\u00e7\u00e3o natural e deliciosa. Para hidratar, substitua as bebidas industrializadas por \u00e1guas saborizadas, adicionando fatias de frutas e ervas frescas como hortel\u00e3, trazendo frescor e sabor ao longo do dia.<\/p>\n<p>Outra op\u00e7\u00e3o \u00e9 preparar uma salada de frutas colorida com frutas da esta\u00e7\u00e3o, como mel\u00e3o, mam\u00e3o e p\u00eassego, e adicionar mel ou iogurte para criar uma mistura cremosa e irresist\u00edvel. Por fim, refresque-se com sucos naturais de frutas como abacaxi, laranja e maracuj\u00e1, evitando a\u00e7\u00facares adicionados e aproveitando o sabor natural para uma bebida saud\u00e1vel e revigorante.<\/p>\n<p>&nbsp;<\/p>\n<p><img loading=\"lazy\" decoding=\"async\" class=\"alignnone wp-image-31725 size-full\" title=\"Benef\u00edcios para a sa\u00fade e o bem-estar\" src=\"https:\/\/www.rotaseguros.com.br\/planosdesaude\/wp-content\/uploads\/2025\/01\/Beneficios-para-a-saude-e-o-bem-estar.png\" alt=\"Benef\u00edcios para a sa\u00fade e o bem-estar\" width=\"800\" height=\"200\" srcset=\"https:\/\/www.rotaseguros.com.br\/planosdesaude\/wp-content\/uploads\/2025\/01\/Beneficios-para-a-saude-e-o-bem-estar.png 800w, https:\/\/www.rotaseguros.com.br\/planosdesaude\/wp-content\/uploads\/2025\/01\/Beneficios-para-a-saude-e-o-bem-estar-300x75.png 300w, https:\/\/www.rotaseguros.com.br\/planosdesaude\/wp-content\/uploads\/2025\/01\/Beneficios-para-a-saude-e-o-bem-estar-768x192.png 768w\" sizes=\"auto, (max-width: 800px) 100vw, 800px\" \/><\/p>\n<p>&nbsp;<\/p>\n<h2><span class=\"ez-toc-section\" id=\"Beneficios_para_a_saude_e_o_bem-estar\"><\/span>Benef\u00edcios para a sa\u00fade e o bem-estar<span class=\"ez-toc-section-end\"><\/span><\/h2>\n<p>&nbsp;<\/p>\n<p data-pm-slice=\"1 1 []\">Consumir frutas regularmente traz v\u00e1rios benef\u00edcios. Elas mant\u00eam a energia e o \u00e2nimo para atividades no calor, melhoram a digest\u00e3o e evitam desconfortos. Tamb\u00e9m refor\u00e7am a imunidade, prevenindo gripes ou infec\u00e7\u00f5es comuns no ver\u00e3o, al\u00e9m de proteger a pele dos danos solares gra\u00e7as \u00e0s suas propriedades antioxidantes. As fibras auxiliam no funcionamento do intestino, enquanto as vitaminas e minerais contribuem para uma hidrata\u00e7\u00e3o eficiente e um metabolismo equilibrado.<\/p>\n<p data-pm-slice=\"1 1 []\">\u00a0<\/p>\n<p data-pm-slice=\"1 1 []\"><img loading=\"lazy\" decoding=\"async\" class=\"alignnone wp-image-31726 size-full\" title=\"Aproveite o ver\u00e3o com mais sabor!\" src=\"https:\/\/www.rotaseguros.com.br\/planosdesaude\/wp-content\/uploads\/2025\/01\/Aproveite-o-verao-com-mais-sabor.png\" alt=\"Aproveite o ver\u00e3o com mais sabor!\" width=\"800\" height=\"200\" srcset=\"https:\/\/www.rotaseguros.com.br\/planosdesaude\/wp-content\/uploads\/2025\/01\/Aproveite-o-verao-com-mais-sabor.png 800w, https:\/\/www.rotaseguros.com.br\/planosdesaude\/wp-content\/uploads\/2025\/01\/Aproveite-o-verao-com-mais-sabor-300x75.png 300w, https:\/\/www.rotaseguros.com.br\/planosdesaude\/wp-content\/uploads\/2025\/01\/Aproveite-o-verao-com-mais-sabor-768x192.png 768w\" sizes=\"auto, (max-width: 800px) 100vw, 800px\" \/><\/p>\n<p data-pm-slice=\"1 1 []\">\u00a0<\/p>\n<h2><span class=\"ez-toc-section\" id=\"Aproveite_o_verao_com_mais_sabor\"><\/span>Aproveite o ver\u00e3o com mais sabor!<span class=\"ez-toc-section-end\"><\/span><\/h2>\n<p>&nbsp;<\/p>\n<p data-pm-slice=\"1 1 []\">Incluir frutas na rotina \u00e9 uma forma deliciosa de cuidar da sa\u00fade e aproveitar o melhor da esta\u00e7\u00e3o. Experimente novas combina\u00e7\u00f5es, explore sabores tropicais e transforme cada refei\u00e7\u00e3o em um momento de frescor e bem-estar.<\/p>\n<p>E voc\u00ea, qual \u00e9 a sua fruta favorita para curtir os dias quentes?<\/p>\n<p>&nbsp;<\/p>\n<p>Leia esse texto tamb\u00e9m: <a href=\"https:\/\/www.rotaseguros.com.br\/planosdesaude\/cha-de-amendoim-e-os-beneficios-para-saude\/\">Ch\u00e1 de amendoim e os benef\u00edcios para sa\u00fade<\/a><\/p>\n","protected":false},"excerpt":{"rendered":"<p><span class=\"span-reading-time rt-reading-time\" style=\"display: block;\"><span class=\"rt-label rt-prefix\">Reading Time: <\/span> <span class=\"rt-time\"> 4<\/span> <span class=\"rt-label rt-postfix\">minutes<\/span><\/span>O ver\u00e3o \u00e9 a esta\u00e7\u00e3o perfeita para aproveitar dias ensolarados e momentos ao ar livre. Com as altas temperaturas, o corpo exige mais hidrata\u00e7\u00e3o e alimentos leves. Por isso, nada &#8230;<\/p>\n","protected":false},"author":36,"featured_media":31722,"comment_status":"open","ping_status":"open","sticky":false,"template":"","format":"standard","meta":{"_monsterinsights_skip_tracking":false,"_monsterinsights_sitenote_active":false,"_monsterinsights_sitenote_note":"","_monsterinsights_sitenote_category":0,"footnotes":"","_links_to":"","_links_to_target":""},"categories":[1005,6],"tags":[1344,2281,3287,3111,2697,3286,3283,3282,3284,3285,2690,3289,3288,1058],"class_list":["post-31721","post","type-post","status-publish","format-standard","has-post-thumbnail","hentry","category-saude","category-dicas","tag-alimentacao-saudavel","tag-antioxidantes","tag-baixo-caloria","tag-blog-rota-seguros","tag-digestao","tag-fibras","tag-frutas-frescas","tag-hidratacao-natural","tag-potassio","tag-prevencao-de-caimbras","tag-saude-da-pele","tag-sucos-naturais","tag-verao-saudavel","tag-vitamina-c"],"_links":{"self":[{"href":"https:\/\/www.rotaseguros.com.br\/planosdesaude\/wp-json\/wp\/v2\/posts\/31721","targetHints":{"allow":["GET"]}}],"collection":[{"href":"https:\/\/www.rotaseguros.com.br\/planosdesaude\/wp-json\/wp\/v2\/posts"}],"about":[{"href":"https:\/\/www.rotaseguros.com.br\/planosdesaude\/wp-json\/wp\/v2\/types\/post"}],"author":[{"embeddable":true,"href":"https:\/\/www.rotaseguros.com.br\/planosdesaude\/wp-json\/wp\/v2\/users\/36"}],"replies":[{"embeddable":true,"href":"https:\/\/www.rotaseguros.com.br\/planosdesaude\/wp-json\/wp\/v2\/comments?post=31721"}],"version-history":[{"count":0,"href":"https:\/\/www.rotaseguros.com.br\/planosdesaude\/wp-json\/wp\/v2\/posts\/31721\/revisions"}],"wp:featuredmedia":[{"embeddable":true,"href":"https:\/\/www.rotaseguros.com.br\/planosdesaude\/wp-json\/wp\/v2\/media\/31722"}],"wp:attachment":[{"href":"https:\/\/www.rotaseguros.com.br\/planosdesaude\/wp-json\/wp\/v2\/media?parent=31721"}],"wp:term":[{"taxonomy":"category","embeddable":true,"href":"https:\/\/www.rotaseguros.com.br\/planosdesaude\/wp-json\/wp\/v2\/categories?post=31721"},{"taxonomy":"post_tag","embeddable":true,"href":"https:\/\/www.rotaseguros.com.br\/planosdesaude\/wp-json\/wp\/v2\/tags?post=31721"}],"curies":[{"name":"wp","href":"https:\/\/api.w.org\/{rel}","templated":true}]}}