{"id":31867,"date":"2025-03-05T13:57:18","date_gmt":"2025-03-05T15:57:18","guid":{"rendered":"https:\/\/www.rotaseguros.com.br\/planosdesaude\/?p=31867"},"modified":"2025-03-05T13:57:18","modified_gmt":"2025-03-05T15:57:18","slug":"marco-azul-marinho-conscientizacao-do-cancer-colorretal","status":"publish","type":"post","link":"https:\/\/www.rotaseguros.com.br\/planosdesaude\/marco-azul-marinho-conscientizacao-do-cancer-colorretal\/","title":{"rendered":"Mar\u00e7o Azul Marinho: Conscientiza\u00e7\u00e3o do c\u00e2ncer colorretal"},"content":{"rendered":"<span class=\"span-reading-time rt-reading-time\" style=\"display: block;\"><span class=\"rt-label rt-prefix\">Reading Time: <\/span> <span class=\"rt-time\"> 3<\/span> <span class=\"rt-label rt-postfix\">minutes<\/span><\/span><p>O m\u00eas de mar\u00e7o destaca a campanha Mar\u00e7o Azul Marinho, uma iniciativa essencial para alertar a popula\u00e7\u00e3o sobre a preven\u00e7\u00e3o e o combate ao <a href=\"https:\/\/www.einstein.br\/n\/glossario-de-saude\/cancer-colorretal\" target=\"_blank\" rel=\"noopener\">c\u00e2ncer colorretal<\/a>. Essa doen\u00e7a, que afeta o intestino grosso e o reto, est\u00e1 entre os tipos de c\u00e2ncer mais comuns no Brasil. De acordo com o Instituto Nacional de C\u00e2ncer (INCA), cerca de 46 mil novos casos s\u00e3o diagnosticados anualmente, tornando a conscientiza\u00e7\u00e3o ainda mais necess\u00e1ria.<\/p><div id=\"ez-toc-container\" class=\"ez-toc-v2_0_82_2 counter-flat ez-toc-counter ez-toc-grey ez-toc-container-direction\">\n<div class=\"ez-toc-title-container\">\n<p class=\"ez-toc-title\" style=\"cursor:inherit\">Aqui voc\u00ea encontra:<\/p>\n<span class=\"ez-toc-title-toggle\"><a href=\"#\" class=\"ez-toc-pull-right ez-toc-btn ez-toc-btn-xs ez-toc-btn-default ez-toc-toggle\" aria-label=\"Alternar tabela de conte\u00fado\"><span class=\"ez-toc-js-icon-con\"><span class=\"\"><span class=\"eztoc-hide\" style=\"display:none;\">Toggle<\/span><span class=\"ez-toc-icon-toggle-span\"><svg style=\"fill: #999;color:#999\" xmlns=\"http:\/\/www.w3.org\/2000\/svg\" class=\"list-377408\" width=\"20px\" height=\"20px\" viewBox=\"0 0 24 24\" fill=\"none\"><path d=\"M6 6H4v2h2V6zm14 0H8v2h12V6zM4 11h2v2H4v-2zm16 0H8v2h12v-2zM4 16h2v2H4v-2zm16 0H8v2h12v-2z\" fill=\"currentColor\"><\/path><\/svg><svg style=\"fill: #999;color:#999\" class=\"arrow-unsorted-368013\" xmlns=\"http:\/\/www.w3.org\/2000\/svg\" width=\"10px\" height=\"10px\" viewBox=\"0 0 24 24\" version=\"1.2\" baseProfile=\"tiny\"><path d=\"M18.2 9.3l-6.2-6.3-6.2 6.3c-.2.2-.3.4-.3.7s.1.5.3.7c.2.2.4.3.7.3h11c.3 0 .5-.1.7-.3.2-.2.3-.5.3-.7s-.1-.5-.3-.7zM5.8 14.7l6.2 6.3 6.2-6.3c.2-.2.3-.5.3-.7s-.1-.5-.3-.7c-.2-.2-.4-.3-.7-.3h-11c-.3 0-.5.1-.7.3-.2.2-.3.5-.3.7s.1.5.3.7z\"\/><\/svg><\/span><\/span><\/span><\/a><\/span><\/div>\n<nav><ul class='ez-toc-list ez-toc-list-level-1 ' ><li class='ez-toc-page-1'><a class=\"ez-toc-link ez-toc-heading-1\" href=\"https:\/\/www.rotaseguros.com.br\/planosdesaude\/marco-azul-marinho-conscientizacao-do-cancer-colorretal\/#O_que_e_o_cancer_colorretal\" >O que \u00e9 o c\u00e2ncer colorretal?<\/a><\/li><li class='ez-toc-page-1'><a class=\"ez-toc-link ez-toc-heading-2\" href=\"https:\/\/www.rotaseguros.com.br\/planosdesaude\/marco-azul-marinho-conscientizacao-do-cancer-colorretal\/#Quais_sao_os_fatores_de_risco\" >Quais s\u00e3o os fatores de risco?<\/a><\/li><li class='ez-toc-page-1'><a class=\"ez-toc-link ez-toc-heading-3\" href=\"https:\/\/www.rotaseguros.com.br\/planosdesaude\/marco-azul-marinho-conscientizacao-do-cancer-colorretal\/#Como_identificar_os_sintomas\" >Como identificar os sintomas?<\/a><\/li><li class='ez-toc-page-1'><a class=\"ez-toc-link ez-toc-heading-4\" href=\"https:\/\/www.rotaseguros.com.br\/planosdesaude\/marco-azul-marinho-conscientizacao-do-cancer-colorretal\/#Como_prevenir_o_cancer_colorretal\" >Como prevenir o c\u00e2ncer colorretal?<\/a><\/li><li class='ez-toc-page-1'><a class=\"ez-toc-link ez-toc-heading-5\" href=\"https:\/\/www.rotaseguros.com.br\/planosdesaude\/marco-azul-marinho-conscientizacao-do-cancer-colorretal\/#Diagnostico_e_tratamento\" >Diagn\u00f3stico e tratamento<\/a><\/li><li class='ez-toc-page-1'><a class=\"ez-toc-link ez-toc-heading-6\" href=\"https:\/\/www.rotaseguros.com.br\/planosdesaude\/marco-azul-marinho-conscientizacao-do-cancer-colorretal\/#Marco_Azul_Marinho_Informacao_salva_vidas\" >Mar\u00e7o Azul Marinho: Informa\u00e7\u00e3o salva vidas!<\/a><\/li><\/ul><\/nav><\/div>\n\n<p>&nbsp;<\/p>\n<p>&nbsp;<\/p>\n<p><img loading=\"lazy\" decoding=\"async\" class=\"alignnone wp-image-31926 size-full\" title=\"O que \u00e9 o c\u00e2ncer colorretal\" src=\"https:\/\/www.rotaseguros.com.br\/planosdesaude\/wp-content\/uploads\/2025\/02\/O-que-e-o-cancer-colorretal.png\" alt=\"O que \u00e9 o c\u00e2ncer colorretal\" width=\"800\" height=\"200\" srcset=\"https:\/\/www.rotaseguros.com.br\/planosdesaude\/wp-content\/uploads\/2025\/02\/O-que-e-o-cancer-colorretal.png 800w, https:\/\/www.rotaseguros.com.br\/planosdesaude\/wp-content\/uploads\/2025\/02\/O-que-e-o-cancer-colorretal-300x75.png 300w, https:\/\/www.rotaseguros.com.br\/planosdesaude\/wp-content\/uploads\/2025\/02\/O-que-e-o-cancer-colorretal-768x192.png 768w\" sizes=\"auto, (max-width: 800px) 100vw, 800px\" \/><\/p>\n<p>&nbsp;<\/p>\n<p>&nbsp;<\/p>\n<h2><span class=\"ez-toc-section\" id=\"O_que_e_o_cancer_colorretal\"><\/span>O que \u00e9 o c\u00e2ncer colorretal?<span class=\"ez-toc-section-end\"><\/span><\/h2>\n<p>&nbsp;<\/p>\n<p>O c\u00e2ncer colorretal se origina do crescimento anormal de c\u00e9lulas no c\u00f3lon, reto ou \u00e2nus. Na maioria dos casos, ele surge a partir de p\u00f3lipos intestinais, que podem evoluir para tumores malignos se n\u00e3o forem removidos precocemente. Embora muitas pessoas n\u00e3o apresentem sintomas nas fases iniciais, a detec\u00e7\u00e3o precoce aumenta consideravelmente as chances de cura.<\/p>\n<p>&nbsp;<\/p>\n<p>&nbsp;<\/p>\n<p>&nbsp;<\/p>\n<p><img loading=\"lazy\" decoding=\"async\" class=\"alignnone wp-image-31925 size-full\" title=\"C\u00e2ncer colorretal, quais s\u00e3o os fatores de risco\" src=\"https:\/\/www.rotaseguros.com.br\/planosdesaude\/wp-content\/uploads\/2025\/02\/Cancer-colorretal-quais-sao-os-fatores-de-risco.png\" alt=\"C\u00e2ncer colorretal, quais s\u00e3o os fatores de risco\" width=\"800\" height=\"200\" srcset=\"https:\/\/www.rotaseguros.com.br\/planosdesaude\/wp-content\/uploads\/2025\/02\/Cancer-colorretal-quais-sao-os-fatores-de-risco.png 800w, https:\/\/www.rotaseguros.com.br\/planosdesaude\/wp-content\/uploads\/2025\/02\/Cancer-colorretal-quais-sao-os-fatores-de-risco-300x75.png 300w, https:\/\/www.rotaseguros.com.br\/planosdesaude\/wp-content\/uploads\/2025\/02\/Cancer-colorretal-quais-sao-os-fatores-de-risco-768x192.png 768w\" sizes=\"auto, (max-width: 800px) 100vw, 800px\" \/><\/p>\n<p>&nbsp;<\/p>\n<p>&nbsp;<\/p>\n<h2><span class=\"ez-toc-section\" id=\"Quais_sao_os_fatores_de_risco\"><\/span>Quais s\u00e3o os fatores de risco?<span class=\"ez-toc-section-end\"><\/span><\/h2>\n<p>&nbsp;<\/p>\n<p>Algumas condi\u00e7\u00f5es e h\u00e1bitos podem aumentar as chances de desenvolver essa doen\u00e7a. Entre os principais fatores de risco, destacam-se:\u00a0 Idade acima de 50 anos; Hist\u00f3rico familiar de c\u00e2ncer de intestino; Alimenta\u00e7\u00e3o pobre em fibras e rica em carnes vermelhas e processadas (salsicha, bacon, presunto, lingui\u00e7a);\u00a0 Estilo de vida sedent\u00e1rio e obesidade;\u00a0 Tabagismo e consumo excessivo de \u00e1lcool.<\/p>\n<p>&nbsp;<\/p>\n<p>&nbsp;<\/p>\n<p><img loading=\"lazy\" decoding=\"async\" class=\"alignnone wp-image-31924 size-full\" title=\"Como identificar os sintomas de c\u00e2ncer colorretal\" src=\"https:\/\/www.rotaseguros.com.br\/planosdesaude\/wp-content\/uploads\/2025\/02\/Como-identificar-os-sintomas-de-cancer-colorretal.png\" alt=\"Como identificar os sintomas de c\u00e2ncer colorretal\" width=\"800\" height=\"200\" srcset=\"https:\/\/www.rotaseguros.com.br\/planosdesaude\/wp-content\/uploads\/2025\/02\/Como-identificar-os-sintomas-de-cancer-colorretal.png 800w, https:\/\/www.rotaseguros.com.br\/planosdesaude\/wp-content\/uploads\/2025\/02\/Como-identificar-os-sintomas-de-cancer-colorretal-300x75.png 300w, https:\/\/www.rotaseguros.com.br\/planosdesaude\/wp-content\/uploads\/2025\/02\/Como-identificar-os-sintomas-de-cancer-colorretal-768x192.png 768w\" sizes=\"auto, (max-width: 800px) 100vw, 800px\" \/><\/p>\n<p>&nbsp;<\/p>\n<p>&nbsp;<\/p>\n<h2><span class=\"ez-toc-section\" id=\"Como_identificar_os_sintomas\"><\/span>Como identificar os sintomas?<span class=\"ez-toc-section-end\"><\/span><\/h2>\n<p>&nbsp;<\/p>\n<p>Os sinais do c\u00e2ncer colorretal variam conforme a localiza\u00e7\u00e3o do tumor. \u00c9 fundamental estar atento a sintomas como:\u00a0 Sangue nas fezes;\u00a0 Altera\u00e7\u00f5es no h\u00e1bito intestinal, como diarreia ou constipa\u00e7\u00e3o prolongadas; Dor ou desconforto abdominal frequente; Perda de peso inexplic\u00e1vel;\u00a0 Anemia sem causa aparente.<\/p>\n<p>Como a doen\u00e7a pode se desenvolver silenciosamente, muitas vezes sem sintomas evidentes, exames preventivos tornam-se indispens\u00e1veis para o diagn\u00f3stico precoce.<\/p>\n<p>&nbsp;<\/p>\n<p>&nbsp;<\/p>\n<p><img loading=\"lazy\" decoding=\"async\" class=\"alignnone wp-image-31923 size-full\" title=\"Como prevenir o c\u00e2ncer colorretal\" src=\"https:\/\/www.rotaseguros.com.br\/planosdesaude\/wp-content\/uploads\/2025\/02\/Como-prevenir-o-cancer-colorretal.png\" alt=\"Como prevenir o c\u00e2ncer colorretal\" width=\"800\" height=\"200\" srcset=\"https:\/\/www.rotaseguros.com.br\/planosdesaude\/wp-content\/uploads\/2025\/02\/Como-prevenir-o-cancer-colorretal.png 800w, https:\/\/www.rotaseguros.com.br\/planosdesaude\/wp-content\/uploads\/2025\/02\/Como-prevenir-o-cancer-colorretal-300x75.png 300w, https:\/\/www.rotaseguros.com.br\/planosdesaude\/wp-content\/uploads\/2025\/02\/Como-prevenir-o-cancer-colorretal-768x192.png 768w\" sizes=\"auto, (max-width: 800px) 100vw, 800px\" \/><\/p>\n<p>&nbsp;<\/p>\n<p>&nbsp;<\/p>\n<h2><span class=\"ez-toc-section\" id=\"Como_prevenir_o_cancer_colorretal\"><\/span>Como prevenir o c\u00e2ncer colorretal?<span class=\"ez-toc-section-end\"><\/span><\/h2>\n<p>&nbsp;<\/p>\n<p>Adotar h\u00e1bitos saud\u00e1veis reduz significativamente o risco da doen\u00e7a. Para se prevenir, siga estas recomenda\u00e7\u00f5es: Mantenha uma alimenta\u00e7\u00e3o equilibrada, rica em fibras, frutas, verduras e cereais integrais; Pratique atividades f\u00edsicas regularmente para manter um peso saud\u00e1vel; Evite tabaco e o consumo excessivo de \u00e1lcool, fatores que aumentam o risco de c\u00e2ncer; Realize exames de rotina, especialmente a partir dos 50 anos ou se houver hist\u00f3rico familiar da doen\u00e7a.<\/p>\n<p>&nbsp;<\/p>\n<p>&nbsp;<\/p>\n<p><img loading=\"lazy\" decoding=\"async\" class=\"alignnone wp-image-31922 size-full\" title=\"Diagn\u00f3stico e tratamento para o c\u00e2ncer colorretal\" src=\"https:\/\/www.rotaseguros.com.br\/planosdesaude\/wp-content\/uploads\/2025\/02\/Diagnostico-e-tratamento-para-o-cancer-colorretal.png\" alt=\"Diagn\u00f3stico e tratamento para o c\u00e2ncer colorretal\" width=\"800\" height=\"200\" srcset=\"https:\/\/www.rotaseguros.com.br\/planosdesaude\/wp-content\/uploads\/2025\/02\/Diagnostico-e-tratamento-para-o-cancer-colorretal.png 800w, https:\/\/www.rotaseguros.com.br\/planosdesaude\/wp-content\/uploads\/2025\/02\/Diagnostico-e-tratamento-para-o-cancer-colorretal-300x75.png 300w, https:\/\/www.rotaseguros.com.br\/planosdesaude\/wp-content\/uploads\/2025\/02\/Diagnostico-e-tratamento-para-o-cancer-colorretal-768x192.png 768w\" sizes=\"auto, (max-width: 800px) 100vw, 800px\" \/><\/p>\n<p>&nbsp;<\/p>\n<p>&nbsp;<\/p>\n<h2><span class=\"ez-toc-section\" id=\"Diagnostico_e_tratamento\"><\/span>Diagn\u00f3stico e tratamento<span class=\"ez-toc-section-end\"><\/span><\/h2>\n<p>&nbsp;<\/p>\n<p>A colonoscopia \u00e9 o exame mais eficiente para detectar p\u00f3lipos e tumores precocemente. Al\u00e9m disso, a pesquisa de sangue oculto nas fezes tamb\u00e9m pode indicar a necessidade de investiga\u00e7\u00e3o mais detalhada.<\/p>\n<p>Quando diagnosticado no in\u00edcio, o c\u00e2ncer colorretal apresenta altas taxas de cura. O tratamento pode envolver cirurgia, quimioterapia e radioterapia, dependendo do est\u00e1gio da doen\u00e7a.<\/p>\n<p>&nbsp;<\/p>\n<p>&nbsp;<\/p>\n<p><img loading=\"lazy\" decoding=\"async\" class=\"alignnone wp-image-31921 size-full\" title=\"Mar\u00e7o Azul Marinho Informa\u00e7\u00e3o salva vidas!\" src=\"https:\/\/www.rotaseguros.com.br\/planosdesaude\/wp-content\/uploads\/2025\/02\/Marco-Azul-Marinho_-Informacao-salva-vidas.png\" alt=\"Mar\u00e7o Azul Marinho Informa\u00e7\u00e3o salva vidas!\" width=\"800\" height=\"200\" srcset=\"https:\/\/www.rotaseguros.com.br\/planosdesaude\/wp-content\/uploads\/2025\/02\/Marco-Azul-Marinho_-Informacao-salva-vidas.png 800w, https:\/\/www.rotaseguros.com.br\/planosdesaude\/wp-content\/uploads\/2025\/02\/Marco-Azul-Marinho_-Informacao-salva-vidas-300x75.png 300w, https:\/\/www.rotaseguros.com.br\/planosdesaude\/wp-content\/uploads\/2025\/02\/Marco-Azul-Marinho_-Informacao-salva-vidas-768x192.png 768w\" sizes=\"auto, (max-width: 800px) 100vw, 800px\" \/><\/p>\n<p>&nbsp;<\/p>\n<p>&nbsp;<\/p>\n<h2><span class=\"ez-toc-section\" id=\"Marco_Azul_Marinho_Informacao_salva_vidas\"><\/span>Mar\u00e7o Azul Marinho: Informa\u00e7\u00e3o salva vidas!<span class=\"ez-toc-section-end\"><\/span><\/h2>\n<p>&nbsp;<\/p>\n<p>A conscientiza\u00e7\u00e3o \u00e9 uma ferramenta poderosa para a preven\u00e7\u00e3o. Compartilhe este conhecimento e incentive familiares e amigos a realizarem exames preventivos.<\/p>\n<p>Cuide-se e ajude a espalhar essa mensagem!<\/p>\n<p>Leia tamb\u00e9m esse texto: <a href=\"https:\/\/www.rotaseguros.com.br\/planosdesaude\/dor-de-dente-remedios-caseiros-para-alivio-rapido\/\">Dor de dente: Rem\u00e9dio caseiros para al\u00edvio r\u00e1pido!<\/a><\/p>\n","protected":false},"excerpt":{"rendered":"<p><span class=\"span-reading-time rt-reading-time\" style=\"display: block;\"><span class=\"rt-label rt-prefix\">Reading Time: <\/span> <span class=\"rt-time\"> 3<\/span> <span class=\"rt-label rt-postfix\">minutes<\/span><\/span>O m\u00eas de mar\u00e7o destaca a campanha Mar\u00e7o Azul Marinho, uma iniciativa essencial para alertar a popula\u00e7\u00e3o sobre a preven\u00e7\u00e3o e o combate ao c\u00e2ncer colorretal. Essa doen\u00e7a, que afeta &#8230;<\/p>\n","protected":false},"author":36,"featured_media":31920,"comment_status":"open","ping_status":"open","sticky":false,"template":"","format":"standard","meta":{"_monsterinsights_skip_tracking":false,"_monsterinsights_sitenote_active":false,"_monsterinsights_sitenote_note":"","_monsterinsights_sitenote_category":0,"footnotes":"","_links_to":"","_links_to_target":""},"categories":[1005,6,27],"tags":[3111,3358,3361,2229,2172,3357,3359,2414,3360],"class_list":["post-31867","post","type-post","status-publish","format-standard","has-post-thumbnail","hentry","category-saude","category-dicas","category-plano-de-saude","tag-blog-rota-seguros","tag-cancer-colorretal","tag-colonoscopia","tag-diagnostico-precoce","tag-fatores-de-risco","tag-marco-azul-marinho","tag-prevencao-do-cancer","tag-saude-intestinal","tag-sintomas-do-cancer-colorretal"],"_links":{"self":[{"href":"https:\/\/www.rotaseguros.com.br\/planosdesaude\/wp-json\/wp\/v2\/posts\/31867","targetHints":{"allow":["GET"]}}],"collection":[{"href":"https:\/\/www.rotaseguros.com.br\/planosdesaude\/wp-json\/wp\/v2\/posts"}],"about":[{"href":"https:\/\/www.rotaseguros.com.br\/planosdesaude\/wp-json\/wp\/v2\/types\/post"}],"author":[{"embeddable":true,"href":"https:\/\/www.rotaseguros.com.br\/planosdesaude\/wp-json\/wp\/v2\/users\/36"}],"replies":[{"embeddable":true,"href":"https:\/\/www.rotaseguros.com.br\/planosdesaude\/wp-json\/wp\/v2\/comments?post=31867"}],"version-history":[{"count":0,"href":"https:\/\/www.rotaseguros.com.br\/planosdesaude\/wp-json\/wp\/v2\/posts\/31867\/revisions"}],"wp:featuredmedia":[{"embeddable":true,"href":"https:\/\/www.rotaseguros.com.br\/planosdesaude\/wp-json\/wp\/v2\/media\/31920"}],"wp:attachment":[{"href":"https:\/\/www.rotaseguros.com.br\/planosdesaude\/wp-json\/wp\/v2\/media?parent=31867"}],"wp:term":[{"taxonomy":"category","embeddable":true,"href":"https:\/\/www.rotaseguros.com.br\/planosdesaude\/wp-json\/wp\/v2\/categories?post=31867"},{"taxonomy":"post_tag","embeddable":true,"href":"https:\/\/www.rotaseguros.com.br\/planosdesaude\/wp-json\/wp\/v2\/tags?post=31867"}],"curies":[{"name":"wp","href":"https:\/\/api.w.org\/{rel}","templated":true}]}}