{"id":31948,"date":"2025-03-20T09:42:09","date_gmt":"2025-03-20T11:42:09","guid":{"rendered":"https:\/\/www.rotaseguros.com.br\/planosdesaude\/?p=31948"},"modified":"2025-03-20T09:42:09","modified_gmt":"2025-03-20T11:42:09","slug":"dia-mundial-da-saude-bucal-e-um-plano-odontologico","status":"publish","type":"post","link":"https:\/\/www.rotaseguros.com.br\/planosdesaude\/dia-mundial-da-saude-bucal-e-um-plano-odontologico\/","title":{"rendered":"Dia Mundial da Sa\u00fade Bucal e um Plano Odontol\u00f3gico"},"content":{"rendered":"<span class=\"span-reading-time rt-reading-time\" style=\"display: block;\"><span class=\"rt-label rt-prefix\">Reading Time: <\/span> <span class=\"rt-time\"> 4<\/span> <span class=\"rt-label rt-postfix\">minutes<\/span><\/span><p data-start=\"88\" data-end=\"435\">No dia 20 de mar\u00e7o, \u00e9 comemorado o Dia Mundial da Sa\u00fade Bucal, uma data criada para conscientizar as pessoas sobre a import\u00e2ncia de cuidar da sa\u00fade da boca. Engana-se quem pensa que a sa\u00fade bucal se resume apenas a dentes bonitos e um sorriso alinhado. Ela \u00e9 fundamental para o bem-estar geral, influenciando diretamente a qualidade de vida.<\/p><div id=\"ez-toc-container\" class=\"ez-toc-v2_0_82_2 counter-flat ez-toc-counter ez-toc-grey ez-toc-container-direction\">\n<div class=\"ez-toc-title-container\">\n<p class=\"ez-toc-title\" style=\"cursor:inherit\">Aqui voc\u00ea encontra:<\/p>\n<span class=\"ez-toc-title-toggle\"><a href=\"#\" class=\"ez-toc-pull-right ez-toc-btn ez-toc-btn-xs ez-toc-btn-default ez-toc-toggle\" aria-label=\"Alternar tabela de conte\u00fado\"><span class=\"ez-toc-js-icon-con\"><span class=\"\"><span class=\"eztoc-hide\" style=\"display:none;\">Toggle<\/span><span class=\"ez-toc-icon-toggle-span\"><svg style=\"fill: #999;color:#999\" xmlns=\"http:\/\/www.w3.org\/2000\/svg\" class=\"list-377408\" width=\"20px\" height=\"20px\" viewBox=\"0 0 24 24\" fill=\"none\"><path d=\"M6 6H4v2h2V6zm14 0H8v2h12V6zM4 11h2v2H4v-2zm16 0H8v2h12v-2zM4 16h2v2H4v-2zm16 0H8v2h12v-2z\" fill=\"currentColor\"><\/path><\/svg><svg style=\"fill: #999;color:#999\" class=\"arrow-unsorted-368013\" xmlns=\"http:\/\/www.w3.org\/2000\/svg\" width=\"10px\" height=\"10px\" viewBox=\"0 0 24 24\" version=\"1.2\" baseProfile=\"tiny\"><path d=\"M18.2 9.3l-6.2-6.3-6.2 6.3c-.2.2-.3.4-.3.7s.1.5.3.7c.2.2.4.3.7.3h11c.3 0 .5-.1.7-.3.2-.2.3-.5.3-.7s-.1-.5-.3-.7zM5.8 14.7l6.2 6.3 6.2-6.3c.2-.2.3-.5.3-.7s-.1-.5-.3-.7c-.2-.2-.4-.3-.7-.3h-11c-.3 0-.5.1-.7.3-.2.2-.3.5-.3.7s.1.5.3.7z\"\/><\/svg><\/span><\/span><\/span><\/a><\/span><\/div>\n<nav><ul class='ez-toc-list ez-toc-list-level-1 ' ><li class='ez-toc-page-1'><a class=\"ez-toc-link ez-toc-heading-1\" href=\"https:\/\/www.rotaseguros.com.br\/planosdesaude\/dia-mundial-da-saude-bucal-e-um-plano-odontologico\/#Por_que_a_saude_bucal_e_tao_importante\" >Por que a sa\u00fade bucal \u00e9 t\u00e3o importante?<\/a><\/li><li class='ez-toc-page-1'><a class=\"ez-toc-link ez-toc-heading-2\" href=\"https:\/\/www.rotaseguros.com.br\/planosdesaude\/dia-mundial-da-saude-bucal-e-um-plano-odontologico\/#i\" >\u00a0<\/a><\/li><li class='ez-toc-page-1'><a class=\"ez-toc-link ez-toc-heading-3\" href=\"https:\/\/www.rotaseguros.com.br\/planosdesaude\/dia-mundial-da-saude-bucal-e-um-plano-odontologico\/#A_relacao_entre_saude_bucal_e_saude_geral\" >A rela\u00e7\u00e3o entre sa\u00fade bucal e sa\u00fade geral<\/a><\/li><li class='ez-toc-page-1'><a class=\"ez-toc-link ez-toc-heading-4\" href=\"https:\/\/www.rotaseguros.com.br\/planosdesaude\/dia-mundial-da-saude-bucal-e-um-plano-odontologico\/#i-2\" >\u00a0<\/a><\/li><li class='ez-toc-page-1'><a class=\"ez-toc-link ez-toc-heading-5\" href=\"https:\/\/www.rotaseguros.com.br\/planosdesaude\/dia-mundial-da-saude-bucal-e-um-plano-odontologico\/#A_importancia_do_Plano_Odontologico\" >A import\u00e2ncia do Plano Odontol\u00f3gico<\/a><\/li><li class='ez-toc-page-1'><a class=\"ez-toc-link ez-toc-heading-6\" href=\"https:\/\/www.rotaseguros.com.br\/planosdesaude\/dia-mundial-da-saude-bucal-e-um-plano-odontologico\/#i-3\" >\u00a0<\/a><\/li><li class='ez-toc-page-1'><a class=\"ez-toc-link ez-toc-heading-7\" href=\"https:\/\/www.rotaseguros.com.br\/planosdesaude\/dia-mundial-da-saude-bucal-e-um-plano-odontologico\/#Beneficios_de_contratar_um_Plano_Odontologico\" >Benef\u00edcios de contratar um Plano Odontol\u00f3gico\u00a0<\/a><\/li><li class='ez-toc-page-1'><a class=\"ez-toc-link ez-toc-heading-8\" href=\"https:\/\/www.rotaseguros.com.br\/planosdesaude\/dia-mundial-da-saude-bucal-e-um-plano-odontologico\/#Cuide_da_sua_saude_bucal_com_a_Rota_Seguros\" >Cuide da sua sa\u00fade bucal com a Rota Seguros!<\/a><\/li><\/ul><\/nav><\/div>\n\n<p data-start=\"437\" data-end=\"768\">Afinal, voc\u00ea sabia que problemas bucais podem afetar outras partes do corpo? Doen\u00e7as como diabetes, problemas card\u00edacos e at\u00e9 complica\u00e7\u00f5es na gravidez podem ter origem na sa\u00fade bucal <a href=\"https:\/\/www.dicio.com.br\/negligenciada\/#:~:text=Significado%20de%20Negligenciada,%2C%20desprezada%2C%20esquecida%2C%20ignorada.\" target=\"_blank\" rel=\"noopener\">negligenciada<\/a>. Por isso, entender a import\u00e2ncia dos cuidados com a boca \u00e9 essencial\u00a0e ter um plano odontol\u00f3gico pode fazer toda a diferen\u00e7a.<\/p>\n<p data-start=\"437\" data-end=\"768\">\u00a0<\/p>\n<p data-start=\"437\" data-end=\"768\">\u00a0<\/p>\n<p data-start=\"437\" data-end=\"768\">\u00a0<\/p>\n<p data-start=\"437\" data-end=\"768\"><img loading=\"lazy\" decoding=\"async\" class=\"alignnone wp-image-32030 size-full\" title=\"Por que a sa\u00fade bucal \u00e9 t\u00e3o importante\" src=\"https:\/\/www.rotaseguros.com.br\/planosdesaude\/wp-content\/uploads\/2025\/02\/Por-que-a-saude-bucal-e-tao-importante.png\" alt=\"Por que a sa\u00fade bucal \u00e9 t\u00e3o importante\" width=\"800\" height=\"200\" srcset=\"https:\/\/www.rotaseguros.com.br\/planosdesaude\/wp-content\/uploads\/2025\/02\/Por-que-a-saude-bucal-e-tao-importante.png 800w, https:\/\/www.rotaseguros.com.br\/planosdesaude\/wp-content\/uploads\/2025\/02\/Por-que-a-saude-bucal-e-tao-importante-300x75.png 300w, https:\/\/www.rotaseguros.com.br\/planosdesaude\/wp-content\/uploads\/2025\/02\/Por-que-a-saude-bucal-e-tao-importante-768x192.png 768w\" sizes=\"auto, (max-width: 800px) 100vw, 800px\" \/><\/p>\n<p data-start=\"437\" data-end=\"768\">\u00a0<\/p>\n<p data-start=\"437\" data-end=\"768\">\u00a0<\/p>\n<p data-start=\"437\" data-end=\"768\">\u00a0<\/p>\n<h2 data-start=\"775\" data-end=\"824\"><span class=\"ez-toc-section\" id=\"Por_que_a_saude_bucal_e_tao_importante\"><\/span>Por que a sa\u00fade bucal \u00e9 t\u00e3o importante?<span class=\"ez-toc-section-end\"><\/span><\/h2>\n<p>&nbsp;<\/p>\n<p data-start=\"1015\" data-end=\"1377\">A boca \u00e9 a porta de entrada do organismo. Tudo o que consumimos passa por ela, o que a torna um ambiente prop\u00edcio para o ac\u00famulo de bact\u00e9rias. Sem os cuidados adequados, essas bact\u00e9rias podem causar problemas como:<\/p>\n<ul data-start=\"1378\" data-end=\"1752\">\n<li data-start=\"1378\" data-end=\"1483\"><strong>C\u00e1ries:<\/strong> Provocadas pela a\u00e7\u00e3o de \u00e1cidos produzidos por bact\u00e9rias que corroem o esmalte dos dentes.<\/li>\n<li data-start=\"1484\" data-end=\"1611\"><strong>Gengivite e Periodontite:<\/strong> Inflama\u00e7\u00f5es na gengiva que podem evoluir para problemas mais graves, como a perda dos dentes.<\/li>\n<li data-start=\"1612\" data-end=\"1752\"><strong>Halitose (mau h\u00e1lito):<\/strong> Muitas vezes causada pelo ac\u00famulo de placas bacterianas, restos de alimentos ou at\u00e9 mesmo por doen\u00e7as bucais.<\/li>\n<\/ul>\n<p data-start=\"1754\" data-end=\"2017\">Al\u00e9m dessas condi\u00e7\u00f5es, a sa\u00fade bucal afeta diretamente a autoestima e a qualidade de vida. Pessoas com problemas dent\u00e1rios tendem a evitar intera\u00e7\u00f5es sociais, sentem-se desconfort\u00e1veis ao falar em p\u00fablico e podem at\u00e9 enfrentar dificuldades na vida profissional.<\/p>\n<h3 data-start=\"1487\" data-end=\"1538\"><span class=\"ez-toc-section\" id=\"i\"><\/span>\u00a0<span class=\"ez-toc-section-end\"><\/span><\/h3>\n<p>&nbsp;<\/p>\n<p><img loading=\"lazy\" decoding=\"async\" class=\"alignnone wp-image-32029 size-full\" title=\"A rela\u00e7\u00e3o entre sa\u00fade bucal e sa\u00fade geral\" src=\"https:\/\/www.rotaseguros.com.br\/planosdesaude\/wp-content\/uploads\/2025\/02\/A-relacao-entre-saude-bucal-e-saude-geral.png\" alt=\"A rela\u00e7\u00e3o entre sa\u00fade bucal e sa\u00fade geral\" width=\"800\" height=\"200\" srcset=\"https:\/\/www.rotaseguros.com.br\/planosdesaude\/wp-content\/uploads\/2025\/02\/A-relacao-entre-saude-bucal-e-saude-geral.png 800w, https:\/\/www.rotaseguros.com.br\/planosdesaude\/wp-content\/uploads\/2025\/02\/A-relacao-entre-saude-bucal-e-saude-geral-300x75.png 300w, https:\/\/www.rotaseguros.com.br\/planosdesaude\/wp-content\/uploads\/2025\/02\/A-relacao-entre-saude-bucal-e-saude-geral-768x192.png 768w\" sizes=\"auto, (max-width: 800px) 100vw, 800px\" \/><\/p>\n<p>&nbsp;<\/p>\n<p>&nbsp;<\/p>\n<h2 data-start=\"1487\" data-end=\"1538\"><span class=\"ez-toc-section\" id=\"A_relacao_entre_saude_bucal_e_saude_geral\"><\/span>A rela\u00e7\u00e3o entre sa\u00fade bucal e sa\u00fade geral<span class=\"ez-toc-section-end\"><\/span><\/h2>\n<p>&nbsp;<\/p>\n<p data-start=\"1540\" data-end=\"1672\">A sa\u00fade bucal vai muito al\u00e9m do sorriso. Estudos comprovam que infec\u00e7\u00f5es na boca podem afetar outras partes do corpo. Por exemplo:<\/p>\n<ul data-start=\"1673\" data-end=\"2067\">\n<li data-start=\"1673\" data-end=\"1843\"><strong>Doen\u00e7as Cardiovasculares:<\/strong> Bact\u00e9rias presentes na boca podem entrar na corrente sangu\u00ednea, contribuindo para inflama\u00e7\u00f5es que aumentam o risco de doen\u00e7as card\u00edacas.<\/li>\n<li data-start=\"1844\" data-end=\"1956\"><strong>Diabetes:<\/strong> A periodontite pode dificultar o controle do a\u00e7\u00facar no sangue, agravando o quadro do diabetes.<\/li>\n<li data-start=\"1957\" data-end=\"2067\"><strong>Sa\u00fade na Gravidez:<\/strong> Problemas bucais podem levar ao parto prematuro ou ao baixo peso do beb\u00ea ao nascer.<\/li>\n<\/ul>\n<p data-start=\"2069\" data-end=\"2212\">Diante desses fatos, fica evidente que manter a sa\u00fade bucal em dia n\u00e3o \u00e9 apenas uma quest\u00e3o de est\u00e9tica, mas de cuidado integral com o corpo.<\/p>\n<h3 data-start=\"2219\" data-end=\"2264\"><span class=\"ez-toc-section\" id=\"i-2\"><\/span>\u00a0<span class=\"ez-toc-section-end\"><\/span><\/h3>\n<p>&nbsp;<\/p>\n<p><img loading=\"lazy\" decoding=\"async\" class=\"alignnone wp-image-32028 size-full\" title=\"A import\u00e2ncia do Plano Odontol\u00f3gico\" src=\"https:\/\/www.rotaseguros.com.br\/planosdesaude\/wp-content\/uploads\/2025\/02\/A-importancia-do-Plano-Odontologico.png\" alt=\"A import\u00e2ncia do Plano Odontol\u00f3gico\" width=\"800\" height=\"200\" srcset=\"https:\/\/www.rotaseguros.com.br\/planosdesaude\/wp-content\/uploads\/2025\/02\/A-importancia-do-Plano-Odontologico.png 800w, https:\/\/www.rotaseguros.com.br\/planosdesaude\/wp-content\/uploads\/2025\/02\/A-importancia-do-Plano-Odontologico-300x75.png 300w, https:\/\/www.rotaseguros.com.br\/planosdesaude\/wp-content\/uploads\/2025\/02\/A-importancia-do-Plano-Odontologico-768x192.png 768w\" sizes=\"auto, (max-width: 800px) 100vw, 800px\" \/><\/p>\n<p>&nbsp;<\/p>\n<p>&nbsp;<\/p>\n<p>&nbsp;<\/p>\n<h2 data-start=\"2219\" data-end=\"2264\"><span class=\"ez-toc-section\" id=\"A_importancia_do_Plano_Odontologico\"><\/span>A import\u00e2ncia do Plano Odontol\u00f3gico<span class=\"ez-toc-section-end\"><\/span><\/h2>\n<p>&nbsp;<\/p>\n<p data-start=\"2266\" data-end=\"2505\">Para garantir uma boa sa\u00fade bucal, \u00e9 fundamental realizar consultas regulares com o dentista. No entanto, o custo desses atendimentos pode ser um obst\u00e1culo para muitas pessoas. \u00c9 a\u00ed que o plano odontol\u00f3gico se torna um grande aliado.<\/p>\n<p data-start=\"2507\" data-end=\"2543\">Um bom plano odontol\u00f3gico oferece:<\/p>\n<ul data-start=\"2544\" data-end=\"2963\">\n<li data-start=\"2544\" data-end=\"2655\"><strong>Consultas peri\u00f3dicas:<\/strong> Com check-ups regulares, \u00e9 poss\u00edvel prevenir problemas antes que eles se agravem.<\/li>\n<li data-start=\"2656\" data-end=\"2764\"><strong>Limpezas e Profilaxia:<\/strong> A remo\u00e7\u00e3o de t\u00e1rtaro e placas bacterianas mant\u00e9m dentes e gengivas saud\u00e1veis.<\/li>\n<li data-start=\"2765\" data-end=\"2861\"><strong>Tratamentos preventivos:<\/strong> Aplica\u00e7\u00e3o de fl\u00faor e selantes dent\u00e1rios ajudam a evitar c\u00e1ries.<\/li>\n<li data-start=\"2862\" data-end=\"2963\"><strong>Procedimentos curativos:<\/strong> Como restaura\u00e7\u00f5es, tratamento de canal e at\u00e9 cirurgias periodontais.<\/li>\n<\/ul>\n<p data-start=\"2965\" data-end=\"3123\">Al\u00e9m disso, ter um plano odontol\u00f3gico proporciona seguran\u00e7a financeira, j\u00e1 que cobre procedimentos que, se pagos separadamente, poderiam pesar no or\u00e7amento.<\/p>\n<h3 data-start=\"3130\" data-end=\"3203\"><span class=\"ez-toc-section\" id=\"i-3\"><\/span>\u00a0<span class=\"ez-toc-section-end\"><\/span><\/h3>\n<p>&nbsp;<\/p>\n<p><img loading=\"lazy\" decoding=\"async\" class=\"alignnone wp-image-32027 size-full\" title=\"Benef\u00edcios de contratar um Plano Odontol\u00f3gico\u00a0\" src=\"https:\/\/www.rotaseguros.com.br\/planosdesaude\/wp-content\/uploads\/2025\/02\/Beneficios-de-contratar-um-Plano-Odontologico-.png\" alt=\"Benef\u00edcios de contratar um Plano Odontol\u00f3gico\u00a0\" width=\"800\" height=\"200\" srcset=\"https:\/\/www.rotaseguros.com.br\/planosdesaude\/wp-content\/uploads\/2025\/02\/Beneficios-de-contratar-um-Plano-Odontologico-.png 800w, https:\/\/www.rotaseguros.com.br\/planosdesaude\/wp-content\/uploads\/2025\/02\/Beneficios-de-contratar-um-Plano-Odontologico--300x75.png 300w, https:\/\/www.rotaseguros.com.br\/planosdesaude\/wp-content\/uploads\/2025\/02\/Beneficios-de-contratar-um-Plano-Odontologico--768x192.png 768w\" sizes=\"auto, (max-width: 800px) 100vw, 800px\" \/><\/p>\n<p>&nbsp;<\/p>\n<p>&nbsp;<\/p>\n<h2 data-start=\"3130\" data-end=\"3203\"><span class=\"ez-toc-section\" id=\"Beneficios_de_contratar_um_Plano_Odontologico\"><\/span>Benef\u00edcios de contratar um Plano Odontol\u00f3gico\u00a0<span class=\"ez-toc-section-end\"><\/span><\/h2>\n<p>&nbsp;<\/p>\n<p data-start=\"3205\" data-end=\"3425\">Ao considerar a contrata\u00e7\u00e3o de um plano odontol\u00f3gico, \u00e9 essencial escolher uma empresa de confian\u00e7a. A Rota Seguros se destaca no mercado ao oferecer op\u00e7\u00f5es personalizadas, com ampla cobertura e valores acess\u00edveis.<\/p>\n<p data-start=\"3427\" data-end=\"3467\">Com os planos odontol\u00f3gicos ofertados pela Rota Seguros, voc\u00ea tem acesso a:<\/p>\n<ul data-start=\"3468\" data-end=\"3770\">\n<li data-start=\"3468\" data-end=\"3549\"><strong>Rede credenciada de qualidade:<\/strong> Dentistas experientes e cl\u00ednicas modernas.<\/li>\n<li data-start=\"3550\" data-end=\"3631\"><strong>Planos flex\u00edveis:<\/strong> Op\u00e7\u00f5es que atendem \u00e0s suas necessidades e ao seu bolso.<\/li>\n<li data-start=\"3632\" data-end=\"3770\"><strong>Atendimento \u00e1gil e humanizado:<\/strong> Equipe preparada para oferecer suporte completo, desde a contrata\u00e7\u00e3o at\u00e9 a utiliza\u00e7\u00e3o dos servi\u00e7os.<\/li>\n<\/ul>\n<p>&nbsp;<\/p>\n<p>&nbsp;<\/p>\n<h3 data-start=\"5679\" data-end=\"5733\"><img loading=\"lazy\" decoding=\"async\" class=\"alignnone wp-image-32026 size-full\" title=\"Cuide da sua sa\u00fade bucal com a Rota Seguros!\" src=\"https:\/\/www.rotaseguros.com.br\/planosdesaude\/wp-content\/uploads\/2025\/02\/Cuide-da-sua-saude-bucal-com-a-Rota-Seguros.png\" alt=\"Cuide da sua sa\u00fade bucal com a Rota Seguros!\" width=\"800\" height=\"200\" srcset=\"https:\/\/www.rotaseguros.com.br\/planosdesaude\/wp-content\/uploads\/2025\/02\/Cuide-da-sua-saude-bucal-com-a-Rota-Seguros.png 800w, https:\/\/www.rotaseguros.com.br\/planosdesaude\/wp-content\/uploads\/2025\/02\/Cuide-da-sua-saude-bucal-com-a-Rota-Seguros-300x75.png 300w, https:\/\/www.rotaseguros.com.br\/planosdesaude\/wp-content\/uploads\/2025\/02\/Cuide-da-sua-saude-bucal-com-a-Rota-Seguros-768x192.png 768w\" sizes=\"auto, (max-width: 800px) 100vw, 800px\" \/><\/h3>\n<p>&nbsp;<\/p>\n<p>&nbsp;<\/p>\n<h2 data-start=\"5679\" data-end=\"5733\"><span class=\"ez-toc-section\" id=\"Cuide_da_sua_saude_bucal_com_a_Rota_Seguros\"><\/span>Cuide da sua sa\u00fade bucal com a Rota Seguros!<span class=\"ez-toc-section-end\"><\/span><\/h2>\n<p>&nbsp;<\/p>\n<p data-start=\"5735\" data-end=\"6028\">Neste Dia Mundial da Sa\u00fade Bucal, lembre-se: manter um sorriso saud\u00e1vel \u00e9 fundamental n\u00e3o apenas pela apar\u00eancia, mas pelo impacto positivo que a sa\u00fade bucal tem em todo o organismo. Evite problemas futuros investindo em preven\u00e7\u00e3o e garantindo um acompanhamento odontol\u00f3gico de qualidade.<\/p>\n<p data-start=\"6030\" data-end=\"6203\">Escolha a Rota Seguros para proteger seu sorriso e sua sa\u00fade. Entre em contato agora mesmo e descubra as melhores op\u00e7\u00f5es de plano odontol\u00f3gico para voc\u00ea e sua fam\u00edlia.<\/p>\n<p data-start=\"6205\" data-end=\"6281\">Cuidar do sorriso \u00e9 cuidar da vida. Fa\u00e7a isso com quem entende do assunto!<\/p>\n<p><strong>Acesse: https:\/\/www.rotaseguros.com.br\/plano_odontologico.html<\/strong><br \/>\n<strong>Ou ligue (31) 3207-1673<\/strong><\/p>\n<p data-start=\"6205\" data-end=\"6281\">\u00a0<\/p>\n<p data-start=\"6205\" data-end=\"6281\">Leia tamb\u00e9m este texto: <a href=\"https:\/\/www.rotaseguros.com.br\/planosdesaude\/dente-siso-o-que-e-e-quando-extrair\/\">Dente siso: O que \u00e9 e quando extrair?<\/a><\/p>\n","protected":false},"excerpt":{"rendered":"<p><span class=\"span-reading-time rt-reading-time\" style=\"display: block;\"><span class=\"rt-label rt-prefix\">Reading Time: <\/span> <span class=\"rt-time\"> 4<\/span> <span class=\"rt-label rt-postfix\">minutes<\/span><\/span>No dia 20 de mar\u00e7o, \u00e9 comemorado o Dia Mundial da Sa\u00fade Bucal, uma data criada para conscientizar as pessoas sobre a import\u00e2ncia de cuidar da sa\u00fade da boca. Engana-se &#8230;<\/p>\n","protected":false},"author":36,"featured_media":31949,"comment_status":"open","ping_status":"open","sticky":false,"template":"","format":"standard","meta":{"_monsterinsights_skip_tracking":false,"_monsterinsights_sitenote_active":false,"_monsterinsights_sitenote_note":"","_monsterinsights_sitenote_category":0,"footnotes":"","_links_to":"","_links_to_target":""},"categories":[1005,27,33],"tags":[3407,3404,3406,104,3405,48,277,3408],"class_list":["post-31948","post","type-post","status-publish","format-standard","has-post-thumbnail","hentry","category-saude","category-plano-de-saude","category-rota-seguros","tag-beneficios-do-plano-odontologico","tag-cuidados-dentarios","tag-higiene-bucal","tag-plano-odontologico","tag-prevencao-de-doencas-bucais","tag-rota-seguros-2","tag-saude-bucal","tag-saude-bucal-e-bem-estar"],"_links":{"self":[{"href":"https:\/\/www.rotaseguros.com.br\/planosdesaude\/wp-json\/wp\/v2\/posts\/31948","targetHints":{"allow":["GET"]}}],"collection":[{"href":"https:\/\/www.rotaseguros.com.br\/planosdesaude\/wp-json\/wp\/v2\/posts"}],"about":[{"href":"https:\/\/www.rotaseguros.com.br\/planosdesaude\/wp-json\/wp\/v2\/types\/post"}],"author":[{"embeddable":true,"href":"https:\/\/www.rotaseguros.com.br\/planosdesaude\/wp-json\/wp\/v2\/users\/36"}],"replies":[{"embeddable":true,"href":"https:\/\/www.rotaseguros.com.br\/planosdesaude\/wp-json\/wp\/v2\/comments?post=31948"}],"version-history":[{"count":0,"href":"https:\/\/www.rotaseguros.com.br\/planosdesaude\/wp-json\/wp\/v2\/posts\/31948\/revisions"}],"wp:featuredmedia":[{"embeddable":true,"href":"https:\/\/www.rotaseguros.com.br\/planosdesaude\/wp-json\/wp\/v2\/media\/31949"}],"wp:attachment":[{"href":"https:\/\/www.rotaseguros.com.br\/planosdesaude\/wp-json\/wp\/v2\/media?parent=31948"}],"wp:term":[{"taxonomy":"category","embeddable":true,"href":"https:\/\/www.rotaseguros.com.br\/planosdesaude\/wp-json\/wp\/v2\/categories?post=31948"},{"taxonomy":"post_tag","embeddable":true,"href":"https:\/\/www.rotaseguros.com.br\/planosdesaude\/wp-json\/wp\/v2\/tags?post=31948"}],"curies":[{"name":"wp","href":"https:\/\/api.w.org\/{rel}","templated":true}]}}