{"id":32075,"date":"2025-04-09T12:31:14","date_gmt":"2025-04-09T15:31:14","guid":{"rendered":"https:\/\/www.rotaseguros.com.br\/planosdesaude\/?p=32075"},"modified":"2025-04-09T12:31:14","modified_gmt":"2025-04-09T15:31:14","slug":"abril-verde-conscientizacao-e-prevencao-de-acidentes-no-trabalho","status":"publish","type":"post","link":"https:\/\/www.rotaseguros.com.br\/planosdesaude\/abril-verde-conscientizacao-e-prevencao-de-acidentes-no-trabalho\/","title":{"rendered":"Abril Verde: Conscientiza\u00e7\u00e3o e preven\u00e7\u00e3o de acidentes no trabalho"},"content":{"rendered":"<span class=\"span-reading-time rt-reading-time\" style=\"display: block;\"><span class=\"rt-label rt-prefix\">Reading Time: <\/span> <span class=\"rt-time\"> 3<\/span> <span class=\"rt-label rt-postfix\">minutes<\/span><\/span><p><span style=\"font-weight: 400;\">Se tem uma coisa que todo trabalhador merece, \u00e9 um ambiente seguro e saud\u00e1vel para exercer sua profiss\u00e3o. E \u00e9 exatamente isso que o Abril Verde busca refor\u00e7ar! Esse movimento surgiu para conscientizar empresas e colaboradores sobre a import\u00e2ncia da seguran\u00e7a no trabalho e da preven\u00e7\u00e3o de acidentes e doen\u00e7as ocupacionais.<\/span><\/p><div id=\"ez-toc-container\" class=\"ez-toc-v2_0_82_2 counter-flat ez-toc-counter ez-toc-grey ez-toc-container-direction\">\n<div class=\"ez-toc-title-container\">\n<p class=\"ez-toc-title\" style=\"cursor:inherit\">Aqui voc\u00ea encontra:<\/p>\n<span class=\"ez-toc-title-toggle\"><a href=\"#\" class=\"ez-toc-pull-right ez-toc-btn ez-toc-btn-xs ez-toc-btn-default ez-toc-toggle\" aria-label=\"Alternar tabela de conte\u00fado\"><span class=\"ez-toc-js-icon-con\"><span class=\"\"><span class=\"eztoc-hide\" style=\"display:none;\">Toggle<\/span><span class=\"ez-toc-icon-toggle-span\"><svg style=\"fill: #999;color:#999\" xmlns=\"http:\/\/www.w3.org\/2000\/svg\" class=\"list-377408\" width=\"20px\" height=\"20px\" viewBox=\"0 0 24 24\" fill=\"none\"><path d=\"M6 6H4v2h2V6zm14 0H8v2h12V6zM4 11h2v2H4v-2zm16 0H8v2h12v-2zM4 16h2v2H4v-2zm16 0H8v2h12v-2z\" fill=\"currentColor\"><\/path><\/svg><svg style=\"fill: #999;color:#999\" class=\"arrow-unsorted-368013\" xmlns=\"http:\/\/www.w3.org\/2000\/svg\" width=\"10px\" height=\"10px\" viewBox=\"0 0 24 24\" version=\"1.2\" baseProfile=\"tiny\"><path d=\"M18.2 9.3l-6.2-6.3-6.2 6.3c-.2.2-.3.4-.3.7s.1.5.3.7c.2.2.4.3.7.3h11c.3 0 .5-.1.7-.3.2-.2.3-.5.3-.7s-.1-.5-.3-.7zM5.8 14.7l6.2 6.3 6.2-6.3c.2-.2.3-.5.3-.7s-.1-.5-.3-.7c-.2-.2-.4-.3-.7-.3h-11c-.3 0-.5.1-.7.3-.2.2-.3.5-.3.7s.1.5.3.7z\"\/><\/svg><\/span><\/span><\/span><\/a><\/span><\/div>\n<nav><ul class='ez-toc-list ez-toc-list-level-1 ' ><li class='ez-toc-page-1'><a class=\"ez-toc-link ez-toc-heading-1\" href=\"https:\/\/www.rotaseguros.com.br\/planosdesaude\/abril-verde-conscientizacao-e-prevencao-de-acidentes-no-trabalho\/#Por_que_o_Abril_Verde_e_tao_importante\" >Por que o Abril Verde \u00e9 t\u00e3o importante?<\/a><\/li><li class='ez-toc-page-1'><a class=\"ez-toc-link ez-toc-heading-2\" href=\"https:\/\/www.rotaseguros.com.br\/planosdesaude\/abril-verde-conscientizacao-e-prevencao-de-acidentes-no-trabalho\/#Como_podemos_prevenir_acidentes_no_trabalho\" >Como podemos prevenir acidentes no trabalho?<\/a><\/li><li class='ez-toc-page-1'><a class=\"ez-toc-link ez-toc-heading-3\" href=\"https:\/\/www.rotaseguros.com.br\/planosdesaude\/abril-verde-conscientizacao-e-prevencao-de-acidentes-no-trabalho\/#O_papel_das_empresas_no_Abril_Verde\" >O papel das empresas no Abril Verde<\/a><\/li><li class='ez-toc-page-1'><a class=\"ez-toc-link ez-toc-heading-4\" href=\"https:\/\/www.rotaseguros.com.br\/planosdesaude\/abril-verde-conscientizacao-e-prevencao-de-acidentes-no-trabalho\/#i\" >\u00a0<\/a><\/li><li class='ez-toc-page-1'><a class=\"ez-toc-link ez-toc-heading-5\" href=\"https:\/\/www.rotaseguros.com.br\/planosdesaude\/abril-verde-conscientizacao-e-prevencao-de-acidentes-no-trabalho\/#Seguranca_no_trabalho_e_um_direito_de_todos\" >Seguran\u00e7a no trabalho \u00e9 um direito de todos!<\/a><\/li><\/ul><\/nav><\/div>\n\n<p><span style=\"font-weight: 400;\">Afinal, ningu\u00e9m sai de casa esperando se machucar ou enfrentar riscos desnecess\u00e1rios, n\u00e9? Mas, infelizmente, acidentes de trabalho ainda acontecem com frequ\u00eancia no Brasil e no mundo. Ent\u00e3o, nada mais justo do que aproveitar esse m\u00eas para refletir sobre como melhorar a prote\u00e7\u00e3o no ambiente profissional.<\/span><\/p>\n<p>&nbsp;<\/p>\n<h2><img loading=\"lazy\" decoding=\"async\" class=\"alignnone wp-image-32132 size-full\" title=\"Seguran\u00e7a no trabalho \u00e9 um direito de todos!\" src=\"https:\/\/www.rotaseguros.com.br\/planosdesaude\/wp-content\/uploads\/2025\/03\/Seguranca-no-trabalho-e-um-direito-de-todos-1.png\" alt=\"Seguran\u00e7a no trabalho \u00e9 um direito de todos!\" width=\"800\" height=\"200\" srcset=\"https:\/\/www.rotaseguros.com.br\/planosdesaude\/wp-content\/uploads\/2025\/03\/Seguranca-no-trabalho-e-um-direito-de-todos-1.png 800w, https:\/\/www.rotaseguros.com.br\/planosdesaude\/wp-content\/uploads\/2025\/03\/Seguranca-no-trabalho-e-um-direito-de-todos-1-300x75.png 300w, https:\/\/www.rotaseguros.com.br\/planosdesaude\/wp-content\/uploads\/2025\/03\/Seguranca-no-trabalho-e-um-direito-de-todos-1-768x192.png 768w\" sizes=\"auto, (max-width: 800px) 100vw, 800px\" \/><\/h2>\n<p>&nbsp;<\/p>\n<h2><span class=\"ez-toc-section\" id=\"Por_que_o_Abril_Verde_e_tao_importante\"><\/span>Por que o Abril Verde \u00e9 t\u00e3o importante?<span class=\"ez-toc-section-end\"><\/span><\/h2>\n<p>&nbsp;<\/p>\n<p><span style=\"font-weight: 400;\">Voc\u00ea sabia que, segundo a Organiza\u00e7\u00e3o Internacional do Trabalho (OIT), mais de 2 milh\u00f5es de pessoas morrem por ano devido a acidentes e doen\u00e7as ocupacionais? No Brasil, os n\u00fameros tamb\u00e9m impressionam, e \u00e9 por isso que iniciativas como essa fazem toda a diferen\u00e7a.<\/span><\/p>\n<p><span style=\"font-weight: 400;\">O movimento Abril Verde surgiu para promover medidas de seguran\u00e7a e bem-estar no trabalho, incentivando as empresas a adotarem pol\u00edticas preventivas e a\u00e7\u00f5es educativas para evitar acidentes e garantir melhores condi\u00e7\u00f5es para seus colaboradores.<\/span><\/p>\n<p>&nbsp;<\/p>\n<p><img loading=\"lazy\" decoding=\"async\" class=\"alignnone wp-image-32089 size-full\" title=\"Como podemos prevenir acidentes no trabalho\" src=\"https:\/\/www.rotaseguros.com.br\/planosdesaude\/wp-content\/uploads\/2025\/03\/Como-podemos-prevenir-acidentes-no-trabalho.png\" alt=\"Como podemos prevenir acidentes no trabalho\" width=\"800\" height=\"200\" srcset=\"https:\/\/www.rotaseguros.com.br\/planosdesaude\/wp-content\/uploads\/2025\/03\/Como-podemos-prevenir-acidentes-no-trabalho.png 800w, https:\/\/www.rotaseguros.com.br\/planosdesaude\/wp-content\/uploads\/2025\/03\/Como-podemos-prevenir-acidentes-no-trabalho-300x75.png 300w, https:\/\/www.rotaseguros.com.br\/planosdesaude\/wp-content\/uploads\/2025\/03\/Como-podemos-prevenir-acidentes-no-trabalho-768x192.png 768w\" sizes=\"auto, (max-width: 800px) 100vw, 800px\" \/><\/p>\n<p>&nbsp;<\/p>\n<h2><span class=\"ez-toc-section\" id=\"Como_podemos_prevenir_acidentes_no_trabalho\"><\/span>Como podemos prevenir acidentes no trabalho?<span class=\"ez-toc-section-end\"><\/span><\/h2>\n<p>&nbsp;<\/p>\n<p><span style=\"font-weight: 400;\">A seguran\u00e7a come\u00e7a com a conscientiza\u00e7\u00e3o e atitudes simples que fazem toda a diferen\u00e7a! Algumas pr\u00e1ticas essenciais incluem:<\/span><\/p>\n<p><b>Uso correto dos EPIs (Equipamentos de Prote\u00e7\u00e3o Individual): <\/b><span style=\"font-weight: 400;\">Capacetes, luvas, botas, \u00f3culos de prote\u00e7\u00e3o&#8230; cada profiss\u00e3o tem suas necessidades, e seguir essas regras salva vidas!<\/span><\/p>\n<p><b>Treinamentos e capacita\u00e7\u00e3o:<\/b><span style=\"font-weight: 400;\"> Conhecer os riscos da fun\u00e7\u00e3o e saber como agir em situa\u00e7\u00f5es de emerg\u00eancia \u00e9 fundamental para evitar acidentes.<\/span><\/p>\n<p><b>Ambiente de trabalho seguro: <\/b><span style=\"font-weight: 400;\">Manter os espa\u00e7os organizados, bem iluminados e sinalizados reduz os riscos e melhora a produtividade.<\/span><\/p>\n<p><b>Cultura de preven\u00e7\u00e3o: <\/b><span style=\"font-weight: 400;\">Seguran\u00e7a n\u00e3o \u00e9 s\u00f3 uma responsabilidade da empresa! Todos devem estar atentos a poss\u00edveis falhas e trabalhar juntos para evitar problemas.<\/span><\/p>\n<p>&nbsp;<\/p>\n<p>&nbsp;<\/p>\n<h2><span class=\"ez-toc-section\" id=\"O_papel_das_empresas_no_Abril_Verde\"><\/span>O papel das empresas no Abril Verde<span class=\"ez-toc-section-end\"><\/span><\/h2>\n<p>&nbsp;<\/p>\n<p><span style=\"font-weight: 400;\">As empresas t\u00eam um papel essencial na cria\u00e7\u00e3o de um ambiente seguro. Al\u00e9m de fornecer condi\u00e7\u00f5es adequadas de trabalho, elas devem incentivar seus colaboradores a adotarem pr\u00e1ticas seguras e estarem sempre atualizadas sobre as normas regulamentadoras.<\/span><\/p>\n<p><span style=\"font-weight: 400;\">No Abril Verde, muitas empresas promovem campanhas internas, palestras e treinamentos para refor\u00e7ar a import\u00e2ncia da seguran\u00e7a no dia a dia. Afinal, prevenir \u00e9 sempre melhor do que remediar!<\/span><\/p>\n<p>&nbsp;<\/p>\n<p>&nbsp;<\/p>\n<p>&nbsp;<\/p>\n<p><img loading=\"lazy\" decoding=\"async\" class=\"alignnone wp-image-32088 size-full\" title=\"Abril Verde: Conscientiza\u00e7\u00e3o e preven\u00e7\u00e3o de acidentes no trabalho\" src=\"https:\/\/www.rotaseguros.com.br\/planosdesaude\/wp-content\/uploads\/2025\/03\/Abril-Verde_-Conscientizacao-e-prevencao-de-acidentes-no-trabalho.png\" alt=\"Abril Verde: Conscientiza\u00e7\u00e3o e preven\u00e7\u00e3o de acidentes no trabalho\" width=\"800\" height=\"200\" srcset=\"https:\/\/www.rotaseguros.com.br\/planosdesaude\/wp-content\/uploads\/2025\/03\/Abril-Verde_-Conscientizacao-e-prevencao-de-acidentes-no-trabalho.png 800w, https:\/\/www.rotaseguros.com.br\/planosdesaude\/wp-content\/uploads\/2025\/03\/Abril-Verde_-Conscientizacao-e-prevencao-de-acidentes-no-trabalho-300x75.png 300w, https:\/\/www.rotaseguros.com.br\/planosdesaude\/wp-content\/uploads\/2025\/03\/Abril-Verde_-Conscientizacao-e-prevencao-de-acidentes-no-trabalho-768x192.png 768w\" sizes=\"auto, (max-width: 800px) 100vw, 800px\" \/><\/p>\n<h2><span class=\"ez-toc-section\" id=\"i\"><\/span>\u00a0<span class=\"ez-toc-section-end\"><\/span><\/h2>\n<h2><span class=\"ez-toc-section\" id=\"Seguranca_no_trabalho_e_um_direito_de_todos\"><\/span>Seguran\u00e7a no trabalho \u00e9 um direito de todos!<span class=\"ez-toc-section-end\"><\/span><\/h2>\n<p>&nbsp;<\/p>\n<p><span style=\"font-weight: 400;\">Independente da \u00e1rea de atua\u00e7\u00e3o, todos os trabalhadores devem ter um ambiente seguro para exercer suas fun\u00e7\u00f5es. E a conscientiza\u00e7\u00e3o \u00e9 o primeiro passo para isso acontecer.<\/span><\/p>\n<p><span style=\"font-weight: 400;\">Aproveite este m\u00eas para refletir sobre como tornar o ambiente de trabalho mais seguro e compartilhe essa ideia com seus colegas! Afinal, juntos podemos fazer a diferen\u00e7a e garantir mais sa\u00fade e qualidade de vida para todos.<\/span><\/p>\n<p>&nbsp;<\/p>\n","protected":false},"excerpt":{"rendered":"<p><span class=\"span-reading-time rt-reading-time\" style=\"display: block;\"><span class=\"rt-label rt-prefix\">Reading Time: <\/span> <span class=\"rt-time\"> 3<\/span> <span class=\"rt-label rt-postfix\">minutes<\/span><\/span>Se tem uma coisa que todo trabalhador merece, \u00e9 um ambiente seguro e saud\u00e1vel para exercer sua profiss\u00e3o. E \u00e9 exatamente isso que o Abril Verde busca refor\u00e7ar! Esse movimento &#8230;<\/p>\n","protected":false},"author":37,"featured_media":32133,"comment_status":"open","ping_status":"open","sticky":false,"template":"","format":"standard","meta":{"_monsterinsights_skip_tracking":false,"_monsterinsights_sitenote_active":false,"_monsterinsights_sitenote_note":"","_monsterinsights_sitenote_category":0,"footnotes":"","_links_to":"","_links_to_target":""},"categories":[33],"tags":[3433,3428,3368,3111,3432,3430,3431,48,1127,3429,3434],"class_list":["post-32075","post","type-post","status-publish","format-standard","has-post-thumbnail","hentry","category-rota-seguros","tag-abril","tag-abril-verde","tag-blog","tag-blog-rota-seguros","tag-colaboradores","tag-empresarial","tag-funcionarios","tag-rota-seguros-2","tag-saude","tag-saude-no-trabalho","tag-verde"],"_links":{"self":[{"href":"https:\/\/www.rotaseguros.com.br\/planosdesaude\/wp-json\/wp\/v2\/posts\/32075","targetHints":{"allow":["GET"]}}],"collection":[{"href":"https:\/\/www.rotaseguros.com.br\/planosdesaude\/wp-json\/wp\/v2\/posts"}],"about":[{"href":"https:\/\/www.rotaseguros.com.br\/planosdesaude\/wp-json\/wp\/v2\/types\/post"}],"author":[{"embeddable":true,"href":"https:\/\/www.rotaseguros.com.br\/planosdesaude\/wp-json\/wp\/v2\/users\/37"}],"replies":[{"embeddable":true,"href":"https:\/\/www.rotaseguros.com.br\/planosdesaude\/wp-json\/wp\/v2\/comments?post=32075"}],"version-history":[{"count":0,"href":"https:\/\/www.rotaseguros.com.br\/planosdesaude\/wp-json\/wp\/v2\/posts\/32075\/revisions"}],"wp:featuredmedia":[{"embeddable":true,"href":"https:\/\/www.rotaseguros.com.br\/planosdesaude\/wp-json\/wp\/v2\/media\/32133"}],"wp:attachment":[{"href":"https:\/\/www.rotaseguros.com.br\/planosdesaude\/wp-json\/wp\/v2\/media?parent=32075"}],"wp:term":[{"taxonomy":"category","embeddable":true,"href":"https:\/\/www.rotaseguros.com.br\/planosdesaude\/wp-json\/wp\/v2\/categories?post=32075"},{"taxonomy":"post_tag","embeddable":true,"href":"https:\/\/www.rotaseguros.com.br\/planosdesaude\/wp-json\/wp\/v2\/tags?post=32075"}],"curies":[{"name":"wp","href":"https:\/\/api.w.org\/{rel}","templated":true}]}}