{"id":32080,"date":"2025-04-07T08:49:23","date_gmt":"2025-04-07T11:49:23","guid":{"rendered":"https:\/\/www.rotaseguros.com.br\/planosdesaude\/?p=32080"},"modified":"2025-04-07T08:49:23","modified_gmt":"2025-04-07T11:49:23","slug":"dia-mundial-da-saude-por-que-sua-saude-e-prioridade","status":"publish","type":"post","link":"https:\/\/www.rotaseguros.com.br\/planosdesaude\/dia-mundial-da-saude-por-que-sua-saude-e-prioridade\/","title":{"rendered":"Dia Mundial da Sa\u00fade: Por que sua sa\u00fade \u00e9 prioridade?"},"content":{"rendered":"<span class=\"span-reading-time rt-reading-time\" style=\"display: block;\"><span class=\"rt-label rt-prefix\">Reading Time: <\/span> <span class=\"rt-time\"> 4<\/span> <span class=\"rt-label rt-postfix\">minutes<\/span><\/span><p>&nbsp;<\/p><div id=\"ez-toc-container\" class=\"ez-toc-v2_0_82_2 counter-flat ez-toc-counter ez-toc-grey ez-toc-container-direction\">\n<div class=\"ez-toc-title-container\">\n<p class=\"ez-toc-title\" style=\"cursor:inherit\">Aqui voc\u00ea encontra:<\/p>\n<span class=\"ez-toc-title-toggle\"><a href=\"#\" class=\"ez-toc-pull-right ez-toc-btn ez-toc-btn-xs ez-toc-btn-default ez-toc-toggle\" aria-label=\"Alternar tabela de conte\u00fado\"><span class=\"ez-toc-js-icon-con\"><span class=\"\"><span class=\"eztoc-hide\" style=\"display:none;\">Toggle<\/span><span class=\"ez-toc-icon-toggle-span\"><svg style=\"fill: #999;color:#999\" xmlns=\"http:\/\/www.w3.org\/2000\/svg\" class=\"list-377408\" width=\"20px\" height=\"20px\" viewBox=\"0 0 24 24\" fill=\"none\"><path d=\"M6 6H4v2h2V6zm14 0H8v2h12V6zM4 11h2v2H4v-2zm16 0H8v2h12v-2zM4 16h2v2H4v-2zm16 0H8v2h12v-2z\" fill=\"currentColor\"><\/path><\/svg><svg style=\"fill: #999;color:#999\" class=\"arrow-unsorted-368013\" xmlns=\"http:\/\/www.w3.org\/2000\/svg\" width=\"10px\" height=\"10px\" viewBox=\"0 0 24 24\" version=\"1.2\" baseProfile=\"tiny\"><path d=\"M18.2 9.3l-6.2-6.3-6.2 6.3c-.2.2-.3.4-.3.7s.1.5.3.7c.2.2.4.3.7.3h11c.3 0 .5-.1.7-.3.2-.2.3-.5.3-.7s-.1-.5-.3-.7zM5.8 14.7l6.2 6.3 6.2-6.3c.2-.2.3-.5.3-.7s-.1-.5-.3-.7c-.2-.2-.4-.3-.7-.3h-11c-.3 0-.5.1-.7.3-.2.2-.3.5-.3.7s.1.5.3.7z\"\/><\/svg><\/span><\/span><\/span><\/a><\/span><\/div>\n<nav><ul class='ez-toc-list ez-toc-list-level-1 ' ><li class='ez-toc-page-1'><a class=\"ez-toc-link ez-toc-heading-1\" href=\"https:\/\/www.rotaseguros.com.br\/planosdesaude\/dia-mundial-da-saude-por-que-sua-saude-e-prioridade\/#i\" >\u00a0<\/a><\/li><li class='ez-toc-page-1'><a class=\"ez-toc-link ez-toc-heading-2\" href=\"https:\/\/www.rotaseguros.com.br\/planosdesaude\/dia-mundial-da-saude-por-que-sua-saude-e-prioridade\/#Qual_a_importancia_do_Dia_Mundial_da_Saude\" >Qual a import\u00e2ncia do Dia Mundial da Sa\u00fade?<\/a><\/li><li class='ez-toc-page-1'><a class=\"ez-toc-link ez-toc-heading-3\" href=\"https:\/\/www.rotaseguros.com.br\/planosdesaude\/dia-mundial-da-saude-por-que-sua-saude-e-prioridade\/#i-2\" >\u00a0<\/a><\/li><li class='ez-toc-page-1'><a class=\"ez-toc-link ez-toc-heading-4\" href=\"https:\/\/www.rotaseguros.com.br\/planosdesaude\/dia-mundial-da-saude-por-que-sua-saude-e-prioridade\/#Os_principais_desafios_da_saude_no_Brasil_e_no_mundo\" >Os principais desafios da sa\u00fade no Brasil e no mundo<\/a><\/li><li class='ez-toc-page-1'><a class=\"ez-toc-link ez-toc-heading-5\" href=\"https:\/\/www.rotaseguros.com.br\/planosdesaude\/dia-mundial-da-saude-por-que-sua-saude-e-prioridade\/#i-3\" >\u00a0<\/a><\/li><li class='ez-toc-page-1'><a class=\"ez-toc-link ez-toc-heading-6\" href=\"https:\/\/www.rotaseguros.com.br\/planosdesaude\/dia-mundial-da-saude-por-que-sua-saude-e-prioridade\/#Como_melhorar_sua_qualidade_de_vida_no_dia_a_dia\" >Como melhorar sua qualidade de vida no dia a dia?<\/a><\/li><li class='ez-toc-page-1'><a class=\"ez-toc-link ez-toc-heading-7\" href=\"https:\/\/www.rotaseguros.com.br\/planosdesaude\/dia-mundial-da-saude-por-que-sua-saude-e-prioridade\/#Cuide_da_sua_alimentacao\" >Cuide da sua alimenta\u00e7\u00e3o<\/a><\/li><li class='ez-toc-page-1'><a class=\"ez-toc-link ez-toc-heading-8\" href=\"https:\/\/www.rotaseguros.com.br\/planosdesaude\/dia-mundial-da-saude-por-que-sua-saude-e-prioridade\/#Pratique_atividades_fisicas\" >Pratique atividades f\u00edsicas<\/a><\/li><li class='ez-toc-page-1'><a class=\"ez-toc-link ez-toc-heading-9\" href=\"https:\/\/www.rotaseguros.com.br\/planosdesaude\/dia-mundial-da-saude-por-que-sua-saude-e-prioridade\/#Cuide_da_sua_saude_mental\" >Cuide da sua sa\u00fade mental<\/a><\/li><li class='ez-toc-page-1'><a class=\"ez-toc-link ez-toc-heading-10\" href=\"https:\/\/www.rotaseguros.com.br\/planosdesaude\/dia-mundial-da-saude-por-que-sua-saude-e-prioridade\/#Faca_check-ups_regularmente\" >Fa\u00e7a check-ups regularmente<\/a><\/li><li class='ez-toc-page-1'><a class=\"ez-toc-link ez-toc-heading-11\" href=\"https:\/\/www.rotaseguros.com.br\/planosdesaude\/dia-mundial-da-saude-por-que-sua-saude-e-prioridade\/#Tenha_um_bom_plano_de_saude\" >Tenha um bom plano de sa\u00fade<\/a><\/li><li class='ez-toc-page-1'><a class=\"ez-toc-link ez-toc-heading-12\" href=\"https:\/\/www.rotaseguros.com.br\/planosdesaude\/dia-mundial-da-saude-por-que-sua-saude-e-prioridade\/#i-4\" >\u00a0<\/a><\/li><li class='ez-toc-page-1'><a class=\"ez-toc-link ez-toc-heading-13\" href=\"https:\/\/www.rotaseguros.com.br\/planosdesaude\/dia-mundial-da-saude-por-que-sua-saude-e-prioridade\/#Por_que_investir_em_um_plano_de_saude\" >Por que investir em um plano de sa\u00fade?<\/a><\/li><li class='ez-toc-page-1'><a class=\"ez-toc-link ez-toc-heading-14\" href=\"https:\/\/www.rotaseguros.com.br\/planosdesaude\/dia-mundial-da-saude-por-que-sua-saude-e-prioridade\/#i-5\" >\u00a0<\/a><\/li><li class='ez-toc-page-1'><a class=\"ez-toc-link ez-toc-heading-15\" href=\"https:\/\/www.rotaseguros.com.br\/planosdesaude\/dia-mundial-da-saude-por-que-sua-saude-e-prioridade\/#Priorize_sua_saude_todos_os_dias\" >Priorize sua sa\u00fade todos os dias!<\/a><\/li><\/ul><\/nav><\/div>\n\n<p>Voc\u00ea j\u00e1 parou para pensar no verdadeiro valor da sua sa\u00fade? No dia 7 de abril, celebramos o Dia Mundial da Sa\u00fade, uma data criada pela Organiza\u00e7\u00e3o Mundial da Sa\u00fade (OMS) para conscientizar as pessoas sobre a import\u00e2ncia do bem-estar f\u00edsico e mental. Mas ser\u00e1 que realmente estamos cuidando da nossa sa\u00fade da maneira correta? Ou s\u00f3 nos preocupamos quando os primeiros sinais de alerta aparecem?<\/p>\n<p>Neste blog, vamos explorar a import\u00e2ncia desse dia, os principais desafios da sa\u00fade no Brasil e no mundo, e como pequenas mudan\u00e7as no dia a dia podem fazer toda a diferen\u00e7a para uma vida mais saud\u00e1vel e equilibrada.<\/p>\n<h2><span class=\"ez-toc-section\" id=\"i\"><\/span>\u00a0<span class=\"ez-toc-section-end\"><\/span><\/h2>\n<p>&nbsp;<\/p>\n<p><img loading=\"lazy\" decoding=\"async\" class=\"alignnone wp-image-32083 size-full\" title=\"Qual a import\u00e2ncia do Dia Mundial da Sa\u00fade\" src=\"https:\/\/www.rotaseguros.com.br\/planosdesaude\/wp-content\/uploads\/2025\/03\/Qual-a-importancia-do-Dia-Mundial-da-Saude.png\" alt=\"Qual a import\u00e2ncia do Dia Mundial da Sa\u00fade\" width=\"800\" height=\"200\" srcset=\"https:\/\/www.rotaseguros.com.br\/planosdesaude\/wp-content\/uploads\/2025\/03\/Qual-a-importancia-do-Dia-Mundial-da-Saude.png 800w, https:\/\/www.rotaseguros.com.br\/planosdesaude\/wp-content\/uploads\/2025\/03\/Qual-a-importancia-do-Dia-Mundial-da-Saude-300x75.png 300w, https:\/\/www.rotaseguros.com.br\/planosdesaude\/wp-content\/uploads\/2025\/03\/Qual-a-importancia-do-Dia-Mundial-da-Saude-768x192.png 768w\" sizes=\"auto, (max-width: 800px) 100vw, 800px\" \/><\/p>\n<p>&nbsp;<\/p>\n<p>&nbsp;<\/p>\n<h2><span class=\"ez-toc-section\" id=\"Qual_a_importancia_do_Dia_Mundial_da_Saude\"><\/span>Qual a import\u00e2ncia do Dia Mundial da Sa\u00fade?<span class=\"ez-toc-section-end\"><\/span><\/h2>\n<p>&nbsp;<\/p>\n<p>Criado em 1948, o Dia Mundial da Sa\u00fade tem o objetivo de destacar temas relevantes para o bem-estar da popula\u00e7\u00e3o e incentivar a cria\u00e7\u00e3o de pol\u00edticas p\u00fablicas voltadas para a promo\u00e7\u00e3o da sa\u00fade. A cada ano, a <a href=\"https:\/\/pt.wikipedia.org\/wiki\/Organiza%C3%A7%C3%A3o_Mundial_da_Sa%C3%BAde\" target=\"_blank\" rel=\"noopener\">OMS<\/a> escolhe um tema espec\u00edfico para discutir e conscientizar as pessoas sobre os desafios globais na \u00e1rea da sa\u00fade.<\/p>\n<p>Mas essa data n\u00e3o deve ser lembrada apenas como um marco simb\u00f3lico. Ela serve como um alerta para refletirmos sobre nossos h\u00e1bitos e como podemos melhorar nossa qualidade de vida. Afinal, ser\u00e1 que estamos realmente investindo na preven\u00e7\u00e3o ou apenas tratando os problemas depois que eles aparecem?<\/p>\n<h2><span class=\"ez-toc-section\" id=\"i-2\"><\/span>\u00a0<span class=\"ez-toc-section-end\"><\/span><\/h2>\n<p><img loading=\"lazy\" decoding=\"async\" class=\"alignnone wp-image-32084 size-full\" title=\"Dia Mundial da Sa\u00fade_ Os principais desafios da sa\u00fade no Brasil e no mundo\" src=\"https:\/\/www.rotaseguros.com.br\/planosdesaude\/wp-content\/uploads\/2025\/03\/Dia-Mundial-da-Saude_-Os-principais-desafios-da-saude-no-Brasil-e-no-mundo.png\" alt=\"Dia Mundial da Sa\u00fade_ Os principais desafios da sa\u00fade no Brasil e no mundo\" width=\"800\" height=\"200\" srcset=\"https:\/\/www.rotaseguros.com.br\/planosdesaude\/wp-content\/uploads\/2025\/03\/Dia-Mundial-da-Saude_-Os-principais-desafios-da-saude-no-Brasil-e-no-mundo.png 800w, https:\/\/www.rotaseguros.com.br\/planosdesaude\/wp-content\/uploads\/2025\/03\/Dia-Mundial-da-Saude_-Os-principais-desafios-da-saude-no-Brasil-e-no-mundo-300x75.png 300w, https:\/\/www.rotaseguros.com.br\/planosdesaude\/wp-content\/uploads\/2025\/03\/Dia-Mundial-da-Saude_-Os-principais-desafios-da-saude-no-Brasil-e-no-mundo-768x192.png 768w\" sizes=\"auto, (max-width: 800px) 100vw, 800px\" \/><\/p>\n<p>&nbsp;<\/p>\n<p>&nbsp;<\/p>\n<h2><span class=\"ez-toc-section\" id=\"Os_principais_desafios_da_saude_no_Brasil_e_no_mundo\"><\/span>Os principais desafios da sa\u00fade no Brasil e no mundo<span class=\"ez-toc-section-end\"><\/span><\/h2>\n<p>&nbsp;<\/p>\n<p>A sa\u00fade enfrenta desafios em todo o mundo, e no Brasil n\u00e3o \u00e9 diferente. Entre os problemas mais comuns, podemos destacar:<\/p>\n<ul>\n<li><strong>Doen\u00e7as cr\u00f4nicas:<\/strong> Hipertens\u00e3o, diabetes e doen\u00e7as cardiovasculares est\u00e3o entre as principais causas de morte no pa\u00eds e muitas vezes podem ser prevenidas com h\u00e1bitos saud\u00e1veis.<\/li>\n<li><strong>Sa\u00fade mental:<\/strong> A ansiedade e a depress\u00e3o cresceram significativamente nos \u00faltimos anos, e ainda existe um grande tabu sobre buscar ajuda profissional.<\/li>\n<li><strong>Sedentarismo e m\u00e1 alimenta\u00e7\u00e3o:<\/strong> O ritmo acelerado do dia a dia faz com que muitas pessoas optem por alimentos ultraprocessados e deixem a pr\u00e1tica de atividades f\u00edsicas de lado.<\/li>\n<\/ul>\n<p>Se identificou com algum desses desafios? A boa not\u00edcia \u00e9 que sempre h\u00e1 tempo para mudar h\u00e1bitos e priorizar a sa\u00fade!<\/p>\n<h2><span class=\"ez-toc-section\" id=\"i-3\"><\/span>\u00a0<span class=\"ez-toc-section-end\"><\/span><\/h2>\n<p><img loading=\"lazy\" decoding=\"async\" class=\"alignnone wp-image-32082 size-full\" title=\"Como melhorar sua qualidade de vida no dia a dia\" src=\"https:\/\/www.rotaseguros.com.br\/planosdesaude\/wp-content\/uploads\/2025\/03\/Como-melhorar-sua-qualidade-de-vida-no-dia-a-dia.png\" alt=\"Como melhorar sua qualidade de vida no dia a dia\" width=\"800\" height=\"440\" srcset=\"https:\/\/www.rotaseguros.com.br\/planosdesaude\/wp-content\/uploads\/2025\/03\/Como-melhorar-sua-qualidade-de-vida-no-dia-a-dia.png 800w, https:\/\/www.rotaseguros.com.br\/planosdesaude\/wp-content\/uploads\/2025\/03\/Como-melhorar-sua-qualidade-de-vida-no-dia-a-dia-300x165.png 300w, https:\/\/www.rotaseguros.com.br\/planosdesaude\/wp-content\/uploads\/2025\/03\/Como-melhorar-sua-qualidade-de-vida-no-dia-a-dia-768x422.png 768w\" sizes=\"auto, (max-width: 800px) 100vw, 800px\" \/><\/p>\n<p>&nbsp;<\/p>\n<p>&nbsp;<\/p>\n<h2><span class=\"ez-toc-section\" id=\"Como_melhorar_sua_qualidade_de_vida_no_dia_a_dia\"><\/span>Como melhorar sua qualidade de vida no dia a dia?<span class=\"ez-toc-section-end\"><\/span><\/h2>\n<p>&nbsp;<\/p>\n<p>Se voc\u00ea deseja cuidar melhor da sua sa\u00fade, comece com pequenas atitudes que fazem toda a diferen\u00e7a. Aqui est\u00e3o algumas dicas:<\/p>\n<h3><span class=\"ez-toc-section\" id=\"Cuide_da_sua_alimentacao\"><\/span>Cuide da sua alimenta\u00e7\u00e3o<span class=\"ez-toc-section-end\"><\/span><\/h3>\n<p>J\u00e1 ouviu a frase <em>\u201cvoc\u00ea \u00e9 o que voc\u00ea come\u201d<\/em>? Ter uma alimenta\u00e7\u00e3o equilibrada, rica em frutas, verduras e prote\u00ednas de qualidade, ajuda a prevenir diversas doen\u00e7as e melhora sua disposi\u00e7\u00e3o.<\/p>\n<h3><span class=\"ez-toc-section\" id=\"Pratique_atividades_fisicas\"><\/span>Pratique atividades f\u00edsicas<span class=\"ez-toc-section-end\"><\/span><\/h3>\n<p>O corpo foi feito para se movimentar! Escolha uma atividade que goste, seja caminhada, corrida, dan\u00e7a ou muscula\u00e7\u00e3o. O importante \u00e9 manter o corpo ativo.<\/p>\n<h3><span class=\"ez-toc-section\" id=\"Cuide_da_sua_saude_mental\"><\/span>Cuide da sua sa\u00fade mental<span class=\"ez-toc-section-end\"><\/span><\/h3>\n<p>O bem-estar emocional \u00e9 t\u00e3o importante quanto a sa\u00fade f\u00edsica. Reserve um tempo para atividades que te tragam prazer, como ler um livro, meditar ou conversar com amigos.<\/p>\n<h3><span class=\"ez-toc-section\" id=\"Faca_check-ups_regularmente\"><\/span>Fa\u00e7a check-ups regularmente<span class=\"ez-toc-section-end\"><\/span><\/h3>\n<p>A preven\u00e7\u00e3o \u00e9 a melhor forma de evitar problemas futuros. Realizar exames peri\u00f3dicos e consultar um m\u00e9dico regularmente pode ajudar a detectar problemas de sa\u00fade antes que eles se tornem mais graves.<\/p>\n<h3><span class=\"ez-toc-section\" id=\"Tenha_um_bom_plano_de_saude\"><\/span>Tenha um bom plano de sa\u00fade<span class=\"ez-toc-section-end\"><\/span><\/h3>\n<p>O acesso a um plano de sa\u00fade de qualidade pode fazer toda a diferen\u00e7a no seu cuidado di\u00e1rio. Contar com uma rede de atendimento eficiente garante que voc\u00ea tenha suporte sempre que precisar.<\/p>\n<h2><span class=\"ez-toc-section\" id=\"i-4\"><\/span>\u00a0<span class=\"ez-toc-section-end\"><\/span><\/h2>\n<p>&nbsp;<\/p>\n<p><img loading=\"lazy\" decoding=\"async\" class=\"alignnone wp-image-32085 size-full\" title=\"Priorize sua sa\u00fade todos os dias!\" src=\"https:\/\/www.rotaseguros.com.br\/planosdesaude\/wp-content\/uploads\/2025\/03\/Dia-Mundial-da-Saude_-Por-que-investir-em-um-plano-de-saude.png\" alt=\"Dia Mundial da Sa\u00fade_ Por que investir em um plano de sa\u00fade\" width=\"800\" height=\"200\" srcset=\"https:\/\/www.rotaseguros.com.br\/planosdesaude\/wp-content\/uploads\/2025\/03\/Dia-Mundial-da-Saude_-Por-que-investir-em-um-plano-de-saude.png 800w, https:\/\/www.rotaseguros.com.br\/planosdesaude\/wp-content\/uploads\/2025\/03\/Dia-Mundial-da-Saude_-Por-que-investir-em-um-plano-de-saude-300x75.png 300w, https:\/\/www.rotaseguros.com.br\/planosdesaude\/wp-content\/uploads\/2025\/03\/Dia-Mundial-da-Saude_-Por-que-investir-em-um-plano-de-saude-768x192.png 768w\" sizes=\"auto, (max-width: 800px) 100vw, 800px\" \/><\/p>\n<p>&nbsp;<\/p>\n<p>&nbsp;<\/p>\n<p>&nbsp;<\/p>\n<h2><span class=\"ez-toc-section\" id=\"Por_que_investir_em_um_plano_de_saude\"><\/span>Por que investir em um plano de sa\u00fade?<span class=\"ez-toc-section-end\"><\/span><\/h2>\n<p>&nbsp;<\/p>\n<p>Voc\u00ea j\u00e1 imaginou precisar de um atendimento m\u00e9dico de emerg\u00eancia e n\u00e3o conseguir atendimento r\u00e1pido? Ter um plano de sa\u00fade evita essas preocupa\u00e7\u00f5es e oferece seguran\u00e7a para voc\u00ea e sua fam\u00edlia. Al\u00e9m disso, ele proporciona acesso a consultas com especialistas, exames e tratamentos que podem ser essenciais para manter sua sa\u00fade em dia.<\/p>\n<p>Na Rota Seguros, ajudamos voc\u00ea a encontrar o melhor plano para suas necessidades. Trabalhamos com as melhores operadoras do mercado e oferecemos condi\u00e7\u00f5es especiais para garantir que sua sa\u00fade esteja sempre protegida.<\/p>\n<h2><span class=\"ez-toc-section\" id=\"i-5\"><\/span>\u00a0<span class=\"ez-toc-section-end\"><\/span><\/h2>\n<p>&nbsp;<\/p>\n<p><img loading=\"lazy\" decoding=\"async\" class=\"alignnone wp-image-32086 size-full\" title=\"Priorize sua sa\u00fade todos os dias!\" src=\"https:\/\/www.rotaseguros.com.br\/planosdesaude\/wp-content\/uploads\/2025\/03\/Priorize-sua-saude-todos-os-dias.png\" alt=\"Priorize sua sa\u00fade todos os dias!\" width=\"800\" height=\"200\" srcset=\"https:\/\/www.rotaseguros.com.br\/planosdesaude\/wp-content\/uploads\/2025\/03\/Priorize-sua-saude-todos-os-dias.png 800w, https:\/\/www.rotaseguros.com.br\/planosdesaude\/wp-content\/uploads\/2025\/03\/Priorize-sua-saude-todos-os-dias-300x75.png 300w, https:\/\/www.rotaseguros.com.br\/planosdesaude\/wp-content\/uploads\/2025\/03\/Priorize-sua-saude-todos-os-dias-768x192.png 768w\" sizes=\"auto, (max-width: 800px) 100vw, 800px\" \/><\/p>\n<p>&nbsp;<\/p>\n<p>&nbsp;<\/p>\n<h2><span class=\"ez-toc-section\" id=\"Priorize_sua_saude_todos_os_dias\"><\/span>Priorize sua sa\u00fade todos os dias!<span class=\"ez-toc-section-end\"><\/span><\/h2>\n<p>&nbsp;<\/p>\n<p>O Dia Mundial da Sa\u00fade \u00e9 um lembrete de que precisamos cuidar melhor do nosso corpo e da nossa mente. Pequenas mudan\u00e7as de h\u00e1bitos podem trazer grandes resultados a longo prazo. N\u00e3o espere um problema de sa\u00fade aparecer para agir!<\/p>\n<p>Quer saber mais sobre como garantir um plano de sa\u00fade ideal para voc\u00ea e sua fam\u00edlia? Entre em contato com a Rota Seguros e tenha mais tranquilidade para viver com qualidade de vida!<\/p>\n<p>Entre em contato conosco e pe\u00e7a uma cota\u00e7\u00e3o personalizada:<\/p>\n<p>Belo Horizonte \u2013 MG:\u00a0<a href=\"https:\/\/www.rotaseguros.com.br\/index.html\">0800 024 24 24<\/a><\/p>\n<p>Colatina \u2013 ES:\u00a0<a href=\"https:\/\/www.rotaseguros.com.br\/colatina\/index.html\">(27) 3121-9393<\/a><\/p>\n<p>Londrina \u2013 PR:\u00a0<a href=\"https:\/\/www.rotaseguros.com.br\/londrina\/index.html\">(43) 3233-2096<\/a><\/p>\n<p>Uberl\u00e2ndia \u2013 MG:\u00a0<a href=\"https:\/\/www.rotaseguros.com.br\/uberlandia\/index.html\">(34) 3291-9300<\/a><\/p>\n<p>Cascavel \u2013 PR:\u00a0<a href=\"https:\/\/www.rotaseguros.com.br\/cascavel\/index.html\">(45) 2101-9406<\/a><\/p>\n<p>Curitiba \u2013 PR:\u00a0<a href=\"https:\/\/www.rotaseguros.com.br\/curitiba\/index.html\">(41) 3596-0365<\/a><\/p>\n<p>Maring\u00e1 \u2013 PR:\u00a0<a href=\"https:\/\/www.rotaseguros.com.br\/maringa\/index.html\">(44) 2103-6720<\/a><\/p>\n<p>Vit\u00f3ria \u2013 ES:\u00a0<a href=\"https:\/\/www.rotaseguros.com.br\/vitoria\/index.html\">(27) 2233-3020<\/a><\/p>\n<p>Caxias do Sul \u2013 RS:\u00a0<a href=\"https:\/\/www.rotaseguros.com.br\/caxias-do-sul\/index.html\">(54) 2991-8270<\/a><\/p>\n<p>Divin\u00f3polis \u2013 MG:\u00a0<a href=\"https:\/\/www.rotaseguros.com.br\/divinopolis\/index.html\">(37) 3511-3030<\/a><\/p>\n<p>Po\u00e7os de Caldas \u2013\u00a0<a href=\"https:\/\/www.rotaseguros.com.br\/pocos-de-caldas\/index.html\">MG: (35) 3713-2531<\/a><\/p>\n<p>Leia tamb\u00e9m este texto: <a href=\"https:\/\/www.rotaseguros.com.br\/planosdesaude\/plano-de-saude-perfeito-existe-mesmo\/\">Plano de Sa\u00fade Perfeito: Existe Mesmo?<\/a><\/p>\n","protected":false},"excerpt":{"rendered":"<p><span class=\"span-reading-time rt-reading-time\" style=\"display: block;\"><span class=\"rt-label rt-prefix\">Reading Time: <\/span> <span class=\"rt-time\"> 4<\/span> <span class=\"rt-label rt-postfix\">minutes<\/span><\/span>&nbsp; Voc\u00ea j\u00e1 parou para pensar no verdadeiro valor da sua sa\u00fade? No dia 7 de abril, celebramos o Dia Mundial da Sa\u00fade, uma data criada pela Organiza\u00e7\u00e3o Mundial da &#8230;<\/p>\n","protected":false},"author":36,"featured_media":32294,"comment_status":"open","ping_status":"open","sticky":false,"template":"","format":"standard","meta":{"_monsterinsights_skip_tracking":false,"_monsterinsights_sitenote_active":false,"_monsterinsights_sitenote_note":"","_monsterinsights_sitenote_category":0,"footnotes":"","_links_to":"","_links_to_target":""},"categories":[6,27,1005],"tags":[3435,1038,1035,2747,132,1343,1235,48,1313,693],"class_list":["post-32080","post","type-post","status-publish","format-standard","has-post-thumbnail","hentry","category-dicas","category-plano-de-saude","category-saude","tag-bem-estar-fisico","tag-cuidados-com-a-saude","tag-dia-mundial-da-saude","tag-habitos-saudaveis","tag-plano-de-saude","tag-prevencao","tag-qualidade-de-vida","tag-rota-seguros-2","tag-saude-e-bem-estar","tag-saude-mental"],"_links":{"self":[{"href":"https:\/\/www.rotaseguros.com.br\/planosdesaude\/wp-json\/wp\/v2\/posts\/32080","targetHints":{"allow":["GET"]}}],"collection":[{"href":"https:\/\/www.rotaseguros.com.br\/planosdesaude\/wp-json\/wp\/v2\/posts"}],"about":[{"href":"https:\/\/www.rotaseguros.com.br\/planosdesaude\/wp-json\/wp\/v2\/types\/post"}],"author":[{"embeddable":true,"href":"https:\/\/www.rotaseguros.com.br\/planosdesaude\/wp-json\/wp\/v2\/users\/36"}],"replies":[{"embeddable":true,"href":"https:\/\/www.rotaseguros.com.br\/planosdesaude\/wp-json\/wp\/v2\/comments?post=32080"}],"version-history":[{"count":0,"href":"https:\/\/www.rotaseguros.com.br\/planosdesaude\/wp-json\/wp\/v2\/posts\/32080\/revisions"}],"wp:featuredmedia":[{"embeddable":true,"href":"https:\/\/www.rotaseguros.com.br\/planosdesaude\/wp-json\/wp\/v2\/media\/32294"}],"wp:attachment":[{"href":"https:\/\/www.rotaseguros.com.br\/planosdesaude\/wp-json\/wp\/v2\/media?parent=32080"}],"wp:term":[{"taxonomy":"category","embeddable":true,"href":"https:\/\/www.rotaseguros.com.br\/planosdesaude\/wp-json\/wp\/v2\/categories?post=32080"},{"taxonomy":"post_tag","embeddable":true,"href":"https:\/\/www.rotaseguros.com.br\/planosdesaude\/wp-json\/wp\/v2\/tags?post=32080"}],"curies":[{"name":"wp","href":"https:\/\/api.w.org\/{rel}","templated":true}]}}