{"id":32093,"date":"2025-04-11T11:53:39","date_gmt":"2025-04-11T14:53:39","guid":{"rendered":"https:\/\/www.rotaseguros.com.br\/planosdesaude\/?p=32093"},"modified":"2025-04-11T11:53:39","modified_gmt":"2025-04-11T14:53:39","slug":"posso-usar-meu-plano-de-saude-assim-que-contratar","status":"publish","type":"post","link":"https:\/\/www.rotaseguros.com.br\/planosdesaude\/posso-usar-meu-plano-de-saude-assim-que-contratar\/","title":{"rendered":"Posso usar meu plano de sa\u00fade assim que contratar?"},"content":{"rendered":"<span class=\"span-reading-time rt-reading-time\" style=\"display: block;\"><span class=\"rt-label rt-prefix\">Reading Time: <\/span> <span class=\"rt-time\"> 4<\/span> <span class=\"rt-label rt-postfix\">minutes<\/span><\/span><h2><span class=\"ez-toc-section\" id=\"i\"><\/span>\u00a0<span class=\"ez-toc-section-end\"><\/span><\/h2>\n<p>Contratar um plano de sa\u00fade \u00e9 um passo essencial para garantir atendimento m\u00e9dico sempre que necess\u00e1rio. Mas uma d\u00favida comum entre os novos benefici\u00e1rios \u00e9: ser\u00e1 que posso usar o plano imediatamente ap\u00f3s a contrata\u00e7\u00e3o? A resposta depende de alguns fatores, e vamos explicar tudo para voc\u00ea!<\/p><div id=\"ez-toc-container\" class=\"ez-toc-v2_0_82_2 counter-flat ez-toc-counter ez-toc-grey ez-toc-container-direction\">\n<div class=\"ez-toc-title-container\">\n<p class=\"ez-toc-title\" style=\"cursor:inherit\">Aqui voc\u00ea encontra:<\/p>\n<span class=\"ez-toc-title-toggle\"><a href=\"#\" class=\"ez-toc-pull-right ez-toc-btn ez-toc-btn-xs ez-toc-btn-default ez-toc-toggle\" aria-label=\"Alternar tabela de conte\u00fado\"><span class=\"ez-toc-js-icon-con\"><span class=\"\"><span class=\"eztoc-hide\" style=\"display:none;\">Toggle<\/span><span class=\"ez-toc-icon-toggle-span\"><svg style=\"fill: #999;color:#999\" xmlns=\"http:\/\/www.w3.org\/2000\/svg\" class=\"list-377408\" width=\"20px\" height=\"20px\" viewBox=\"0 0 24 24\" fill=\"none\"><path d=\"M6 6H4v2h2V6zm14 0H8v2h12V6zM4 11h2v2H4v-2zm16 0H8v2h12v-2zM4 16h2v2H4v-2zm16 0H8v2h12v-2z\" fill=\"currentColor\"><\/path><\/svg><svg style=\"fill: #999;color:#999\" class=\"arrow-unsorted-368013\" xmlns=\"http:\/\/www.w3.org\/2000\/svg\" width=\"10px\" height=\"10px\" viewBox=\"0 0 24 24\" version=\"1.2\" baseProfile=\"tiny\"><path d=\"M18.2 9.3l-6.2-6.3-6.2 6.3c-.2.2-.3.4-.3.7s.1.5.3.7c.2.2.4.3.7.3h11c.3 0 .5-.1.7-.3.2-.2.3-.5.3-.7s-.1-.5-.3-.7zM5.8 14.7l6.2 6.3 6.2-6.3c.2-.2.3-.5.3-.7s-.1-.5-.3-.7c-.2-.2-.4-.3-.7-.3h-11c-.3 0-.5.1-.7.3-.2.2-.3.5-.3.7s.1.5.3.7z\"\/><\/svg><\/span><\/span><\/span><\/a><\/span><\/div>\n<nav><ul class='ez-toc-list ez-toc-list-level-1 ' ><li class='ez-toc-page-1'><a class=\"ez-toc-link ez-toc-heading-1\" href=\"https:\/\/www.rotaseguros.com.br\/planosdesaude\/posso-usar-meu-plano-de-saude-assim-que-contratar\/#i\" >\u00a0<\/a><\/li><li class='ez-toc-page-1'><a class=\"ez-toc-link ez-toc-heading-2\" href=\"https:\/\/www.rotaseguros.com.br\/planosdesaude\/posso-usar-meu-plano-de-saude-assim-que-contratar\/#Como_funciona_a_carencia_nos_planos_de_saude\" >Como funciona a car\u00eancia nos planos de sa\u00fade?<\/a><\/li><li class='ez-toc-page-1'><a class=\"ez-toc-link ez-toc-heading-3\" href=\"https:\/\/www.rotaseguros.com.br\/planosdesaude\/posso-usar-meu-plano-de-saude-assim-que-contratar\/#Quais_sao_os_prazos_de_carencia_exigidos_pela_ANS\" >Quais s\u00e3o os prazos de car\u00eancia exigidos pela ANS?<\/a><\/li><li class='ez-toc-page-1'><a class=\"ez-toc-link ez-toc-heading-4\" href=\"https:\/\/www.rotaseguros.com.br\/planosdesaude\/posso-usar-meu-plano-de-saude-assim-que-contratar\/#Como_reduzir_ou_eliminar_a_carencia_do_plano_de_saude\" >Como reduzir ou eliminar a car\u00eancia do plano de sa\u00fade?<\/a><\/li><li class='ez-toc-page-1'><a class=\"ez-toc-link ez-toc-heading-5\" href=\"https:\/\/www.rotaseguros.com.br\/planosdesaude\/posso-usar-meu-plano-de-saude-assim-que-contratar\/#O_que_fazer_se_precisar_de_atendimento_antes_do_fim_da_carencia\" >O que fazer se precisar de atendimento antes do fim da car\u00eancia?<\/a><\/li><li class='ez-toc-page-1'><a class=\"ez-toc-link ez-toc-heading-6\" href=\"https:\/\/www.rotaseguros.com.br\/planosdesaude\/posso-usar-meu-plano-de-saude-assim-que-contratar\/#Vale_a_pena_contratar_um_plano_de_saude_mesmo_com_carencia\" >Vale a pena contratar um plano de sa\u00fade mesmo com car\u00eancia?<\/a><\/li><li class='ez-toc-page-1'><a class=\"ez-toc-link ez-toc-heading-7\" href=\"https:\/\/www.rotaseguros.com.br\/planosdesaude\/posso-usar-meu-plano-de-saude-assim-que-contratar\/#Como_escolher_o_plano_de_saude_ideal\" >Como escolher o plano de sa\u00fade ideal?<\/a><\/li><\/ul><\/nav><\/div>\n\n<p>&nbsp;<\/p>\n<p>&nbsp;<\/p>\n<p><img loading=\"lazy\" decoding=\"async\" class=\"alignnone wp-image-32094 size-full\" title=\"Como funciona a car\u00eancia nos planos de sa\u00fade\" src=\"https:\/\/www.rotaseguros.com.br\/planosdesaude\/wp-content\/uploads\/2025\/03\/Como-funciona-a-carencia-nos-planos-de-saude.png\" alt=\"Como funciona a car\u00eancia nos planos de sa\u00fade\" width=\"800\" height=\"200\" srcset=\"https:\/\/www.rotaseguros.com.br\/planosdesaude\/wp-content\/uploads\/2025\/03\/Como-funciona-a-carencia-nos-planos-de-saude.png 800w, https:\/\/www.rotaseguros.com.br\/planosdesaude\/wp-content\/uploads\/2025\/03\/Como-funciona-a-carencia-nos-planos-de-saude-300x75.png 300w, https:\/\/www.rotaseguros.com.br\/planosdesaude\/wp-content\/uploads\/2025\/03\/Como-funciona-a-carencia-nos-planos-de-saude-768x192.png 768w\" sizes=\"auto, (max-width: 800px) 100vw, 800px\" \/><\/p>\n<p>&nbsp;<\/p>\n<p>&nbsp;<\/p>\n<h2><span class=\"ez-toc-section\" id=\"Como_funciona_a_carencia_nos_planos_de_saude\"><\/span>Como funciona a car\u00eancia nos planos de sa\u00fade?<span class=\"ez-toc-section-end\"><\/span><\/h2>\n<p>&nbsp;<\/p>\n<p>A maioria dos planos de sa\u00fade estabelece um per\u00edodo de <a href=\"https:\/\/bvsms.saude.gov.br\/bvs\/publicacoes\/ans\/Guia_orient_vol3.pdf\" target=\"_blank\" rel=\"noopener\">car\u00eancia<\/a>, ou seja, um tempo que o benefici\u00e1rio precisa aguardar antes de utilizar determinados servi\u00e7os. Esse prazo existe para manter o equil\u00edbrio financeiro do plano e garantir que todos os usu\u00e1rios tenham acesso aos atendimentos de forma sustent\u00e1vel.<\/p>\n<p>&nbsp;<\/p>\n<p>&nbsp;<\/p>\n<p><img loading=\"lazy\" decoding=\"async\" class=\"alignnone wp-image-32095 size-full\" title=\"Plano de Sa\u00fade_ Quais s\u00e3o os prazos de car\u00eancia exigidos pela ANS\" src=\"https:\/\/www.rotaseguros.com.br\/planosdesaude\/wp-content\/uploads\/2025\/03\/Plano-de-Saude_-Quais-sao-os-prazos-de-carencia-exigidos-pela-ANS.png\" alt=\"Plano de Sa\u00fade_ Quais s\u00e3o os prazos de car\u00eancia exigidos pela ANS\" width=\"800\" height=\"200\" srcset=\"https:\/\/www.rotaseguros.com.br\/planosdesaude\/wp-content\/uploads\/2025\/03\/Plano-de-Saude_-Quais-sao-os-prazos-de-carencia-exigidos-pela-ANS.png 800w, https:\/\/www.rotaseguros.com.br\/planosdesaude\/wp-content\/uploads\/2025\/03\/Plano-de-Saude_-Quais-sao-os-prazos-de-carencia-exigidos-pela-ANS-300x75.png 300w, https:\/\/www.rotaseguros.com.br\/planosdesaude\/wp-content\/uploads\/2025\/03\/Plano-de-Saude_-Quais-sao-os-prazos-de-carencia-exigidos-pela-ANS-768x192.png 768w\" sizes=\"auto, (max-width: 800px) 100vw, 800px\" \/><\/p>\n<p>&nbsp;<\/p>\n<p>&nbsp;<\/p>\n<h2><span class=\"ez-toc-section\" id=\"Quais_sao_os_prazos_de_carencia_exigidos_pela_ANS\"><\/span>Quais s\u00e3o os prazos de car\u00eancia exigidos pela ANS?<span class=\"ez-toc-section-end\"><\/span><\/h2>\n<p>&nbsp;<\/p>\n<p>De acordo com a Ag\u00eancia Nacional de Sa\u00fade Suplementar (ANS), os prazos m\u00e1ximos de car\u00eancia permitidos s\u00e3o:<\/p>\n<ul>\n<li>Urg\u00eancias e emerg\u00eancias: 24 horas;<\/li>\n<li>Consultas e exames simples: 30 dias;<\/li>\n<li>Interna\u00e7\u00f5es e cirurgias: at\u00e9 180 dias;<\/li>\n<li>Parto a termo: 300 dias;<\/li>\n<li>Doen\u00e7as e les\u00f5es preexistentes: at\u00e9 24 meses para tratamentos de alta complexidade relacionados a essas condi\u00e7\u00f5es.<\/li>\n<\/ul>\n<p>Mas calma, nem sempre voc\u00ea precisar\u00e1 esperar todo esse tempo para utilizar o plano! Existem algumas formas de reduzir ou at\u00e9 eliminar esses prazos.<\/p>\n<p>&nbsp;<\/p>\n<p>&nbsp;<\/p>\n<p><img loading=\"lazy\" decoding=\"async\" class=\"alignnone wp-image-32096 size-full\" title=\"Como reduzir ou eliminar a car\u00eancia do plano de sa\u00fade\" src=\"https:\/\/www.rotaseguros.com.br\/planosdesaude\/wp-content\/uploads\/2025\/03\/Como-reduzir-ou-eliminar-a-carencia-do-plano-de-saude.png\" alt=\"Como reduzir ou eliminar a car\u00eancia do plano de sa\u00fade\" width=\"800\" height=\"200\" srcset=\"https:\/\/www.rotaseguros.com.br\/planosdesaude\/wp-content\/uploads\/2025\/03\/Como-reduzir-ou-eliminar-a-carencia-do-plano-de-saude.png 800w, https:\/\/www.rotaseguros.com.br\/planosdesaude\/wp-content\/uploads\/2025\/03\/Como-reduzir-ou-eliminar-a-carencia-do-plano-de-saude-300x75.png 300w, https:\/\/www.rotaseguros.com.br\/planosdesaude\/wp-content\/uploads\/2025\/03\/Como-reduzir-ou-eliminar-a-carencia-do-plano-de-saude-768x192.png 768w\" sizes=\"auto, (max-width: 800px) 100vw, 800px\" \/><\/p>\n<p>&nbsp;<\/p>\n<p>&nbsp;<\/p>\n<h2><span class=\"ez-toc-section\" id=\"Como_reduzir_ou_eliminar_a_carencia_do_plano_de_saude\"><\/span>Como reduzir ou eliminar a car\u00eancia do plano de sa\u00fade?<span class=\"ez-toc-section-end\"><\/span><\/h2>\n<p>&nbsp;<\/p>\n<p>Se voc\u00ea j\u00e1 tem um plano de sa\u00fade e deseja trocar de operadora, pode solicitar a portabilidade de car\u00eancias, desde que seu contrato tenha mais de dois anos (ou um ano, caso a cobertura do novo plano seja maior). Al\u00e9m disso, planos empresariais ou coletivos por ades\u00e3o muitas vezes oferecem redu\u00e7\u00e3o ou isen\u00e7\u00e3o de car\u00eancia, dependendo da negocia\u00e7\u00e3o feita entre a operadora e a empresa ou entidade respons\u00e1vel pelo plano. Algumas operadoras tamb\u00e9m disponibilizam promo\u00e7\u00f5es para novos clientes, reduzindo a car\u00eancia para consultas e exames simples.<\/p>\n<p>&nbsp;<\/p>\n<p>&nbsp;<\/p>\n<p><img loading=\"lazy\" decoding=\"async\" class=\"alignnone wp-image-32097 size-full\" title=\"Plano de Sa\u00fade_ O que fazer se precisar de atendimento antes do fim da car\u00eancia\" src=\"https:\/\/www.rotaseguros.com.br\/planosdesaude\/wp-content\/uploads\/2025\/03\/Plano-de-Saude_-O-que-fazer-se-precisar-de-atendimento-antes-do-fim-da-carencia.png\" alt=\"Plano de Sa\u00fade_ O que fazer se precisar de atendimento antes do fim da car\u00eancia\" width=\"800\" height=\"200\" srcset=\"https:\/\/www.rotaseguros.com.br\/planosdesaude\/wp-content\/uploads\/2025\/03\/Plano-de-Saude_-O-que-fazer-se-precisar-de-atendimento-antes-do-fim-da-carencia.png 800w, https:\/\/www.rotaseguros.com.br\/planosdesaude\/wp-content\/uploads\/2025\/03\/Plano-de-Saude_-O-que-fazer-se-precisar-de-atendimento-antes-do-fim-da-carencia-300x75.png 300w, https:\/\/www.rotaseguros.com.br\/planosdesaude\/wp-content\/uploads\/2025\/03\/Plano-de-Saude_-O-que-fazer-se-precisar-de-atendimento-antes-do-fim-da-carencia-768x192.png 768w\" sizes=\"auto, (max-width: 800px) 100vw, 800px\" \/><\/p>\n<p>&nbsp;<\/p>\n<p>&nbsp;<\/p>\n<h2><span class=\"ez-toc-section\" id=\"O_que_fazer_se_precisar_de_atendimento_antes_do_fim_da_carencia\"><\/span>O que fazer se precisar de atendimento antes do fim da car\u00eancia?<span class=\"ez-toc-section-end\"><\/span><\/h2>\n<p>&nbsp;<\/p>\n<p>Sabemos que imprevistos acontecem. Caso precise de atendimento m\u00e9dico antes do fim da car\u00eancia, ainda h\u00e1 algumas alternativas. Ap\u00f3s 24 horas da contrata\u00e7\u00e3o, voc\u00ea j\u00e1 pode utilizar o plano para emerg\u00eancias, como acidentes ou crises de sa\u00fade s\u00fabitas. Enquanto aguarda o prazo, o Sistema \u00danico de Sa\u00fade (SUS) pode ser uma op\u00e7\u00e3o para atendimentos m\u00e9dicos. Outra alternativa \u00e9 buscar operadoras que oferecem prazos reduzidos para determinados servi\u00e7os antes de fechar contrato.<\/p>\n<p>&nbsp;<\/p>\n<p>&nbsp;<\/p>\n<p><img loading=\"lazy\" decoding=\"async\" class=\"alignnone wp-image-32098 size-full\" title=\"Vale a pena contratar um plano de sa\u00fade mesmo com car\u00eancia\" src=\"https:\/\/www.rotaseguros.com.br\/planosdesaude\/wp-content\/uploads\/2025\/03\/Vale-a-pena-contratar-um-plano-de-saude-mesmo-com-carencia.png\" alt=\"Vale a pena contratar um plano de sa\u00fade mesmo com car\u00eancia\" width=\"800\" height=\"200\" srcset=\"https:\/\/www.rotaseguros.com.br\/planosdesaude\/wp-content\/uploads\/2025\/03\/Vale-a-pena-contratar-um-plano-de-saude-mesmo-com-carencia.png 800w, https:\/\/www.rotaseguros.com.br\/planosdesaude\/wp-content\/uploads\/2025\/03\/Vale-a-pena-contratar-um-plano-de-saude-mesmo-com-carencia-300x75.png 300w, https:\/\/www.rotaseguros.com.br\/planosdesaude\/wp-content\/uploads\/2025\/03\/Vale-a-pena-contratar-um-plano-de-saude-mesmo-com-carencia-768x192.png 768w\" sizes=\"auto, (max-width: 800px) 100vw, 800px\" \/><\/p>\n<p>&nbsp;<\/p>\n<p>&nbsp;<\/p>\n<h2><span class=\"ez-toc-section\" id=\"Vale_a_pena_contratar_um_plano_de_saude_mesmo_com_carencia\"><\/span>Vale a pena contratar um plano de sa\u00fade mesmo com car\u00eancia?<span class=\"ez-toc-section-end\"><\/span><\/h2>\n<p>&nbsp;<\/p>\n<p>A resposta \u00e9 sim! Ter um plano significa acesso mais r\u00e1pido a consultas, exames e tratamentos, garantindo mais seguran\u00e7a para voc\u00ea e sua fam\u00edlia. Quanto antes voc\u00ea contratar, mais cedo poder\u00e1 utilizar os servi\u00e7os sem preocupa\u00e7\u00f5es. Al\u00e9m disso, contar com um suporte m\u00e9dico adequado pode fazer toda a diferen\u00e7a na preven\u00e7\u00e3o e no tratamento de doen\u00e7as.<\/p>\n<p class=\"\" data-start=\"0\" data-end=\"126\"><span class=\"relative -mx-px my-[-0.2rem] rounded px-px py-[0.2rem]\">Ao proporcionar acesso mais r\u00e1pido a consultas, exames e tratamentos, um plano de sa\u00fade oferece maior previsibilidade financeira em rela\u00e7\u00e3o aos gastos m\u00e9dicos.<\/span>\u200b<\/p>\n<p class=\"\" data-start=\"128\" data-end=\"239\">Vejamos alguns valores m\u00e9dios de consultas e exames particulares no Brasil:<\/p>\n<ul data-start=\"241\" data-end=\"1164\">\n<li class=\"\" data-start=\"241\" data-end=\"399\">\n<p class=\"\" data-start=\"243\" data-end=\"399\"><strong data-start=\"243\" data-end=\"277\">Consultas m\u00e9dicas particulares<\/strong>: <span class=\"relative -mx-px my-[-0.2rem] rounded px-px py-[0.2rem]\">os pre\u00e7os podem variar entre R$ 99 e R$ 149, dependendo da especialidade e da regi\u00e3o<\/span> .\u200b<\/p>\n<\/li>\n<li class=\"\" data-start=\"401\" data-end=\"550\">\n<p class=\"\" data-start=\"403\" data-end=\"550\"><strong data-start=\"403\" data-end=\"428\">Resson\u00e2ncia Magn\u00e9tica<\/strong>: <span class=\"relative -mx-px my-[-0.2rem] rounded px-px py-[0.2rem]\">entre R$ 450 e R$ 2.500, dependendo da regi\u00e3o e do tipo de exame<\/span> .\u200b<\/p>\n<\/li>\n<li class=\"\" data-start=\"552\" data-end=\"710\">\n<p class=\"\" data-start=\"554\" data-end=\"710\"><strong data-start=\"554\" data-end=\"584\">Tomografia Computadorizada<\/strong>: <span class=\"relative -mx-px my-[-0.2rem] rounded px-px py-[0.2rem]\">entre R$ 250 e R$ 1.500<\/span> .\u200b<\/p>\n<\/li>\n<li class=\"\" data-start=\"712\" data-end=\"866\">\n<p class=\"\" data-start=\"714\" data-end=\"866\"><strong data-start=\"714\" data-end=\"738\">Endoscopia Digestiva<\/strong>: <span class=\"relative -mx-px my-[-0.2rem] rounded px-px py-[0.2rem]\">entre R$ 550 e R$ 2.500<\/span> .\u200b<\/p>\n<\/li>\n<li class=\"\" data-start=\"868\" data-end=\"1014\">\n<p class=\"\" data-start=\"870\" data-end=\"1014\"><strong data-start=\"870\" data-end=\"886\">Colonoscopia<\/strong>: <span class=\"relative -mx-px my-[-0.2rem] rounded px-px py-[0.2rem]\">entre R$ 800 e R$ 3.500<\/span> .\u200b<\/p>\n<\/li>\n<li class=\"\" data-start=\"1016\" data-end=\"1164\">\n<p class=\"\" data-start=\"1018\" data-end=\"1164\"><strong data-start=\"1018\" data-end=\"1036\">Ecocardiograma<\/strong>: <span class=\"relative -mx-px my-[-0.2rem] rounded px-px py-[0.2rem]\">entre R$ 150 e R$ 800<\/span><\/p>\n<\/li>\n<\/ul>\n<p>&nbsp;<\/p>\n<p><img loading=\"lazy\" decoding=\"async\" class=\"alignnone wp-image-32099 size-full\" title=\"Como escolher o plano de sa\u00fade ideal\" src=\"https:\/\/www.rotaseguros.com.br\/planosdesaude\/wp-content\/uploads\/2025\/03\/Como-escolher-o-plano-de-saude-ideal.png\" alt=\"Como escolher o plano de sa\u00fade ideal\" width=\"800\" height=\"200\" srcset=\"https:\/\/www.rotaseguros.com.br\/planosdesaude\/wp-content\/uploads\/2025\/03\/Como-escolher-o-plano-de-saude-ideal.png 800w, https:\/\/www.rotaseguros.com.br\/planosdesaude\/wp-content\/uploads\/2025\/03\/Como-escolher-o-plano-de-saude-ideal-300x75.png 300w, https:\/\/www.rotaseguros.com.br\/planosdesaude\/wp-content\/uploads\/2025\/03\/Como-escolher-o-plano-de-saude-ideal-768x192.png 768w\" sizes=\"auto, (max-width: 800px) 100vw, 800px\" \/><\/p>\n<p>&nbsp;<\/p>\n<p>&nbsp;<\/p>\n<h2><span class=\"ez-toc-section\" id=\"Como_escolher_o_plano_de_saude_ideal\"><\/span>Como escolher o plano de sa\u00fade ideal?<span class=\"ez-toc-section-end\"><\/span><\/h2>\n<p>&nbsp;<\/p>\n<p>Se voc\u00ea est\u00e1 em d\u00favida sobre qual plano escolher, \u00e9 importante analisar suas necessidades m\u00e9dicas, verificar a rede credenciada, comparar pre\u00e7os e coberturas e, principalmente, entender as condi\u00e7\u00f5es de car\u00eancia e portabilidade. Um corretor de confian\u00e7a pode te ajudar a encontrar a melhor op\u00e7\u00e3o de acordo com seu perfil.<\/p>\n<p>Contratar um plano de sa\u00fade \u00e9 um investimento no seu bem-estar. E se ainda restam d\u00favidas, a equipe da Rota Seguros est\u00e1 pronta para te ajudar a encontrar a melhor solu\u00e7\u00e3o para suas necessidades.<\/p>\n<p>Entre em contato e descubra o plano ideal para voc\u00ea:<\/p>\n<p>Belo Horizonte \u2013 MG:\u00a0<a href=\"https:\/\/www.rotaseguros.com.br\/index.html\">0800 024 24 24<\/a><\/p>\n<p>Colatina \u2013 ES:\u00a0<a href=\"https:\/\/www.rotaseguros.com.br\/colatina\/index.html\">(27) 3121-9393<\/a><\/p>\n<p>Londrina \u2013 PR:\u00a0<a href=\"https:\/\/www.rotaseguros.com.br\/londrina\/index.html\">(43) 3233-2096<\/a><\/p>\n<p>Uberl\u00e2ndia \u2013 MG:\u00a0<a href=\"https:\/\/www.rotaseguros.com.br\/uberlandia\/index.html\">(34) 3291-9300<\/a><\/p>\n<p>Cascavel \u2013 PR:\u00a0<a href=\"https:\/\/www.rotaseguros.com.br\/cascavel\/index.html\">(45) 2101-9406<\/a><\/p>\n<p>Curitiba \u2013 PR:\u00a0<a href=\"https:\/\/www.rotaseguros.com.br\/curitiba\/index.html\">(41) 3596-0365<\/a><\/p>\n<p>Maring\u00e1 \u2013 PR:\u00a0<a href=\"https:\/\/www.rotaseguros.com.br\/maringa\/index.html\">(44) 2103-6720<\/a><\/p>\n<p>Vit\u00f3ria \u2013 ES:\u00a0<a href=\"https:\/\/www.rotaseguros.com.br\/vitoria\/index.html\">(27) 2233-3020<\/a><\/p>\n<p>Caxias do Sul \u2013 RS:\u00a0<a href=\"https:\/\/www.rotaseguros.com.br\/caxias-do-sul\/index.html\">(54) 2991-8270<\/a><\/p>\n<p>Divin\u00f3polis \u2013 MG:\u00a0<a href=\"https:\/\/www.rotaseguros.com.br\/divinopolis\/index.html\">(37) 3511-3030<\/a><\/p>\n<p>Po\u00e7os de Caldas \u2013\u00a0<a href=\"https:\/\/www.rotaseguros.com.br\/pocos-de-caldas\/index.html\">MG: (35) 3713-2531<\/a><\/p>\n","protected":false},"excerpt":{"rendered":"<p><span class=\"span-reading-time rt-reading-time\" style=\"display: block;\"><span class=\"rt-label rt-prefix\">Reading Time: <\/span> <span class=\"rt-time\"> 4<\/span> <span class=\"rt-label rt-postfix\">minutes<\/span><\/span>\u00a0 Contratar um plano de sa\u00fade \u00e9 um passo essencial para garantir atendimento m\u00e9dico sempre que necess\u00e1rio. Mas uma d\u00favida comum entre os novos benefici\u00e1rios \u00e9: ser\u00e1 que posso usar &#8230;<\/p>\n","protected":false},"author":36,"featured_media":32232,"comment_status":"open","ping_status":"open","sticky":false,"template":"","format":"standard","meta":{"_monsterinsights_skip_tracking":false,"_monsterinsights_sitenote_active":false,"_monsterinsights_sitenote_note":"","_monsterinsights_sitenote_category":0,"footnotes":"","_links_to":"","_links_to_target":""},"categories":[1],"tags":[38,680,694,2577,3440,3439,132,75,742,3438,3437],"class_list":["post-32093","post","type-post","status-publish","format-standard","has-post-thumbnail","hentry","category-sem-categoria","tag-ans","tag-atendimento-medico","tag-carencia","tag-cobertura","tag-contratacao-de-plano","tag-emergencia","tag-plano-de-saude","tag-portabilidade","tag-rede-credenciada","tag-urgencia","tag-uso-imediato"],"_links":{"self":[{"href":"https:\/\/www.rotaseguros.com.br\/planosdesaude\/wp-json\/wp\/v2\/posts\/32093","targetHints":{"allow":["GET"]}}],"collection":[{"href":"https:\/\/www.rotaseguros.com.br\/planosdesaude\/wp-json\/wp\/v2\/posts"}],"about":[{"href":"https:\/\/www.rotaseguros.com.br\/planosdesaude\/wp-json\/wp\/v2\/types\/post"}],"author":[{"embeddable":true,"href":"https:\/\/www.rotaseguros.com.br\/planosdesaude\/wp-json\/wp\/v2\/users\/36"}],"replies":[{"embeddable":true,"href":"https:\/\/www.rotaseguros.com.br\/planosdesaude\/wp-json\/wp\/v2\/comments?post=32093"}],"version-history":[{"count":0,"href":"https:\/\/www.rotaseguros.com.br\/planosdesaude\/wp-json\/wp\/v2\/posts\/32093\/revisions"}],"wp:featuredmedia":[{"embeddable":true,"href":"https:\/\/www.rotaseguros.com.br\/planosdesaude\/wp-json\/wp\/v2\/media\/32232"}],"wp:attachment":[{"href":"https:\/\/www.rotaseguros.com.br\/planosdesaude\/wp-json\/wp\/v2\/media?parent=32093"}],"wp:term":[{"taxonomy":"category","embeddable":true,"href":"https:\/\/www.rotaseguros.com.br\/planosdesaude\/wp-json\/wp\/v2\/categories?post=32093"},{"taxonomy":"post_tag","embeddable":true,"href":"https:\/\/www.rotaseguros.com.br\/planosdesaude\/wp-json\/wp\/v2\/tags?post=32093"}],"curies":[{"name":"wp","href":"https:\/\/api.w.org\/{rel}","templated":true}]}}