{"id":32107,"date":"2025-03-18T16:00:27","date_gmt":"2025-03-18T18:00:27","guid":{"rendered":"https:\/\/www.rotaseguros.com.br\/planosdesaude\/?p=32107"},"modified":"2025-03-18T16:00:27","modified_gmt":"2025-03-18T18:00:27","slug":"lancamento-amil-individual-adesao-em-minas-gerais","status":"publish","type":"post","link":"https:\/\/www.rotaseguros.com.br\/planosdesaude\/lancamento-amil-individual-adesao-em-minas-gerais\/","title":{"rendered":"Lan\u00e7amento Amil Individual &#8211; Ades\u00e3o em Minas Gerais"},"content":{"rendered":"<span class=\"span-reading-time rt-reading-time\" style=\"display: block;\"><span class=\"rt-label rt-prefix\">Reading Time: <\/span> <span class=\"rt-time\"> 5<\/span> <span class=\"rt-label rt-postfix\">minutes<\/span><\/span><p>Se voc\u00ea busca um plano de sa\u00fade confi\u00e1vel, completo e com uma rede de atendimento diferenciada, a Amil \u00e9 a escolha ideal. Reconhecida como uma das operadoras de sa\u00fade mais consolidadas do Brasil, a Amil oferece um atendimento de excel\u00eancia, garantindo acesso a hospitais e cl\u00ednicas de ponta, al\u00e9m de um conjunto de benef\u00edcios que fazem toda a diferen\u00e7a no dia a dia dos benefici\u00e1rios.<\/p><div id=\"ez-toc-container\" class=\"ez-toc-v2_0_82_2 counter-flat ez-toc-counter ez-toc-grey ez-toc-container-direction\">\n<div class=\"ez-toc-title-container\">\n<p class=\"ez-toc-title\" style=\"cursor:inherit\">Aqui voc\u00ea encontra:<\/p>\n<span class=\"ez-toc-title-toggle\"><a href=\"#\" class=\"ez-toc-pull-right ez-toc-btn ez-toc-btn-xs ez-toc-btn-default ez-toc-toggle\" aria-label=\"Alternar tabela de conte\u00fado\"><span class=\"ez-toc-js-icon-con\"><span class=\"\"><span class=\"eztoc-hide\" style=\"display:none;\">Toggle<\/span><span class=\"ez-toc-icon-toggle-span\"><svg style=\"fill: #999;color:#999\" xmlns=\"http:\/\/www.w3.org\/2000\/svg\" class=\"list-377408\" width=\"20px\" height=\"20px\" viewBox=\"0 0 24 24\" fill=\"none\"><path d=\"M6 6H4v2h2V6zm14 0H8v2h12V6zM4 11h2v2H4v-2zm16 0H8v2h12v-2zM4 16h2v2H4v-2zm16 0H8v2h12v-2z\" fill=\"currentColor\"><\/path><\/svg><svg style=\"fill: #999;color:#999\" class=\"arrow-unsorted-368013\" xmlns=\"http:\/\/www.w3.org\/2000\/svg\" width=\"10px\" height=\"10px\" viewBox=\"0 0 24 24\" version=\"1.2\" baseProfile=\"tiny\"><path d=\"M18.2 9.3l-6.2-6.3-6.2 6.3c-.2.2-.3.4-.3.7s.1.5.3.7c.2.2.4.3.7.3h11c.3 0 .5-.1.7-.3.2-.2.3-.5.3-.7s-.1-.5-.3-.7zM5.8 14.7l6.2 6.3 6.2-6.3c.2-.2.3-.5.3-.7s-.1-.5-.3-.7c-.2-.2-.4-.3-.7-.3h-11c-.3 0-.5.1-.7.3-.2.2-.3.5-.3.7s.1.5.3.7z\"\/><\/svg><\/span><\/span><\/span><\/a><\/span><\/div>\n<nav><ul class='ez-toc-list ez-toc-list-level-1 ' ><li class='ez-toc-page-1'><a class=\"ez-toc-link ez-toc-heading-1\" href=\"https:\/\/www.rotaseguros.com.br\/planosdesaude\/lancamento-amil-individual-adesao-em-minas-gerais\/#Sobre_a_Amil\" >Sobre a Amil\u00a0<\/a><\/li><li class='ez-toc-page-1'><a class=\"ez-toc-link ez-toc-heading-2\" href=\"https:\/\/www.rotaseguros.com.br\/planosdesaude\/lancamento-amil-individual-adesao-em-minas-gerais\/#Beneficios_que_fazem_a_diferenca\" >Benef\u00edcios que fazem a diferen\u00e7a<\/a><\/li><li class='ez-toc-page-1'><a class=\"ez-toc-link ez-toc-heading-3\" href=\"https:\/\/www.rotaseguros.com.br\/planosdesaude\/lancamento-amil-individual-adesao-em-minas-gerais\/#O_que_ha_de_novo_Amil_Individual_%E2%80%93_Adesao_em_Minas_Gerais\" >O que h\u00e1 de novo? Amil Individual \u2013 Ades\u00e3o em Minas Gerais!<\/a><\/li><li class='ez-toc-page-1'><a class=\"ez-toc-link ez-toc-heading-4\" href=\"https:\/\/www.rotaseguros.com.br\/planosdesaude\/lancamento-amil-individual-adesao-em-minas-gerais\/#i\" >\u00a0<\/a><\/li><li class='ez-toc-page-1'><a class=\"ez-toc-link ez-toc-heading-5\" href=\"https:\/\/www.rotaseguros.com.br\/planosdesaude\/lancamento-amil-individual-adesao-em-minas-gerais\/#O_plano_estara_disponivel_para_contratacao\" >O plano estar\u00e1 dispon\u00edvel para contrata\u00e7\u00e3o:<\/a><\/li><li class='ez-toc-page-1'><a class=\"ez-toc-link ez-toc-heading-6\" href=\"https:\/\/www.rotaseguros.com.br\/planosdesaude\/lancamento-amil-individual-adesao-em-minas-gerais\/#Quem_pode_contratar_esse_novo_produto\" >Quem pode contratar esse novo produto?\u00a0<\/a><\/li><li class='ez-toc-page-1'><a class=\"ez-toc-link ez-toc-heading-7\" href=\"https:\/\/www.rotaseguros.com.br\/planosdesaude\/lancamento-amil-individual-adesao-em-minas-gerais\/#1_Profissionais_Liberais\" >1. Profissionais Liberais<\/a><\/li><li class='ez-toc-page-1'><a class=\"ez-toc-link ez-toc-heading-8\" href=\"https:\/\/www.rotaseguros.com.br\/planosdesaude\/lancamento-amil-individual-adesao-em-minas-gerais\/#2_Servidores_Publicos_do_Estado_de_Minas_Gerais\" >2. Servidores P\u00fablicos do Estado de Minas Gerais\u00a0<\/a><\/li><li class='ez-toc-page-1'><a class=\"ez-toc-link ez-toc-heading-9\" href=\"https:\/\/www.rotaseguros.com.br\/planosdesaude\/lancamento-amil-individual-adesao-em-minas-gerais\/#i-2\" >\u00a0<\/a><\/li><li class='ez-toc-page-1'><a class=\"ez-toc-link ez-toc-heading-10\" href=\"https:\/\/www.rotaseguros.com.br\/planosdesaude\/lancamento-amil-individual-adesao-em-minas-gerais\/#Beneficios_do_Amil_Individual\" >Benef\u00edcios do Amil Individual\u00a0<\/a><\/li><li class='ez-toc-page-1'><a class=\"ez-toc-link ez-toc-heading-11\" href=\"https:\/\/www.rotaseguros.com.br\/planosdesaude\/lancamento-amil-individual-adesao-em-minas-gerais\/#O_plano_de_Saude_Amil_e_bom\" >O plano de Sa\u00fade Amil \u00e9 bom?<\/a><\/li><li class='ez-toc-page-1'><a class=\"ez-toc-link ez-toc-heading-12\" href=\"https:\/\/www.rotaseguros.com.br\/planosdesaude\/lancamento-amil-individual-adesao-em-minas-gerais\/#Indice_de_Desempenho_da_Saude_Suplementar\" >\u00cdndice de Desempenho da Sa\u00fade Suplementar<\/a><\/li><li class='ez-toc-page-1'><a class=\"ez-toc-link ez-toc-heading-13\" href=\"https:\/\/www.rotaseguros.com.br\/planosdesaude\/lancamento-amil-individual-adesao-em-minas-gerais\/#Garanta_seu_plano_com_a_Rota_Seguros\" >Garanta seu plano com a Rota Seguros!<\/a><\/li><\/ul><\/nav><\/div>\n\n<p>Agora, com uma grande novidade para Minas Gerais, a Amil est\u00e1 revolucionando o mercado ao lan\u00e7ar o <strong>Amil Individual \u2013 Ades\u00e3o<\/strong>, trazendo mais flexibilidade e acessibilidade para quem deseja contar com um plano de sa\u00fade de alta qualidade.<\/p>\n<p>&nbsp;<\/p>\n<p>&nbsp;<\/p>\n<p>&nbsp;<\/p>\n<p><img loading=\"lazy\" decoding=\"async\" class=\"alignnone wp-image-32137 size-full\" title=\"Sobre a Amil\u00a0- Lan\u00e7amento Individual - Ades\u00e3o\" src=\"https:\/\/www.rotaseguros.com.br\/planosdesaude\/wp-content\/uploads\/2025\/03\/Sobre-a-Amil-.png\" alt=\"Sobre a Amil\u00a0- Lan\u00e7amento Individual - Ades\u00e3o\" width=\"800\" height=\"200\" srcset=\"https:\/\/www.rotaseguros.com.br\/planosdesaude\/wp-content\/uploads\/2025\/03\/Sobre-a-Amil-.png 800w, https:\/\/www.rotaseguros.com.br\/planosdesaude\/wp-content\/uploads\/2025\/03\/Sobre-a-Amil--300x75.png 300w, https:\/\/www.rotaseguros.com.br\/planosdesaude\/wp-content\/uploads\/2025\/03\/Sobre-a-Amil--768x192.png 768w\" sizes=\"auto, (max-width: 800px) 100vw, 800px\" \/><\/p>\n<p>&nbsp;<\/p>\n<p>&nbsp;<\/p>\n<h2><span class=\"ez-toc-section\" id=\"Sobre_a_Amil\"><\/span>Sobre a Amil\u00a0<span class=\"ez-toc-section-end\"><\/span><\/h2>\n<p>&nbsp;<\/p>\n<p data-start=\"0\" data-end=\"290\">A Amil \u00e9 uma das maiores operadoras de planos de sa\u00fade do Brasil, oferecendo solu\u00e7\u00f5es completas em assist\u00eancia m\u00e9dica e odontol\u00f3gica para pessoas f\u00edsicas e jur\u00eddicas. Fundada em 1978, a empresa faz parte do grupo <a href=\"https:\/\/pt.wikipedia.org\/wiki\/UnitedHealth_Group\" target=\"_blank\" rel=\"noopener\"><strong data-start=\"217\" data-end=\"239\">UnitedHealth Group<\/strong><\/a>, uma das maiores organiza\u00e7\u00f5es de sa\u00fade do mundo.<\/p>\n<p data-start=\"292\" data-end=\"560\">Com uma ampla rede credenciada, a Amil disponibiliza acesso a hospitais, cl\u00ednicas, laborat\u00f3rios e profissionais renomados em diversas especialidades. Seu objetivo \u00e9 proporcionar um atendimento de qualidade, garantindo o bem-estar e a seguran\u00e7a de seus benefici\u00e1rios.<\/p>\n<p data-start=\"292\" data-end=\"560\">\u00a0<\/p>\n<p data-start=\"292\" data-end=\"560\">\u00a0<\/p>\n<p data-start=\"292\" data-end=\"560\">\u00a0<\/p>\n<p data-start=\"292\" data-end=\"560\"><img loading=\"lazy\" decoding=\"async\" class=\"alignnone wp-image-32138 size-full\" title=\"Amil - Benef\u00edcios que fazem a diferen\u00e7a\" src=\"https:\/\/www.rotaseguros.com.br\/planosdesaude\/wp-content\/uploads\/2025\/03\/Beneficios-que-fazem-a-diferenca.png\" alt=\"Amil - Benef\u00edcios que fazem a diferen\u00e7a\" width=\"800\" height=\"200\" srcset=\"https:\/\/www.rotaseguros.com.br\/planosdesaude\/wp-content\/uploads\/2025\/03\/Beneficios-que-fazem-a-diferenca.png 800w, https:\/\/www.rotaseguros.com.br\/planosdesaude\/wp-content\/uploads\/2025\/03\/Beneficios-que-fazem-a-diferenca-300x75.png 300w, https:\/\/www.rotaseguros.com.br\/planosdesaude\/wp-content\/uploads\/2025\/03\/Beneficios-que-fazem-a-diferenca-768x192.png 768w\" sizes=\"auto, (max-width: 800px) 100vw, 800px\" \/><\/p>\n<p data-start=\"292\" data-end=\"560\">\u00a0<\/p>\n<p data-start=\"292\" data-end=\"560\">\u00a0<\/p>\n<h2><span class=\"ez-toc-section\" id=\"Beneficios_que_fazem_a_diferenca\"><\/span>Benef\u00edcios que fazem a diferen\u00e7a<span class=\"ez-toc-section-end\"><\/span><\/h2>\n<p>&nbsp;<\/p>\n<p>A Amil oferece planos de sa\u00fade para diferentes perfis, atendendo indiv\u00edduos, fam\u00edlias e empresas, com coberturas adapt\u00e1veis \u00e0s necessidades de cada benefici\u00e1rio. Seu grande diferencial \u00e9 a ampla rede credenciada, que inclui hospitais renomados, laborat\u00f3rios e cl\u00ednicas especializadas, garantindo atendimento de qualidade.<\/p>\n<p>Al\u00e9m disso, conta com o Amil Dental, um plano odontol\u00f3gico completo, e oferece telemedicina 24h, permitindo consultas m\u00e9dicas a qualquer momento, com praticidade e seguran\u00e7a. Para quem busca mais flexibilidade, h\u00e1 op\u00e7\u00f5es com reembolso, possibilitando a escolha livre de m\u00e9dicos e hospitais. E, para maior tranquilidade, os planos garantem cobertura nacional para urg\u00eancias e emerg\u00eancias.<\/p>\n<p>&nbsp;<\/p>\n<p>&nbsp;<\/p>\n<p><img loading=\"lazy\" decoding=\"async\" class=\"alignnone wp-image-32139 size-full\" title=\"O que h\u00e1 de novo_ Amil Individual \u2013 Ades\u00e3o em Minas Gerais!\" src=\"https:\/\/www.rotaseguros.com.br\/planosdesaude\/wp-content\/uploads\/2025\/03\/O-que-ha-de-novo_-Amil-Individual-\u2013-Adesao-em-Minas-Gerais.png\" alt=\"O que h\u00e1 de novo_ Amil Individual \u2013 Ades\u00e3o em Minas Gerais!\" width=\"800\" height=\"200\" srcset=\"https:\/\/www.rotaseguros.com.br\/planosdesaude\/wp-content\/uploads\/2025\/03\/O-que-ha-de-novo_-Amil-Individual-\u2013-Adesao-em-Minas-Gerais.png 800w, https:\/\/www.rotaseguros.com.br\/planosdesaude\/wp-content\/uploads\/2025\/03\/O-que-ha-de-novo_-Amil-Individual-\u2013-Adesao-em-Minas-Gerais-300x75.png 300w, https:\/\/www.rotaseguros.com.br\/planosdesaude\/wp-content\/uploads\/2025\/03\/O-que-ha-de-novo_-Amil-Individual-\u2013-Adesao-em-Minas-Gerais-768x192.png 768w\" sizes=\"auto, (max-width: 800px) 100vw, 800px\" \/><\/p>\n<p>&nbsp;<\/p>\n<p>&nbsp;<\/p>\n<h2><span class=\"ez-toc-section\" id=\"O_que_ha_de_novo_Amil_Individual_%E2%80%93_Adesao_em_Minas_Gerais\"><\/span>O que h\u00e1 de novo? Amil Individual \u2013 Ades\u00e3o em Minas Gerais!<span class=\"ez-toc-section-end\"><\/span><\/h2>\n<p>&nbsp;<\/p>\n<p>Minas Gerais agora conta com uma op\u00e7\u00e3o inovadora para quem deseja um plano de sa\u00fade individual de alta qualidade. O Amil Individual \u2013 Ades\u00e3o foi desenvolvido para oferecer mais praticidade e acessibilidade, permitindo que cada vez mais pessoas tenham acesso a um atendimento m\u00e9dico de excel\u00eancia.<\/p>\n<p>Esse lan\u00e7amento traz mais flexibilidade na contrata\u00e7\u00e3o e benef\u00edcios exclusivos, tornando-se uma alternativa ideal para quem busca seguran\u00e7a, atendimento diferenciado e um plano que realmente cuida de voc\u00ea e da sua fam\u00edlia.<\/p>\n<p>&nbsp;<\/p>\n<h2><span class=\"ez-toc-section\" id=\"i\"><\/span>\u00a0<span class=\"ez-toc-section-end\"><\/span><\/h2>\n<p><img loading=\"lazy\" decoding=\"async\" class=\"alignnone wp-image-32152 size-full\" title=\"O plano estar\u00e1 dispon\u00edvel para contrata\u00e7\u00e3o\" src=\"https:\/\/www.rotaseguros.com.br\/planosdesaude\/wp-content\/uploads\/2025\/03\/O-plano-estara-disponivel-para-contratacao.png\" alt=\"O plano estar\u00e1 dispon\u00edvel para contrata\u00e7\u00e3o\" width=\"800\" height=\"200\" srcset=\"https:\/\/www.rotaseguros.com.br\/planosdesaude\/wp-content\/uploads\/2025\/03\/O-plano-estara-disponivel-para-contratacao.png 800w, https:\/\/www.rotaseguros.com.br\/planosdesaude\/wp-content\/uploads\/2025\/03\/O-plano-estara-disponivel-para-contratacao-300x75.png 300w, https:\/\/www.rotaseguros.com.br\/planosdesaude\/wp-content\/uploads\/2025\/03\/O-plano-estara-disponivel-para-contratacao-768x192.png 768w\" sizes=\"auto, (max-width: 800px) 100vw, 800px\" \/><\/p>\n<p>&nbsp;<\/p>\n<p>&nbsp;<\/p>\n<h2><span class=\"ez-toc-section\" id=\"O_plano_estara_disponivel_para_contratacao\"><\/span>O plano estar\u00e1 dispon\u00edvel para contrata\u00e7\u00e3o:<span class=\"ez-toc-section-end\"><\/span><\/h2>\n<p>&nbsp;<\/p>\n<p>&nbsp;<\/p>\n<p data-start=\"685\" data-end=\"1561\">Araguari, Belo Horizonte, Belo Vale, Betim, Bonfim, Borda da Mata, Brumadinho, Cachoeira de Minas, Caet\u00e9, Confins, Congonhal, Congonhas, Conselheiro Lafaiete, Contagem, Cristiano Otoni, Crucil\u00e2ndia, Esmeraldas, Esp\u00edrito Santo do Dourado, Estiva, Florestal, Ibirit\u00e9, Igarap\u00e9, Indian\u00f3polis, Itabirito, Itaverava, Jaboticatubas, Juatuba, Lagoa Santa, Mariana, M\u00e1rio Campos, Mateus Leme, Matozinhos, Moeda, Monte Alegre de Minas, Montes Claros, Nova Lima, Nova Uni\u00e3o, Ouro Branco, Ouro Preto, Pedro Leopoldo, Piedade dos Gerais, Pouso Alegre, Prata, Queluzito, Raposos, Ribeir\u00e3o das Neves, Rio Acima, Rio Manso, Sabar\u00e1, Santa Luzia, Santa Rita do Sapuca\u00ed, Santana do Riacho, Santana dos Montes, S\u00e3o Br\u00e1s do Sua\u00e7u\u00ed, S\u00e3o Joaquim de Bicas, S\u00e3o Jos\u00e9 da Lapa, S\u00e3o Sebasti\u00e3o da Bela Vista, Sarzedo, Silvian\u00f3polis, Taquara\u00e7u de Minas, Tupaciguara, Uberaba, Uberl\u00e2ndia e Vespasiano.<\/p>\n<p data-start=\"1563\" data-end=\"1664\" data-is-last-node=\"\" data-is-only-node=\"\">Se voc\u00ea est\u00e1 em uma dessas cidades e busca um plano de sa\u00fade de qualidade, essa \u00e9 a sua oportunidade!<\/p>\n<p>&nbsp;<\/p>\n<p>&nbsp;<\/p>\n<p><img loading=\"lazy\" decoding=\"async\" class=\"alignnone wp-image-32151 size-full\" title=\"O plano estar\u00e1 dispon\u00edvel para contrata\u00e7\u00e3o\" src=\"https:\/\/www.rotaseguros.com.br\/planosdesaude\/wp-content\/uploads\/2025\/03\/Quem-pode-contratar-esse-novo-produto_-.png\" alt=\"Quem pode contratar esse novo produto\" width=\"800\" height=\"200\" srcset=\"https:\/\/www.rotaseguros.com.br\/planosdesaude\/wp-content\/uploads\/2025\/03\/Quem-pode-contratar-esse-novo-produto_-.png 800w, https:\/\/www.rotaseguros.com.br\/planosdesaude\/wp-content\/uploads\/2025\/03\/Quem-pode-contratar-esse-novo-produto_--300x75.png 300w, https:\/\/www.rotaseguros.com.br\/planosdesaude\/wp-content\/uploads\/2025\/03\/Quem-pode-contratar-esse-novo-produto_--768x192.png 768w\" sizes=\"auto, (max-width: 800px) 100vw, 800px\" \/><\/p>\n<p>&nbsp;<\/p>\n<p>&nbsp;<\/p>\n<h2><span class=\"ez-toc-section\" id=\"Quem_pode_contratar_esse_novo_produto\"><\/span>Quem pode contratar esse novo produto?\u00a0<span class=\"ez-toc-section-end\"><\/span><\/h2>\n<p>&nbsp;<\/p>\n<p>O novo produto da Amil Individual \u2013 Ades\u00e3o em Minas Gerais pode ser contratado por <strong>dois grupos espec\u00edficos de benefici\u00e1rios<\/strong>, de acordo com as entidades associativas:<\/p>\n<p>&nbsp;<\/p>\n<h3><span class=\"ez-toc-section\" id=\"1_Profissionais_Liberais\"><\/span>1. Profissionais Liberais<span class=\"ez-toc-section-end\"><\/span><\/h3>\n<p>Os <strong data-start=\"48\" data-end=\"74\">profissionais liberais<\/strong> s\u00e3o aqueles que atuam de forma aut\u00f4noma, podendo prestar servi\u00e7os para diferentes clientes ou empresas, sem v\u00ednculo empregat\u00edcio fixo. Eles possuem qualifica\u00e7\u00e3o t\u00e9cnica ou forma\u00e7\u00e3o acad\u00eamica.<\/p>\n<p data-start=\"560\" data-end=\"695\">Esses profissionais abrangem diversas \u00e1reas, incluindo sa\u00fade, direito, engenharia, educa\u00e7\u00e3o, entre outras. Alguns exemplos s\u00e3o:<\/p>\n<ul data-start=\"697\" data-end=\"1425\">\n<li data-start=\"697\" data-end=\"854\"><strong data-start=\"699\" data-end=\"717\">\u00c1rea da Sa\u00fade:<\/strong> M\u00e9dicos, dentistas, fisioterapeutas, psic\u00f3logos, enfermeiros, nutricionistas, fonoaudi\u00f3logos, terapeutas ocupacionais e farmac\u00eauticos.<\/li>\n<li data-start=\"855\" data-end=\"930\"><strong data-start=\"857\" data-end=\"875\">\u00c1rea Jur\u00eddica:<\/strong> Advogados, ju\u00edzes aut\u00f4nomos, promotores e tabeli\u00e3es.<\/li>\n<li data-start=\"931\" data-end=\"1034\"><strong data-start=\"933\" data-end=\"970\">\u00c1rea de Engenharia e Arquitetura:<\/strong> Engenheiros, arquitetos, agr\u00f4nomos e t\u00e9cnicos em edifica\u00e7\u00f5es.<\/li>\n<li data-start=\"1035\" data-end=\"1128\"><strong data-start=\"1037\" data-end=\"1072\">\u00c1rea Cont\u00e1bil e Administrativa:<\/strong> Contadores, economistas, administradores e auditores.<\/li>\n<li data-start=\"1129\" data-end=\"1241\"><strong data-start=\"1131\" data-end=\"1163\">\u00c1rea de Comunica\u00e7\u00e3o e Artes:<\/strong> Jornalistas, publicit\u00e1rios, designers gr\u00e1ficos, fot\u00f3grafos e cinegrafistas.<\/li>\n<li data-start=\"1242\" data-end=\"1314\"><strong data-start=\"1244\" data-end=\"1265\">\u00c1rea de Educa\u00e7\u00e3o:<\/strong> Professores particulares, pedagogos e tutores.<\/li>\n<li data-start=\"1315\" data-end=\"1425\"><strong data-start=\"1317\" data-end=\"1346\">Tecnologia e Inform\u00e1tica:<\/strong> Programadores, desenvolvedores, analistas de sistemas e especialistas em TI.<\/li>\n<\/ul>\n<p>&nbsp;<\/p>\n<h3><span class=\"ez-toc-section\" id=\"2_Servidores_Publicos_do_Estado_de_Minas_Gerais\"><\/span>2. Servidores P\u00fablicos do Estado de Minas Gerais\u00a0<span class=\"ez-toc-section-end\"><\/span><\/h3>\n<p>O segundo grupo que pode contratar o plano s\u00e3o os servidores p\u00fablicos do Estado de Minas Gerais. Eles podem ser concursados, contratados temporariamente ou comissionado.<\/p>\n<p>&nbsp;<\/p>\n<p><img loading=\"lazy\" decoding=\"async\" class=\"alignnone wp-image-32150 size-full\" title=\"Benef\u00edcios do Amil Individual\u00a0\" src=\"https:\/\/www.rotaseguros.com.br\/planosdesaude\/wp-content\/uploads\/2025\/03\/Beneficios-do-Amil-Individual-1-1.png\" alt=\"Benef\u00edcios do Amil Individual\u00a0\" width=\"800\" height=\"200\" srcset=\"https:\/\/www.rotaseguros.com.br\/planosdesaude\/wp-content\/uploads\/2025\/03\/Beneficios-do-Amil-Individual-1-1.png 800w, https:\/\/www.rotaseguros.com.br\/planosdesaude\/wp-content\/uploads\/2025\/03\/Beneficios-do-Amil-Individual-1-1-300x75.png 300w, https:\/\/www.rotaseguros.com.br\/planosdesaude\/wp-content\/uploads\/2025\/03\/Beneficios-do-Amil-Individual-1-1-768x192.png 768w\" sizes=\"auto, (max-width: 800px) 100vw, 800px\" \/><\/p>\n<p>&nbsp;<\/p>\n<h2><span class=\"ez-toc-section\" id=\"i-2\"><\/span>\u00a0<span class=\"ez-toc-section-end\"><\/span><\/h2>\n<h2><span class=\"ez-toc-section\" id=\"Beneficios_do_Amil_Individual\"><\/span>Benef\u00edcios do Amil Individual\u00a0<span class=\"ez-toc-section-end\"><\/span><\/h2>\n<p>&nbsp;<\/p>\n<ul>\n<li><strong>Redu\u00e7\u00e3o de Car\u00eancia \u2013<\/strong> Condi\u00e7\u00f5es promocionais para facilitar o acesso aos servi\u00e7os de sa\u00fade.<\/li>\n<li><strong>Reajuste anual \u2013<\/strong> Somente a partir de novembro de 2025, garantindo mais previsibilidade financeira.<\/li>\n<li><strong>Amil Dental incluso \u2013<\/strong> Cobertura odontol\u00f3gica gratuita por 12 meses.<\/li>\n<li><strong>Op\u00e7\u00e3o de Reembolso \u2013<\/strong> Dispon\u00edvel a partir do produto Ouro, permitindo mais liberdade na escolha de m\u00e9dicos e hospitais.<\/li>\n<li><strong>Telemedicina 24h \u2013<\/strong> Atendimento m\u00e9dico remoto a qualquer hora, sem precisar sair de casa.<\/li>\n<li><strong>Cobertura Nacional \u2013<\/strong> Assist\u00eancia para urg\u00eancias e emerg\u00eancias em todo o Brasil.<\/li>\n<\/ul>\n<p>&nbsp;<\/p>\n<p>&nbsp;<\/p>\n<div id=\"col-1938063104\" class=\"col medium-9 small-12 large-9\">\n<div class=\"col-inner\">\n<h2><span class=\"ez-toc-section\" id=\"O_plano_de_Saude_Amil_e_bom\"><\/span>O plano de Sa\u00fade Amil \u00e9 bom?<span class=\"ez-toc-section-end\"><\/span><\/h2>\n<p>&nbsp;<\/p>\n<p>Com uma nota 7.6\/10 a Amil Sa\u00fade \u00e9 considerada como um dos melhores planos de sa\u00fade do pa\u00eds. Com quase 99% das reclama\u00e7\u00f5es atendidas, se mostra um conv\u00eanio m\u00e9dico s\u00e9rio e de qualidade.<\/p>\n<\/div>\n<\/div>\n<div id=\"col-663132892\" class=\"col medium-2 small-12 large-2\">\u00a0<\/div>\n<div><img loading=\"lazy\" decoding=\"async\" class=\"wp-image-32148 alignnone\" title=\"O plano de Sa\u00fade Amil \u00e9 bom - Reclame aqui\" src=\"https:\/\/www.rotaseguros.com.br\/planosdesaude\/wp-content\/uploads\/2025\/03\/O-plano-de-Saude-Amil-e-bom-Reclame-aqui.jpeg\" alt=\"O plano de Sa\u00fade Amil \u00e9 bom - Reclame aqui\" width=\"400\" height=\"181\" srcset=\"https:\/\/www.rotaseguros.com.br\/planosdesaude\/wp-content\/uploads\/2025\/03\/O-plano-de-Saude-Amil-e-bom-Reclame-aqui.jpeg 332w, https:\/\/www.rotaseguros.com.br\/planosdesaude\/wp-content\/uploads\/2025\/03\/O-plano-de-Saude-Amil-e-bom-Reclame-aqui-300x136.jpeg 300w\" sizes=\"auto, (max-width: 400px) 100vw, 400px\" \/><\/div>\n<div>\u00a0<\/div>\n<div>\u00a0<\/div>\n<div>\u00a0<\/div>\n<div>\u00a0<\/div>\n<h2><span class=\"ez-toc-section\" id=\"Indice_de_Desempenho_da_Saude_Suplementar\"><\/span>\u00cdndice de Desempenho da Sa\u00fade Suplementar<span class=\"ez-toc-section-end\"><\/span><\/h2>\n<div><img loading=\"lazy\" decoding=\"async\" class=\"alignnone wp-image-32149\" title=\"\u00cdndice de Desempenho da Sa\u00fade Suplementar\" src=\"https:\/\/www.rotaseguros.com.br\/planosdesaude\/wp-content\/uploads\/2025\/03\/O-plano-de-Saude-Amil-e-bom-ANS.jpeg\" alt=\"\u00cdndice de Desempenho da Sa\u00fade Suplementar\" width=\"800\" height=\"190\" srcset=\"https:\/\/www.rotaseguros.com.br\/planosdesaude\/wp-content\/uploads\/2025\/03\/O-plano-de-Saude-Amil-e-bom-ANS.jpeg 629w, https:\/\/www.rotaseguros.com.br\/planosdesaude\/wp-content\/uploads\/2025\/03\/O-plano-de-Saude-Amil-e-bom-ANS-300x71.jpeg 300w\" sizes=\"auto, (max-width: 800px) 100vw, 800px\" \/><\/div>\n<div>\u00a0<\/div>\n<div>\n<div class=\"flex max-w-full flex-col flex-grow\">\n<div class=\"min-h-8 text-message relative flex w-full flex-col items-end gap-2 whitespace-normal break-words text-start [.text-message+&amp;]:mt-5\" dir=\"auto\" data-message-author-role=\"assistant\" data-message-id=\"1780e2f1-6136-4bba-a43b-9c03408fc106\" data-message-model-slug=\"gpt-4o-mini\">\n<div class=\"flex w-full flex-col gap-1 empty:hidden first:pt-[3px]\">\n<div class=\"markdown prose w-full break-words dark:prose-invert light\">\n<p data-start=\"0\" data-end=\"272\" data-is-last-node=\"\" data-is-only-node=\"\">O \u00cdndice de Desempenho da Sa\u00fade Suplementar da Amil, referente ao ano base de 2023, \u00e9 de 0,7877. Esse indicador reflete o desempenho da operadora em diversos aspectos da sa\u00fade suplementar, evidenciando sua efici\u00eancia e a qualidade dos servi\u00e7os prestados aos benefici\u00e1rios.<\/p>\n<\/div>\n<\/div>\n<\/div>\n<\/div>\n<div class=\"mb-2 flex gap-3 -ml-2\" tabindex=\"0\">\n<div class=\"flex items-center justify-start rounded-xl p-1\">\n<div class=\"flex items-center pb-0\">\u00a0<\/div>\n<\/div>\n<\/div>\n<\/div>\n<div>\u00a0<\/div>\n<div><img loading=\"lazy\" decoding=\"async\" class=\"alignnone wp-image-32143 size-full\" title=\"Garanta seu plano com a Rota Seguros!\" src=\"https:\/\/www.rotaseguros.com.br\/planosdesaude\/wp-content\/uploads\/2025\/03\/Garanta-seu-plano-com-a-Rota-Seguros.png\" alt=\"\" width=\"800\" height=\"200\" srcset=\"https:\/\/www.rotaseguros.com.br\/planosdesaude\/wp-content\/uploads\/2025\/03\/Garanta-seu-plano-com-a-Rota-Seguros.png 800w, https:\/\/www.rotaseguros.com.br\/planosdesaude\/wp-content\/uploads\/2025\/03\/Garanta-seu-plano-com-a-Rota-Seguros-300x75.png 300w, https:\/\/www.rotaseguros.com.br\/planosdesaude\/wp-content\/uploads\/2025\/03\/Garanta-seu-plano-com-a-Rota-Seguros-768x192.png 768w\" sizes=\"auto, (max-width: 800px) 100vw, 800px\" \/><\/div>\n<div>\u00a0<\/div>\n<div>\u00a0<\/div>\n<div>\u00a0<\/div>\n<div>\u00a0<\/div>\n<h2><span class=\"ez-toc-section\" id=\"Garanta_seu_plano_com_a_Rota_Seguros\"><\/span>Garanta seu plano com a Rota Seguros!<span class=\"ez-toc-section-end\"><\/span><\/h2>\n<p>&nbsp;<\/p>\n<p>Com tantas vantagens e um lan\u00e7amento imperd\u00edvel, essa \u00e9 a oportunidade ideal para contratar um plano de sa\u00fade Amil e garantir um futuro mais seguro e tranquilo.<\/p>\n<p>A Rota Seguros \u00e9 sua parceira nessa jornada! Nossa equipe especializada est\u00e1 pronta para ajud\u00e1-lo a encontrar a melhor op\u00e7\u00e3o dentro do portf\u00f3lio Amil, garantindo um atendimento personalizado e suporte completo para que voc\u00ea tome a melhor decis\u00e3o.<\/p>\n<p>Entre em contato conosco e pe\u00e7a uma cota\u00e7\u00e3o personalizada:<\/p>\n<p>Belo Horizonte \u2013 MG:\u00a0<a href=\"https:\/\/www.rotaseguros.com.br\/index.html\">0800 024 24 24<\/a><\/p>\n<p>&nbsp;<\/p>\n<p>Leia tamb\u00e9m esse texto: <a href=\"https:\/\/www.rotaseguros.com.br\/planosdesaude\/plano-de-saude-que-tenha-credenciamento-no-hospital-mater-dei\/\">Quais Planos de Sa\u00fade tem atendimento no Hospital Mater Dei?<\/a><\/p>\n","protected":false},"excerpt":{"rendered":"<p><span class=\"span-reading-time rt-reading-time\" style=\"display: block;\"><span class=\"rt-label rt-prefix\">Reading Time: <\/span> <span class=\"rt-time\"> 5<\/span> <span class=\"rt-label rt-postfix\">minutes<\/span><\/span>Se voc\u00ea busca um plano de sa\u00fade confi\u00e1vel, completo e com uma rede de atendimento diferenciada, a Amil \u00e9 a escolha ideal. Reconhecida como uma das operadoras de sa\u00fade mais &#8230;<\/p>\n","protected":false},"author":36,"featured_media":32135,"comment_status":"open","ping_status":"open","sticky":false,"template":"","format":"standard","meta":{"_monsterinsights_skip_tracking":false,"_monsterinsights_sitenote_active":false,"_monsterinsights_sitenote_note":"","_monsterinsights_sitenote_category":0,"footnotes":"","_links_to":"","_links_to_target":""},"categories":[1],"tags":[3442,136,102,3441,2505,2394,132,3445,3444,3352,3443],"class_list":["post-32107","post","type-post","status-publish","format-standard","has-post-thumbnail","hentry","category-sem-categoria","tag-adesao","tag-amil","tag-amil-dental","tag-amil-individual","tag-beneficios-exclusivos","tag-cobertura-nacional","tag-plano-de-saude","tag-planos-de-saude-em-mg","tag-reducao-de-carencia","tag-saude-de-qualidade","tag-saude-em-minas-gerais"],"_links":{"self":[{"href":"https:\/\/www.rotaseguros.com.br\/planosdesaude\/wp-json\/wp\/v2\/posts\/32107","targetHints":{"allow":["GET"]}}],"collection":[{"href":"https:\/\/www.rotaseguros.com.br\/planosdesaude\/wp-json\/wp\/v2\/posts"}],"about":[{"href":"https:\/\/www.rotaseguros.com.br\/planosdesaude\/wp-json\/wp\/v2\/types\/post"}],"author":[{"embeddable":true,"href":"https:\/\/www.rotaseguros.com.br\/planosdesaude\/wp-json\/wp\/v2\/users\/36"}],"replies":[{"embeddable":true,"href":"https:\/\/www.rotaseguros.com.br\/planosdesaude\/wp-json\/wp\/v2\/comments?post=32107"}],"version-history":[{"count":0,"href":"https:\/\/www.rotaseguros.com.br\/planosdesaude\/wp-json\/wp\/v2\/posts\/32107\/revisions"}],"wp:featuredmedia":[{"embeddable":true,"href":"https:\/\/www.rotaseguros.com.br\/planosdesaude\/wp-json\/wp\/v2\/media\/32135"}],"wp:attachment":[{"href":"https:\/\/www.rotaseguros.com.br\/planosdesaude\/wp-json\/wp\/v2\/media?parent=32107"}],"wp:term":[{"taxonomy":"category","embeddable":true,"href":"https:\/\/www.rotaseguros.com.br\/planosdesaude\/wp-json\/wp\/v2\/categories?post=32107"},{"taxonomy":"post_tag","embeddable":true,"href":"https:\/\/www.rotaseguros.com.br\/planosdesaude\/wp-json\/wp\/v2\/tags?post=32107"}],"curies":[{"name":"wp","href":"https:\/\/api.w.org\/{rel}","templated":true}]}}