{"id":32233,"date":"2025-04-29T09:23:06","date_gmt":"2025-04-29T12:23:06","guid":{"rendered":"https:\/\/www.rotaseguros.com.br\/planosdesaude\/?p=32233"},"modified":"2025-04-29T09:23:06","modified_gmt":"2025-04-29T12:23:06","slug":"o-que-e-coletivos-por-adesao","status":"publish","type":"post","link":"https:\/\/www.rotaseguros.com.br\/planosdesaude\/o-que-e-coletivos-por-adesao\/","title":{"rendered":"O que \u00e9 Coletivos por Ades\u00e3o? Entenda como funciona!"},"content":{"rendered":"<span class=\"span-reading-time rt-reading-time\" style=\"display: block;\"><span class=\"rt-label rt-prefix\">Reading Time: <\/span> <span class=\"rt-time\"> 4<\/span> <span class=\"rt-label rt-postfix\">minutes<\/span><\/span><p>&nbsp;<\/p><div id=\"ez-toc-container\" class=\"ez-toc-v2_0_82_2 counter-flat ez-toc-counter ez-toc-grey ez-toc-container-direction\">\n<div class=\"ez-toc-title-container\">\n<p class=\"ez-toc-title\" style=\"cursor:inherit\">Aqui voc\u00ea encontra:<\/p>\n<span class=\"ez-toc-title-toggle\"><a href=\"#\" class=\"ez-toc-pull-right ez-toc-btn ez-toc-btn-xs ez-toc-btn-default ez-toc-toggle\" aria-label=\"Alternar tabela de conte\u00fado\"><span class=\"ez-toc-js-icon-con\"><span class=\"\"><span class=\"eztoc-hide\" style=\"display:none;\">Toggle<\/span><span class=\"ez-toc-icon-toggle-span\"><svg style=\"fill: #999;color:#999\" xmlns=\"http:\/\/www.w3.org\/2000\/svg\" class=\"list-377408\" width=\"20px\" height=\"20px\" viewBox=\"0 0 24 24\" fill=\"none\"><path d=\"M6 6H4v2h2V6zm14 0H8v2h12V6zM4 11h2v2H4v-2zm16 0H8v2h12v-2zM4 16h2v2H4v-2zm16 0H8v2h12v-2z\" fill=\"currentColor\"><\/path><\/svg><svg style=\"fill: #999;color:#999\" class=\"arrow-unsorted-368013\" xmlns=\"http:\/\/www.w3.org\/2000\/svg\" width=\"10px\" height=\"10px\" viewBox=\"0 0 24 24\" version=\"1.2\" baseProfile=\"tiny\"><path d=\"M18.2 9.3l-6.2-6.3-6.2 6.3c-.2.2-.3.4-.3.7s.1.5.3.7c.2.2.4.3.7.3h11c.3 0 .5-.1.7-.3.2-.2.3-.5.3-.7s-.1-.5-.3-.7zM5.8 14.7l6.2 6.3 6.2-6.3c.2-.2.3-.5.3-.7s-.1-.5-.3-.7c-.2-.2-.4-.3-.7-.3h-11c-.3 0-.5.1-.7.3-.2.2-.3.5-.3.7s.1.5.3.7z\"\/><\/svg><\/span><\/span><\/span><\/a><\/span><\/div>\n<nav><ul class='ez-toc-list ez-toc-list-level-1 ' ><li class='ez-toc-page-1'><a class=\"ez-toc-link ez-toc-heading-1\" href=\"https:\/\/www.rotaseguros.com.br\/planosdesaude\/o-que-e-coletivos-por-adesao\/#O_que_sao_planos_Coletivos_por_Adesao\" >O que s\u00e3o planos Coletivos por Ades\u00e3o?<\/a><\/li><li class='ez-toc-page-1'><a class=\"ez-toc-link ez-toc-heading-2\" href=\"https:\/\/www.rotaseguros.com.br\/planosdesaude\/o-que-e-coletivos-por-adesao\/#Como_funciona_a_adesao\" >Como funciona a ades\u00e3o?<\/a><\/li><li class='ez-toc-page-1'><a class=\"ez-toc-link ez-toc-heading-3\" href=\"https:\/\/www.rotaseguros.com.br\/planosdesaude\/o-que-e-coletivos-por-adesao\/#Quais_sao_as_vantagens\" >Quais s\u00e3o as vantagens?<\/a><\/li><li class='ez-toc-page-1'><a class=\"ez-toc-link ez-toc-heading-4\" href=\"https:\/\/www.rotaseguros.com.br\/planosdesaude\/o-que-e-coletivos-por-adesao\/#Quem_pode_contratar_planos_de_Coletivo_por_Adesao\" >Quem pode contratar planos de Coletivo por Ades\u00e3o?<\/a><\/li><li class='ez-toc-page-1'><a class=\"ez-toc-link ez-toc-heading-5\" href=\"https:\/\/www.rotaseguros.com.br\/planosdesaude\/o-que-e-coletivos-por-adesao\/#Vale_a_pena_contratar_um_plano_coletivo_por_adesao\" >Vale a pena contratar um plano coletivo por ades\u00e3o?<\/a><\/li><li class='ez-toc-page-1'><a class=\"ez-toc-link ez-toc-heading-6\" href=\"https:\/\/www.rotaseguros.com.br\/planosdesaude\/o-que-e-coletivos-por-adesao\/#Conte_com_a_Rotas_Seguros\" >Conte com a Rotas Seguros<\/a><\/li><\/ul><\/nav><\/div>\n\n<p>Se voc\u00ea est\u00e1 buscando um plano de sa\u00fade e se deparou com a op\u00e7\u00e3o de Coletivos por Ades\u00e3o, \u00e9 normal ter d\u00favidas. Afinal, como ele funciona? Quais as vantagens? Vale a pena? Neste artigo, vamos explicar tudo para voc\u00ea de forma clara e objetiva.<\/p>\n<p>&nbsp;<\/p>\n<p>&nbsp;<\/p>\n<p><img loading=\"lazy\" decoding=\"async\" class=\"alignnone wp-image-32243 size-full\" title=\"O que s\u00e3o planos Coletivos por Ades\u00e3o\" src=\"https:\/\/www.rotaseguros.com.br\/planosdesaude\/wp-content\/uploads\/2025\/03\/O-que-sao-planos-Coletivos-por-Adesao.png\" alt=\"O que s\u00e3o planos Coletivos por Ades\u00e3o\" width=\"800\" height=\"200\" srcset=\"https:\/\/www.rotaseguros.com.br\/planosdesaude\/wp-content\/uploads\/2025\/03\/O-que-sao-planos-Coletivos-por-Adesao.png 800w, https:\/\/www.rotaseguros.com.br\/planosdesaude\/wp-content\/uploads\/2025\/03\/O-que-sao-planos-Coletivos-por-Adesao-300x75.png 300w, https:\/\/www.rotaseguros.com.br\/planosdesaude\/wp-content\/uploads\/2025\/03\/O-que-sao-planos-Coletivos-por-Adesao-768x192.png 768w\" sizes=\"auto, (max-width: 800px) 100vw, 800px\" \/><\/p>\n<p>&nbsp;<\/p>\n<p>&nbsp;<\/p>\n<h2><span class=\"ez-toc-section\" id=\"O_que_sao_planos_Coletivos_por_Adesao\"><\/span>O que s\u00e3o planos Coletivos por Ades\u00e3o?<span class=\"ez-toc-section-end\"><\/span><\/h2>\n<p>&nbsp;<\/p>\n<p>Os planos de sa\u00fade Coletivos por Ades\u00e3o s\u00e3o aqueles contratados por interm\u00e9dio de uma entidade de classe, como conselhos profissionais, sindicatos e associa\u00e7\u00f5es. Diferente dos planos individuais, que qualquer pessoa pode contratar diretamente com a operadora, esse tipo de plano est\u00e1 dispon\u00edvel apenas para quem tem v\u00ednculo com uma entidade parceira.<\/p>\n<p>&nbsp;<\/p>\n<p>&nbsp;<\/p>\n<p><img loading=\"lazy\" decoding=\"async\" class=\"alignnone wp-image-32241 size-full\" title=\"Como funciona a ades\u00e3o\" src=\"https:\/\/www.rotaseguros.com.br\/planosdesaude\/wp-content\/uploads\/2025\/03\/Como-funciona-a-adesao.png\" alt=\"Como funciona a ades\u00e3o\" width=\"800\" height=\"200\" srcset=\"https:\/\/www.rotaseguros.com.br\/planosdesaude\/wp-content\/uploads\/2025\/03\/Como-funciona-a-adesao.png 800w, https:\/\/www.rotaseguros.com.br\/planosdesaude\/wp-content\/uploads\/2025\/03\/Como-funciona-a-adesao-300x75.png 300w, https:\/\/www.rotaseguros.com.br\/planosdesaude\/wp-content\/uploads\/2025\/03\/Como-funciona-a-adesao-768x192.png 768w\" sizes=\"auto, (max-width: 800px) 100vw, 800px\" \/><\/p>\n<p>&nbsp;<\/p>\n<p>&nbsp;<\/p>\n<h2><span class=\"ez-toc-section\" id=\"Como_funciona_a_adesao\"><\/span>Como funciona a ades\u00e3o?<span class=\"ez-toc-section-end\"><\/span><\/h2>\n<p>&nbsp;<\/p>\n<p>Para contratar um plano coletivo por ades\u00e3o, voc\u00ea precisa estar vinculado a uma <a href=\"https:\/\/higestor.com.br\/blog\/entidade-de-classe\/#:~:text=O%20que%20%C3%A9%20entidade%20de,sendo%2C%20n%C3%A3o%20sujeita%20a%20fal%C3%AAncia.\" target=\"_blank\" rel=\"noopener\">entidade de classe<\/a> que tenha parceria com a operadora de sa\u00fade. Essa entidade pode ser um sindicato, conselho profissional, associa\u00e7\u00e3o ou at\u00e9 mesmo uma institui\u00e7\u00e3o de ensino, no caso dos estudantes.<\/p>\n<p>A contrata\u00e7\u00e3o acontece por meio de uma administradora de benef\u00edcios, respons\u00e1vel por intermediar o processo entre o cliente e a operadora, garantindo melhores condi\u00e7\u00f5es e auxiliando na gest\u00e3o do plano.<\/p>\n<p>Depois de verificar sua elegibilidade, basta analisar as op\u00e7\u00f5es dispon\u00edveis e escolher o plano que mais se adapta ao seu perfil e \u00e0s suas necessidades.<\/p>\n<p>&nbsp;<\/p>\n<p>&nbsp;<\/p>\n<p><img loading=\"lazy\" decoding=\"async\" class=\"alignnone wp-image-32240 size-full\" title=\"Coletivo por ades\u00e3o_ Quais s\u00e3o as vantagens\" src=\"https:\/\/www.rotaseguros.com.br\/planosdesaude\/wp-content\/uploads\/2025\/03\/Coletivo-por-adesao_-Quais-sao-as-vantagens.png\" alt=\"Coletivo por ades\u00e3o_ Quais s\u00e3o as vantagens\" width=\"800\" height=\"200\" srcset=\"https:\/\/www.rotaseguros.com.br\/planosdesaude\/wp-content\/uploads\/2025\/03\/Coletivo-por-adesao_-Quais-sao-as-vantagens.png 800w, https:\/\/www.rotaseguros.com.br\/planosdesaude\/wp-content\/uploads\/2025\/03\/Coletivo-por-adesao_-Quais-sao-as-vantagens-300x75.png 300w, https:\/\/www.rotaseguros.com.br\/planosdesaude\/wp-content\/uploads\/2025\/03\/Coletivo-por-adesao_-Quais-sao-as-vantagens-768x192.png 768w\" sizes=\"auto, (max-width: 800px) 100vw, 800px\" \/><\/p>\n<p>&nbsp;<\/p>\n<p>&nbsp;<\/p>\n<h2><span class=\"ez-toc-section\" id=\"Quais_sao_as_vantagens\"><\/span>Quais s\u00e3o as vantagens?<span class=\"ez-toc-section-end\"><\/span><\/h2>\n<p>&nbsp;<\/p>\n<p data-pm-slice=\"1 1 []\">A contrata\u00e7\u00e3o em grupo reduz os custos, tornando os planos mais econ\u00f4micos que os individuais. A ampla variedade de operadoras e planos permite que voc\u00ea escolha a op\u00e7\u00e3o que melhor atende \u00e0s suas necessidades. O processo de contrata\u00e7\u00e3o \u00e9 mais simples e \u00e1gil do que em planos empresariais. Al\u00e9m disso, o reajuste do plano depende da sinistralidade do grupo, o que pode resultar em aumentos mais equilibrados.<\/p>\n<p data-pm-slice=\"1 1 []\">\n<p data-pm-slice=\"1 1 []\"><img loading=\"lazy\" decoding=\"async\" class=\"alignnone wp-image-32244 size-full\" title=\"Quem pode contratar planos de Coletivo por Ades\u00e3o\" src=\"https:\/\/www.rotaseguros.com.br\/planosdesaude\/wp-content\/uploads\/2025\/03\/Quem-pode-contratar-planos-de-Coletivo-por-Adesao.png\" alt=\"Quem pode contratar planos de Coletivo por Ades\u00e3o\" width=\"800\" height=\"200\" srcset=\"https:\/\/www.rotaseguros.com.br\/planosdesaude\/wp-content\/uploads\/2025\/03\/Quem-pode-contratar-planos-de-Coletivo-por-Adesao.png 800w, https:\/\/www.rotaseguros.com.br\/planosdesaude\/wp-content\/uploads\/2025\/03\/Quem-pode-contratar-planos-de-Coletivo-por-Adesao-300x75.png 300w, https:\/\/www.rotaseguros.com.br\/planosdesaude\/wp-content\/uploads\/2025\/03\/Quem-pode-contratar-planos-de-Coletivo-por-Adesao-768x192.png 768w\" sizes=\"auto, (max-width: 800px) 100vw, 800px\" \/><\/p>\n<p data-pm-slice=\"1 1 []\">\n<p data-pm-slice=\"1 1 []\">\n<h2><span class=\"ez-toc-section\" id=\"Quem_pode_contratar_planos_de_Coletivo_por_Adesao\"><\/span>Quem pode contratar planos de Coletivo por Ades\u00e3o?<span class=\"ez-toc-section-end\"><\/span><\/h2>\n<p>&nbsp;<\/p>\n<p class=\"\" data-start=\"45\" data-end=\"410\">Os planos coletivos por ades\u00e3o s\u00e3o destinados a profissionais que possuem v\u00ednculo com uma entidade de classe, como sindicatos, conselhos profissionais e associa\u00e7\u00f5es. Isso significa que m\u00e9dicos, engenheiros, advogados, jornalistas, administradores e muitos outros profissionais podem ter acesso a esse tipo de plano, desde que fa\u00e7am parte de uma dessas institui\u00e7\u00f5es.<\/p>\n<p class=\"\" data-start=\"412\" data-end=\"654\">Estudantes tamb\u00e9m podem contratar, desde que a institui\u00e7\u00e3o de ensino tenha parceria com uma administradora de benef\u00edcios. Antes de aderir, \u00e9 essencial verificar se a entidade \u00e0 qual voc\u00ea est\u00e1 vinculado possui conv\u00eanio com operadoras de sa\u00fade.<\/p>\n<p class=\"\" data-start=\"656\" data-end=\"968\">As regras podem variar de acordo com a operadora ou administradora de benef\u00edcios, mas geralmente \u00e9 poss\u00edvel incluir dependentes, como c\u00f4njuges e filhos \u2014 inclusive crian\u00e7as. Por isso, \u00e9 importante conferir com aten\u00e7\u00e3o quais s\u00e3o os crit\u00e9rios de elegibilidade e quais documentos s\u00e3o necess\u00e1rios para a contrata\u00e7\u00e3o.<\/p>\n<p>&nbsp;<\/p>\n<p>&nbsp;<\/p>\n<p><img loading=\"lazy\" decoding=\"async\" class=\"alignnone wp-image-32245 size-full\" title=\"Vale a pena contratar um plano coletivo por ades\u00e3o\" src=\"https:\/\/www.rotaseguros.com.br\/planosdesaude\/wp-content\/uploads\/2025\/03\/Vale-a-pena-contratar-um-plano-coletivo-por-adesao.png\" alt=\"Vale a pena contratar um plano coletivo por ades\u00e3o\" width=\"800\" height=\"200\" srcset=\"https:\/\/www.rotaseguros.com.br\/planosdesaude\/wp-content\/uploads\/2025\/03\/Vale-a-pena-contratar-um-plano-coletivo-por-adesao.png 800w, https:\/\/www.rotaseguros.com.br\/planosdesaude\/wp-content\/uploads\/2025\/03\/Vale-a-pena-contratar-um-plano-coletivo-por-adesao-300x75.png 300w, https:\/\/www.rotaseguros.com.br\/planosdesaude\/wp-content\/uploads\/2025\/03\/Vale-a-pena-contratar-um-plano-coletivo-por-adesao-768x192.png 768w\" sizes=\"auto, (max-width: 800px) 100vw, 800px\" \/><\/p>\n<p>&nbsp;<\/p>\n<p>&nbsp;<\/p>\n<h2><span class=\"ez-toc-section\" id=\"Vale_a_pena_contratar_um_plano_coletivo_por_adesao\"><\/span>Vale a pena contratar um plano coletivo por ades\u00e3o?<span class=\"ez-toc-section-end\"><\/span><\/h2>\n<p>&nbsp;<\/p>\n<p>Se voc\u00ea busca um plano de sa\u00fade com mensalidades mais acess\u00edveis e uma boa variedade de op\u00e7\u00f5es de cobertura, essa pode ser uma excelente escolha. No entanto, \u00e9 essencial analisar as condi\u00e7\u00f5es do contrato, as regras de reajuste e a rede credenciada para garantir que ele realmente atenda suas necessidades.<\/p>\n<p>&nbsp;<\/p>\n<p>&nbsp;<\/p>\n<p><img loading=\"lazy\" decoding=\"async\" class=\"alignnone wp-image-32242 size-full\" title=\"Conte com a Rotas Seguros\" src=\"https:\/\/www.rotaseguros.com.br\/planosdesaude\/wp-content\/uploads\/2025\/03\/Conte-com-a-Rotas-Seguros.png\" alt=\"Conte com a Rotas Seguros\" width=\"800\" height=\"200\" srcset=\"https:\/\/www.rotaseguros.com.br\/planosdesaude\/wp-content\/uploads\/2025\/03\/Conte-com-a-Rotas-Seguros.png 800w, https:\/\/www.rotaseguros.com.br\/planosdesaude\/wp-content\/uploads\/2025\/03\/Conte-com-a-Rotas-Seguros-300x75.png 300w, https:\/\/www.rotaseguros.com.br\/planosdesaude\/wp-content\/uploads\/2025\/03\/Conte-com-a-Rotas-Seguros-768x192.png 768w\" sizes=\"auto, (max-width: 800px) 100vw, 800px\" \/><\/p>\n<p>&nbsp;<\/p>\n<p>&nbsp;<\/p>\n<h2 data-pm-slice=\"1 1 []\"><span class=\"ez-toc-section\" id=\"Conte_com_a_Rotas_Seguros\"><\/span>Conte com a Rotas Seguros<span class=\"ez-toc-section-end\"><\/span><\/h2>\n<p>&nbsp;<\/p>\n<p>A melhor forma de contratar um plano coletivo por ades\u00e3o \u00e9 atrav\u00e9s de uma corretora de seguros especializada, como a Rota Seguros. Nossa equipe pode te ajudar a encontrar o melhor plano, garantindo transpar\u00eancia e seguran\u00e7a em todo o processo.<\/p>\n<p>Entre em contato conosco e descubra as melhores op\u00e7\u00f5es de planos para voc\u00ea e sua fam\u00edlia!<\/p>\n<p>Belo Horizonte \u2013 MG:\u00a0<a href=\"https:\/\/www.rotaseguros.com.br\/index.html\">0800 024 24 24<\/a><\/p>\n<p>Colatina \u2013 ES:\u00a0<a href=\"https:\/\/www.rotaseguros.com.br\/colatina\/index.html\">(27) 3121-9393<\/a><\/p>\n<p>Londrina \u2013 PR:\u00a0<a href=\"https:\/\/www.rotaseguros.com.br\/londrina\/index.html\">(43) 3233-2096<\/a><\/p>\n<p>Uberl\u00e2ndia \u2013 MG:\u00a0<a href=\"https:\/\/www.rotaseguros.com.br\/uberlandia\/index.html\">(34) 3291-9300<\/a><\/p>\n<p>Cascavel \u2013 PR:\u00a0<a href=\"https:\/\/www.rotaseguros.com.br\/cascavel\/index.html\">(45) 2101-9406<\/a><\/p>\n<p>Curitiba \u2013 PR:\u00a0<a href=\"https:\/\/www.rotaseguros.com.br\/curitiba\/index.html\">(41) 3596-0365<\/a><\/p>\n<p>Maring\u00e1 \u2013 PR:\u00a0<a href=\"https:\/\/www.rotaseguros.com.br\/maringa\/index.html\">(44) 2103-6720<\/a><\/p>\n<p>Vit\u00f3ria \u2013 ES:\u00a0<a href=\"https:\/\/www.rotaseguros.com.br\/vitoria\/index.html\">(27) 2233-3020<\/a><\/p>\n<p>Caxias do Sul \u2013 RS:\u00a0<a href=\"https:\/\/www.rotaseguros.com.br\/caxias-do-sul\/index.html\">(54) 2991-8270<\/a><\/p>\n<p>Divin\u00f3polis \u2013 MG:\u00a0<a href=\"https:\/\/www.rotaseguros.com.br\/divinopolis\/index.html\">(37) 3511-3030<\/a><\/p>\n<p>Po\u00e7os de Caldas \u2013\u00a0<a href=\"https:\/\/www.rotaseguros.com.br\/pocos-de-caldas\/index.html\">MG: (35) 3713-2531<\/a><\/p>\n","protected":false},"excerpt":{"rendered":"<p><span class=\"span-reading-time rt-reading-time\" style=\"display: block;\"><span class=\"rt-label rt-prefix\">Reading Time: <\/span> <span class=\"rt-time\"> 4<\/span> <span class=\"rt-label rt-postfix\">minutes<\/span><\/span>&nbsp; Se voc\u00ea est\u00e1 buscando um plano de sa\u00fade e se deparou com a op\u00e7\u00e3o de Coletivos por Ades\u00e3o, \u00e9 normal ter d\u00favidas. Afinal, como ele funciona? Quais as vantagens? &#8230;<\/p>\n","protected":false},"author":36,"featured_media":32234,"comment_status":"open","ping_status":"open","sticky":false,"template":"","format":"standard","meta":{"_monsterinsights_skip_tracking":false,"_monsterinsights_sitenote_active":false,"_monsterinsights_sitenote_note":"","_monsterinsights_sitenote_category":0,"footnotes":"","_links_to":"","_links_to_target":""},"categories":[1005,27,33],"tags":[2128,54,3487,3485,3482,2822,41,1127,2502,3486],"class_list":["post-32233","post","type-post","status-publish","format-standard","has-post-thumbnail","hentry","category-saude","category-plano-de-saude","category-rota-seguros","tag-administradora-de-beneficios","tag-coletivo-por-adesao","tag-como-contratar-plano-de-saude","tag-entidade-de-classe","tag-operadora-de-saude","tag-plano-coletivo","tag-planos-de-saude","tag-saude","tag-seguro-saude","tag-vantagens-do-plano-de-saude"],"_links":{"self":[{"href":"https:\/\/www.rotaseguros.com.br\/planosdesaude\/wp-json\/wp\/v2\/posts\/32233","targetHints":{"allow":["GET"]}}],"collection":[{"href":"https:\/\/www.rotaseguros.com.br\/planosdesaude\/wp-json\/wp\/v2\/posts"}],"about":[{"href":"https:\/\/www.rotaseguros.com.br\/planosdesaude\/wp-json\/wp\/v2\/types\/post"}],"author":[{"embeddable":true,"href":"https:\/\/www.rotaseguros.com.br\/planosdesaude\/wp-json\/wp\/v2\/users\/36"}],"replies":[{"embeddable":true,"href":"https:\/\/www.rotaseguros.com.br\/planosdesaude\/wp-json\/wp\/v2\/comments?post=32233"}],"version-history":[{"count":1,"href":"https:\/\/www.rotaseguros.com.br\/planosdesaude\/wp-json\/wp\/v2\/posts\/32233\/revisions"}],"predecessor-version":[{"id":32439,"href":"https:\/\/www.rotaseguros.com.br\/planosdesaude\/wp-json\/wp\/v2\/posts\/32233\/revisions\/32439"}],"wp:featuredmedia":[{"embeddable":true,"href":"https:\/\/www.rotaseguros.com.br\/planosdesaude\/wp-json\/wp\/v2\/media\/32234"}],"wp:attachment":[{"href":"https:\/\/www.rotaseguros.com.br\/planosdesaude\/wp-json\/wp\/v2\/media?parent=32233"}],"wp:term":[{"taxonomy":"category","embeddable":true,"href":"https:\/\/www.rotaseguros.com.br\/planosdesaude\/wp-json\/wp\/v2\/categories?post=32233"},{"taxonomy":"post_tag","embeddable":true,"href":"https:\/\/www.rotaseguros.com.br\/planosdesaude\/wp-json\/wp\/v2\/tags?post=32233"}],"curies":[{"name":"wp","href":"https:\/\/api.w.org\/{rel}","templated":true}]}}