{"id":32259,"date":"2025-05-01T09:00:40","date_gmt":"2025-05-01T12:00:40","guid":{"rendered":"https:\/\/www.rotaseguros.com.br\/planosdesaude\/?p=32259"},"modified":"2025-05-01T15:13:59","modified_gmt":"2025-05-01T18:13:59","slug":"dia-do-trabalhador-e-a-saude","status":"publish","type":"post","link":"https:\/\/www.rotaseguros.com.br\/planosdesaude\/dia-do-trabalhador-e-a-saude\/","title":{"rendered":"Dia do Trabalhador: Sa\u00fade e bem-estar para quem move o mundo"},"content":{"rendered":"<span class=\"span-reading-time rt-reading-time\" style=\"display: block;\"><span class=\"rt-label rt-prefix\">Reading Time: <\/span> <span class=\"rt-time\"> 4<\/span> <span class=\"rt-label rt-postfix\">minutes<\/span><\/span><p data-pm-slice=\"1 1 []\">O Dia do Trabalhador, celebrado em 1\u00ba de maio, vai muito al\u00e9m de uma simples data comemorativa. Ele \u00e9 um reconhecimento \u00e0queles que, diariamente, movem a economia, impulsionam o progresso e garantem que a sociedade continue funcionando. No entanto, para que esse esfor\u00e7o cont\u00ednuo n\u00e3o se transforme em desgaste, um ponto essencial precisa ser destacado: a sa\u00fade do trabalhador.<\/p><div id=\"ez-toc-container\" class=\"ez-toc-v2_0_82_2 counter-flat ez-toc-counter ez-toc-grey ez-toc-container-direction\">\n<div class=\"ez-toc-title-container\">\n<p class=\"ez-toc-title\" style=\"cursor:inherit\">Aqui voc\u00ea encontra:<\/p>\n<span class=\"ez-toc-title-toggle\"><a href=\"#\" class=\"ez-toc-pull-right ez-toc-btn ez-toc-btn-xs ez-toc-btn-default ez-toc-toggle\" aria-label=\"Alternar tabela de conte\u00fado\"><span class=\"ez-toc-js-icon-con\"><span class=\"\"><span class=\"eztoc-hide\" style=\"display:none;\">Toggle<\/span><span class=\"ez-toc-icon-toggle-span\"><svg style=\"fill: #999;color:#999\" xmlns=\"http:\/\/www.w3.org\/2000\/svg\" class=\"list-377408\" width=\"20px\" height=\"20px\" viewBox=\"0 0 24 24\" fill=\"none\"><path d=\"M6 6H4v2h2V6zm14 0H8v2h12V6zM4 11h2v2H4v-2zm16 0H8v2h12v-2zM4 16h2v2H4v-2zm16 0H8v2h12v-2z\" fill=\"currentColor\"><\/path><\/svg><svg style=\"fill: #999;color:#999\" class=\"arrow-unsorted-368013\" xmlns=\"http:\/\/www.w3.org\/2000\/svg\" width=\"10px\" height=\"10px\" viewBox=\"0 0 24 24\" version=\"1.2\" baseProfile=\"tiny\"><path d=\"M18.2 9.3l-6.2-6.3-6.2 6.3c-.2.2-.3.4-.3.7s.1.5.3.7c.2.2.4.3.7.3h11c.3 0 .5-.1.7-.3.2-.2.3-.5.3-.7s-.1-.5-.3-.7zM5.8 14.7l6.2 6.3 6.2-6.3c.2-.2.3-.5.3-.7s-.1-.5-.3-.7c-.2-.2-.4-.3-.7-.3h-11c-.3 0-.5.1-.7.3-.2.2-.3.5-.3.7s.1.5.3.7z\"\/><\/svg><\/span><\/span><\/span><\/a><\/span><\/div>\n<nav><ul class='ez-toc-list ez-toc-list-level-1 ' ><li class='ez-toc-page-1'><a class=\"ez-toc-link ez-toc-heading-1\" href=\"https:\/\/www.rotaseguros.com.br\/planosdesaude\/dia-do-trabalhador-e-a-saude\/#Saude_e_qualidade_de_vida\" >Sa\u00fade e qualidade de vida<\/a><\/li><li class='ez-toc-page-1'><a class=\"ez-toc-link ez-toc-heading-2\" href=\"https:\/\/www.rotaseguros.com.br\/planosdesaude\/dia-do-trabalhador-e-a-saude\/#Pequenas_mudancas_grandes_resultados\" >Pequenas mudan\u00e7as, grandes resultados<\/a><\/li><li class='ez-toc-page-1'><a class=\"ez-toc-link ez-toc-heading-3\" href=\"https:\/\/www.rotaseguros.com.br\/planosdesaude\/dia-do-trabalhador-e-a-saude\/#Saude_mental\" >Sa\u00fade mental<\/a><\/li><li class='ez-toc-page-1'><a class=\"ez-toc-link ez-toc-heading-4\" href=\"https:\/\/www.rotaseguros.com.br\/planosdesaude\/dia-do-trabalhador-e-a-saude\/#Alimentacao_e_exercicio\" >Alimenta\u00e7\u00e3o e exerc\u00edcio<\/a><\/li><li class='ez-toc-page-1'><a class=\"ez-toc-link ez-toc-heading-5\" href=\"https:\/\/www.rotaseguros.com.br\/planosdesaude\/dia-do-trabalhador-e-a-saude\/#O_papel_das_empresas_na_saude_dos_colaboradores\" >O papel das empresas na sa\u00fade dos colaboradores<\/a><\/li><li class='ez-toc-page-1'><a class=\"ez-toc-link ez-toc-heading-6\" href=\"https:\/\/www.rotaseguros.com.br\/planosdesaude\/dia-do-trabalhador-e-a-saude\/#Cuidar_da_saude_e_valorizar_o_trabalho\" >Cuidar da sa\u00fade \u00e9 valorizar o trabalho<\/a><\/li><\/ul><\/nav><\/div>\n\n<p data-pm-slice=\"1 1 []\"><img loading=\"lazy\" decoding=\"async\" class=\"alignnone wp-image-32264 size-full\" title=\"Trabalho, sa\u00fade e qualidade de vida\" src=\"https:\/\/www.rotaseguros.com.br\/planosdesaude\/wp-content\/uploads\/2025\/04\/Trabalho-saude-e-qualidade-de-vida.png\" alt=\"Trabalho, sa\u00fade e qualidade de vida\" width=\"800\" height=\"200\" srcset=\"https:\/\/www.rotaseguros.com.br\/planosdesaude\/wp-content\/uploads\/2025\/04\/Trabalho-saude-e-qualidade-de-vida.png 800w, https:\/\/www.rotaseguros.com.br\/planosdesaude\/wp-content\/uploads\/2025\/04\/Trabalho-saude-e-qualidade-de-vida-300x75.png 300w, https:\/\/www.rotaseguros.com.br\/planosdesaude\/wp-content\/uploads\/2025\/04\/Trabalho-saude-e-qualidade-de-vida-768x192.png 768w\" sizes=\"auto, (max-width: 800px) 100vw, 800px\" \/><\/p>\n<h2><\/h2>\n<h2><span class=\"ez-toc-section\" id=\"Saude_e_qualidade_de_vida\"><\/span>Sa\u00fade e qualidade de vida<span class=\"ez-toc-section-end\"><\/span><\/h2>\n<p>&nbsp;<\/p>\n<p>O trabalho \u00e9 parte fundamental da vida de qualquer pessoa, mas quando a sa\u00fade \u00e9 negligenciada, o impacto \u00e9 inevit\u00e1vel. Problemas como estresse excessivo, dores musculares, ins\u00f4nia e at\u00e9 doen\u00e7as mais graves podem surgir, comprometendo n\u00e3o s\u00f3 a produtividade, mas tamb\u00e9m o bem-estar e a felicidade. Portanto, investir na sa\u00fade n\u00e3o \u00e9 um luxo, mas uma necessidade.<\/p>\n<p>&nbsp;<\/p>\n<p>&nbsp;<\/p>\n<p><img loading=\"lazy\" decoding=\"async\" class=\"alignnone wp-image-32266 size-full\" title=\"Trabalho_ Pequenas mudan\u00e7as, grandes resultados\" src=\"https:\/\/www.rotaseguros.com.br\/planosdesaude\/wp-content\/uploads\/2025\/04\/Trabalho_-Pequenas-mudancas-grandes-resultados.png\" alt=\"Trabalho_ Pequenas mudan\u00e7as, grandes resultados\" width=\"800\" height=\"200\" srcset=\"https:\/\/www.rotaseguros.com.br\/planosdesaude\/wp-content\/uploads\/2025\/04\/Trabalho_-Pequenas-mudancas-grandes-resultados.png 800w, https:\/\/www.rotaseguros.com.br\/planosdesaude\/wp-content\/uploads\/2025\/04\/Trabalho_-Pequenas-mudancas-grandes-resultados-300x75.png 300w, https:\/\/www.rotaseguros.com.br\/planosdesaude\/wp-content\/uploads\/2025\/04\/Trabalho_-Pequenas-mudancas-grandes-resultados-768x192.png 768w\" sizes=\"auto, (max-width: 800px) 100vw, 800px\" \/><\/p>\n<p>&nbsp;<\/p>\n<p>&nbsp;<\/p>\n<h2><span class=\"ez-toc-section\" id=\"Pequenas_mudancas_grandes_resultados\"><\/span>Pequenas mudan\u00e7as, grandes resultados<span class=\"ez-toc-section-end\"><\/span><\/h2>\n<p>&nbsp;<\/p>\n<p>Seja no escrit\u00f3rio, no ch\u00e3o de f\u00e1brica ou em atividades externas, a <a href=\"https:\/\/pt.wikipedia.org\/wiki\/Ergonomia\" target=\"_blank\" rel=\"noopener\">ergonomia<\/a> \u00e9 um fator essencial para prevenir les\u00f5es e aumentar o conforto durante a jornada de trabalho. Ajustar cadeiras, monitores e mesas para uma posi\u00e7\u00e3o correta pode evitar dores cr\u00f4nicas e melhorar a postura. Empresas que investem em ergonomia colhem benef\u00edcios tanto no desempenho dos funcion\u00e1rios quanto na redu\u00e7\u00e3o de afastamentos m\u00e9dicos.<\/p>\n<p>&nbsp;<\/p>\n<p>&nbsp;<\/p>\n<p><img loading=\"lazy\" decoding=\"async\" class=\"alignnone wp-image-32263 size-full\" title=\"Sa\u00fade mental no trabalho\" src=\"https:\/\/www.rotaseguros.com.br\/planosdesaude\/wp-content\/uploads\/2025\/04\/Saude-mental-no-trabalho.png\" alt=\"Sa\u00fade mental no trabalho\" width=\"800\" height=\"200\" srcset=\"https:\/\/www.rotaseguros.com.br\/planosdesaude\/wp-content\/uploads\/2025\/04\/Saude-mental-no-trabalho.png 800w, https:\/\/www.rotaseguros.com.br\/planosdesaude\/wp-content\/uploads\/2025\/04\/Saude-mental-no-trabalho-300x75.png 300w, https:\/\/www.rotaseguros.com.br\/planosdesaude\/wp-content\/uploads\/2025\/04\/Saude-mental-no-trabalho-768x192.png 768w\" sizes=\"auto, (max-width: 800px) 100vw, 800px\" \/><\/p>\n<p>&nbsp;<\/p>\n<p>&nbsp;<\/p>\n<h2><span class=\"ez-toc-section\" id=\"Saude_mental\"><\/span>Sa\u00fade mental<span class=\"ez-toc-section-end\"><\/span><\/h2>\n<p>&nbsp;<\/p>\n<p>O cansa\u00e7o mental pode ser t\u00e3o prejudicial quanto o f\u00edsico. Ansiedade, depress\u00e3o e s\u00edndrome de burnout s\u00e3o problemas cada vez mais comuns no ambiente profissional. Pausas durante o expediente, ambientes acolhedores e incentivo ao equil\u00edbrio entre vida pessoal e profissional s\u00e3o algumas das formas de preservar a sa\u00fade mental dos trabalhadores. Al\u00e9m disso, contar com apoio psicol\u00f3gico e um clima organizacional saud\u00e1vel faz toda a diferen\u00e7a.<\/p>\n<p>&nbsp;<\/p>\n<p>&nbsp;<\/p>\n<p><img loading=\"lazy\" decoding=\"async\" class=\"alignnone wp-image-32265 size-full\" title=\"Trabalho_ Alimenta\u00e7\u00e3o e exerc\u00edcio\" src=\"https:\/\/www.rotaseguros.com.br\/planosdesaude\/wp-content\/uploads\/2025\/04\/Trabalho_-Alimentacao-e-exercicio.png\" alt=\"\" width=\"800\" height=\"200\" srcset=\"https:\/\/www.rotaseguros.com.br\/planosdesaude\/wp-content\/uploads\/2025\/04\/Trabalho_-Alimentacao-e-exercicio.png 800w, https:\/\/www.rotaseguros.com.br\/planosdesaude\/wp-content\/uploads\/2025\/04\/Trabalho_-Alimentacao-e-exercicio-300x75.png 300w, https:\/\/www.rotaseguros.com.br\/planosdesaude\/wp-content\/uploads\/2025\/04\/Trabalho_-Alimentacao-e-exercicio-768x192.png 768w\" sizes=\"auto, (max-width: 800px) 100vw, 800px\" \/><\/p>\n<p>&nbsp;<\/p>\n<p>&nbsp;<\/p>\n<h2><span class=\"ez-toc-section\" id=\"Alimentacao_e_exercicio\"><\/span>Alimenta\u00e7\u00e3o e exerc\u00edcio<span class=\"ez-toc-section-end\"><\/span><\/h2>\n<p>&nbsp;<\/p>\n<p>A rotina corrida muitas vezes leva a escolhas alimentares pouco saud\u00e1veis. No entanto, optar por refei\u00e7\u00f5es equilibradas e nutritivas melhora a disposi\u00e7\u00e3o e a concentra\u00e7\u00e3o. Da mesma forma, a pr\u00e1tica regular de atividades f\u00edsicas ajuda a combater o sedentarismo, fortalece o sistema imunol\u00f3gico e reduz o risco de diversas doen\u00e7as. Pequenas mudan\u00e7as de h\u00e1bito, como trocar o elevador pela escada ou fazer caminhadas di\u00e1rias, j\u00e1 trazem benef\u00edcios significativos.<\/p>\n<p>&nbsp;<\/p>\n<p>&nbsp;<\/p>\n<p><img loading=\"lazy\" decoding=\"async\" class=\"alignnone wp-image-32262 size-full\" title=\"O papel das empresas na sa\u00fade dos colaboradores\" src=\"https:\/\/www.rotaseguros.com.br\/planosdesaude\/wp-content\/uploads\/2025\/04\/O-papel-das-empresas-na-saude-dos-colaboradores.png\" alt=\"O papel das empresas na sa\u00fade dos colaboradores\" width=\"800\" height=\"200\" srcset=\"https:\/\/www.rotaseguros.com.br\/planosdesaude\/wp-content\/uploads\/2025\/04\/O-papel-das-empresas-na-saude-dos-colaboradores.png 800w, https:\/\/www.rotaseguros.com.br\/planosdesaude\/wp-content\/uploads\/2025\/04\/O-papel-das-empresas-na-saude-dos-colaboradores-300x75.png 300w, https:\/\/www.rotaseguros.com.br\/planosdesaude\/wp-content\/uploads\/2025\/04\/O-papel-das-empresas-na-saude-dos-colaboradores-768x192.png 768w\" sizes=\"auto, (max-width: 800px) 100vw, 800px\" \/><\/p>\n<p>&nbsp;<\/p>\n<p>&nbsp;<\/p>\n<h2><span class=\"ez-toc-section\" id=\"O_papel_das_empresas_na_saude_dos_colaboradores\"><\/span>O papel das empresas na sa\u00fade dos colaboradores<span class=\"ez-toc-section-end\"><\/span><\/h2>\n<p>&nbsp;<\/p>\n<p data-pm-slice=\"1 1 []\">As organiza\u00e7\u00f5es desempenham um papel fundamental no cuidado com a sa\u00fade dos trabalhadores. Oferecer planos de sa\u00fade acess\u00edveis, promover campanhas de conscientiza\u00e7\u00e3o e incentivar h\u00e1bitos saud\u00e1veis s\u00e3o atitudes que n\u00e3o s\u00f3 melhoram a qualidade de vida dos funcion\u00e1rios, mas tamb\u00e9m aumentam o engajamento e a produtividade.<\/p>\n<p>Al\u00e9m disso, pol\u00edticas de trabalho flex\u00edvel e iniciativas voltadas para o bem-estar, como programas de sa\u00fade mental demonstram o compromisso da empresa com seus colaboradores. Afinal, um trabalhador saud\u00e1vel \u00e9 um trabalhador mais motivado e eficiente.<\/p>\n<p>&nbsp;<\/p>\n<p>&nbsp;<\/p>\n<p><img loading=\"lazy\" decoding=\"async\" class=\"alignnone wp-image-32261 size-full\" src=\"https:\/\/www.rotaseguros.com.br\/planosdesaude\/wp-content\/uploads\/2025\/04\/Cuidar-da-saude-e-valorizar-o-trabalho.png\" alt=\"Cuidar da sa\u00fade \u00e9 valorizar o trabalho\" width=\"800\" height=\"200\" srcset=\"https:\/\/www.rotaseguros.com.br\/planosdesaude\/wp-content\/uploads\/2025\/04\/Cuidar-da-saude-e-valorizar-o-trabalho.png 800w, https:\/\/www.rotaseguros.com.br\/planosdesaude\/wp-content\/uploads\/2025\/04\/Cuidar-da-saude-e-valorizar-o-trabalho-300x75.png 300w, https:\/\/www.rotaseguros.com.br\/planosdesaude\/wp-content\/uploads\/2025\/04\/Cuidar-da-saude-e-valorizar-o-trabalho-768x192.png 768w\" sizes=\"auto, (max-width: 800px) 100vw, 800px\" \/><\/p>\n<p>&nbsp;<\/p>\n<p>&nbsp;<\/p>\n<h2><span class=\"ez-toc-section\" id=\"Cuidar_da_saude_e_valorizar_o_trabalho\"><\/span>Cuidar da sa\u00fade \u00e9 valorizar o trabalho<span class=\"ez-toc-section-end\"><\/span><\/h2>\n<p>&nbsp;<\/p>\n<p data-pm-slice=\"1 1 []\">Neste Dia do Trabalhador, \u00e9 essencial refletir sobre o verdadeiro significado do trabalho: n\u00e3o apenas produzir, mas viver com qualidade. A sa\u00fade deve ser uma prioridade tanto para quem trabalha quanto para quem emprega. Afinal, quando o trabalhador est\u00e1 bem, toda a sociedade ganha.<\/p>\n<p>Portanto, aproveite esta data para reavaliar seus h\u00e1bitos, adotar mudan\u00e7as positivas e incentivar um ambiente de trabalho mais saud\u00e1vel. O futuro do trabalho depende de pessoas saud\u00e1veis, motivadas e valorizadas. Porque quem faz o mundo girar merece cuidado e respeito todos os dias!<\/p>\n<p>E se voc\u00ea deseja garantir um plano de sa\u00fade que ofere\u00e7a seguran\u00e7a e qualidade para sua equipe, a Rota Seguros pode te ajudar! Conte com as melhores op\u00e7\u00f5es para cuidar da sua sa\u00fade e da sa\u00fade de quem trabalha ao seu lado.<\/p>\n<p>&nbsp;<\/p>\n<p>Entre em contato e descubra como podemos transformar esse cuidado em realidade!<\/p>\n<p>Belo Horizonte \u2013 MG:\u00a0<a href=\"https:\/\/www.rotaseguros.com.br\/index.html\">0800 024 24 24<\/a><\/p>\n<p>Colatina \u2013 ES:\u00a0<a href=\"https:\/\/www.rotaseguros.com.br\/colatina\/index.html\">(27) 3121-9393<\/a><\/p>\n<p>Londrina \u2013 PR:\u00a0<a href=\"https:\/\/www.rotaseguros.com.br\/londrina\/index.html\">(43) 3233-2096<\/a><\/p>\n<p>Uberl\u00e2ndia \u2013 MG:\u00a0<a href=\"https:\/\/www.rotaseguros.com.br\/uberlandia\/index.html\">(34) 3291-9300<\/a><\/p>\n<p>Cascavel \u2013 PR:\u00a0<a href=\"https:\/\/www.rotaseguros.com.br\/cascavel\/index.html\">(45) 2101-9406<\/a><\/p>\n<p>Curitiba \u2013 PR:\u00a0<a href=\"https:\/\/www.rotaseguros.com.br\/curitiba\/index.html\">(41) 3596-0365<\/a><\/p>\n<p>Maring\u00e1 \u2013 PR:\u00a0<a href=\"https:\/\/www.rotaseguros.com.br\/maringa\/index.html\">(44) 2103-6720<\/a><\/p>\n<p>Vit\u00f3ria \u2013 ES:\u00a0<a href=\"https:\/\/www.rotaseguros.com.br\/vitoria\/index.html\">(27) 2233-3020<\/a><\/p>\n<p>Caxias do Sul \u2013 RS:\u00a0<a href=\"https:\/\/www.rotaseguros.com.br\/caxias-do-sul\/index.html\">(54) 2991-8270<\/a><\/p>\n<p>Divin\u00f3polis \u2013 MG:\u00a0<a href=\"https:\/\/www.rotaseguros.com.br\/divinopolis\/index.html\">(37) 3511-3030<\/a><\/p>\n<p>Po\u00e7os de Caldas \u2013\u00a0<a href=\"https:\/\/www.rotaseguros.com.br\/pocos-de-caldas\/index.html\">MG: (35) 3713-2531<\/a><\/p>\n","protected":false},"excerpt":{"rendered":"<p><span class=\"span-reading-time rt-reading-time\" style=\"display: block;\"><span class=\"rt-label rt-prefix\">Reading Time: <\/span> <span class=\"rt-time\"> 4<\/span> <span class=\"rt-label rt-postfix\">minutes<\/span><\/span>O Dia do Trabalhador, celebrado em 1\u00ba de maio, vai muito al\u00e9m de uma simples data comemorativa. Ele \u00e9 um reconhecimento \u00e0queles que, diariamente, movem a economia, impulsionam o progresso &#8230;<\/p>\n","protected":false},"author":36,"featured_media":32260,"comment_status":"open","ping_status":"open","sticky":false,"template":"","format":"standard","meta":{"_monsterinsights_skip_tracking":false,"_monsterinsights_sitenote_active":false,"_monsterinsights_sitenote_note":"","_monsterinsights_sitenote_category":0,"footnotes":"","_links_to":"","_links_to_target":""},"categories":[1005,6,33],"tags":[3300,1344,1129,686,1038,3491,3492,132,1235,48,693,3429],"class_list":["post-32259","post","type-post","status-publish","format-standard","has-post-thumbnail","hentry","category-saude","category-dicas","category-rota-seguros","tag-produtividade","tag-alimentacao-saudavel","tag-atividade-fisica","tag-bem-estar","tag-cuidados-com-a-saude","tag-dia-do-trabalhador","tag-ergonomia","tag-plano-de-saude","tag-qualidade-de-vida","tag-rota-seguros-2","tag-saude-mental","tag-saude-no-trabalho"],"_links":{"self":[{"href":"https:\/\/www.rotaseguros.com.br\/planosdesaude\/wp-json\/wp\/v2\/posts\/32259","targetHints":{"allow":["GET"]}}],"collection":[{"href":"https:\/\/www.rotaseguros.com.br\/planosdesaude\/wp-json\/wp\/v2\/posts"}],"about":[{"href":"https:\/\/www.rotaseguros.com.br\/planosdesaude\/wp-json\/wp\/v2\/types\/post"}],"author":[{"embeddable":true,"href":"https:\/\/www.rotaseguros.com.br\/planosdesaude\/wp-json\/wp\/v2\/users\/36"}],"replies":[{"embeddable":true,"href":"https:\/\/www.rotaseguros.com.br\/planosdesaude\/wp-json\/wp\/v2\/comments?post=32259"}],"version-history":[{"count":2,"href":"https:\/\/www.rotaseguros.com.br\/planosdesaude\/wp-json\/wp\/v2\/posts\/32259\/revisions"}],"predecessor-version":[{"id":32443,"href":"https:\/\/www.rotaseguros.com.br\/planosdesaude\/wp-json\/wp\/v2\/posts\/32259\/revisions\/32443"}],"wp:featuredmedia":[{"embeddable":true,"href":"https:\/\/www.rotaseguros.com.br\/planosdesaude\/wp-json\/wp\/v2\/media\/32260"}],"wp:attachment":[{"href":"https:\/\/www.rotaseguros.com.br\/planosdesaude\/wp-json\/wp\/v2\/media?parent=32259"}],"wp:term":[{"taxonomy":"category","embeddable":true,"href":"https:\/\/www.rotaseguros.com.br\/planosdesaude\/wp-json\/wp\/v2\/categories?post=32259"},{"taxonomy":"post_tag","embeddable":true,"href":"https:\/\/www.rotaseguros.com.br\/planosdesaude\/wp-json\/wp\/v2\/tags?post=32259"}],"curies":[{"name":"wp","href":"https:\/\/api.w.org\/{rel}","templated":true}]}}