{"id":32319,"date":"2025-05-06T09:21:05","date_gmt":"2025-05-06T12:21:05","guid":{"rendered":"https:\/\/www.rotaseguros.com.br\/planosdesaude\/?p=32319"},"modified":"2025-05-06T09:21:05","modified_gmt":"2025-05-06T12:21:05","slug":"meningite-conheca-os-sintomas-sequelas-e-tratamento","status":"publish","type":"post","link":"https:\/\/www.rotaseguros.com.br\/planosdesaude\/meningite-conheca-os-sintomas-sequelas-e-tratamento\/","title":{"rendered":"Meningite: conhe\u00e7a os sintomas, sequelas e tratamento"},"content":{"rendered":"<span class=\"span-reading-time rt-reading-time\" style=\"display: block;\"><span class=\"rt-label rt-prefix\">Reading Time: <\/span> <span class=\"rt-time\"> 4<\/span> <span class=\"rt-label rt-postfix\">minutes<\/span><\/span><p class=\"\" data-start=\"243\" data-end=\"344\"><strong>Voc\u00ea saberia reconhecer os sinais da meningite se algu\u00e9m pr\u00f3ximo a voc\u00ea estivesse com a doen\u00e7a?<\/strong><\/p><div id=\"ez-toc-container\" class=\"ez-toc-v2_0_82_2 counter-flat ez-toc-counter ez-toc-grey ez-toc-container-direction\">\n<div class=\"ez-toc-title-container\">\n<p class=\"ez-toc-title\" style=\"cursor:inherit\">Aqui voc\u00ea encontra:<\/p>\n<span class=\"ez-toc-title-toggle\"><a href=\"#\" class=\"ez-toc-pull-right ez-toc-btn ez-toc-btn-xs ez-toc-btn-default ez-toc-toggle\" aria-label=\"Alternar tabela de conte\u00fado\"><span class=\"ez-toc-js-icon-con\"><span class=\"\"><span class=\"eztoc-hide\" style=\"display:none;\">Toggle<\/span><span class=\"ez-toc-icon-toggle-span\"><svg style=\"fill: #999;color:#999\" xmlns=\"http:\/\/www.w3.org\/2000\/svg\" class=\"list-377408\" width=\"20px\" height=\"20px\" viewBox=\"0 0 24 24\" fill=\"none\"><path d=\"M6 6H4v2h2V6zm14 0H8v2h12V6zM4 11h2v2H4v-2zm16 0H8v2h12v-2zM4 16h2v2H4v-2zm16 0H8v2h12v-2z\" fill=\"currentColor\"><\/path><\/svg><svg style=\"fill: #999;color:#999\" class=\"arrow-unsorted-368013\" xmlns=\"http:\/\/www.w3.org\/2000\/svg\" width=\"10px\" height=\"10px\" viewBox=\"0 0 24 24\" version=\"1.2\" baseProfile=\"tiny\"><path d=\"M18.2 9.3l-6.2-6.3-6.2 6.3c-.2.2-.3.4-.3.7s.1.5.3.7c.2.2.4.3.7.3h11c.3 0 .5-.1.7-.3.2-.2.3-.5.3-.7s-.1-.5-.3-.7zM5.8 14.7l6.2 6.3 6.2-6.3c.2-.2.3-.5.3-.7s-.1-.5-.3-.7c-.2-.2-.4-.3-.7-.3h-11c-.3 0-.5.1-.7.3-.2.2-.3.5-.3.7s.1.5.3.7z\"\/><\/svg><\/span><\/span><\/span><\/a><\/span><\/div>\n<nav><ul class='ez-toc-list ez-toc-list-level-1 ' ><li class='ez-toc-page-1'><a class=\"ez-toc-link ez-toc-heading-1\" href=\"https:\/\/www.rotaseguros.com.br\/planosdesaude\/meningite-conheca-os-sintomas-sequelas-e-tratamento\/#O_que_e_a_meningite\" >O que \u00e9 a meningite?<\/a><\/li><li class='ez-toc-page-1'><a class=\"ez-toc-link ez-toc-heading-2\" href=\"https:\/\/www.rotaseguros.com.br\/planosdesaude\/meningite-conheca-os-sintomas-sequelas-e-tratamento\/#Quais_sao_os_sintomas\" >Quais s\u00e3o os sintomas?<\/a><\/li><li class='ez-toc-page-1'><a class=\"ez-toc-link ez-toc-heading-3\" href=\"https:\/\/www.rotaseguros.com.br\/planosdesaude\/meningite-conheca-os-sintomas-sequelas-e-tratamento\/#Quais_sao_as_sequelas_da_meningite\" >Quais s\u00e3o as sequelas da meningite?<\/a><\/li><li class='ez-toc-page-1'><a class=\"ez-toc-link ez-toc-heading-4\" href=\"https:\/\/www.rotaseguros.com.br\/planosdesaude\/meningite-conheca-os-sintomas-sequelas-e-tratamento\/#Como_e_feito_o_tratamento\" >Como \u00e9 feito o tratamento?<\/a><\/li><li class='ez-toc-page-1'><a class=\"ez-toc-link ez-toc-heading-5\" href=\"https:\/\/www.rotaseguros.com.br\/planosdesaude\/meningite-conheca-os-sintomas-sequelas-e-tratamento\/#E_possivel_prevenir\" >\u00c9 poss\u00edvel prevenir?<\/a><\/li><li class='ez-toc-page-1'><a class=\"ez-toc-link ez-toc-heading-6\" href=\"https:\/\/www.rotaseguros.com.br\/planosdesaude\/meningite-conheca-os-sintomas-sequelas-e-tratamento\/#Por_que_falar_sobre_isso\" >Por que falar sobre isso?<\/a><\/li><\/ul><\/nav><\/div>\n\n<p class=\"\" data-start=\"346\" data-end=\"663\">Essa \u00e9 uma pergunta essencial e a resposta pode salvar vidas. A meningite \u00e9 uma condi\u00e7\u00e3o grave que exige aten\u00e7\u00e3o imediata. Ela pode evoluir rapidamente, deixando sequelas permanentes ou at\u00e9 levando \u00e0 morte. No entanto, quando diagnosticada e tratada a tempo, \u00e9 poss\u00edvel evitar complica\u00e7\u00f5es e garantir a recupera\u00e7\u00e3o.<\/p>\n<p class=\"\" data-start=\"665\" data-end=\"854\">Neste artigo, voc\u00ea vai entender os principais sintomas, as poss\u00edveis sequelas e como funciona o tratamento da meningite. Informa\u00e7\u00e3o \u00e9 um passo importante na preven\u00e7\u00e3o. Vamos l\u00e1?<\/p>\n<p data-start=\"665\" data-end=\"854\">\n<p data-start=\"665\" data-end=\"854\"><img loading=\"lazy\" decoding=\"async\" class=\"alignnone wp-image-32321 size-full\" title=\"O que \u00e9 a meningite\" src=\"https:\/\/www.rotaseguros.com.br\/planosdesaude\/wp-content\/uploads\/2025\/04\/O-que-e-a-meningite.png\" alt=\"O que \u00e9 a meningite\" width=\"800\" height=\"200\" srcset=\"https:\/\/www.rotaseguros.com.br\/planosdesaude\/wp-content\/uploads\/2025\/04\/O-que-e-a-meningite.png 800w, https:\/\/www.rotaseguros.com.br\/planosdesaude\/wp-content\/uploads\/2025\/04\/O-que-e-a-meningite-300x75.png 300w, https:\/\/www.rotaseguros.com.br\/planosdesaude\/wp-content\/uploads\/2025\/04\/O-que-e-a-meningite-768x192.png 768w\" sizes=\"auto, (max-width: 800px) 100vw, 800px\" \/><\/p>\n<p data-start=\"665\" data-end=\"854\">\n<h2 data-start=\"156\" data-end=\"399\"><span class=\"ez-toc-section\" id=\"O_que_e_a_meningite\"><\/span>O que \u00e9 a meningite?<span class=\"ez-toc-section-end\"><\/span><\/h2>\n<p>&nbsp;<\/p>\n<p class=\"\" data-start=\"156\" data-end=\"399\">A meningite \u00e9 uma inflama\u00e7\u00e3o das meninges, membranas que envolvem e protegem o c\u00e9rebro e a medula espinhal. A doen\u00e7a pode ser causada por v\u00edrus, bact\u00e9rias, fungos ou, em casos mais raros, por rea\u00e7\u00f5es autoimunes. Conhe\u00e7a as formas mais comuns:<\/p>\n<ul data-start=\"401\" data-end=\"809\">\n<li class=\"\" data-start=\"401\" data-end=\"531\">\n<p class=\"\" data-start=\"403\" data-end=\"531\"><strong data-start=\"403\" data-end=\"423\">Meningite viral:<\/strong> costuma ser mais leve, com sintomas semelhantes aos da gripe, e tem boa recupera\u00e7\u00e3o na maioria dos casos.<\/p>\n<\/li>\n<li class=\"\" data-start=\"532\" data-end=\"676\">\n<p class=\"\" data-start=\"534\" data-end=\"676\"><strong data-start=\"534\" data-end=\"559\">Meningite bacteriana:<\/strong> \u00e9 a forma mais grave e requer atendimento m\u00e9dico imediato, pois pode causar sequelas permanentes ou levar \u00e0 morte.<\/p>\n<\/li>\n<li class=\"\" data-start=\"677\" data-end=\"809\">\n<p class=\"\" data-start=\"679\" data-end=\"809\"><strong data-start=\"679\" data-end=\"701\">Meningite f\u00fangica:<\/strong> menos comum, geralmente afeta pessoas com o sistema imunol\u00f3gico enfraquecido e exige tratamento prolongado.<\/p>\n<\/li>\n<\/ul>\n<p class=\"\" data-start=\"811\" data-end=\"916\">Independentemente do tipo, reconhecer os sintomas e agir r\u00e1pido faz toda a diferen\u00e7a no combate \u00e0 doen\u00e7a.<\/p>\n<h2><\/h2>\n<p>&nbsp;<\/p>\n<p><img loading=\"lazy\" decoding=\"async\" class=\"alignnone wp-image-32322 size-full\" title=\"Quais s\u00e3o os sintomas de meningite\" src=\"https:\/\/www.rotaseguros.com.br\/planosdesaude\/wp-content\/uploads\/2025\/04\/Quais-sao-os-sintomas-de-meningite.png\" alt=\"Quais s\u00e3o os sintomas de meningite\" width=\"800\" height=\"200\" srcset=\"https:\/\/www.rotaseguros.com.br\/planosdesaude\/wp-content\/uploads\/2025\/04\/Quais-sao-os-sintomas-de-meningite.png 800w, https:\/\/www.rotaseguros.com.br\/planosdesaude\/wp-content\/uploads\/2025\/04\/Quais-sao-os-sintomas-de-meningite-300x75.png 300w, https:\/\/www.rotaseguros.com.br\/planosdesaude\/wp-content\/uploads\/2025\/04\/Quais-sao-os-sintomas-de-meningite-768x192.png 768w\" sizes=\"auto, (max-width: 800px) 100vw, 800px\" \/><\/p>\n<p>&nbsp;<\/p>\n<p>&nbsp;<\/p>\n<h2><span class=\"ez-toc-section\" id=\"Quais_sao_os_sintomas\"><\/span>Quais s\u00e3o os sintomas?<span class=\"ez-toc-section-end\"><\/span><\/h2>\n<p>&nbsp;<\/p>\n<p>Os sintomas da meningite podem surgir de forma repentina e evoluir rapidamente, tornando essencial reconhecer os sinais desde os primeiros momentos. Em geral, o quadro se agrava em poucas horas, exigindo aten\u00e7\u00e3o imediata. Fique atento:<\/p>\n<ul>\n<li>Febre alta de in\u00edcio s\u00fabito<\/li>\n<li>Dor de cabe\u00e7a intensa e persistente<\/li>\n<li>N\u00e1useas acompanhadas de v\u00f4mitos<\/li>\n<li>Rigidez na nuca, com dificuldade de movimentar o pesco\u00e7o<\/li>\n<li>Sensibilidade exagerada \u00e0 luz (fotofobia)<\/li>\n<li>Confus\u00e3o mental e desorienta\u00e7\u00e3o<\/li>\n<li>Sonol\u00eancia excessiva ou dificuldade para despertar<\/li>\n<li>Convuls\u00f5es, especialmente nos casos mais graves<\/li>\n<li>Manchas roxas na pele, sinal de septicemia em meningites bacterianas<\/li>\n<\/ul>\n<p>Al\u00e9m disso, em beb\u00eas e crian\u00e7as pequenas, os sintomas podem ser mais discretos. Nesses casos, \u00e9 importante observar sinais como irritabilidade constante, choro agudo e inconsol\u00e1vel, moleira elevada (fontanela tensa) e recusa para se alimentar.<\/p>\n<p>Quanto mais r\u00e1pido o diagn\u00f3stico, maiores as chances de recupera\u00e7\u00e3o sem complica\u00e7\u00f5es. Por isso, diante de qualquer suspeita, procure atendimento m\u00e9dico imediatamente.<\/p>\n<p>&nbsp;<\/p>\n<p>&nbsp;<\/p>\n<p><img loading=\"lazy\" decoding=\"async\" class=\"alignnone wp-image-32323 size-full\" title=\"Quais s\u00e3o as sequelas da meningite\" src=\"https:\/\/www.rotaseguros.com.br\/planosdesaude\/wp-content\/uploads\/2025\/04\/Quais-sao-as-sequelas-da-meningite.png\" alt=\"Quais s\u00e3o as sequelas da meningite\" width=\"800\" height=\"200\" srcset=\"https:\/\/www.rotaseguros.com.br\/planosdesaude\/wp-content\/uploads\/2025\/04\/Quais-sao-as-sequelas-da-meningite.png 800w, https:\/\/www.rotaseguros.com.br\/planosdesaude\/wp-content\/uploads\/2025\/04\/Quais-sao-as-sequelas-da-meningite-300x75.png 300w, https:\/\/www.rotaseguros.com.br\/planosdesaude\/wp-content\/uploads\/2025\/04\/Quais-sao-as-sequelas-da-meningite-768x192.png 768w\" sizes=\"auto, (max-width: 800px) 100vw, 800px\" \/><\/p>\n<p>&nbsp;<\/p>\n<p>&nbsp;<\/p>\n<h2><span class=\"ez-toc-section\" id=\"Quais_sao_as_sequelas_da_meningite\"><\/span>Quais s\u00e3o as sequelas da meningite?<span class=\"ez-toc-section-end\"><\/span><\/h2>\n<p>&nbsp;<\/p>\n<p>Quando o tratamento n\u00e3o \u00e9 iniciado a tempo, a meningite \u2014 principalmente a do tipo bacteriano \u2014 pode deixar sequelas graves e, muitas vezes, irrevers\u00edveis. Entre as consequ\u00eancias mais comuns est\u00e3o a perda auditiva, dificuldades motoras, comprometimento cognitivo, crises convulsivas recorrentes, problemas de vis\u00e3o e at\u00e9 paralisias.<\/p>\n<p>Essas complica\u00e7\u00f5es podem impactar significativamente a qualidade de vida do paciente, refor\u00e7ando a import\u00e2ncia de agir com rapidez diante dos primeiros sintomas. O diagn\u00f3stico precoce e o in\u00edcio imediato do tratamento s\u00e3o fundamentais para reduzir os riscos e evitar danos permanentes.<\/p>\n<p>&nbsp;<\/p>\n<p>&nbsp;<\/p>\n<p><img loading=\"lazy\" decoding=\"async\" class=\"alignnone wp-image-32324 size-full\" title=\"Como \u00e9 feito o tratamento para meningite\" src=\"https:\/\/www.rotaseguros.com.br\/planosdesaude\/wp-content\/uploads\/2025\/04\/Como-e-feito-o-tratamento-para-meningite.png\" alt=\"Como \u00e9 feito o tratamento para meningite\" width=\"800\" height=\"200\" srcset=\"https:\/\/www.rotaseguros.com.br\/planosdesaude\/wp-content\/uploads\/2025\/04\/Como-e-feito-o-tratamento-para-meningite.png 800w, https:\/\/www.rotaseguros.com.br\/planosdesaude\/wp-content\/uploads\/2025\/04\/Como-e-feito-o-tratamento-para-meningite-300x75.png 300w, https:\/\/www.rotaseguros.com.br\/planosdesaude\/wp-content\/uploads\/2025\/04\/Como-e-feito-o-tratamento-para-meningite-768x192.png 768w\" sizes=\"auto, (max-width: 800px) 100vw, 800px\" \/><\/p>\n<p>&nbsp;<\/p>\n<p>&nbsp;<\/p>\n<h2><span class=\"ez-toc-section\" id=\"Como_e_feito_o_tratamento\"><\/span>Como \u00e9 feito o tratamento?<span class=\"ez-toc-section-end\"><\/span><\/h2>\n<p>&nbsp;<\/p>\n<p>O tratamento da meningite varia de acordo com o tipo e a gravidade da infec\u00e7\u00e3o, sendo fundamental iniciar o cuidado o mais r\u00e1pido poss\u00edvel para evitar complica\u00e7\u00f5es.<\/p>\n<ul>\n<li><strong>Meningite viral:<\/strong> geralmente apresenta evolu\u00e7\u00e3o mais leve e n\u00e3o exige interna\u00e7\u00e3o. O tratamento \u00e9 feito com repouso, boa hidrata\u00e7\u00e3o, alimenta\u00e7\u00e3o equilibrada e uso de medicamentos para aliviar sintomas como febre, dor de cabe\u00e7a e mal-estar. Em poucos dias, o organismo costuma combater o v\u00edrus naturalmente.<\/li>\n<li><strong>Meningite bacteriana:<\/strong> \u00e9 considerada uma emerg\u00eancia m\u00e9dica e requer interna\u00e7\u00e3o imediata. O tratamento envolve o uso de antibi\u00f3ticos potentes, administrados por via intravenosa. Em alguns casos, tamb\u00e9m podem ser utilizados corticoides para reduzir a inflama\u00e7\u00e3o e o risco de sequelas neurol\u00f3gicas. Quanto mais r\u00e1pido o in\u00edcio do tratamento, melhores as chances de recupera\u00e7\u00e3o completa.<\/li>\n<li><strong>Meningite f\u00fangica:<\/strong> embora mais rara, precisa de aten\u00e7\u00e3o especial. O tratamento exige antif\u00fangicos espec\u00edficos, muitas vezes aplicados na veia, e costuma ser mais prolongado. Esse tipo de meningite \u00e9 mais comum em pessoas com o sistema imunol\u00f3gico enfraquecido, como pacientes com HIV ou em tratamento oncol\u00f3gico.<\/li>\n<\/ul>\n<p>Al\u00e9m disso, ap\u00f3s a alta hospitalar, o acompanhamento m\u00e9dico \u00e9 essencial para monitorar a recupera\u00e7\u00e3o e identificar precocemente qualquer sequela, como altera\u00e7\u00f5es motoras, cognitivas ou sensoriais, garantindo uma reabilita\u00e7\u00e3o adequada, quando necess\u00e1ria.<\/p>\n<p>&nbsp;<\/p>\n<p>&nbsp;<\/p>\n<p><img loading=\"lazy\" decoding=\"async\" class=\"alignnone wp-image-32325 size-full\" title=\"\u00c9 poss\u00edvel prevenir a meningite\" src=\"https:\/\/www.rotaseguros.com.br\/planosdesaude\/wp-content\/uploads\/2025\/04\/E-possivel-prevenir-a-meningite.png\" alt=\"\u00c9 poss\u00edvel prevenir a meningite\" width=\"800\" height=\"200\" srcset=\"https:\/\/www.rotaseguros.com.br\/planosdesaude\/wp-content\/uploads\/2025\/04\/E-possivel-prevenir-a-meningite.png 800w, https:\/\/www.rotaseguros.com.br\/planosdesaude\/wp-content\/uploads\/2025\/04\/E-possivel-prevenir-a-meningite-300x75.png 300w, https:\/\/www.rotaseguros.com.br\/planosdesaude\/wp-content\/uploads\/2025\/04\/E-possivel-prevenir-a-meningite-768x192.png 768w\" sizes=\"auto, (max-width: 800px) 100vw, 800px\" \/><\/p>\n<h2><\/h2>\n<p>&nbsp;<\/p>\n<h2><span class=\"ez-toc-section\" id=\"E_possivel_prevenir\"><\/span>\u00c9 poss\u00edvel prevenir?<span class=\"ez-toc-section-end\"><\/span><\/h2>\n<p>&nbsp;<\/p>\n<p>Sim, \u00e9 poss\u00edvel prevenir a meningite, e isso faz toda a diferen\u00e7a, principalmente nos casos mais graves. A vacina\u00e7\u00e3o continua sendo a principal forma de prote\u00e7\u00e3o, especialmente contra as meningites bacterianas, como aquelas causadas pelo meningococo, pneumococo e <a href=\"https:\/\/pt.wikipedia.org\/wiki\/Haemophilus_influenzae\" target=\"_blank\" rel=\"noopener\">Haemophilus influenzae<\/a>. Manter a caderneta de vacina\u00e7\u00e3o em dia, desde a inf\u00e2ncia at\u00e9 a vida adulta, \u00e9 uma medida essencial.<\/p>\n<p>Al\u00e9m disso, adotar h\u00e1bitos simples de higiene, como lavar bem as m\u00e3os e evitar o compartilhamento de objetos pessoais, tamb\u00e9m contribui para reduzir o risco de infec\u00e7\u00e3o. E, claro, estar atento aos sinais da doen\u00e7a \u00e9 indispens\u00e1vel: quanto mais r\u00e1pido o diagn\u00f3stico, menores as chances de complica\u00e7\u00f5es. Prevenir \u00e9 sempre o melhor caminho.<\/p>\n<p>&nbsp;<\/p>\n<p>&nbsp;<\/p>\n<p><img loading=\"lazy\" decoding=\"async\" class=\"alignnone wp-image-32326 size-full\" title=\"Por que falar sobre isso\" src=\"https:\/\/www.rotaseguros.com.br\/planosdesaude\/wp-content\/uploads\/2025\/04\/Por-que-falar-sobre-isso.png\" alt=\"Por que falar sobre isso\" width=\"800\" height=\"200\" srcset=\"https:\/\/www.rotaseguros.com.br\/planosdesaude\/wp-content\/uploads\/2025\/04\/Por-que-falar-sobre-isso.png 800w, https:\/\/www.rotaseguros.com.br\/planosdesaude\/wp-content\/uploads\/2025\/04\/Por-que-falar-sobre-isso-300x75.png 300w, https:\/\/www.rotaseguros.com.br\/planosdesaude\/wp-content\/uploads\/2025\/04\/Por-que-falar-sobre-isso-768x192.png 768w\" sizes=\"auto, (max-width: 800px) 100vw, 800px\" \/><\/p>\n<p>&nbsp;<\/p>\n<p>&nbsp;<\/p>\n<h2 class=\"\" data-start=\"3450\" data-end=\"3478\"><span class=\"ez-toc-section\" id=\"Por_que_falar_sobre_isso\"><\/span>Por que falar sobre isso?<span class=\"ez-toc-section-end\"><\/span><\/h2>\n<p>&nbsp;<\/p>\n<p class=\"\" data-start=\"3480\" data-end=\"3666\">Porque a meningite ainda \u00e9 uma realidade que assusta. Embora trat\u00e1vel, ela pode deixar marcas para a vida toda\u00a0 e em muitos casos, poderia ter sido evitada com informa\u00e7\u00e3o e preven\u00e7\u00e3o.<\/p>\n<p class=\"\" data-start=\"3668\" data-end=\"3973\">Na <a href=\"http:\/\/rotaseguros.com.br\/filiais\/\">Rota Seguros<\/a>, acreditamos que cuidar da sa\u00fade tamb\u00e9m \u00e9 compartilhar conhecimento. E \u00e9 por isso que falamos sobre temas que impactam a vida de tantas fam\u00edlias. Com o plano de sa\u00fade certo, voc\u00ea e quem voc\u00ea ama t\u00eam acesso r\u00e1pido a m\u00e9dicos, exames e interna\u00e7\u00f5es, algo essencial em situa\u00e7\u00f5es como essa.<\/p>\n<p>Leia tamb\u00e9m este texto: <a href=\"https:\/\/www.rotaseguros.com.br\/planosdesaude\/poliomielite-quais-os-riscos-em-nao-vacinar-o-seu-filho\/\">Poliomielite \u2013 Quais os riscos em n\u00e3o vacinar o seu filho?<\/a><\/p>\n","protected":false},"excerpt":{"rendered":"<p><span class=\"span-reading-time rt-reading-time\" style=\"display: block;\"><span class=\"rt-label rt-prefix\">Reading Time: <\/span> <span class=\"rt-time\"> 4<\/span> <span class=\"rt-label rt-postfix\">minutes<\/span><\/span>Voc\u00ea saberia reconhecer os sinais da meningite se algu\u00e9m pr\u00f3ximo a voc\u00ea estivesse com a doen\u00e7a? Essa \u00e9 uma pergunta essencial e a resposta pode salvar vidas. A meningite \u00e9 &#8230;<\/p>\n","protected":false},"author":36,"featured_media":32320,"comment_status":"open","ping_status":"open","sticky":false,"template":"","format":"standard","meta":{"_monsterinsights_skip_tracking":false,"_monsterinsights_sitenote_active":false,"_monsterinsights_sitenote_note":"","_monsterinsights_sitenote_category":0,"footnotes":"","_links_to":"","_links_to_target":""},"categories":[1005,6,27],"tags":[3514,3506,3509,3511,3510,3512,48,1127,3507,3515,3508,3513],"class_list":["post-32319","post","type-post","status-publish","format-standard","has-post-thumbnail","hentry","category-saude","category-dicas","category-plano-de-saude","tag-doencas-infecciosas","tag-meningite","tag-meningite-bacteriana","tag-meningite-fungica","tag-meningite-viral","tag-prevencao-da-meningite","tag-rota-seguros-2","tag-saude","tag-sintomas-da-meningite","tag-sistema-nervoso","tag-tratamento-da-meningite","tag-vacinas"],"_links":{"self":[{"href":"https:\/\/www.rotaseguros.com.br\/planosdesaude\/wp-json\/wp\/v2\/posts\/32319","targetHints":{"allow":["GET"]}}],"collection":[{"href":"https:\/\/www.rotaseguros.com.br\/planosdesaude\/wp-json\/wp\/v2\/posts"}],"about":[{"href":"https:\/\/www.rotaseguros.com.br\/planosdesaude\/wp-json\/wp\/v2\/types\/post"}],"author":[{"embeddable":true,"href":"https:\/\/www.rotaseguros.com.br\/planosdesaude\/wp-json\/wp\/v2\/users\/36"}],"replies":[{"embeddable":true,"href":"https:\/\/www.rotaseguros.com.br\/planosdesaude\/wp-json\/wp\/v2\/comments?post=32319"}],"version-history":[{"count":2,"href":"https:\/\/www.rotaseguros.com.br\/planosdesaude\/wp-json\/wp\/v2\/posts\/32319\/revisions"}],"predecessor-version":[{"id":32496,"href":"https:\/\/www.rotaseguros.com.br\/planosdesaude\/wp-json\/wp\/v2\/posts\/32319\/revisions\/32496"}],"wp:featuredmedia":[{"embeddable":true,"href":"https:\/\/www.rotaseguros.com.br\/planosdesaude\/wp-json\/wp\/v2\/media\/32320"}],"wp:attachment":[{"href":"https:\/\/www.rotaseguros.com.br\/planosdesaude\/wp-json\/wp\/v2\/media?parent=32319"}],"wp:term":[{"taxonomy":"category","embeddable":true,"href":"https:\/\/www.rotaseguros.com.br\/planosdesaude\/wp-json\/wp\/v2\/categories?post=32319"},{"taxonomy":"post_tag","embeddable":true,"href":"https:\/\/www.rotaseguros.com.br\/planosdesaude\/wp-json\/wp\/v2\/tags?post=32319"}],"curies":[{"name":"wp","href":"https:\/\/api.w.org\/{rel}","templated":true}]}}