{"id":32535,"date":"2025-06-13T11:25:07","date_gmt":"2025-06-13T14:25:07","guid":{"rendered":"https:\/\/www.rotaseguros.com.br\/planosdesaude\/?p=32535"},"modified":"2025-06-13T11:25:07","modified_gmt":"2025-06-13T14:25:07","slug":"albinismo-entenda-tudo-sobre","status":"publish","type":"post","link":"https:\/\/www.rotaseguros.com.br\/planosdesaude\/albinismo-entenda-tudo-sobre\/","title":{"rendered":"Albinismo: entenda tudo sobre essa condi\u00e7\u00e3o gen\u00e9tica"},"content":{"rendered":"<span class=\"span-reading-time rt-reading-time\" style=\"display: block;\"><span class=\"rt-label rt-prefix\">Reading Time: <\/span> <span class=\"rt-time\"> 4<\/span> <span class=\"rt-label rt-postfix\">minutes<\/span><\/span><p>Voc\u00ea j\u00e1 se perguntou por que algumas pessoas t\u00eam a pele, os cabelos e os olhos extremamente claros? Ou por que algumas delas usam \u00f3culos escuros mesmo em dias nublados? Talvez voc\u00ea j\u00e1 tenha cruzado com algu\u00e9m albino, mas n\u00e3o saiba exatamente o que essa condi\u00e7\u00e3o significa.<\/p><div id=\"ez-toc-container\" class=\"ez-toc-v2_0_82_2 counter-flat ez-toc-counter ez-toc-grey ez-toc-container-direction\">\n<div class=\"ez-toc-title-container\">\n<p class=\"ez-toc-title\" style=\"cursor:inherit\">Aqui voc\u00ea encontra:<\/p>\n<span class=\"ez-toc-title-toggle\"><a href=\"#\" class=\"ez-toc-pull-right ez-toc-btn ez-toc-btn-xs ez-toc-btn-default ez-toc-toggle\" aria-label=\"Alternar tabela de conte\u00fado\"><span class=\"ez-toc-js-icon-con\"><span class=\"\"><span class=\"eztoc-hide\" style=\"display:none;\">Toggle<\/span><span class=\"ez-toc-icon-toggle-span\"><svg style=\"fill: #999;color:#999\" xmlns=\"http:\/\/www.w3.org\/2000\/svg\" class=\"list-377408\" width=\"20px\" height=\"20px\" viewBox=\"0 0 24 24\" fill=\"none\"><path d=\"M6 6H4v2h2V6zm14 0H8v2h12V6zM4 11h2v2H4v-2zm16 0H8v2h12v-2zM4 16h2v2H4v-2zm16 0H8v2h12v-2z\" fill=\"currentColor\"><\/path><\/svg><svg style=\"fill: #999;color:#999\" class=\"arrow-unsorted-368013\" xmlns=\"http:\/\/www.w3.org\/2000\/svg\" width=\"10px\" height=\"10px\" viewBox=\"0 0 24 24\" version=\"1.2\" baseProfile=\"tiny\"><path d=\"M18.2 9.3l-6.2-6.3-6.2 6.3c-.2.2-.3.4-.3.7s.1.5.3.7c.2.2.4.3.7.3h11c.3 0 .5-.1.7-.3.2-.2.3-.5.3-.7s-.1-.5-.3-.7zM5.8 14.7l6.2 6.3 6.2-6.3c.2-.2.3-.5.3-.7s-.1-.5-.3-.7c-.2-.2-.4-.3-.7-.3h-11c-.3 0-.5.1-.7.3-.2.2-.3.5-.3.7s.1.5.3.7z\"\/><\/svg><\/span><\/span><\/span><\/a><\/span><\/div>\n<nav><ul class='ez-toc-list ez-toc-list-level-1 ' ><li class='ez-toc-page-1'><a class=\"ez-toc-link ez-toc-heading-1\" href=\"https:\/\/www.rotaseguros.com.br\/planosdesaude\/albinismo-entenda-tudo-sobre\/#O_que_e_afinal_o_albinismo\" >O que \u00e9, afinal, o albinismo?<\/a><\/li><li class='ez-toc-page-1'><a class=\"ez-toc-link ez-toc-heading-2\" href=\"https:\/\/www.rotaseguros.com.br\/planosdesaude\/albinismo-entenda-tudo-sobre\/#Quais_sao_os_tipos\" >Quais s\u00e3o os tipos?<\/a><\/li><li class='ez-toc-page-1'><a class=\"ez-toc-link ez-toc-heading-3\" href=\"https:\/\/www.rotaseguros.com.br\/planosdesaude\/albinismo-entenda-tudo-sobre\/#E_como_e_viver_com_albinismo\" >E como \u00e9 viver com albinismo?<\/a><\/li><li class='ez-toc-page-1'><a class=\"ez-toc-link ez-toc-heading-4\" href=\"https:\/\/www.rotaseguros.com.br\/planosdesaude\/albinismo-entenda-tudo-sobre\/#Desafios_que_vao_alem_da_genetica\" >Desafios que v\u00e3o al\u00e9m da gen\u00e9tica<\/a><\/li><li class='ez-toc-page-1'><a class=\"ez-toc-link ez-toc-heading-5\" href=\"https:\/\/www.rotaseguros.com.br\/planosdesaude\/albinismo-entenda-tudo-sobre\/#Informacao_e_cuidado_E_cuidado_e_amor\" >Informa\u00e7\u00e3o \u00e9 cuidado. E cuidado \u00e9 amor<\/a><\/li><\/ul><\/nav><\/div>\n\n<p>O albinismo vai muito al\u00e9m da apar\u00eancia\u00a0 ele envolve gen\u00e9tica, cuidados especiais, desafios sociais e, principalmente, a necessidade urgente de respeito e informa\u00e7\u00e3o.<\/p>\n<p>&nbsp;<\/p>\n<p>&nbsp;<\/p>\n<p><img loading=\"lazy\" decoding=\"async\" class=\"alignnone wp-image-32691 size-full\" title=\"O que \u00e9, afinal, o albinismo\" src=\"https:\/\/www.rotaseguros.com.br\/planosdesaude\/wp-content\/uploads\/2025\/06\/O-que-e-afinal-o-albinismo.png\" alt=\"O que \u00e9, afinal, o albinismo\" width=\"800\" height=\"200\" srcset=\"https:\/\/www.rotaseguros.com.br\/planosdesaude\/wp-content\/uploads\/2025\/06\/O-que-e-afinal-o-albinismo.png 800w, https:\/\/www.rotaseguros.com.br\/planosdesaude\/wp-content\/uploads\/2025\/06\/O-que-e-afinal-o-albinismo-300x75.png 300w, https:\/\/www.rotaseguros.com.br\/planosdesaude\/wp-content\/uploads\/2025\/06\/O-que-e-afinal-o-albinismo-768x192.png 768w\" sizes=\"auto, (max-width: 800px) 100vw, 800px\" \/><\/p>\n<p>&nbsp;<\/p>\n<p>&nbsp;<\/p>\n<h2 data-start=\"881\" data-end=\"914\"><span class=\"ez-toc-section\" id=\"O_que_e_afinal_o_albinismo\"><\/span>O que \u00e9, afinal, o albinismo?<span class=\"ez-toc-section-end\"><\/span><\/h2>\n<p>&nbsp;<\/p>\n<p class=\"\" data-start=\"916\" data-end=\"1174\">O albinismo \u00e9 uma condi\u00e7\u00e3o <a href=\"https:\/\/pt.wikipedia.org\/wiki\/Gen%C3%A9tica\" target=\"_blank\" rel=\"noopener\">gen\u00e9tica<\/a> rara, que faz com que a pessoa nas\u00e7a com uma produ\u00e7\u00e3o reduzida\u00a0 ou at\u00e9 ausente\u00a0 de melanina, o pigmento respons\u00e1vel por dar cor \u00e0 pele, aos cabelos e aos olhos. Isso acontece por conta de muta\u00e7\u00f5es em determinados genes.<\/p>\n<p class=\"\" data-start=\"1176\" data-end=\"1393\">E n\u00e3o se engane: o albinismo n\u00e3o escolhe cor de pele, etnia ou lugar do mundo. Ele pode afetar qualquer pessoa, em qualquer fam\u00edlia. Estima-se que, no mundo, uma em cada 17 mil pessoas tenha alguma forma de albinismo.<\/p>\n<p data-start=\"1176\" data-end=\"1393\"><img loading=\"lazy\" decoding=\"async\" class=\"alignnone wp-image-32692 size-full\" title=\"Quais s\u00e3o os tipos de albinismo?\" src=\"https:\/\/www.rotaseguros.com.br\/planosdesaude\/wp-content\/uploads\/2025\/06\/Quais-sao-os-tipos.png\" alt=\"Quais s\u00e3o os tipos de albinismo?\" width=\"800\" height=\"200\" srcset=\"https:\/\/www.rotaseguros.com.br\/planosdesaude\/wp-content\/uploads\/2025\/06\/Quais-sao-os-tipos.png 800w, https:\/\/www.rotaseguros.com.br\/planosdesaude\/wp-content\/uploads\/2025\/06\/Quais-sao-os-tipos-300x75.png 300w, https:\/\/www.rotaseguros.com.br\/planosdesaude\/wp-content\/uploads\/2025\/06\/Quais-sao-os-tipos-768x192.png 768w\" sizes=\"auto, (max-width: 800px) 100vw, 800px\" \/><\/p>\n<h2 data-start=\"1553\" data-end=\"1592\"><span class=\"ez-toc-section\" id=\"Quais_sao_os_tipos\"><\/span>Quais s\u00e3o os tipos?<span class=\"ez-toc-section-end\"><\/span><\/h2>\n<p>&nbsp;<\/p>\n<p class=\"\" data-start=\"1594\" data-end=\"2173\">Existem diferentes formas de albinismo, classificadas de acordo com o tipo de muta\u00e7\u00e3o gen\u00e9tica envolvida e as partes do corpo afetadas. O tipo mais comum \u00e9 o <strong data-start=\"1752\" data-end=\"1784\">albinismo oculocut\u00e2neo (OCA)<\/strong>, que afeta a pele, os cabelos e os olhos. Ele pode ser subdividido em alguns subtipos, como OCA1, OCA2, OCA3 e OCA4, que se diferenciam pelo grau de defici\u00eancia na produ\u00e7\u00e3o de melanina e pelas caracter\u00edsticas gen\u00e9ticas espec\u00edficas. Pessoas com OCA geralmente apresentam pele extremamente clara, cabelos brancos ou loiros claros e olhos claros, al\u00e9m de dificuldades visuais significativas.<\/p>\n<p class=\"\" data-start=\"2175\" data-end=\"2647\">Outro tipo \u00e9 o <strong data-start=\"2190\" data-end=\"2215\">albinismo ocular (OA)<\/strong>, que afeta exclusivamente os olhos. Nesse caso, n\u00e3o h\u00e1 altera\u00e7\u00f5es vis\u00edveis na pele ou nos cabelos, e a pessoa pode ter colora\u00e7\u00e3o semelhante \u00e0 de familiares n\u00e3o albinos. No entanto, ela apresenta problemas de vis\u00e3o que resultam da aus\u00eancia de melanina nos olhos, essencial para o desenvolvimento adequado da retina e da via \u00f3ptica. O albinismo ocular \u00e9 mais comum em indiv\u00edduos do sexo masculino, j\u00e1 que est\u00e1 ligado ao cromossomo X.<\/p>\n<p class=\"\" data-start=\"2649\" data-end=\"2976\">Al\u00e9m disso, existem s\u00edndromes gen\u00e9ticas mais complexas que incluem o albinismo como um de seus componentes, como a <strong data-start=\"2764\" data-end=\"2796\">s\u00edndrome de Hermansky-Pudlak<\/strong> e a <strong data-start=\"2801\" data-end=\"2832\">s\u00edndrome de Chediak-Higashi<\/strong>. Essas condi\u00e7\u00f5es, al\u00e9m da hipopigmenta\u00e7\u00e3o, costumam envolver dist\u00farbios imunol\u00f3gicos, problemas de coagula\u00e7\u00e3o e outras complica\u00e7\u00f5es sist\u00eamicas.<\/p>\n<h3 data-start=\"2068\" data-end=\"2101\"><\/h3>\n<p>&nbsp;<\/p>\n<p><img loading=\"lazy\" decoding=\"async\" class=\"alignnone wp-image-32693 size-full\" title=\"E como \u00e9 viver com albinismo\" src=\"https:\/\/www.rotaseguros.com.br\/planosdesaude\/wp-content\/uploads\/2025\/06\/E-como-e-viver-com-albinismo.png\" alt=\"E como \u00e9 viver com albinismo\" width=\"800\" height=\"200\" srcset=\"https:\/\/www.rotaseguros.com.br\/planosdesaude\/wp-content\/uploads\/2025\/06\/E-como-e-viver-com-albinismo.png 800w, https:\/\/www.rotaseguros.com.br\/planosdesaude\/wp-content\/uploads\/2025\/06\/E-como-e-viver-com-albinismo-300x75.png 300w, https:\/\/www.rotaseguros.com.br\/planosdesaude\/wp-content\/uploads\/2025\/06\/E-como-e-viver-com-albinismo-768x192.png 768w\" sizes=\"auto, (max-width: 800px) 100vw, 800px\" \/><\/p>\n<p>&nbsp;<\/p>\n<p>&nbsp;<\/p>\n<h2 data-start=\"2068\" data-end=\"2101\"><span class=\"ez-toc-section\" id=\"E_como_e_viver_com_albinismo\"><\/span>E como \u00e9 viver com albinismo?<span class=\"ez-toc-section-end\"><\/span><\/h2>\n<p>&nbsp;<\/p>\n<p class=\"\" data-start=\"2103\" data-end=\"2319\">Para al\u00e9m das diferen\u00e7as visuais, o albinismo traz desafios pr\u00e1ticos. A pele \u00e9 muito sens\u00edvel \u00e0 luz solar, o que exige uso di\u00e1rio de protetor solar com alto fator de prote\u00e7\u00e3o, roupas com prote\u00e7\u00e3o UV e \u00f3culos escuros.<\/p>\n<p class=\"\" data-start=\"2321\" data-end=\"2688\">A vis\u00e3o, ali\u00e1s, \u00e9 uma das \u00e1reas mais afetadas. Muitas pessoas com albinismo t\u00eam baixa acuidade visual, dificuldade de foco, fotofobia (sensibilidade \u00e0 luz) e nistagmo (movimento involunt\u00e1rio dos olhos). Isso n\u00e3o significa que elas n\u00e3o enxerguem nada \u2014 mas muitas vezes precisam de recursos visuais, como lupas ou \u00f3culos adaptados, para melhorar sua qualidade de vida.<\/p>\n<p class=\"\" data-start=\"2690\" data-end=\"2891\">Importante dizer: o albinismo <strong data-start=\"2720\" data-end=\"2753\">n\u00e3o interfere na intelig\u00eancia<\/strong> da pessoa. Albinos podem ser professores, atletas, artistas, cientistas, o que quiserem \u2014 desde que tenham as condi\u00e7\u00f5es certas para isso.<\/p>\n<h2 data-start=\"2898\" data-end=\"2935\"><\/h2>\n<h2 data-start=\"2898\" data-end=\"2935\"><span class=\"ez-toc-section\" id=\"Desafios_que_vao_alem_da_genetica\"><\/span>Desafios que v\u00e3o al\u00e9m da gen\u00e9tica<span class=\"ez-toc-section-end\"><\/span><\/h2>\n<p>&nbsp;<\/p>\n<p class=\"\" data-start=\"2937\" data-end=\"3302\">Infelizmente, o maior problema enfrentado por quem tem albinismo n\u00e3o est\u00e1 no DNA, mas na forma como a sociedade enxerga essa condi\u00e7\u00e3o. O preconceito, o estranhamento e o bullying ainda s\u00e3o muito presentes, especialmente na inf\u00e2ncia. Apelidos cru\u00e9is, olhares atravessados e falta de informa\u00e7\u00e3o afastam essas pessoas da escola, do conv\u00edvio social e das oportunidades.<\/p>\n<p class=\"\" data-start=\"3304\" data-end=\"3593\">Em algumas partes do mundo, especialmente em pa\u00edses da \u00c1frica, o cen\u00e1rio \u00e9 ainda mais grave. Por conta de cren\u00e7as supersticiosas absurdas, pessoas albinas sofrem persegui\u00e7\u00f5es e at\u00e9 ataques violentos. \u00c9 assustador \u2014 e ao mesmo tempo um lembrete de como <strong data-start=\"3556\" data-end=\"3592\">o conhecimento pode salvar vidas<\/strong>.<\/p>\n<h2 data-start=\"3600\" data-end=\"3643\"><\/h2>\n<p>&nbsp;<\/p>\n<p><img loading=\"lazy\" decoding=\"async\" class=\"alignnone wp-image-32694 size-full\" title=\"Informa\u00e7\u00e3o \u00e9 cuidado. E cuidado \u00e9 amor\" src=\"https:\/\/www.rotaseguros.com.br\/planosdesaude\/wp-content\/uploads\/2025\/06\/Informacao-e-cuidado.-E-cuidado-e-amor.png\" alt=\"Informa\u00e7\u00e3o \u00e9 cuidado. E cuidado \u00e9 amor\" width=\"800\" height=\"200\" srcset=\"https:\/\/www.rotaseguros.com.br\/planosdesaude\/wp-content\/uploads\/2025\/06\/Informacao-e-cuidado.-E-cuidado-e-amor.png 800w, https:\/\/www.rotaseguros.com.br\/planosdesaude\/wp-content\/uploads\/2025\/06\/Informacao-e-cuidado.-E-cuidado-e-amor-300x75.png 300w, https:\/\/www.rotaseguros.com.br\/planosdesaude\/wp-content\/uploads\/2025\/06\/Informacao-e-cuidado.-E-cuidado-e-amor-768x192.png 768w\" sizes=\"auto, (max-width: 800px) 100vw, 800px\" \/><\/p>\n<p>&nbsp;<\/p>\n<h2 data-start=\"3600\" data-end=\"3643\"><\/h2>\n<h2 data-start=\"3600\" data-end=\"3643\"><span class=\"ez-toc-section\" id=\"Informacao_e_cuidado_E_cuidado_e_amor\"><\/span>Informa\u00e7\u00e3o \u00e9 cuidado. E cuidado \u00e9 amor<span class=\"ez-toc-section-end\"><\/span><\/h2>\n<p>&nbsp;<\/p>\n<p class=\"\" data-start=\"3645\" data-end=\"3880\">Mais do que qualquer tratamento ou tecnologia, o que realmente transforma a vida de pessoas albinas \u00e9 a informa\u00e7\u00e3o. Quando a gente entende a condi\u00e7\u00e3o, os cuidados necess\u00e1rios e os direitos dessas pessoas, o olhar muda. Surge a empatia.<\/p>\n<p class=\"\" data-start=\"3882\" data-end=\"4126\">Escolas mais preparadas, pol\u00edticas p\u00fablicas de inclus\u00e3o, acesso \u00e0 sa\u00fade visual e dermatol\u00f3gica, representatividade na m\u00eddia\u2026 tudo isso importa. Uma crian\u00e7a albina precisa se ver no mundo como algu\u00e9m que pertence, que \u00e9 respeitada e que tem voz.<\/p>\n<p data-start=\"3882\" data-end=\"4126\">Leia tamb\u00e9m este texto: <a href=\"https:\/\/www.rotaseguros.com.br\/planosdesaude\/doencas-preexistentes\/\">O que s\u00e3o doen\u00e7as preexistentes?<\/a><\/p>\n","protected":false},"excerpt":{"rendered":"<p><span class=\"span-reading-time rt-reading-time\" style=\"display: block;\"><span class=\"rt-label rt-prefix\">Reading Time: <\/span> <span class=\"rt-time\"> 4<\/span> <span class=\"rt-label rt-postfix\">minutes<\/span><\/span>Voc\u00ea j\u00e1 se perguntou por que algumas pessoas t\u00eam a pele, os cabelos e os olhos extremamente claros? Ou por que algumas delas usam \u00f3culos escuros mesmo em dias nublados? &#8230;<\/p>\n","protected":false},"author":36,"featured_media":32690,"comment_status":"open","ping_status":"open","sticky":false,"template":"","format":"standard","meta":{"_monsterinsights_skip_tracking":false,"_monsterinsights_sitenote_active":false,"_monsterinsights_sitenote_note":"","_monsterinsights_sitenote_category":0,"footnotes":"","_links_to":"","_links_to_target":""},"categories":[1,33],"tags":[3600,2337,3602,3603,3601,3604,3606,3607,3236,3605,48,2368],"class_list":["post-32535","post","type-post","status-publish","format-standard","has-post-thumbnail","hentry","category-sem-categoria","category-rota-seguros","tag-albinismo","tag-baixa-visao","tag-condicao-genetica-rara","tag-diversidade","tag-genetica","tag-inclusao","tag-melanina","tag-pele-clara","tag-protecao-solar","tag-respeito","tag-rota-seguros-2","tag-saude-ocular"],"_links":{"self":[{"href":"https:\/\/www.rotaseguros.com.br\/planosdesaude\/wp-json\/wp\/v2\/posts\/32535","targetHints":{"allow":["GET"]}}],"collection":[{"href":"https:\/\/www.rotaseguros.com.br\/planosdesaude\/wp-json\/wp\/v2\/posts"}],"about":[{"href":"https:\/\/www.rotaseguros.com.br\/planosdesaude\/wp-json\/wp\/v2\/types\/post"}],"author":[{"embeddable":true,"href":"https:\/\/www.rotaseguros.com.br\/planosdesaude\/wp-json\/wp\/v2\/users\/36"}],"replies":[{"embeddable":true,"href":"https:\/\/www.rotaseguros.com.br\/planosdesaude\/wp-json\/wp\/v2\/comments?post=32535"}],"version-history":[{"count":5,"href":"https:\/\/www.rotaseguros.com.br\/planosdesaude\/wp-json\/wp\/v2\/posts\/32535\/revisions"}],"predecessor-version":[{"id":32705,"href":"https:\/\/www.rotaseguros.com.br\/planosdesaude\/wp-json\/wp\/v2\/posts\/32535\/revisions\/32705"}],"wp:featuredmedia":[{"embeddable":true,"href":"https:\/\/www.rotaseguros.com.br\/planosdesaude\/wp-json\/wp\/v2\/media\/32690"}],"wp:attachment":[{"href":"https:\/\/www.rotaseguros.com.br\/planosdesaude\/wp-json\/wp\/v2\/media?parent=32535"}],"wp:term":[{"taxonomy":"category","embeddable":true,"href":"https:\/\/www.rotaseguros.com.br\/planosdesaude\/wp-json\/wp\/v2\/categories?post=32535"},{"taxonomy":"post_tag","embeddable":true,"href":"https:\/\/www.rotaseguros.com.br\/planosdesaude\/wp-json\/wp\/v2\/tags?post=32535"}],"curies":[{"name":"wp","href":"https:\/\/api.w.org\/{rel}","templated":true}]}}