{"id":32546,"date":"2025-06-16T09:41:26","date_gmt":"2025-06-16T12:41:26","guid":{"rendered":"https:\/\/www.rotaseguros.com.br\/planosdesaude\/?p=32546"},"modified":"2025-06-16T09:41:26","modified_gmt":"2025-06-16T12:41:26","slug":"estresse-ocupacional-o-que-e","status":"publish","type":"post","link":"https:\/\/www.rotaseguros.com.br\/planosdesaude\/estresse-ocupacional-o-que-e\/","title":{"rendered":"Estresse ocupacional: o que \u00e9, sintomas e como lidar"},"content":{"rendered":"<span class=\"span-reading-time rt-reading-time\" style=\"display: block;\"><span class=\"rt-label rt-prefix\">Reading Time: <\/span> <span class=\"rt-time\"> 4<\/span> <span class=\"rt-label rt-postfix\">minutes<\/span><\/span><p class=\"\" data-start=\"355\" data-end=\"721\">Voc\u00ea j\u00e1 acordou com a sensa\u00e7\u00e3o de que n\u00e3o daria conta de mais um dia de trabalho? J\u00e1 sentiu ansiedade antes de uma reuni\u00e3o, dificuldade de concentra\u00e7\u00e3o diante de tarefas simples ou cansa\u00e7o mesmo depois de um final de semana inteiro de descanso? Se sim, \u00e9 poss\u00edvel que voc\u00ea esteja vivenciando o estresse ocupacional, um dos maiores vil\u00f5es da sa\u00fade mental atualmente.<\/p><div id=\"ez-toc-container\" class=\"ez-toc-v2_0_82_2 counter-flat ez-toc-counter ez-toc-grey ez-toc-container-direction\">\n<div class=\"ez-toc-title-container\">\n<p class=\"ez-toc-title\" style=\"cursor:inherit\">Aqui voc\u00ea encontra:<\/p>\n<span class=\"ez-toc-title-toggle\"><a href=\"#\" class=\"ez-toc-pull-right ez-toc-btn ez-toc-btn-xs ez-toc-btn-default ez-toc-toggle\" aria-label=\"Alternar tabela de conte\u00fado\"><span class=\"ez-toc-js-icon-con\"><span class=\"\"><span class=\"eztoc-hide\" style=\"display:none;\">Toggle<\/span><span class=\"ez-toc-icon-toggle-span\"><svg style=\"fill: #999;color:#999\" xmlns=\"http:\/\/www.w3.org\/2000\/svg\" class=\"list-377408\" width=\"20px\" height=\"20px\" viewBox=\"0 0 24 24\" fill=\"none\"><path d=\"M6 6H4v2h2V6zm14 0H8v2h12V6zM4 11h2v2H4v-2zm16 0H8v2h12v-2zM4 16h2v2H4v-2zm16 0H8v2h12v-2z\" fill=\"currentColor\"><\/path><\/svg><svg style=\"fill: #999;color:#999\" class=\"arrow-unsorted-368013\" xmlns=\"http:\/\/www.w3.org\/2000\/svg\" width=\"10px\" height=\"10px\" viewBox=\"0 0 24 24\" version=\"1.2\" baseProfile=\"tiny\"><path d=\"M18.2 9.3l-6.2-6.3-6.2 6.3c-.2.2-.3.4-.3.7s.1.5.3.7c.2.2.4.3.7.3h11c.3 0 .5-.1.7-.3.2-.2.3-.5.3-.7s-.1-.5-.3-.7zM5.8 14.7l6.2 6.3 6.2-6.3c.2-.2.3-.5.3-.7s-.1-.5-.3-.7c-.2-.2-.4-.3-.7-.3h-11c-.3 0-.5.1-.7.3-.2.2-.3.5-.3.7s.1.5.3.7z\"\/><\/svg><\/span><\/span><\/span><\/a><\/span><\/div>\n<nav><ul class='ez-toc-list ez-toc-list-level-1 ' ><li class='ez-toc-page-1'><a class=\"ez-toc-link ez-toc-heading-1\" href=\"https:\/\/www.rotaseguros.com.br\/planosdesaude\/estresse-ocupacional-o-que-e\/#O_que_e_o_estresse_ocupacional\" >O que \u00e9 o estresse ocupacional?<\/a><\/li><li class='ez-toc-page-1'><a class=\"ez-toc-link ez-toc-heading-2\" href=\"https:\/\/www.rotaseguros.com.br\/planosdesaude\/estresse-ocupacional-o-que-e\/#Como_esse_estresse_se_manifesta\" >Como esse estresse se manifesta<\/a><\/li><li class='ez-toc-page-1'><a class=\"ez-toc-link ez-toc-heading-3\" href=\"https:\/\/www.rotaseguros.com.br\/planosdesaude\/estresse-ocupacional-o-que-e\/#Quais_sao_os_principais_sintomas\" >Quais s\u00e3o os principais sintomas?<\/a><\/li><li class='ez-toc-page-1'><a class=\"ez-toc-link ez-toc-heading-4\" href=\"https:\/\/www.rotaseguros.com.br\/planosdesaude\/estresse-ocupacional-o-que-e\/#Como_o_corpo_e_a_mente_reagem_ao_estresse_no_trabalho\" >Como o corpo e a mente reagem ao estresse no trabalho<\/a><\/li><li class='ez-toc-page-1'><a class=\"ez-toc-link ez-toc-heading-5\" href=\"https:\/\/www.rotaseguros.com.br\/planosdesaude\/estresse-ocupacional-o-que-e\/#O_que_causa_o_estresse_no_ambiente_de_trabalho\" >O que causa o estresse no ambiente de trabalho?<\/a><\/li><li class='ez-toc-page-1'><a class=\"ez-toc-link ez-toc-heading-6\" href=\"https:\/\/www.rotaseguros.com.br\/planosdesaude\/estresse-ocupacional-o-que-e\/#Quais_as_consequencias_para_a_saude_e_para_as_empresas\" >Quais as consequ\u00eancias para a sa\u00fade e para as empresas?<\/a><\/li><li class='ez-toc-page-1'><a class=\"ez-toc-link ez-toc-heading-7\" href=\"https:\/\/www.rotaseguros.com.br\/planosdesaude\/estresse-ocupacional-o-que-e\/#Atencao_estresse_nao_e_sinal_de_fraqueza\" >Aten\u00e7\u00e3o: estresse n\u00e3o \u00e9 sinal de fraqueza<\/a><\/li><\/ul><\/nav><\/div>\n\n<p class=\"\" data-start=\"723\" data-end=\"947\">O mundo do trabalho mudou. Estamos conectados o tempo todo, lidando com metas cada vez mais agressivas, ambientes competitivos, sobrecarga e, muitas vezes, pouca valoriza\u00e7\u00e3o. Nesse cen\u00e1rio, o corpo e a mente cobram um pre\u00e7o.<\/p>\n<p data-start=\"723\" data-end=\"947\"><img loading=\"lazy\" decoding=\"async\" class=\"alignnone wp-image-32698 size-full\" title=\"O que \u00e9 o estresse ocupacional\" src=\"https:\/\/www.rotaseguros.com.br\/planosdesaude\/wp-content\/uploads\/2025\/06\/O-que-e-o-estresse-ocupacional.png\" alt=\"O que \u00e9 o estresse ocupacional\" width=\"800\" height=\"200\" srcset=\"https:\/\/www.rotaseguros.com.br\/planosdesaude\/wp-content\/uploads\/2025\/06\/O-que-e-o-estresse-ocupacional.png 800w, https:\/\/www.rotaseguros.com.br\/planosdesaude\/wp-content\/uploads\/2025\/06\/O-que-e-o-estresse-ocupacional-300x75.png 300w, https:\/\/www.rotaseguros.com.br\/planosdesaude\/wp-content\/uploads\/2025\/06\/O-que-e-o-estresse-ocupacional-768x192.png 768w\" sizes=\"auto, (max-width: 800px) 100vw, 800px\" \/><\/p>\n<h2 data-start=\"954\" data-end=\"992\"><\/h2>\n<h2 data-start=\"954\" data-end=\"992\"><\/h2>\n<h2 class=\"\" data-start=\"954\" data-end=\"992\"><span class=\"ez-toc-section\" id=\"O_que_e_o_estresse_ocupacional\"><\/span>O que \u00e9 o estresse ocupacional?<span class=\"ez-toc-section-end\"><\/span><\/h2>\n<p>&nbsp;<\/p>\n<p class=\"\" data-start=\"994\" data-end=\"1382\">Estresse ocupacional \u00e9 um tipo de estresse cr\u00f4nico causado por fatores ligados ao ambiente de trabalho. Ele surge quando as exig\u00eancias profissionais ultrapassam a capacidade do indiv\u00edduo de lidar com elas de forma equilibrada. N\u00e3o se trata apenas de dias dif\u00edceis ou uma fase corrida mas de um desgaste progressivo, muitas vezes silencioso, que afeta tanto a sa\u00fade mental quanto f\u00edsica.<\/p>\n<p class=\"\" data-start=\"1384\" data-end=\"1709\">O problema vai muito al\u00e9m do que se imagina. Segundo a Organiza\u00e7\u00e3o Mundial da Sa\u00fade (OMS), o Brasil \u00e9 o segundo pa\u00eds das Am\u00e9ricas com maior \u00edndice de estresse relacionado ao trabalho, ficando atr\u00e1s apenas dos Estados Unidos. Mais de 70% dos trabalhadores brasileiros relatam sofrer de algum n\u00edvel de esgotamento profissional.<\/p>\n<h2 data-start=\"1716\" data-end=\"1755\"><\/h2>\n<h2 data-start=\"1716\" data-end=\"1755\"><\/h2>\n<h2 data-start=\"1716\" data-end=\"1755\"><img loading=\"lazy\" decoding=\"async\" class=\"alignnone wp-image-32699 size-full\" title=\"Como esse estresse se manifesta\" src=\"https:\/\/www.rotaseguros.com.br\/planosdesaude\/wp-content\/uploads\/2025\/06\/Como-esse-estresse-se-manifesta.png\" alt=\"Como esse estresse se manifesta\" width=\"800\" height=\"200\" srcset=\"https:\/\/www.rotaseguros.com.br\/planosdesaude\/wp-content\/uploads\/2025\/06\/Como-esse-estresse-se-manifesta.png 800w, https:\/\/www.rotaseguros.com.br\/planosdesaude\/wp-content\/uploads\/2025\/06\/Como-esse-estresse-se-manifesta-300x75.png 300w, https:\/\/www.rotaseguros.com.br\/planosdesaude\/wp-content\/uploads\/2025\/06\/Como-esse-estresse-se-manifesta-768x192.png 768w\" sizes=\"auto, (max-width: 800px) 100vw, 800px\" \/><\/h2>\n<h2 data-start=\"1716\" data-end=\"1755\"><\/h2>\n<h2 data-start=\"1716\" data-end=\"1755\"><\/h2>\n<h2 class=\"\" data-start=\"1716\" data-end=\"1755\"><span class=\"ez-toc-section\" id=\"Como_esse_estresse_se_manifesta\"><\/span>Como esse estresse se manifesta<span class=\"ez-toc-section-end\"><\/span><\/h2>\n<p>&nbsp;<\/p>\n<p class=\"\" data-start=\"1757\" data-end=\"2127\">Os sinais do estresse ocupacional nem sempre aparecem de uma vez, eles v\u00e3o se acumulando. Al\u00e9m disso, \u00e9 comum o trabalhador come\u00e7ar a apresentar queda de desempenho, perda de motiva\u00e7\u00e3o e at\u00e9 vontade de abandonar o trabalho.<\/p>\n<p class=\"\" data-start=\"2129\" data-end=\"2417\">Em casos mais graves, o estresse pode evoluir para a<a href=\"https:\/\/www.gov.br\/saude\/pt-br\/assuntos\/saude-de-a-a-z\/s\/sindrome-de-burnout#:~:text=S%C3%ADndrome%20de%20Burnout%20ou%20S%C3%ADndrome,justamente%20o%20excesso%20de%20trabalho.\" target=\"_blank\" rel=\"noopener\"> <strong data-start=\"2182\" data-end=\"2205\">S\u00edndrome de Burnout<\/strong>,<\/a> uma condi\u00e7\u00e3o de exaust\u00e3o emocional profunda reconhecida pela OMS como uma doen\u00e7a ocupacional. Pessoas com Burnout se sentem f\u00edsica e emocionalmente esgotadas, com perda total de energia e prazer pelo que fazem.<\/p>\n<h2 data-start=\"1022\" data-end=\"1062\"><\/h2>\n<h2 data-start=\"1022\" data-end=\"1062\"><\/h2>\n<h2 data-start=\"1022\" data-end=\"1062\"><img loading=\"lazy\" decoding=\"async\" class=\"alignnone wp-image-32700 size-full\" title=\"Quais s\u00e3o os principais sintomas\" src=\"https:\/\/www.rotaseguros.com.br\/planosdesaude\/wp-content\/uploads\/2025\/06\/Quais-sao-os-principais-sintomas.png\" alt=\"Quais s\u00e3o os principais sintomas\" width=\"800\" height=\"200\" srcset=\"https:\/\/www.rotaseguros.com.br\/planosdesaude\/wp-content\/uploads\/2025\/06\/Quais-sao-os-principais-sintomas.png 800w, https:\/\/www.rotaseguros.com.br\/planosdesaude\/wp-content\/uploads\/2025\/06\/Quais-sao-os-principais-sintomas-300x75.png 300w, https:\/\/www.rotaseguros.com.br\/planosdesaude\/wp-content\/uploads\/2025\/06\/Quais-sao-os-principais-sintomas-768x192.png 768w\" sizes=\"auto, (max-width: 800px) 100vw, 800px\" \/><\/h2>\n<h2 data-start=\"1022\" data-end=\"1062\"><\/h2>\n<h2 data-start=\"1022\" data-end=\"1062\"><\/h2>\n<h2 class=\"\" data-start=\"1022\" data-end=\"1062\"><span class=\"ez-toc-section\" id=\"Quais_sao_os_principais_sintomas\"><\/span>Quais s\u00e3o os principais sintomas?<span class=\"ez-toc-section-end\"><\/span><\/h2>\n<p>&nbsp;<\/p>\n<p class=\"\" data-start=\"1064\" data-end=\"1159\">O estresse ocupacional pode afetar tanto o corpo quanto a mente. Os sinais mais comuns incluem:<\/p>\n<ul data-start=\"1161\" data-end=\"1501\">\n<li class=\"\" data-start=\"1161\" data-end=\"1201\">\n<p class=\"\" data-start=\"1163\" data-end=\"1201\">Cansa\u00e7o excessivo e falta de energia<\/p>\n<\/li>\n<li class=\"\" data-start=\"1202\" data-end=\"1232\">\n<p class=\"\" data-start=\"1204\" data-end=\"1232\">Dores de cabe\u00e7a frequentes<\/p>\n<\/li>\n<li class=\"\" data-start=\"1233\" data-end=\"1273\">\n<p class=\"\" data-start=\"1235\" data-end=\"1273\">Irritabilidade e altera\u00e7\u00f5es de humor<\/p>\n<\/li>\n<li class=\"\" data-start=\"1274\" data-end=\"1316\">\n<p class=\"\" data-start=\"1276\" data-end=\"1316\">Ansiedade, ang\u00fastia ou crises de choro<\/p>\n<\/li>\n<li class=\"\" data-start=\"1317\" data-end=\"1352\">\n<p class=\"\" data-start=\"1319\" data-end=\"1352\">Ins\u00f4nia ou sono de m\u00e1 qualidade<\/p>\n<\/li>\n<li class=\"\" data-start=\"1353\" data-end=\"1384\">\n<p class=\"\" data-start=\"1355\" data-end=\"1384\">Dificuldade de concentra\u00e7\u00e3o<\/p>\n<\/li>\n<li class=\"\" data-start=\"1385\" data-end=\"1416\">\n<p class=\"\" data-start=\"1387\" data-end=\"1416\">Problemas gastrointestinais<\/p>\n<\/li>\n<li class=\"\" data-start=\"1417\" data-end=\"1443\">\n<p class=\"\" data-start=\"1419\" data-end=\"1443\">Queda na produtividade<\/p>\n<\/li>\n<li class=\"\" data-start=\"1444\" data-end=\"1466\">\n<p class=\"\" data-start=\"1446\" data-end=\"1466\">Falta de motiva\u00e7\u00e3o<\/p>\n<\/li>\n<li class=\"\" data-start=\"1467\" data-end=\"1501\">\n<p class=\"\" data-start=\"1469\" data-end=\"1501\">Aus\u00eancias frequentes no trabalho<\/p>\n<\/li>\n<\/ul>\n<p class=\"\" data-start=\"1503\" data-end=\"1671\">Se esses sintomas se tornarem constantes, podem evoluir para quadros mais s\u00e9rios, como a <strong data-start=\"1592\" data-end=\"1615\">S\u00edndrome de Burnout<\/strong>, que \u00e9 o est\u00e1gio mais avan\u00e7ado do estresse ocupacional.<\/p>\n<h2 data-start=\"1755\" data-end=\"1815\"><\/h2>\n<h2 class=\"\" data-start=\"1755\" data-end=\"1815\"><span class=\"ez-toc-section\" id=\"Como_o_corpo_e_a_mente_reagem_ao_estresse_no_trabalho\"><\/span>Como o corpo e a mente reagem ao estresse no trabalho<span class=\"ez-toc-section-end\"><\/span><\/h2>\n<p>&nbsp;<\/p>\n<p class=\"\" data-start=\"1817\" data-end=\"2268\">O estresse ocupacional n\u00e3o atinge s\u00f3 o psicol\u00f3gico. Ele tamb\u00e9m se manifesta no corpo. Pessoas que vivem nessa condi\u00e7\u00e3o costumam relatar dores de cabe\u00e7a frequentes, ins\u00f4nia, cansa\u00e7o constante, problemas digestivos, dificuldade de concentra\u00e7\u00e3o e at\u00e9 crises de ansiedade.<\/p>\n<p class=\"\" data-start=\"2270\" data-end=\"2594\">Al\u00e9m disso, \u00e9 comum que a pessoa comece a perder a motiva\u00e7\u00e3o, tenha menos energia para cumprir suas atividades e desenvolva um sentimento de impot\u00eancia. A sensa\u00e7\u00e3o de que n\u00e3o importa o quanto se esforce, nunca ser\u00e1 suficiente, vai se instalando silenciosamente e pode abalar a autoestima e o senso de prop\u00f3sito profissional.<\/p>\n<h2 data-start=\"1678\" data-end=\"1732\"><\/h2>\n<p>&nbsp;<\/p>\n<p>&nbsp;<\/p>\n<p><img loading=\"lazy\" decoding=\"async\" class=\"alignnone wp-image-32701 size-full\" title=\"O que causa o estresse no ambiente de trabalho\" src=\"https:\/\/www.rotaseguros.com.br\/planosdesaude\/wp-content\/uploads\/2025\/06\/O-que-causa-o-estresse-no-ambiente-de-trabalho.png\" alt=\"O que causa o estresse no ambiente de trabalho\" width=\"800\" height=\"200\" srcset=\"https:\/\/www.rotaseguros.com.br\/planosdesaude\/wp-content\/uploads\/2025\/06\/O-que-causa-o-estresse-no-ambiente-de-trabalho.png 800w, https:\/\/www.rotaseguros.com.br\/planosdesaude\/wp-content\/uploads\/2025\/06\/O-que-causa-o-estresse-no-ambiente-de-trabalho-300x75.png 300w, https:\/\/www.rotaseguros.com.br\/planosdesaude\/wp-content\/uploads\/2025\/06\/O-que-causa-o-estresse-no-ambiente-de-trabalho-768x192.png 768w\" sizes=\"auto, (max-width: 800px) 100vw, 800px\" \/><\/p>\n<p>&nbsp;<\/p>\n<p>&nbsp;<\/p>\n<h2 class=\"\" data-start=\"1678\" data-end=\"1732\"><span class=\"ez-toc-section\" id=\"O_que_causa_o_estresse_no_ambiente_de_trabalho\"><\/span>O que causa o estresse no ambiente de trabalho?<span class=\"ez-toc-section-end\"><\/span><\/h2>\n<p>&nbsp;<\/p>\n<p class=\"\" data-start=\"1734\" data-end=\"1838\">N\u00e3o existe uma \u00fanica causa. O estresse ocupacional costuma surgir da combina\u00e7\u00e3o de v\u00e1rios fatores, como:<\/p>\n<ul data-start=\"1840\" data-end=\"2310\">\n<li class=\"\" data-start=\"1840\" data-end=\"1942\">\n<p class=\"\" data-start=\"1842\" data-end=\"1942\"><strong data-start=\"1842\" data-end=\"1869\">Carga hor\u00e1ria excessiva<\/strong>: quando o colaborador sente que precisa estar dispon\u00edvel o tempo todo.<\/p>\n<\/li>\n<li class=\"\" data-start=\"1943\" data-end=\"2035\">\n<p class=\"\" data-start=\"1945\" data-end=\"2035\"><strong data-start=\"1945\" data-end=\"1989\">Exig\u00eancia constante por alta performance<\/strong>, mesmo em ambientes sem estrutura adequada.<\/p>\n<\/li>\n<li class=\"\" data-start=\"2036\" data-end=\"2127\">\n<p class=\"\" data-start=\"2038\" data-end=\"2127\"><strong data-start=\"2038\" data-end=\"2069\">Clima organizacional t\u00f3xico<\/strong>, com fofocas, ass\u00e9dio moral ou lideran\u00e7as autorit\u00e1rias.<\/p>\n<\/li>\n<li class=\"\" data-start=\"2128\" data-end=\"2225\">\n<p class=\"\" data-start=\"2130\" data-end=\"2225\"><strong data-start=\"2130\" data-end=\"2187\">Falta de equil\u00edbrio entre vida pessoal e profissional<\/strong>, o famoso &#8220;vivendo para trabalhar&#8221;.<\/p>\n<\/li>\n<li class=\"\" data-start=\"2226\" data-end=\"2310\">\n<p class=\"\" data-start=\"2228\" data-end=\"2310\"><strong data-start=\"2228\" data-end=\"2254\">Inseguran\u00e7a no emprego<\/strong>, comum em tempos de crise econ\u00f4mica ou reestrutura\u00e7\u00f5es.<\/p>\n<\/li>\n<\/ul>\n<h2 data-start=\"2317\" data-end=\"2379\"><\/h2>\n<h2 class=\"\" data-start=\"2317\" data-end=\"2379\"><span class=\"ez-toc-section\" id=\"Quais_as_consequencias_para_a_saude_e_para_as_empresas\"><\/span>Quais as consequ\u00eancias para a sa\u00fade e para as empresas?<span class=\"ez-toc-section-end\"><\/span><\/h2>\n<p>&nbsp;<\/p>\n<p class=\"\" data-start=\"2381\" data-end=\"2747\">O estresse cr\u00f4nico no trabalho pode desencadear doen\u00e7as f\u00edsicas, como hipertens\u00e3o, gastrite, enxaqueca e doen\u00e7as card\u00edacas, al\u00e9m de quadros de ansiedade, depress\u00e3o e Burnout. Para as empresas, isso resulta em <strong data-start=\"2590\" data-end=\"2746\">queda de produtividade, aumento do absente\u00edsmo (faltas), presente\u00edsmo (funcion\u00e1rio presente, mas improdutivo), rotatividade e at\u00e9 processos trabalhistas<\/strong>.<\/p>\n<p class=\"\" data-start=\"2749\" data-end=\"2949\">Segundo dados da Organiza\u00e7\u00e3o Mundial da Sa\u00fade (OMS), o estresse no trabalho afeta mais de 70% dos brasileiros ativos no mercado e \u00e9 uma das principais causas de afastamento por licen\u00e7a m\u00e9dica no pa\u00eds.<\/p>\n<h2 data-start=\"4075\" data-end=\"4123\"><\/h2>\n<p>&nbsp;<\/p>\n<p><img loading=\"lazy\" decoding=\"async\" class=\"alignnone wp-image-32702 size-full\" title=\"Aten\u00e7\u00e3o_ estresse n\u00e3o \u00e9 sinal de fraqueza\" src=\"https:\/\/www.rotaseguros.com.br\/planosdesaude\/wp-content\/uploads\/2025\/06\/Atencao_-estresse-nao-e-sinal-de-fraqueza.png\" alt=\"Aten\u00e7\u00e3o_ estresse n\u00e3o \u00e9 sinal de fraqueza\" width=\"800\" height=\"200\" srcset=\"https:\/\/www.rotaseguros.com.br\/planosdesaude\/wp-content\/uploads\/2025\/06\/Atencao_-estresse-nao-e-sinal-de-fraqueza.png 800w, https:\/\/www.rotaseguros.com.br\/planosdesaude\/wp-content\/uploads\/2025\/06\/Atencao_-estresse-nao-e-sinal-de-fraqueza-300x75.png 300w, https:\/\/www.rotaseguros.com.br\/planosdesaude\/wp-content\/uploads\/2025\/06\/Atencao_-estresse-nao-e-sinal-de-fraqueza-768x192.png 768w\" sizes=\"auto, (max-width: 800px) 100vw, 800px\" \/><\/p>\n<p>&nbsp;<\/p>\n<p>&nbsp;<\/p>\n<h2 class=\"\" data-start=\"4075\" data-end=\"4123\"><span class=\"ez-toc-section\" id=\"Atencao_estresse_nao_e_sinal_de_fraqueza\"><\/span>Aten\u00e7\u00e3o: estresse n\u00e3o \u00e9 sinal de fraqueza<span class=\"ez-toc-section-end\"><\/span><\/h2>\n<p>&nbsp;<\/p>\n<p class=\"\" data-start=\"4125\" data-end=\"4500\">\u00c9 importante refor\u00e7ar que sentir-se sobrecarregado n\u00e3o significa falta de capacidade, mas sim um alerta de que algo est\u00e1 em desequil\u00edbrio. Falar sobre sa\u00fade mental no ambiente de trabalho \u00e9 uma forma de preven\u00e7\u00e3o e n\u00e3o de fraqueza. Empresas que cuidam da sa\u00fade emocional de seus colaboradores colhem resultados em produtividade, clima organizacional e reten\u00e7\u00e3o de talentos.<\/p>\n<p data-start=\"4125\" data-end=\"4500\">Leia tamb\u00e9m este texto: <a href=\"https:\/\/www.rotaseguros.com.br\/planosdesaude\/dia-do-trabalhador-e-a-saude\/\">Dia do Trabalhador: Sa\u00fade e bem-estar para quem move o mundo<\/a><\/p>\n","protected":false},"excerpt":{"rendered":"<p><span class=\"span-reading-time rt-reading-time\" style=\"display: block;\"><span class=\"rt-label rt-prefix\">Reading Time: <\/span> <span class=\"rt-time\"> 4<\/span> <span class=\"rt-label rt-postfix\">minutes<\/span><\/span>Voc\u00ea j\u00e1 acordou com a sensa\u00e7\u00e3o de que n\u00e3o daria conta de mais um dia de trabalho? J\u00e1 sentiu ansiedade antes de uma reuni\u00e3o, dificuldade de concentra\u00e7\u00e3o diante de tarefas &#8230;<\/p>\n","protected":false},"author":36,"featured_media":32697,"comment_status":"open","ping_status":"open","sticky":false,"template":"","format":"standard","meta":{"_monsterinsights_skip_tracking":false,"_monsterinsights_sitenote_active":false,"_monsterinsights_sitenote_note":"","_monsterinsights_sitenote_category":0,"footnotes":"","_links_to":"","_links_to_target":""},"categories":[6,1005],"tags":[3622,1047,3621,3617,3620,48,690,3618,3619],"class_list":["post-32546","post","type-post","status-publish","format-standard","has-post-thumbnail","hentry","category-dicas","category-saude","tag-ambiente-de-trabalho","tag-burnout","tag-esgotamento-mental","tag-estresse-ocupacional","tag-estresse-profissional","tag-rota-seguros-2","tag-saude-emocional","tag-saude-mental-no-trabalho","tag-sindrome-de-burnout"],"_links":{"self":[{"href":"https:\/\/www.rotaseguros.com.br\/planosdesaude\/wp-json\/wp\/v2\/posts\/32546","targetHints":{"allow":["GET"]}}],"collection":[{"href":"https:\/\/www.rotaseguros.com.br\/planosdesaude\/wp-json\/wp\/v2\/posts"}],"about":[{"href":"https:\/\/www.rotaseguros.com.br\/planosdesaude\/wp-json\/wp\/v2\/types\/post"}],"author":[{"embeddable":true,"href":"https:\/\/www.rotaseguros.com.br\/planosdesaude\/wp-json\/wp\/v2\/users\/36"}],"replies":[{"embeddable":true,"href":"https:\/\/www.rotaseguros.com.br\/planosdesaude\/wp-json\/wp\/v2\/comments?post=32546"}],"version-history":[{"count":4,"href":"https:\/\/www.rotaseguros.com.br\/planosdesaude\/wp-json\/wp\/v2\/posts\/32546\/revisions"}],"predecessor-version":[{"id":32704,"href":"https:\/\/www.rotaseguros.com.br\/planosdesaude\/wp-json\/wp\/v2\/posts\/32546\/revisions\/32704"}],"wp:featuredmedia":[{"embeddable":true,"href":"https:\/\/www.rotaseguros.com.br\/planosdesaude\/wp-json\/wp\/v2\/media\/32697"}],"wp:attachment":[{"href":"https:\/\/www.rotaseguros.com.br\/planosdesaude\/wp-json\/wp\/v2\/media?parent=32546"}],"wp:term":[{"taxonomy":"category","embeddable":true,"href":"https:\/\/www.rotaseguros.com.br\/planosdesaude\/wp-json\/wp\/v2\/categories?post=32546"},{"taxonomy":"post_tag","embeddable":true,"href":"https:\/\/www.rotaseguros.com.br\/planosdesaude\/wp-json\/wp\/v2\/tags?post=32546"}],"curies":[{"name":"wp","href":"https:\/\/api.w.org\/{rel}","templated":true}]}}