{"id":32573,"date":"2025-06-06T12:02:23","date_gmt":"2025-06-06T15:02:23","guid":{"rendered":"https:\/\/www.rotaseguros.com.br\/planosdesaude\/?p=32573"},"modified":"2025-06-06T12:02:23","modified_gmt":"2025-06-06T15:02:23","slug":"unimed-uberlandia-amplia-rede","status":"publish","type":"post","link":"https:\/\/www.rotaseguros.com.br\/planosdesaude\/unimed-uberlandia-amplia-rede\/","title":{"rendered":"Unimed Uberl\u00e2ndia amplia rede com nova unidade no Granja Marileusa"},"content":{"rendered":"<span class=\"span-reading-time rt-reading-time\" style=\"display: block;\"><span class=\"rt-label rt-prefix\">Reading Time: <\/span> <span class=\"rt-time\"> 3<\/span> <span class=\"rt-label rt-postfix\">minutes<\/span><\/span><p class=\"\" data-start=\"238\" data-end=\"584\">Unimed Uberl\u00e2ndia chega ao Villa Viseu, no Granja Marileusa, com estrutura inovadora do Espa\u00e7o + Unimed. Saiba tudo sobre essa novidade para quem valoriza comodidade, acesso facilitado e cuidado integral com a sa\u00fade.<\/p><div id=\"ez-toc-container\" class=\"ez-toc-v2_0_82_2 counter-flat ez-toc-counter ez-toc-grey ez-toc-container-direction\">\n<div class=\"ez-toc-title-container\">\n<p class=\"ez-toc-title\" style=\"cursor:inherit\">Aqui voc\u00ea encontra:<\/p>\n<span class=\"ez-toc-title-toggle\"><a href=\"#\" class=\"ez-toc-pull-right ez-toc-btn ez-toc-btn-xs ez-toc-btn-default ez-toc-toggle\" aria-label=\"Alternar tabela de conte\u00fado\"><span class=\"ez-toc-js-icon-con\"><span class=\"\"><span class=\"eztoc-hide\" style=\"display:none;\">Toggle<\/span><span class=\"ez-toc-icon-toggle-span\"><svg style=\"fill: #999;color:#999\" xmlns=\"http:\/\/www.w3.org\/2000\/svg\" class=\"list-377408\" width=\"20px\" height=\"20px\" viewBox=\"0 0 24 24\" fill=\"none\"><path d=\"M6 6H4v2h2V6zm14 0H8v2h12V6zM4 11h2v2H4v-2zm16 0H8v2h12v-2zM4 16h2v2H4v-2zm16 0H8v2h12v-2z\" fill=\"currentColor\"><\/path><\/svg><svg style=\"fill: #999;color:#999\" class=\"arrow-unsorted-368013\" xmlns=\"http:\/\/www.w3.org\/2000\/svg\" width=\"10px\" height=\"10px\" viewBox=\"0 0 24 24\" version=\"1.2\" baseProfile=\"tiny\"><path d=\"M18.2 9.3l-6.2-6.3-6.2 6.3c-.2.2-.3.4-.3.7s.1.5.3.7c.2.2.4.3.7.3h11c.3 0 .5-.1.7-.3.2-.2.3-.5.3-.7s-.1-.5-.3-.7zM5.8 14.7l6.2 6.3 6.2-6.3c.2-.2.3-.5.3-.7s-.1-.5-.3-.7c-.2-.2-.4-.3-.7-.3h-11c-.3 0-.5.1-.7.3-.2.2-.3.5-.3.7s.1.5.3.7z\"\/><\/svg><\/span><\/span><\/span><\/a><\/span><\/div>\n<nav><ul class='ez-toc-list ez-toc-list-level-1 ' ><li class='ez-toc-page-1'><a class=\"ez-toc-link ez-toc-heading-1\" href=\"https:\/\/www.rotaseguros.com.br\/planosdesaude\/unimed-uberlandia-amplia-rede\/#Unimed_referencia_em_saude_no_Brasil\" >Unimed: refer\u00eancia em sa\u00fade no Brasil<\/a><\/li><li class='ez-toc-page-1'><a class=\"ez-toc-link ez-toc-heading-2\" href=\"https:\/\/www.rotaseguros.com.br\/planosdesaude\/unimed-uberlandia-amplia-rede\/#Conheca_a_nova_unidade_no_Granja_Marileusa\" >Conhe\u00e7a a nova unidade no Granja Marileusa<\/a><\/li><li class='ez-toc-page-1'><a class=\"ez-toc-link ez-toc-heading-3\" href=\"https:\/\/www.rotaseguros.com.br\/planosdesaude\/unimed-uberlandia-amplia-rede\/#Cuidado_integral_e_coordenado\" >Cuidado integral e coordenado<\/a><\/li><li class='ez-toc-page-1'><a class=\"ez-toc-link ez-toc-heading-4\" href=\"https:\/\/www.rotaseguros.com.br\/planosdesaude\/unimed-uberlandia-amplia-rede\/#Sobre_o_Villa_Viseu\" >Sobre o Villa Viseu<\/a><\/li><li class='ez-toc-page-1'><a class=\"ez-toc-link ez-toc-heading-5\" href=\"https:\/\/www.rotaseguros.com.br\/planosdesaude\/unimed-uberlandia-amplia-rede\/#Localizacao_estrategica\" >Localiza\u00e7\u00e3o estrat\u00e9gica<\/a><\/li><li class='ez-toc-page-1'><a class=\"ez-toc-link ez-toc-heading-6\" href=\"https:\/\/www.rotaseguros.com.br\/planosdesaude\/unimed-uberlandia-amplia-rede\/#Outras_unidades_do_Espaco_Unimed_em_Uberlandia\" >Outras unidades do Espa\u00e7o + Unimed em Uberl\u00e2ndia<\/a><\/li><li class='ez-toc-page-1'><a class=\"ez-toc-link ez-toc-heading-7\" href=\"https:\/\/www.rotaseguros.com.br\/planosdesaude\/unimed-uberlandia-amplia-rede\/#Conte_com_a_Rota_Seguros\" >Conte com a Rota Seguros<\/a><\/li><\/ul><\/nav><\/div>\n\n<p data-start=\"238\" data-end=\"584\"><img loading=\"lazy\" decoding=\"async\" class=\"alignnone wp-image-32658 size-full\" title=\"Unimed: refer\u00eancia em sa\u00fade no Brasil\" src=\"https:\/\/www.rotaseguros.com.br\/planosdesaude\/wp-content\/uploads\/2025\/05\/Unimed_-referencia-em-saude-no-Brasil.png\" alt=\"Unimed: refer\u00eancia em sa\u00fade no Brasil\" width=\"800\" height=\"200\" srcset=\"https:\/\/www.rotaseguros.com.br\/planosdesaude\/wp-content\/uploads\/2025\/05\/Unimed_-referencia-em-saude-no-Brasil.png 800w, https:\/\/www.rotaseguros.com.br\/planosdesaude\/wp-content\/uploads\/2025\/05\/Unimed_-referencia-em-saude-no-Brasil-300x75.png 300w, https:\/\/www.rotaseguros.com.br\/planosdesaude\/wp-content\/uploads\/2025\/05\/Unimed_-referencia-em-saude-no-Brasil-768x192.png 768w\" sizes=\"auto, (max-width: 800px) 100vw, 800px\" \/><\/p>\n<h2 data-start=\"591\" data-end=\"631\"><\/h2>\n<h2 data-start=\"591\" data-end=\"631\"><\/h2>\n<h2 class=\"\" data-start=\"591\" data-end=\"631\"><span class=\"ez-toc-section\" id=\"Unimed_referencia_em_saude_no_Brasil\"><\/span>Unimed: refer\u00eancia em sa\u00fade no Brasil<span class=\"ez-toc-section-end\"><\/span><\/h2>\n<p>&nbsp;<\/p>\n<p class=\"\" data-start=\"633\" data-end=\"877\">A <strong data-start=\"635\" data-end=\"645\">Unimed<\/strong> \u00e9 a maior cooperativa m\u00e9dica do Brasil, com forte presen\u00e7a em todo o territ\u00f3rio nacional. Em Uberl\u00e2ndia, destaca-se por seu modelo de cuidado centrado no paciente, com foco em preven\u00e7\u00e3o, qualidade de vida e atendimento humanizado.<\/p>\n<p class=\"\" data-start=\"879\" data-end=\"1013\">Seus planos oferecem ampla cobertura, equipe multiprofissional e unidades equipadas para garantir um acompanhamento completo em sa\u00fade.<\/p>\n<p data-start=\"879\" data-end=\"1013\"><img loading=\"lazy\" decoding=\"async\" class=\"alignnone wp-image-32659 size-full\" title=\"Conhe\u00e7a a nova unidade no Granja Marileusa\" src=\"https:\/\/www.rotaseguros.com.br\/planosdesaude\/wp-content\/uploads\/2025\/05\/Conheca-a-nova-unidade-no-Granja-Marileusa.png\" alt=\"Conhe\u00e7a a nova unidade no Granja Marileusa\" width=\"800\" height=\"200\" srcset=\"https:\/\/www.rotaseguros.com.br\/planosdesaude\/wp-content\/uploads\/2025\/05\/Conheca-a-nova-unidade-no-Granja-Marileusa.png 800w, https:\/\/www.rotaseguros.com.br\/planosdesaude\/wp-content\/uploads\/2025\/05\/Conheca-a-nova-unidade-no-Granja-Marileusa-300x75.png 300w, https:\/\/www.rotaseguros.com.br\/planosdesaude\/wp-content\/uploads\/2025\/05\/Conheca-a-nova-unidade-no-Granja-Marileusa-768x192.png 768w\" sizes=\"auto, (max-width: 800px) 100vw, 800px\" \/><\/p>\n<h2 data-start=\"1020\" data-end=\"1065\"><\/h2>\n<h2 class=\"\" data-start=\"1020\" data-end=\"1065\"><span class=\"ez-toc-section\" id=\"Conheca_a_nova_unidade_no_Granja_Marileusa\"><\/span>Conhe\u00e7a a nova unidade no Granja Marileusa<span class=\"ez-toc-section-end\"><\/span><\/h2>\n<p class=\"\" data-start=\"1067\" data-end=\"1247\">A nova unidade, prevista para iniciar os atendimentos em dezembro de 2024, foi pensada para proporcionar mais conforto e agilidade aos benefici\u00e1rios da Unimed.<\/p>\n<p class=\"\" data-start=\"1067\" data-end=\"1247\">Com uma estrutura moderna, contar\u00e1 com 10 consult\u00f3rios, sala de curativos, sala de medica\u00e7\u00e3o e atendimento voltado \u00e0 Aten\u00e7\u00e3o Prim\u00e1ria \u00e0 Sa\u00fade, realizado por uma equipe multiprofissional formada por M\u00e9dico de Fam\u00edlia, Nutricionista, Psic\u00f3logo e profissionais de Enfermagem.<\/p>\n<h2 data-start=\"1432\" data-end=\"1464\"><img loading=\"lazy\" decoding=\"async\" class=\"alignnone wp-image-32661 size-full\" style=\"color: #777777; font-family: 'Open Sans', Helvetica, Arial, sans-serif; font-size: 13px; font-weight: 400;\" title=\"Cuidado integral e coordenado\" src=\"https:\/\/www.rotaseguros.com.br\/planosdesaude\/wp-content\/uploads\/2025\/05\/Cuidado-integral-e-coordenado.png\" alt=\"Cuidado integral e coordenado\" width=\"800\" height=\"200\" srcset=\"https:\/\/www.rotaseguros.com.br\/planosdesaude\/wp-content\/uploads\/2025\/05\/Cuidado-integral-e-coordenado.png 800w, https:\/\/www.rotaseguros.com.br\/planosdesaude\/wp-content\/uploads\/2025\/05\/Cuidado-integral-e-coordenado-300x75.png 300w, https:\/\/www.rotaseguros.com.br\/planosdesaude\/wp-content\/uploads\/2025\/05\/Cuidado-integral-e-coordenado-768x192.png 768w\" sizes=\"auto, (max-width: 800px) 100vw, 800px\" \/><\/h2>\n<p>&nbsp;<\/p>\n<h2 class=\"\" data-start=\"1432\" data-end=\"1464\"><span class=\"ez-toc-section\" id=\"Cuidado_integral_e_coordenado\"><\/span>Cuidado integral e coordenado<span class=\"ez-toc-section-end\"><\/span><\/h2>\n<p>&nbsp;<\/p>\n<p class=\"\" data-start=\"1466\" data-end=\"1734\">No <strong data-start=\"1469\" data-end=\"1488\">Espa\u00e7o + Unimed<\/strong>, o atendimento vai al\u00e9m das consultas. Cada benefici\u00e1rio conta com um <strong data-start=\"1559\" data-end=\"1594\">plano de cuidados personalizado<\/strong>, elaborado por uma equipe multidisciplinar. Isso garante um cuidado cont\u00ednuo, considerando aspectos f\u00edsicos, emocionais e sociais da sa\u00fade.<\/p>\n<p class=\"\" data-start=\"1736\" data-end=\"1906\">Segundo a Dra. \u00c9rica Oliveira, coordenadora m\u00e9dica da unidade, o objetivo \u00e9 estar mais pr\u00f3ximo da popula\u00e7\u00e3o, oferecendo um servi\u00e7o descentralizado, integrado e eficiente.<\/p>\n<h2 data-start=\"2274\" data-end=\"2325\"><\/h2>\n<p>&nbsp;<\/p>\n<p><img loading=\"lazy\" decoding=\"async\" class=\"alignnone wp-image-32662 size-full\" title=\"Sobre o Villa Viseu\" src=\"https:\/\/www.rotaseguros.com.br\/planosdesaude\/wp-content\/uploads\/2025\/05\/Sobre-o-Villa-Viseu.png\" alt=\"Sobre o Villa Viseu\" width=\"800\" height=\"200\" srcset=\"https:\/\/www.rotaseguros.com.br\/planosdesaude\/wp-content\/uploads\/2025\/05\/Sobre-o-Villa-Viseu.png 800w, https:\/\/www.rotaseguros.com.br\/planosdesaude\/wp-content\/uploads\/2025\/05\/Sobre-o-Villa-Viseu-300x75.png 300w, https:\/\/www.rotaseguros.com.br\/planosdesaude\/wp-content\/uploads\/2025\/05\/Sobre-o-Villa-Viseu-768x192.png 768w\" sizes=\"auto, (max-width: 800px) 100vw, 800px\" \/><\/p>\n<h2 data-start=\"144\" data-end=\"167\"><\/h2>\n<h2 data-start=\"144\" data-end=\"167\"><span class=\"ez-toc-section\" id=\"Sobre_o_Villa_Viseu\"><\/span>Sobre o Villa Viseu<span class=\"ez-toc-section-end\"><\/span><\/h2>\n<p>&nbsp;<\/p>\n<p class=\"\" data-start=\"169\" data-end=\"495\">Desde sua inaugura\u00e7\u00e3o em 2018, o <a href=\"https:\/\/villaviseu.com.br\/\" target=\"_blank\" rel=\"noopener\">Villa Viseu<\/a> tornou-se refer\u00eancia como um espa\u00e7o moderno e funcional, pensado para facilitar a rotina dos visitantes. Com 6 mil metros quadrados de \u00e1rea bruta loc\u00e1vel, abriga 63 lojas e 23 salas comerciais, reunindo op\u00e7\u00f5es de produtos, servi\u00e7os e gastronomia em um ambiente pr\u00e1tico e acess\u00edvel.<\/p>\n<p class=\"\" data-start=\"497\" data-end=\"659\">Pet friendly e com 280 vagas de estacionamento gratuito, o local oferece conforto e conveni\u00eancia tanto para quem mora na regi\u00e3o quanto para quem est\u00e1 de passagem.<\/p>\n<p class=\"\" data-start=\"661\" data-end=\"815\">A chegada do Espa\u00e7o + Unimed ao Villa Viseu valoriza ainda mais essa proposta, integrando sa\u00fade e bem-estar a uma estrutura urbana completa e inteligente.<\/p>\n<h3 data-start=\"822\" data-end=\"849\"><\/h3>\n<h3 class=\"\" data-start=\"822\" data-end=\"849\"><span class=\"ez-toc-section\" id=\"Localizacao_estrategica\"><\/span>Localiza\u00e7\u00e3o estrat\u00e9gica<span class=\"ez-toc-section-end\"><\/span><\/h3>\n<p class=\"\" data-start=\"851\" data-end=\"1197\">Instalada no bairro Granja Marileusa, uma das \u00e1reas que mais crescem em Uberl\u00e2ndia, a nova unidade da Unimed aproveita a localiza\u00e7\u00e3o privilegiada do Villa Viseu para oferecer um acesso f\u00e1cil e eficiente aos seus benefici\u00e1rios. Em um s\u00f3 lugar, \u00e9 poss\u00edvel encontrar cuidado em sa\u00fade, servi\u00e7os essenciais e toda a praticidade de um shopping moderno.<\/p>\n<p>&nbsp;<\/p>\n<p>&nbsp;<\/p>\n<h2 class=\"\" data-start=\"2274\" data-end=\"2325\"><span class=\"ez-toc-section\" id=\"Outras_unidades_do_Espaco_Unimed_em_Uberlandia\"><\/span>Outras unidades do Espa\u00e7o + Unimed em Uberl\u00e2ndia<span class=\"ez-toc-section-end\"><\/span><\/h2>\n<p>&nbsp;<\/p>\n<p class=\"\" data-start=\"84\" data-end=\"332\">Com a nova unidade no Granja Marileusa, a Unimed Uberl\u00e2ndia amplia ainda mais sua presen\u00e7a na cidade, totalizando <strong data-start=\"198\" data-end=\"236\">quatro unidades do Espa\u00e7o + Unimed<\/strong>. Al\u00e9m do Villa Viseu, os benefici\u00e1rios tamb\u00e9m contam com atendimento nos seguintes endere\u00e7os:<\/p>\n<ul data-start=\"334\" data-end=\"449\">\n<li class=\"\" data-start=\"334\" data-end=\"357\">\n<p class=\"\" data-start=\"336\" data-end=\"357\">Uberl\u00e2ndia Shopping<\/p>\n<\/li>\n<li class=\"\" data-start=\"358\" data-end=\"405\">\n<p class=\"\" data-start=\"360\" data-end=\"405\">Bairro Martins \u2013 Av. Vasconcelos Costa, 967<\/p>\n<\/li>\n<li class=\"\" data-start=\"406\" data-end=\"449\">\n<p class=\"\" data-start=\"408\" data-end=\"449\">Bairro Brasil \u2013 Av. Ces\u00e1rio Alvim, 3521<\/p>\n<\/li>\n<\/ul>\n<p class=\"\" data-start=\"451\" data-end=\"580\">Essa expans\u00e3o refor\u00e7a o compromisso da Unimed com um atendimento acess\u00edvel, descentralizado e cada vez mais pr\u00f3ximo da popula\u00e7\u00e3o.<\/p>\n<h2 data-start=\"144\" data-end=\"167\"><img loading=\"lazy\" decoding=\"async\" class=\"alignnone wp-image-32660 size-full\" style=\"color: #777777; font-family: 'Open Sans', Helvetica, Arial, sans-serif; font-size: 13px;\" title=\"Conte com a Rota Seguros\" src=\"https:\/\/www.rotaseguros.com.br\/planosdesaude\/wp-content\/uploads\/2025\/05\/Conte-com-a-Rota-Seguros-1.png\" alt=\"Conte com a Rota Seguros\" width=\"800\" height=\"200\" srcset=\"https:\/\/www.rotaseguros.com.br\/planosdesaude\/wp-content\/uploads\/2025\/05\/Conte-com-a-Rota-Seguros-1.png 800w, https:\/\/www.rotaseguros.com.br\/planosdesaude\/wp-content\/uploads\/2025\/05\/Conte-com-a-Rota-Seguros-1-300x75.png 300w, https:\/\/www.rotaseguros.com.br\/planosdesaude\/wp-content\/uploads\/2025\/05\/Conte-com-a-Rota-Seguros-1-768x192.png 768w\" sizes=\"auto, (max-width: 800px) 100vw, 800px\" \/><\/h2>\n<h2 class=\"\" data-start=\"2590\" data-end=\"2640\"><span class=\"ez-toc-section\" id=\"Conte_com_a_Rota_Seguros\"><\/span>Conte com a Rota Seguros<span class=\"ez-toc-section-end\"><\/span><\/h2>\n<p>&nbsp;<\/p>\n<p class=\"\" data-start=\"2642\" data-end=\"2879\">Se voc\u00ea ainda n\u00e3o tem um plano Unimed Uberl\u00e2ndia ou quer rever suas op\u00e7\u00f5es, conte com a <strong data-start=\"2719\" data-end=\"2735\">Rota Seguros<\/strong>. Estamos prontos para te ajudar a encontrar o plano ideal, seja para voc\u00ea, sua fam\u00edlia ou sua empresa.<\/p>\n<p class=\"\" data-start=\"2881\" data-end=\"3014\">Nosso time oferece atendimento personalizado, orienta\u00e7\u00e3o clara e um processo simples para garantir o melhor em sa\u00fade e tranquilidade, entre em contato &#8211; Uberl\u00e2ndia \u2013 MG:\u00a0<a href=\"https:\/\/www.rotaseguros.com.br\/uberlandia\/index.html\">(34) 3291-9300<\/a><\/p>\n","protected":false},"excerpt":{"rendered":"<p><span class=\"span-reading-time rt-reading-time\" style=\"display: block;\"><span class=\"rt-label rt-prefix\">Reading Time: <\/span> <span class=\"rt-time\"> 3<\/span> <span class=\"rt-label rt-postfix\">minutes<\/span><\/span>Unimed Uberl\u00e2ndia chega ao Villa Viseu, no Granja Marileusa, com estrutura inovadora do Espa\u00e7o + Unimed. Saiba tudo sobre essa novidade para quem valoriza comodidade, acesso facilitado e cuidado integral &#8230;<\/p>\n","protected":false},"author":36,"featured_media":32657,"comment_status":"open","ping_status":"open","sticky":false,"template":"","format":"standard","meta":{"_monsterinsights_skip_tracking":false,"_monsterinsights_sitenote_active":false,"_monsterinsights_sitenote_note":"","_monsterinsights_sitenote_category":0,"footnotes":"","_links_to":"","_links_to_target":""},"categories":[12,1,27,33],"tags":[3111,170,3657,375,3656],"class_list":["post-32573","post","type-post","status-publish","format-standard","has-post-thumbnail","hentry","category-noticias","category-sem-categoria","category-plano-de-saude","category-rota-seguros","tag-blog-rota-seguros","tag-nova-unidade","tag-uberlandia","tag-unimed","tag-villa-viseu"],"_links":{"self":[{"href":"https:\/\/www.rotaseguros.com.br\/planosdesaude\/wp-json\/wp\/v2\/posts\/32573","targetHints":{"allow":["GET"]}}],"collection":[{"href":"https:\/\/www.rotaseguros.com.br\/planosdesaude\/wp-json\/wp\/v2\/posts"}],"about":[{"href":"https:\/\/www.rotaseguros.com.br\/planosdesaude\/wp-json\/wp\/v2\/types\/post"}],"author":[{"embeddable":true,"href":"https:\/\/www.rotaseguros.com.br\/planosdesaude\/wp-json\/wp\/v2\/users\/36"}],"replies":[{"embeddable":true,"href":"https:\/\/www.rotaseguros.com.br\/planosdesaude\/wp-json\/wp\/v2\/comments?post=32573"}],"version-history":[{"count":7,"href":"https:\/\/www.rotaseguros.com.br\/planosdesaude\/wp-json\/wp\/v2\/posts\/32573\/revisions"}],"predecessor-version":[{"id":32721,"href":"https:\/\/www.rotaseguros.com.br\/planosdesaude\/wp-json\/wp\/v2\/posts\/32573\/revisions\/32721"}],"wp:featuredmedia":[{"embeddable":true,"href":"https:\/\/www.rotaseguros.com.br\/planosdesaude\/wp-json\/wp\/v2\/media\/32657"}],"wp:attachment":[{"href":"https:\/\/www.rotaseguros.com.br\/planosdesaude\/wp-json\/wp\/v2\/media?parent=32573"}],"wp:term":[{"taxonomy":"category","embeddable":true,"href":"https:\/\/www.rotaseguros.com.br\/planosdesaude\/wp-json\/wp\/v2\/categories?post=32573"},{"taxonomy":"post_tag","embeddable":true,"href":"https:\/\/www.rotaseguros.com.br\/planosdesaude\/wp-json\/wp\/v2\/tags?post=32573"}],"curies":[{"name":"wp","href":"https:\/\/api.w.org\/{rel}","templated":true}]}}