{"id":32611,"date":"2025-05-27T10:32:47","date_gmt":"2025-05-27T13:32:47","guid":{"rendered":"https:\/\/www.rotaseguros.com.br\/planosdesaude\/?p=32611"},"modified":"2025-05-27T10:32:47","modified_gmt":"2025-05-27T13:32:47","slug":"mais-saude-em-colatina","status":"publish","type":"post","link":"https:\/\/www.rotaseguros.com.br\/planosdesaude\/mais-saude-em-colatina\/","title":{"rendered":"Mais Sa\u00fade chega a Colatina"},"content":{"rendered":"<span class=\"span-reading-time rt-reading-time\" style=\"display: block;\"><span class=\"rt-label rt-prefix\">Reading Time: <\/span> <span class=\"rt-time\"> 3<\/span> <span class=\"rt-label rt-postfix\">minutes<\/span><\/span><p class=\"\" data-start=\"332\" data-end=\"704\">A Mais Sa\u00fade em Colatina, uma das operadoras de plano de sa\u00fade que mais cresce no <a href=\"https:\/\/pt.wikipedia.org\/wiki\/Esp%C3%ADrito_Santo_(estado)\" target=\"_blank\" rel=\"noopener\">Esp\u00edrito Santo<\/a>, acaba de expandir sua atua\u00e7\u00e3o para o Norte e Noroeste do estado. E a principal novidade \u00e9 a inaugura\u00e7\u00e3o da nova cl\u00ednica em Colatina, trazendo uma estrutura de atendimento qualificado para a popula\u00e7\u00e3o da regi\u00e3o com o compromisso de sempre: cuidado acess\u00edvel, cont\u00ednuo e humanizado.<\/p><div id=\"ez-toc-container\" class=\"ez-toc-v2_0_82_2 counter-flat ez-toc-counter ez-toc-grey ez-toc-container-direction\">\n<div class=\"ez-toc-title-container\">\n<p class=\"ez-toc-title\" style=\"cursor:inherit\">Aqui voc\u00ea encontra:<\/p>\n<span class=\"ez-toc-title-toggle\"><a href=\"#\" class=\"ez-toc-pull-right ez-toc-btn ez-toc-btn-xs ez-toc-btn-default ez-toc-toggle\" aria-label=\"Alternar tabela de conte\u00fado\"><span class=\"ez-toc-js-icon-con\"><span class=\"\"><span class=\"eztoc-hide\" style=\"display:none;\">Toggle<\/span><span class=\"ez-toc-icon-toggle-span\"><svg style=\"fill: #999;color:#999\" xmlns=\"http:\/\/www.w3.org\/2000\/svg\" class=\"list-377408\" width=\"20px\" height=\"20px\" viewBox=\"0 0 24 24\" fill=\"none\"><path d=\"M6 6H4v2h2V6zm14 0H8v2h12V6zM4 11h2v2H4v-2zm16 0H8v2h12v-2zM4 16h2v2H4v-2zm16 0H8v2h12v-2z\" fill=\"currentColor\"><\/path><\/svg><svg style=\"fill: #999;color:#999\" class=\"arrow-unsorted-368013\" xmlns=\"http:\/\/www.w3.org\/2000\/svg\" width=\"10px\" height=\"10px\" viewBox=\"0 0 24 24\" version=\"1.2\" baseProfile=\"tiny\"><path d=\"M18.2 9.3l-6.2-6.3-6.2 6.3c-.2.2-.3.4-.3.7s.1.5.3.7c.2.2.4.3.7.3h11c.3 0 .5-.1.7-.3.2-.2.3-.5.3-.7s-.1-.5-.3-.7zM5.8 14.7l6.2 6.3 6.2-6.3c.2-.2.3-.5.3-.7s-.1-.5-.3-.7c-.2-.2-.4-.3-.7-.3h-11c-.3 0-.5.1-.7.3-.2.2-.3.5-.3.7s.1.5.3.7z\"\/><\/svg><\/span><\/span><\/span><\/a><\/span><\/div>\n<nav><ul class='ez-toc-list ez-toc-list-level-1 ' ><li class='ez-toc-page-1'><a class=\"ez-toc-link ez-toc-heading-1\" href=\"https:\/\/www.rotaseguros.com.br\/planosdesaude\/mais-saude-em-colatina\/#Nova_clinica_em_Colatina\" >Nova cl\u00ednica em Colatina<\/a><\/li><li class='ez-toc-page-1'><a class=\"ez-toc-link ez-toc-heading-2\" href=\"https:\/\/www.rotaseguros.com.br\/planosdesaude\/mais-saude-em-colatina\/#O_que_e_o_Plano_de_Saude_Mais_Saude\" >O que \u00e9 o Plano de Sa\u00fade Mais Sa\u00fade?<\/a><\/li><li class='ez-toc-page-1'><a class=\"ez-toc-link ez-toc-heading-3\" href=\"https:\/\/www.rotaseguros.com.br\/planosdesaude\/mais-saude-em-colatina\/#Modalidades_de_contratacao_flexiveis\" >Modalidades de contrata\u00e7\u00e3o flex\u00edveis<\/a><\/li><li class='ez-toc-page-1'><a class=\"ez-toc-link ez-toc-heading-4\" href=\"https:\/\/www.rotaseguros.com.br\/planosdesaude\/mais-saude-em-colatina\/#Mais_Saude_agora_mais_perto_de_voce\" >Mais Sa\u00fade agora mais perto de voc\u00ea<\/a><\/li><li class='ez-toc-page-1'><a class=\"ez-toc-link ez-toc-heading-5\" href=\"https:\/\/www.rotaseguros.com.br\/planosdesaude\/mais-saude-em-colatina\/#Quer_contratar_o_plano_Mais_Saude_Fale_com_a_Rota\" >Quer contratar o plano Mais Sa\u00fade? Fale com a Rota!<\/a><\/li><\/ul><\/nav><\/div>\n\n<p class=\"\" data-start=\"706\" data-end=\"1028\">Essa chegada representa um passo importante para descentralizar os servi\u00e7os de sa\u00fade de qualidade que antes se concentravam, majoritariamente, na Grande Vit\u00f3ria. Agora, moradores de Colatina e arredores contam com uma nova op\u00e7\u00e3o de atendimento local, com acesso facilitado e menos deslocamento at\u00e9 centros maiores.<\/p>\n<p data-start=\"706\" data-end=\"1028\"><img loading=\"lazy\" decoding=\"async\" class=\"alignnone wp-image-32644 size-full\" title=\"Mais Sa\u00fade em Colatina - O que \u00e9 o Plano de Sa\u00fade Mais Sa\u00fade\" src=\"https:\/\/www.rotaseguros.com.br\/planosdesaude\/wp-content\/uploads\/2025\/05\/Mais-Saude-em-Colatina-Nova-clinica-em-Colatina.png\" alt=\"\" width=\"800\" height=\"200\" srcset=\"https:\/\/www.rotaseguros.com.br\/planosdesaude\/wp-content\/uploads\/2025\/05\/Mais-Saude-em-Colatina-Nova-clinica-em-Colatina.png 800w, https:\/\/www.rotaseguros.com.br\/planosdesaude\/wp-content\/uploads\/2025\/05\/Mais-Saude-em-Colatina-Nova-clinica-em-Colatina-300x75.png 300w, https:\/\/www.rotaseguros.com.br\/planosdesaude\/wp-content\/uploads\/2025\/05\/Mais-Saude-em-Colatina-Nova-clinica-em-Colatina-768x192.png 768w\" sizes=\"auto, (max-width: 800px) 100vw, 800px\" \/><\/p>\n<h2 class=\"\" data-start=\"1030\" data-end=\"1088\"><span class=\"ez-toc-section\" id=\"Nova_clinica_em_Colatina\"><\/span>Nova cl\u00ednica em Colatina<span class=\"ez-toc-section-end\"><\/span><\/h2>\n<p>&nbsp;<\/p>\n<p class=\"\" data-start=\"1090\" data-end=\"1449\">A unidade rec\u00e9m-inaugurada da Mais Sa\u00fade em Colatina come\u00e7ou suas atividades na semana passada e j\u00e1 oferece atendimento em <strong data-start=\"1213\" data-end=\"1257\">Psicologia, Cardiologia e Fonoaudiologia<\/strong>. E n\u00e3o para por a\u00ed: a operadora j\u00e1 est\u00e1 em processo de credenciamento de <strong data-start=\"1331\" data-end=\"1374\">Cl\u00ednico Geral, Ginecologista e Pediatra<\/strong>, refor\u00e7ando o compromisso de ampliar os servi\u00e7os conforme a demanda local.<\/p>\n<p data-start=\"1090\" data-end=\"1449\">Localizada na <strong data-start=\"487\" data-end=\"546\">Rua Joaquim Ribeiro Filho, n\u00famero 180, bairro Esplanada<\/strong>, a cl\u00ednica chega para facilitar o acesso \u00e0 sa\u00fade com qualidade e proximidade.<\/p>\n<p class=\"\" data-start=\"1451\" data-end=\"1587\">Esse \u00e9 apenas o come\u00e7o de uma presen\u00e7a que promete crescer e se consolidar como refer\u00eancia em cuidado com a sa\u00fade no interior do estado.<\/p>\n<p data-start=\"1451\" data-end=\"1587\"><img loading=\"lazy\" decoding=\"async\" class=\"alignnone wp-image-32643 size-full\" title=\"Mais Sa\u00fade em Colatina - O que \u00e9 o Plano de Sa\u00fade Mais Sa\u00fade\" src=\"https:\/\/www.rotaseguros.com.br\/planosdesaude\/wp-content\/uploads\/2025\/05\/Mais-Saude-em-Colatina-O-que-e-o-Plano-de-Saude-Mais-Saude.png\" alt=\"Mais Sa\u00fade em Colatina - O que \u00e9 o Plano de Sa\u00fade Mais Sa\u00fade\" width=\"800\" height=\"200\" srcset=\"https:\/\/www.rotaseguros.com.br\/planosdesaude\/wp-content\/uploads\/2025\/05\/Mais-Saude-em-Colatina-O-que-e-o-Plano-de-Saude-Mais-Saude.png 800w, https:\/\/www.rotaseguros.com.br\/planosdesaude\/wp-content\/uploads\/2025\/05\/Mais-Saude-em-Colatina-O-que-e-o-Plano-de-Saude-Mais-Saude-300x75.png 300w, https:\/\/www.rotaseguros.com.br\/planosdesaude\/wp-content\/uploads\/2025\/05\/Mais-Saude-em-Colatina-O-que-e-o-Plano-de-Saude-Mais-Saude-768x192.png 768w\" sizes=\"auto, (max-width: 800px) 100vw, 800px\" \/><\/p>\n<h2 class=\"\" data-start=\"1589\" data-end=\"1632\"><span class=\"ez-toc-section\" id=\"O_que_e_o_Plano_de_Saude_Mais_Saude\"><\/span>O que \u00e9 o Plano de Sa\u00fade Mais Sa\u00fade?<span class=\"ez-toc-section-end\"><\/span><\/h2>\n<p>&nbsp;<\/p>\n<p class=\"\" data-start=\"1634\" data-end=\"1905\">A Mais Sa\u00fade \u00e9 uma operadora capixaba que atua com forte presen\u00e7a na Grande Vit\u00f3ria e agora amplia sua cobertura para novas regi\u00f5es. Sua proposta une qualidade, praticidade e \u00f3timo custo-benef\u00edcio, com servi\u00e7os que fazem toda a diferen\u00e7a no dia a dia do benefici\u00e1rio.<\/p>\n<p class=\"\" data-start=\"1907\" data-end=\"1941\">Veja algumas vantagens exclusivas:<\/p>\n<ul data-start=\"1943\" data-end=\"2468\">\n<li class=\"\" data-start=\"1943\" data-end=\"2048\">\n<p class=\"\" data-start=\"1945\" data-end=\"2048\"><strong data-start=\"1945\" data-end=\"2008\">Mais de 40 mil medicamentos gen\u00e9ricos e similares gratuitos<\/strong>, entregues em casa sem custo adicional;<\/p>\n<\/li>\n<li class=\"\" data-start=\"2049\" data-end=\"2122\">\n<p class=\"\" data-start=\"2051\" data-end=\"2122\"><strong data-start=\"2051\" data-end=\"2083\">Pronto atendimento exclusivo<\/strong> em diversas cidades da Grande Vit\u00f3ria;<\/p>\n<\/li>\n<li class=\"\" data-start=\"2123\" data-end=\"2255\">\n<p class=\"\" data-start=\"2125\" data-end=\"2255\"><strong data-start=\"2125\" data-end=\"2166\">Telemedicina em v\u00e1rias especialidades<\/strong>, al\u00e9m de pronto-socorro com cl\u00ednico geral e infantil <strong data-start=\"2220\" data-end=\"2254\">sem cobran\u00e7a de coparticipa\u00e7\u00e3o<\/strong>;<\/p>\n<\/li>\n<li class=\"\" data-start=\"2256\" data-end=\"2372\">\n<p class=\"\" data-start=\"2258\" data-end=\"2372\"><strong data-start=\"2258\" data-end=\"2282\">Aplicativo exclusivo<\/strong> para acesso \u00e0 rede credenciada, cart\u00e3o virtual, solicita\u00e7\u00e3o de medicamentos e muito mais;<\/p>\n<\/li>\n<li class=\"\" data-start=\"2373\" data-end=\"2468\">\n<p class=\"\" data-start=\"2375\" data-end=\"2468\"><strong data-start=\"2375\" data-end=\"2410\">Isen\u00e7\u00e3o total de coparticipa\u00e7\u00e3o<\/strong> na rede exclusiva Mais Sa\u00fade (exceto terapias especiais).<\/p>\n<\/li>\n<\/ul>\n<h2 data-start=\"2470\" data-end=\"2513\"><\/h2>\n<h2 class=\"\" data-start=\"2470\" data-end=\"2513\"><span class=\"ez-toc-section\" id=\"Modalidades_de_contratacao_flexiveis\"><\/span><strong data-start=\"2473\" data-end=\"2513\">M<\/strong>odalidades de contrata\u00e7\u00e3o flex\u00edveis<span class=\"ez-toc-section-end\"><\/span><\/h2>\n<p>&nbsp;<\/p>\n<p class=\"\" data-start=\"2515\" data-end=\"2788\">A Mais Sa\u00fade est\u00e1 dispon\u00edvel tanto para <strong data-start=\"2555\" data-end=\"2588\">empresas a partir de uma vida<\/strong>, quanto para pessoas f\u00edsicas na <strong data-start=\"2621\" data-end=\"2655\">modalidade coletivo por ades\u00e3o<\/strong>, vinculadas a entidades de classe. Ou seja, \u00e9 poss\u00edvel contratar de forma acess\u00edvel e de acordo com a sua realidade, sem burocracia.<\/p>\n<h2 data-start=\"2790\" data-end=\"2832\"><\/h2>\n<p>&nbsp;<\/p>\n<p><img loading=\"lazy\" decoding=\"async\" class=\"alignnone wp-image-32642 size-full\" title=\"Mais Sa\u00fade agora mais perto de voc\u00ea\" src=\"https:\/\/www.rotaseguros.com.br\/planosdesaude\/wp-content\/uploads\/2025\/05\/Mais-Saude-agora-mais-perto-de-voce.png\" alt=\"Mais Sa\u00fade agora mais perto de voc\u00ea\" width=\"800\" height=\"200\" srcset=\"https:\/\/www.rotaseguros.com.br\/planosdesaude\/wp-content\/uploads\/2025\/05\/Mais-Saude-agora-mais-perto-de-voce.png 800w, https:\/\/www.rotaseguros.com.br\/planosdesaude\/wp-content\/uploads\/2025\/05\/Mais-Saude-agora-mais-perto-de-voce-300x75.png 300w, https:\/\/www.rotaseguros.com.br\/planosdesaude\/wp-content\/uploads\/2025\/05\/Mais-Saude-agora-mais-perto-de-voce-768x192.png 768w\" sizes=\"auto, (max-width: 800px) 100vw, 800px\" \/><\/p>\n<p>&nbsp;<\/p>\n<p>&nbsp;<\/p>\n<h2 class=\"\" data-start=\"2790\" data-end=\"2832\"><span class=\"ez-toc-section\" id=\"Mais_Saude_agora_mais_perto_de_voce\"><\/span>Mais Sa\u00fade agora mais perto de voc\u00ea<span class=\"ez-toc-section-end\"><\/span><\/h2>\n<p>&nbsp;<\/p>\n<p class=\"\" data-start=\"2834\" data-end=\"3212\">Com a inaugura\u00e7\u00e3o da cl\u00ednica de Colatina, a Mais Sa\u00fade se aproxima ainda mais das fam\u00edlias e empresas do interior capixaba, refor\u00e7ando sua miss\u00e3o de democratizar o acesso \u00e0 sa\u00fade privada com qualidade e empatia. Agora, os moradores de Colatina contam com atendimento especializado dentro da pr\u00f3pria cidade, com a garantia de uma operadora que entende as necessidades locais.<\/p>\n<p class=\"\" data-start=\"3214\" data-end=\"3470\">Al\u00e9m disso, os pacientes da regi\u00e3o ainda podem ser atendidos nas cl\u00ednicas exclusivas da operadora na Grande Vit\u00f3ria, localizadas em Vila Velha, Vit\u00f3ria, Serra e Cariacica, com estrutura completa para urg\u00eancia, emerg\u00eancia e consultas especializadas.<\/p>\n<h2 data-start=\"3477\" data-end=\"3535\"><\/h2>\n<p>&nbsp;<\/p>\n<p><img loading=\"lazy\" decoding=\"async\" class=\"alignnone wp-image-32641 size-full\" title=\"Quer contratar o plano Mais Sa\u00fade_ Fale com a Rota!\" src=\"https:\/\/www.rotaseguros.com.br\/planosdesaude\/wp-content\/uploads\/2025\/05\/Quer-contratar-o-plano-Mais-Saude_-Fale-com-a-Rota.png\" alt=\"Quer contratar o plano Mais Sa\u00fade_ Fale com a Rota!\" width=\"800\" height=\"200\" srcset=\"https:\/\/www.rotaseguros.com.br\/planosdesaude\/wp-content\/uploads\/2025\/05\/Quer-contratar-o-plano-Mais-Saude_-Fale-com-a-Rota.png 800w, https:\/\/www.rotaseguros.com.br\/planosdesaude\/wp-content\/uploads\/2025\/05\/Quer-contratar-o-plano-Mais-Saude_-Fale-com-a-Rota-300x75.png 300w, https:\/\/www.rotaseguros.com.br\/planosdesaude\/wp-content\/uploads\/2025\/05\/Quer-contratar-o-plano-Mais-Saude_-Fale-com-a-Rota-768x192.png 768w\" sizes=\"auto, (max-width: 800px) 100vw, 800px\" \/><\/p>\n<p>&nbsp;<\/p>\n<p>&nbsp;<\/p>\n<h2 class=\"\" data-start=\"3477\" data-end=\"3535\"><span class=\"ez-toc-section\" id=\"Quer_contratar_o_plano_Mais_Saude_Fale_com_a_Rota\"><\/span>Quer contratar o plano Mais Sa\u00fade? Fale com a Rota!<span class=\"ez-toc-section-end\"><\/span><\/h2>\n<p>&nbsp;<\/p>\n<p class=\"\" data-start=\"3537\" data-end=\"3747\">Se voc\u00ea mora em Colatina ou no Noroeste do Esp\u00edrito Santo e quer garantir acesso a um plano de sa\u00fade confi\u00e1vel, com atendimento humanizado e benef\u00edcios que cabem no seu bolso, a Rota Seguros pode te ajudar!<\/p>\n<p class=\"\" data-start=\"3749\" data-end=\"3925\">Com atendimento personalizado, a Rota te orienta na contrata\u00e7\u00e3o do plano ideal para voc\u00ea, sua fam\u00edlia ou sua empresa, cuidando de todas as etapas com seguran\u00e7a e agilidade.<\/p>\n<p class=\"\" data-start=\"3927\" data-end=\"4043\">Entre em contato e descubra como contratar o Mais Sa\u00fade em Colatina \u2013 ES:\u00a0<a href=\"https:\/\/www.rotaseguros.com.br\/colatina\/index.html\">(27) 3121-9393<\/a><\/p>\n<p data-start=\"3927\" data-end=\"4043\">Leia mais: <a href=\"https:\/\/www.rotaseguros.com.br\/planosdesaude\/mais-saude-e-um-bom-plano\/\">Mais Sa\u00fade \u00e9 um bom plano?<\/a><\/p>\n","protected":false},"excerpt":{"rendered":"<p><span class=\"span-reading-time rt-reading-time\" style=\"display: block;\"><span class=\"rt-label rt-prefix\">Reading Time: <\/span> <span class=\"rt-time\"> 3<\/span> <span class=\"rt-label rt-postfix\">minutes<\/span><\/span>A Mais Sa\u00fade em Colatina, uma das operadoras de plano de sa\u00fade que mais cresce no Esp\u00edrito Santo, acaba de expandir sua atua\u00e7\u00e3o para o Norte e Noroeste do estado. &#8230;<\/p>\n","protected":false},"author":36,"featured_media":32640,"comment_status":"open","ping_status":"open","sticky":false,"template":"","format":"standard","meta":{"_monsterinsights_skip_tracking":false,"_monsterinsights_sitenote_active":false,"_monsterinsights_sitenote_note":"","_monsterinsights_sitenote_category":0,"footnotes":"","_links_to":"","_links_to_target":""},"categories":[12,27,1005],"tags":[686,3634,3267,1348,3635,48,1127],"class_list":["post-32611","post","type-post","status-publish","format-standard","has-post-thumbnail","hentry","category-noticias","category-plano-de-saude","category-saude","tag-bem-estar","tag-colatina","tag-cuidado","tag-mais-saude","tag-plano","tag-rota-seguros-2","tag-saude"],"_links":{"self":[{"href":"https:\/\/www.rotaseguros.com.br\/planosdesaude\/wp-json\/wp\/v2\/posts\/32611","targetHints":{"allow":["GET"]}}],"collection":[{"href":"https:\/\/www.rotaseguros.com.br\/planosdesaude\/wp-json\/wp\/v2\/posts"}],"about":[{"href":"https:\/\/www.rotaseguros.com.br\/planosdesaude\/wp-json\/wp\/v2\/types\/post"}],"author":[{"embeddable":true,"href":"https:\/\/www.rotaseguros.com.br\/planosdesaude\/wp-json\/wp\/v2\/users\/36"}],"replies":[{"embeddable":true,"href":"https:\/\/www.rotaseguros.com.br\/planosdesaude\/wp-json\/wp\/v2\/comments?post=32611"}],"version-history":[{"count":4,"href":"https:\/\/www.rotaseguros.com.br\/planosdesaude\/wp-json\/wp\/v2\/posts\/32611\/revisions"}],"predecessor-version":[{"id":32646,"href":"https:\/\/www.rotaseguros.com.br\/planosdesaude\/wp-json\/wp\/v2\/posts\/32611\/revisions\/32646"}],"wp:featuredmedia":[{"embeddable":true,"href":"https:\/\/www.rotaseguros.com.br\/planosdesaude\/wp-json\/wp\/v2\/media\/32640"}],"wp:attachment":[{"href":"https:\/\/www.rotaseguros.com.br\/planosdesaude\/wp-json\/wp\/v2\/media?parent=32611"}],"wp:term":[{"taxonomy":"category","embeddable":true,"href":"https:\/\/www.rotaseguros.com.br\/planosdesaude\/wp-json\/wp\/v2\/categories?post=32611"},{"taxonomy":"post_tag","embeddable":true,"href":"https:\/\/www.rotaseguros.com.br\/planosdesaude\/wp-json\/wp\/v2\/tags?post=32611"}],"curies":[{"name":"wp","href":"https:\/\/api.w.org\/{rel}","templated":true}]}}