{"id":32767,"date":"2025-07-09T12:05:13","date_gmt":"2025-07-09T15:05:13","guid":{"rendered":"https:\/\/www.rotaseguros.com.br\/planosdesaude\/?p=32767"},"modified":"2025-07-09T12:05:13","modified_gmt":"2025-07-09T15:05:13","slug":"fobias-tipos-e-sintomas","status":"publish","type":"post","link":"https:\/\/www.rotaseguros.com.br\/planosdesaude\/fobias-tipos-e-sintomas\/","title":{"rendered":"Fobias: o que s\u00e3o, 5 principais tipos e sintomas"},"content":{"rendered":"<span class=\"span-reading-time rt-reading-time\" style=\"display: block;\"><span class=\"rt-label rt-prefix\">Reading Time: <\/span> <span class=\"rt-time\"> 4<\/span> <span class=\"rt-label rt-postfix\">minutes<\/span><\/span><p data-start=\"200\" data-end=\"382\">Sabe aquele medo que parece desproporcional, que faz o cora\u00e7\u00e3o acelerar, a respira\u00e7\u00e3o ficar curta e, muitas vezes, d\u00e1 at\u00e9 vontade de sair correndo? Isso pode ser uma fobia. Ter medo \u00e9 completamente normal e, na verdade, at\u00e9 necess\u00e1rio. O medo \u00e9 um mecanismo de prote\u00e7\u00e3o que ajuda a gente a se afastar de perigos e se manter vivo. Mas, quando esse medo foge do controle, se torna irracional e come\u00e7a a atrapalhar a vida, ele recebe outro nome: <strong data-start=\"654\" data-end=\"663\">fobia<\/strong>.<\/p><div id=\"ez-toc-container\" class=\"ez-toc-v2_0_82_2 counter-flat ez-toc-counter ez-toc-grey ez-toc-container-direction\">\n<div class=\"ez-toc-title-container\">\n<p class=\"ez-toc-title\" style=\"cursor:inherit\">Aqui voc\u00ea encontra:<\/p>\n<span class=\"ez-toc-title-toggle\"><a href=\"#\" class=\"ez-toc-pull-right ez-toc-btn ez-toc-btn-xs ez-toc-btn-default ez-toc-toggle\" aria-label=\"Alternar tabela de conte\u00fado\"><span class=\"ez-toc-js-icon-con\"><span class=\"\"><span class=\"eztoc-hide\" style=\"display:none;\">Toggle<\/span><span class=\"ez-toc-icon-toggle-span\"><svg style=\"fill: #999;color:#999\" xmlns=\"http:\/\/www.w3.org\/2000\/svg\" class=\"list-377408\" width=\"20px\" height=\"20px\" viewBox=\"0 0 24 24\" fill=\"none\"><path d=\"M6 6H4v2h2V6zm14 0H8v2h12V6zM4 11h2v2H4v-2zm16 0H8v2h12v-2zM4 16h2v2H4v-2zm16 0H8v2h12v-2z\" fill=\"currentColor\"><\/path><\/svg><svg style=\"fill: #999;color:#999\" class=\"arrow-unsorted-368013\" xmlns=\"http:\/\/www.w3.org\/2000\/svg\" width=\"10px\" height=\"10px\" viewBox=\"0 0 24 24\" version=\"1.2\" baseProfile=\"tiny\"><path d=\"M18.2 9.3l-6.2-6.3-6.2 6.3c-.2.2-.3.4-.3.7s.1.5.3.7c.2.2.4.3.7.3h11c.3 0 .5-.1.7-.3.2-.2.3-.5.3-.7s-.1-.5-.3-.7zM5.8 14.7l6.2 6.3 6.2-6.3c.2-.2.3-.5.3-.7s-.1-.5-.3-.7c-.2-.2-.4-.3-.7-.3h-11c-.3 0-.5.1-.7.3-.2.2-.3.5-.3.7s.1.5.3.7z\"\/><\/svg><\/span><\/span><\/span><\/a><\/span><\/div>\n<nav><ul class='ez-toc-list ez-toc-list-level-1 ' ><li class='ez-toc-page-1'><a class=\"ez-toc-link ez-toc-heading-1\" href=\"https:\/\/www.rotaseguros.com.br\/planosdesaude\/fobias-tipos-e-sintomas\/#O_que_sao_as_fobias\" >O que s\u00e3o as fobias?<\/a><\/li><li class='ez-toc-page-1'><a class=\"ez-toc-link ez-toc-heading-2\" href=\"https:\/\/www.rotaseguros.com.br\/planosdesaude\/fobias-tipos-e-sintomas\/#Quais_sao_os_sintomas\" >Quais s\u00e3o os sintomas?<\/a><\/li><li class='ez-toc-page-1'><a class=\"ez-toc-link ez-toc-heading-3\" href=\"https:\/\/www.rotaseguros.com.br\/planosdesaude\/fobias-tipos-e-sintomas\/#Agorafobia\" >Agorafobia<\/a><\/li><li class='ez-toc-page-1'><a class=\"ez-toc-link ez-toc-heading-4\" href=\"https:\/\/www.rotaseguros.com.br\/planosdesaude\/fobias-tipos-e-sintomas\/#Fobia_social\" >Fobia social<\/a><\/li><li class='ez-toc-page-1'><a class=\"ez-toc-link ez-toc-heading-5\" href=\"https:\/\/www.rotaseguros.com.br\/planosdesaude\/fobias-tipos-e-sintomas\/#Acrofobia\" >Acrofobia<\/a><\/li><li class='ez-toc-page-1'><a class=\"ez-toc-link ez-toc-heading-6\" href=\"https:\/\/www.rotaseguros.com.br\/planosdesaude\/fobias-tipos-e-sintomas\/#Zoofobia\" >Zoofobia<\/a><\/li><li class='ez-toc-page-1'><a class=\"ez-toc-link ez-toc-heading-7\" href=\"https:\/\/www.rotaseguros.com.br\/planosdesaude\/fobias-tipos-e-sintomas\/#Claustrofobia\" >Claustrofobia<\/a><\/li><li class='ez-toc-page-1'><a class=\"ez-toc-link ez-toc-heading-8\" href=\"https:\/\/www.rotaseguros.com.br\/planosdesaude\/fobias-tipos-e-sintomas\/#Tem_tratamento\" >Tem tratamento?<\/a><\/li><li class='ez-toc-page-1'><a class=\"ez-toc-link ez-toc-heading-9\" href=\"https:\/\/www.rotaseguros.com.br\/planosdesaude\/fobias-tipos-e-sintomas\/#Cuide_da_sua_mente\" >Cuide da sua mente!<\/a><\/li><\/ul><\/nav><\/div>\n\n<p data-start=\"666\" data-end=\"798\">Hoje vamos entender o que \u00e9, como ela funciona, quais s\u00e3o os principais tipos e quando \u00e9 hora de procurar ajuda. Vem com a gente!<\/p>\n<p data-start=\"666\" data-end=\"798\"><img loading=\"lazy\" decoding=\"async\" class=\"alignnone wp-image-32785 size-full\" title=\"Fobias tem cura, se cuide\" src=\"https:\/\/www.rotaseguros.com.br\/planosdesaude\/wp-content\/uploads\/2025\/06\/28.png\" alt=\"Fobias tem cura, se cuide\" width=\"800\" height=\"200\" srcset=\"https:\/\/www.rotaseguros.com.br\/planosdesaude\/wp-content\/uploads\/2025\/06\/28.png 800w, https:\/\/www.rotaseguros.com.br\/planosdesaude\/wp-content\/uploads\/2025\/06\/28-300x75.png 300w, https:\/\/www.rotaseguros.com.br\/planosdesaude\/wp-content\/uploads\/2025\/06\/28-768x192.png 768w\" sizes=\"auto, (max-width: 800px) 100vw, 800px\" \/><\/p>\n<h2 data-start=\"666\" data-end=\"798\"><span class=\"ez-toc-section\" id=\"O_que_sao_as_fobias\"><\/span>O que s\u00e3o as fobias?<span class=\"ez-toc-section-end\"><\/span><\/h2>\n<p data-start=\"827\" data-end=\"1146\">A fobia \u00e9 um tipo de <strong data-start=\"846\" data-end=\"873\">transtorno de ansiedade<\/strong> que se manifesta atrav\u00e9s de um<strong> medo intenso, irracional e persistente de uma situa\u00e7\u00e3o, objeto, animal ou ambiente.<\/strong> A simples ideia de enfrentar aquilo que a provoca pode gerar desconforto, ansiedade, sudorese, taquicardia e, em alguns casos, at\u00e9 crises de p\u00e2nico.<\/p>\n<p data-start=\"1148\" data-end=\"1376\">Ao contr\u00e1rio do medo comum, que surge diante de uma amea\u00e7a real, <strong>a fobia \u00e9 desproporcional<\/strong> e, muitas vezes, n\u00e3o representa nenhum perigo de verdade. Ainda assim, quem sofre com isso sente rea\u00e7\u00f5es f\u00edsicas e emocionais bem fortes.<\/p>\n<h2 data-start=\"1148\" data-end=\"1376\"><span class=\"ez-toc-section\" id=\"Quais_sao_os_sintomas\"><\/span>Quais s\u00e3o os sintomas?<span class=\"ez-toc-section-end\"><\/span><\/h2>\n<p data-start=\"1413\" data-end=\"1493\">Os sintomas podem variar de pessoa pra pessoa, mas geralmente envolvem:<\/p>\n<ul data-start=\"1495\" data-end=\"1743\">\n<li data-start=\"1495\" data-end=\"1553\">\n<p data-start=\"1497\" data-end=\"1553\">Ansiedade intensa diante do objeto ou situa\u00e7\u00e3o temida.<\/p>\n<\/li>\n<li data-start=\"1554\" data-end=\"1590\">\n<p data-start=\"1556\" data-end=\"1590\">Taquicardia (cora\u00e7\u00e3o acelerado) e tremores.<\/p>\n<\/li>\n<li data-start=\"1591\" data-end=\"1610\">\n<p data-start=\"1593\" data-end=\"1610\">Suor excessivo.<\/p>\n<\/li>\n<li data-start=\"1625\" data-end=\"1653\">\n<p data-start=\"1627\" data-end=\"1653\">Sensa\u00e7\u00e3o de falta de ar.<\/p>\n<\/li>\n<li data-start=\"1654\" data-end=\"1677\">\n<p data-start=\"1656\" data-end=\"1677\">Tontura ou desmaio.<\/p>\n<\/li>\n<li data-start=\"1678\" data-end=\"1689\">\n<p data-start=\"1680\" data-end=\"1689\">Dores de barriga<\/p>\n<\/li>\n<\/ul>\n<p data-start=\"1745\" data-end=\"1912\">Em muitos casos, a pessoa faz de tudo para evitar aquilo que a causa \u2014 o que <strong>pode atrapalhar trabalho, vida social, viagens e at\u00e9 situa\u00e7\u00f5es simples do dia a dia.<\/strong>5 principais tipos de fobia<\/p>\n<p data-start=\"1954\" data-end=\"2065\">Existem diversos tipos de fobias, mas<strong> algumas s\u00e3o mais comuns e mais conhecidas.<\/strong> Vamos falar sobre cinco delas:<\/p>\n<h4 data-start=\"2424\" data-end=\"2447\"><span class=\"ez-toc-section\" id=\"Agorafobia\"><\/span><strong data-start=\"2431\" data-end=\"2445\">Agorafobia<\/strong><span class=\"ez-toc-section-end\"><\/span><\/h4>\n<p data-start=\"2448\" data-end=\"2723\">\u00c9 o medo de lugares ou situa\u00e7\u00f5es onde a pessoa acredita que n\u00e3o conseguir\u00e1 sair ou receber ajuda em caso de uma crise. Isso inclui lugares muito cheios, transportes p\u00fablicos, filas, shoppings ou at\u00e9 sair de casa sozinho. Em casos mais graves, a pessoa se isola completamente.<\/p>\n<h4 data-start=\"2067\" data-end=\"2111\"><strong data-start=\"2074\" data-end=\"2109\"><img loading=\"lazy\" decoding=\"async\" class=\"alignnone size-full wp-image-32783\" style=\"color: #777777; font-family: 'Open Sans', Helvetica, Arial, sans-serif; font-size: 13px;\" src=\"https:\/\/www.rotaseguros.com.br\/planosdesaude\/wp-content\/uploads\/2025\/06\/26.png\" alt=\"\" width=\"800\" height=\"200\" srcset=\"https:\/\/www.rotaseguros.com.br\/planosdesaude\/wp-content\/uploads\/2025\/06\/26.png 800w, https:\/\/www.rotaseguros.com.br\/planosdesaude\/wp-content\/uploads\/2025\/06\/26-300x75.png 300w, https:\/\/www.rotaseguros.com.br\/planosdesaude\/wp-content\/uploads\/2025\/06\/26-768x192.png 768w\" sizes=\"auto, (max-width: 800px) 100vw, 800px\" \/><\/strong><\/h4>\n<h4 data-start=\"2067\" data-end=\"2111\"><span class=\"ez-toc-section\" id=\"Fobia_social\"><\/span><strong data-start=\"2074\" data-end=\"2109\">Fobia social<\/strong><span class=\"ez-toc-section-end\"><\/span><\/h4>\n<p data-start=\"2112\" data-end=\"2422\">N\u00e3o \u00e9 simples timidez. Aqui, o medo de ser julgado, avaliado ou humilhado em situa\u00e7\u00f5es sociais \u00e9 t\u00e3o grande que a pessoa come\u00e7a a evitar intera\u00e7\u00f5es, encontros, apresenta\u00e7\u00f5es, eventos e at\u00e9 conversas simples. S\u00f3 de pensar em falar em p\u00fablico ou participar de uma reuni\u00e3o, o corpo j\u00e1 dispara sinais de ansiedade.<\/p>\n<h4 data-start=\"2725\" data-end=\"2765\"><span class=\"ez-toc-section\" id=\"Acrofobia\"><\/span><strong data-start=\"2732\" data-end=\"2763\">Acrofobia<\/strong><span class=\"ez-toc-section-end\"><\/span><\/h4>\n<p data-start=\"2766\" data-end=\"2981\">O medo de altura. O simples fato de estar em um lugar alto \u2014 como varandas, pr\u00e9dios, pontes \u2014 pode gerar crises de ansiedade intensas. A pessoa sente vertigem, tremores e at\u00e9 a sensa\u00e7\u00e3o de que vai cair, mesmo em ambientes protegidos.<\/p>\n<h4 data-start=\"2983\" data-end=\"3023\"><span class=\"ez-toc-section\" id=\"Zoofobia\"><\/span><strong data-start=\"2990\" data-end=\"3021\">Zoofobia<\/strong><span class=\"ez-toc-section-end\"><\/span><\/h4>\n<p data-start=\"3024\" data-end=\"3216\">Aqui entram medos espec\u00edficos, como de cachorro, aranha, cobra, insetos ou qualquer outro animal. Mesmo sabendo que, na maioria dos casos, o animal n\u00e3o representa perigo, o medo \u00e9 paralisante.<\/p>\n<h4 data-start=\"2983\" data-end=\"3023\"><img loading=\"lazy\" decoding=\"async\" class=\"alignnone wp-image-32782 size-full\" style=\"color: #777777; font-family: 'Open Sans', Helvetica, Arial, sans-serif; font-size: 13px;\" title=\"Agorafobia\" src=\"https:\/\/www.rotaseguros.com.br\/planosdesaude\/wp-content\/uploads\/2025\/06\/25.png\" alt=\"Agorafobia\" width=\"800\" height=\"200\" srcset=\"https:\/\/www.rotaseguros.com.br\/planosdesaude\/wp-content\/uploads\/2025\/06\/25.png 800w, https:\/\/www.rotaseguros.com.br\/planosdesaude\/wp-content\/uploads\/2025\/06\/25-300x75.png 300w, https:\/\/www.rotaseguros.com.br\/planosdesaude\/wp-content\/uploads\/2025\/06\/25-768x192.png 768w\" sizes=\"auto, (max-width: 800px) 100vw, 800px\" \/><\/h4>\n<h4><span class=\"ez-toc-section\" id=\"Claustrofobia\"><\/span><strong data-start=\"3225\" data-end=\"3269\">Claustrofobia<\/strong><span class=\"ez-toc-section-end\"><\/span><\/h4>\n<p data-start=\"3272\" data-end=\"3499\">O medo de ficar preso em locais pequenos ou fechados, como elevadores, t\u00faneis, \u00f4nibus cheios, salas sem janelas&#8230; A pessoa sente falta de ar, taquicardia e, muitas vezes, evita qualquer situa\u00e7\u00e3o que envolva espa\u00e7os confinados.<\/p>\n<h2 data-start=\"3272\" data-end=\"3499\"><span class=\"ez-toc-section\" id=\"Tem_tratamento\"><\/span>Tem tratamento?<span class=\"ez-toc-section-end\"><\/span><\/h2>\n<p data-start=\"3989\" data-end=\"4219\">A boa not\u00edcia \u00e9 que sim, fobia tem tratamento \u2014 e funciona! Na maioria dos casos, o acompanhamento psicol\u00f3gico, principalmente com <strong data-start=\"4120\" data-end=\"4162\">terapia cognitivo-comportamental (TCC)<\/strong>, ajuda muito no enfrentamento e na redu\u00e7\u00e3o dos sintomas.<\/p>\n<p data-start=\"4221\" data-end=\"4514\">Em alguns casos, pode ser necess\u00e1rio tamb\u00e9m <strong>acompanhamento psiqui\u00e1trico<\/strong>, com uso de medica\u00e7\u00e3o para controle da ansiedade. T\u00e9cnicas de respira\u00e7\u00e3o, relaxamento e, em alguns tratamentos, a <strong data-start=\"4407\" data-end=\"4436\"><a href=\"https:\/\/dicionario.priberam.org\/dessensibiliza%C3%A7%C3%A3o\" target=\"_blank\" rel=\"noopener\">dessensibiliza\u00e7\u00e3o<\/a> gradual<\/strong> (enfrentar aos poucos o objeto da fobia) tamb\u00e9m trazem excelentes resultados.<\/p>\n<p data-start=\"4221\" data-end=\"4514\">O primeiro passo \u00e9 reconhecer que aquilo n\u00e3o \u00e9 \u201cfrescura\u201d nem \u201cexagero\u201d. <strong>Fobia \u00e9 uma condi\u00e7\u00e3o real, s\u00e9ria e, principalmente, trat\u00e1vel. <\/strong>Se o medo est\u00e1 atrapalhando sua rotina, seus relacionamentos, seu trabalho ou sua qualidade de vida, \u00e9 hora de procurar um profissional de sa\u00fade mental. Ningu\u00e9m precisa e nem deve viver ref\u00e9m do medo.<\/p>\n<p data-start=\"4888\" data-end=\"4997\">Quanto antes come\u00e7ar o tratamento, mais r\u00e1pido os resultados aparecem e mais qualidade de vida voc\u00ea recupera.<img loading=\"lazy\" decoding=\"async\" class=\"alignnone wp-image-32784 size-full\" title=\"Existe sim o tratamento para fobias!\" src=\"https:\/\/www.rotaseguros.com.br\/planosdesaude\/wp-content\/uploads\/2025\/06\/27.png\" alt=\"Existe sim o tratamento para fobias!\" width=\"800\" height=\"200\" srcset=\"https:\/\/www.rotaseguros.com.br\/planosdesaude\/wp-content\/uploads\/2025\/06\/27.png 800w, https:\/\/www.rotaseguros.com.br\/planosdesaude\/wp-content\/uploads\/2025\/06\/27-300x75.png 300w, https:\/\/www.rotaseguros.com.br\/planosdesaude\/wp-content\/uploads\/2025\/06\/27-768x192.png 768w\" sizes=\"auto, (max-width: 800px) 100vw, 800px\" \/><\/p>\n<h2 data-start=\"4888\" data-end=\"4997\"><span class=\"ez-toc-section\" id=\"Cuide_da_sua_mente\"><\/span>Cuide da sua mente!<span class=\"ez-toc-section-end\"><\/span><\/h2>\n<p data-start=\"5020\" data-end=\"5291\">Fobia n\u00e3o \u00e9 apenas \u201cmedo bobo\u201d, \u00e9 um transtorno de ansiedade que pode impactar muito a vida de quem sofre com ela. Mas o mais importante \u00e9 saber que <strong data-start=\"5170\" data-end=\"5185\">tem solu\u00e7\u00e3o<\/strong>. Com apoio profissional, autoconhecimento e as ferramentas certas, \u00e9 poss\u00edvel enfrentar e superar o medo.<\/p>\n<p data-start=\"5293\" data-end=\"5586\">E se voc\u00ea quer cuidar da sua sa\u00fade mental e f\u00edsica com muito mais tranquilidade e seguran\u00e7a, conte com a <a href=\"http:\/\/www.rotaseguros.com.br\"><strong data-start=\"5398\" data-end=\"5414\">Rota Seguros<\/strong>.<\/a> Com nossos planos de sa\u00fade, voc\u00ea tem acesso a psic\u00f3logos, psiquiatras, terapias e toda uma rede de profissionais prontos pra te ajudar a viver com mais qualidade de vida.<\/p>\n<p data-start=\"5588\" data-end=\"5671\">Clique<a href=\"https:\/\/www.rotaseguros.com.br\/cotacao\/cotacao.html\"> aqui<\/a> e conhe\u00e7a nossos planos de sa\u00fade. Sua sa\u00fade merece esse cuidado!<\/p>\n<p data-start=\"4221\" data-end=\"4514\">\n","protected":false},"excerpt":{"rendered":"<p><span class=\"span-reading-time rt-reading-time\" style=\"display: block;\"><span class=\"rt-label rt-prefix\">Reading Time: <\/span> <span class=\"rt-time\"> 4<\/span> <span class=\"rt-label rt-postfix\">minutes<\/span><\/span>Sabe aquele medo que parece desproporcional, que faz o cora\u00e7\u00e3o acelerar, a respira\u00e7\u00e3o ficar curta e, muitas vezes, d\u00e1 at\u00e9 vontade de sair correndo? Isso pode ser uma fobia. Ter &#8230;<\/p>\n","protected":false},"author":37,"featured_media":32768,"comment_status":"open","ping_status":"open","sticky":false,"template":"","format":"standard","meta":{"_monsterinsights_skip_tracking":false,"_monsterinsights_sitenote_active":false,"_monsterinsights_sitenote_note":"","_monsterinsights_sitenote_category":0,"footnotes":"","_links_to":"","_links_to_target":""},"categories":[33,1005],"tags":[692,3681,3683,3111,2678,1268,1904,3680,3682,3675,1235,1127,693],"class_list":["post-32767","post","type-post","status-publish","format-standard","has-post-thumbnail","hentry","category-rota-seguros","category-saude","tag-ansiedade","tag-ansiedade-social","tag-atendimento-psicologico","tag-blog-rota-seguros","tag-contratar-plano-de-saude","tag-depressao","tag-estresse","tag-fobia","tag-medo","tag-psiquiatria","tag-qualidade-de-vida","tag-saude","tag-saude-mental"],"_links":{"self":[{"href":"https:\/\/www.rotaseguros.com.br\/planosdesaude\/wp-json\/wp\/v2\/posts\/32767","targetHints":{"allow":["GET"]}}],"collection":[{"href":"https:\/\/www.rotaseguros.com.br\/planosdesaude\/wp-json\/wp\/v2\/posts"}],"about":[{"href":"https:\/\/www.rotaseguros.com.br\/planosdesaude\/wp-json\/wp\/v2\/types\/post"}],"author":[{"embeddable":true,"href":"https:\/\/www.rotaseguros.com.br\/planosdesaude\/wp-json\/wp\/v2\/users\/37"}],"replies":[{"embeddable":true,"href":"https:\/\/www.rotaseguros.com.br\/planosdesaude\/wp-json\/wp\/v2\/comments?post=32767"}],"version-history":[{"count":3,"href":"https:\/\/www.rotaseguros.com.br\/planosdesaude\/wp-json\/wp\/v2\/posts\/32767\/revisions"}],"predecessor-version":[{"id":32789,"href":"https:\/\/www.rotaseguros.com.br\/planosdesaude\/wp-json\/wp\/v2\/posts\/32767\/revisions\/32789"}],"wp:featuredmedia":[{"embeddable":true,"href":"https:\/\/www.rotaseguros.com.br\/planosdesaude\/wp-json\/wp\/v2\/media\/32768"}],"wp:attachment":[{"href":"https:\/\/www.rotaseguros.com.br\/planosdesaude\/wp-json\/wp\/v2\/media?parent=32767"}],"wp:term":[{"taxonomy":"category","embeddable":true,"href":"https:\/\/www.rotaseguros.com.br\/planosdesaude\/wp-json\/wp\/v2\/categories?post=32767"},{"taxonomy":"post_tag","embeddable":true,"href":"https:\/\/www.rotaseguros.com.br\/planosdesaude\/wp-json\/wp\/v2\/tags?post=32767"}],"curies":[{"name":"wp","href":"https:\/\/api.w.org\/{rel}","templated":true}]}}