{"id":32774,"date":"2025-06-24T16:32:07","date_gmt":"2025-06-24T19:32:07","guid":{"rendered":"https:\/\/www.rotaseguros.com.br\/planosdesaude\/?p=32774"},"modified":"2025-06-24T16:32:07","modified_gmt":"2025-06-24T19:32:07","slug":"reajuste-planos-de-saude-2025","status":"publish","type":"post","link":"https:\/\/www.rotaseguros.com.br\/planosdesaude\/reajuste-planos-de-saude-2025\/","title":{"rendered":"Reajuste dos Planos de Sa\u00fade Individuais e Familiares 2025"},"content":{"rendered":"<span class=\"span-reading-time rt-reading-time\" style=\"display: block;\"><span class=\"rt-label rt-prefix\">Reading Time: <\/span> <span class=\"rt-time\"> 3<\/span> <span class=\"rt-label rt-postfix\">minutes<\/span><\/span><p data-start=\"225\" data-end=\"568\">A Ag\u00eancia Nacional de Sa\u00fade Suplementar (<strong data-start=\"266\" data-end=\"273\">ANS<\/strong>) anunciou, no dia 23 de junho, o teto de <strong data-start=\"315\" data-end=\"324\">6,06%<\/strong> para o reajuste dos planos de sa\u00fade <strong data-start=\"361\" data-end=\"389\">individuais e familiares<\/strong>. Esse percentual vale para o per\u00edodo de <strong data-start=\"430\" data-end=\"462\">maio de 2025 a abril de 2026<\/strong> e corresponde ao \u00edndice m\u00e1ximo que pode ser aplicado pelas operadoras no reajuste anual desses contratos.<\/p><div id=\"ez-toc-container\" class=\"ez-toc-v2_0_82_2 counter-flat ez-toc-counter ez-toc-grey ez-toc-container-direction\">\n<div class=\"ez-toc-title-container\">\n<p class=\"ez-toc-title\" style=\"cursor:inherit\">Aqui voc\u00ea encontra:<\/p>\n<span class=\"ez-toc-title-toggle\"><a href=\"#\" class=\"ez-toc-pull-right ez-toc-btn ez-toc-btn-xs ez-toc-btn-default ez-toc-toggle\" aria-label=\"Alternar tabela de conte\u00fado\"><span class=\"ez-toc-js-icon-con\"><span class=\"\"><span class=\"eztoc-hide\" style=\"display:none;\">Toggle<\/span><span class=\"ez-toc-icon-toggle-span\"><svg style=\"fill: #999;color:#999\" xmlns=\"http:\/\/www.w3.org\/2000\/svg\" class=\"list-377408\" width=\"20px\" height=\"20px\" viewBox=\"0 0 24 24\" fill=\"none\"><path d=\"M6 6H4v2h2V6zm14 0H8v2h12V6zM4 11h2v2H4v-2zm16 0H8v2h12v-2zM4 16h2v2H4v-2zm16 0H8v2h12v-2z\" fill=\"currentColor\"><\/path><\/svg><svg style=\"fill: #999;color:#999\" class=\"arrow-unsorted-368013\" xmlns=\"http:\/\/www.w3.org\/2000\/svg\" width=\"10px\" height=\"10px\" viewBox=\"0 0 24 24\" version=\"1.2\" baseProfile=\"tiny\"><path d=\"M18.2 9.3l-6.2-6.3-6.2 6.3c-.2.2-.3.4-.3.7s.1.5.3.7c.2.2.4.3.7.3h11c.3 0 .5-.1.7-.3.2-.2.3-.5.3-.7s-.1-.5-.3-.7zM5.8 14.7l6.2 6.3 6.2-6.3c.2-.2.3-.5.3-.7s-.1-.5-.3-.7c-.2-.2-.4-.3-.7-.3h-11c-.3 0-.5.1-.7.3-.2.2-.3.5-.3.7s.1.5.3.7z\"\/><\/svg><\/span><\/span><\/span><\/a><\/span><\/div>\n<nav><ul class='ez-toc-list ez-toc-list-level-1 ' ><li class='ez-toc-page-1'><a class=\"ez-toc-link ez-toc-heading-1\" href=\"https:\/\/www.rotaseguros.com.br\/planosdesaude\/reajuste-planos-de-saude-2025\/#Por_que_o_reajuste_acontece\" >Por que o reajuste acontece?<\/a><\/li><li class='ez-toc-page-1'><a class=\"ez-toc-link ez-toc-heading-2\" href=\"https:\/\/www.rotaseguros.com.br\/planosdesaude\/reajuste-planos-de-saude-2025\/#O_que_significa\" >O que significa?<\/a><\/li><li class='ez-toc-page-1'><a class=\"ez-toc-link ez-toc-heading-3\" href=\"https:\/\/www.rotaseguros.com.br\/planosdesaude\/reajuste-planos-de-saude-2025\/#Por_que_o_reajuste_ficou_em_606\" >Por que o reajuste ficou em 6,06%?<\/a><\/li><li class='ez-toc-page-1'><a class=\"ez-toc-link ez-toc-heading-4\" href=\"https:\/\/www.rotaseguros.com.br\/planosdesaude\/reajuste-planos-de-saude-2025\/#Como_saber_se_meu_plano_teve_reajuste_correto\" >Como saber se meu plano teve reajuste correto?<\/a><\/li><li class='ez-toc-page-1'><a class=\"ez-toc-link ez-toc-heading-5\" href=\"https:\/\/www.rotaseguros.com.br\/planosdesaude\/reajuste-planos-de-saude-2025\/#Como_e_feita_a_cobranca_do_reajuste_dos_planos_de_saude\" >Como \u00e9 feita a cobran\u00e7a do reajuste dos planos de sa\u00fade?<\/a><\/li><li class='ez-toc-page-1'><a class=\"ez-toc-link ez-toc-heading-6\" href=\"https:\/\/www.rotaseguros.com.br\/planosdesaude\/reajuste-planos-de-saude-2025\/#Conte_com_a_Rota_Seguros\" >Conte com a Rota Seguros!<\/a><\/li><\/ul><\/nav><\/div>\n\n<p data-start=\"570\" data-end=\"720\">A decis\u00e3o impacta cerca de 8,6 milh\u00f5es de benefici\u00e1rios, que correspondem a aproximadamente 16% dos consumidores de planos de sa\u00fade no Brasil.<\/p>\n<p data-start=\"570\" data-end=\"720\"><img loading=\"lazy\" decoding=\"async\" class=\"alignnone wp-image-32777 size-full\" title=\"Por que o reajuste acontece\" src=\"https:\/\/www.rotaseguros.com.br\/planosdesaude\/wp-content\/uploads\/2025\/06\/Por-que-o-reajuste-acontece.png\" alt=\"Por que o reajuste acontece\" width=\"800\" height=\"200\" srcset=\"https:\/\/www.rotaseguros.com.br\/planosdesaude\/wp-content\/uploads\/2025\/06\/Por-que-o-reajuste-acontece.png 800w, https:\/\/www.rotaseguros.com.br\/planosdesaude\/wp-content\/uploads\/2025\/06\/Por-que-o-reajuste-acontece-300x75.png 300w, https:\/\/www.rotaseguros.com.br\/planosdesaude\/wp-content\/uploads\/2025\/06\/Por-que-o-reajuste-acontece-768x192.png 768w\" sizes=\"auto, (max-width: 800px) 100vw, 800px\" \/><\/p>\n<h2 data-start=\"722\" data-end=\"762\"><span class=\"ez-toc-section\" id=\"Por_que_o_reajuste_acontece\"><\/span>Por que o reajuste acontece?<span class=\"ez-toc-section-end\"><\/span><\/h2>\n<p>&nbsp;<\/p>\n<p data-start=\"764\" data-end=\"1137\">O reajuste dos planos de sa\u00fade tem como objetivo manter o equil\u00edbrio econ\u00f4mico-financeiro dos contratos. Ele reflete a varia\u00e7\u00e3o dos custos assistenciais, ou seja, os gastos das operadoras com consultas, exames, interna\u00e7\u00f5es, terapias e outros procedimentos, al\u00e9m da frequ\u00eancia de uso dos servi\u00e7os e da infla\u00e7\u00e3o m\u00e9dica que, normalmente, \u00e9 superior \u00e0 infla\u00e7\u00e3o geral do pa\u00eds.<\/p>\n<h2 data-start=\"1139\" data-end=\"1189\"><span class=\"ez-toc-section\" id=\"O_que_significa\"><\/span>O que significa?<span class=\"ez-toc-section-end\"><\/span><\/h2>\n<p>&nbsp;<\/p>\n<p data-start=\"1191\" data-end=\"1445\">O \u00edndice de <strong data-start=\"1203\" data-end=\"1212\">6,06%<\/strong> \u00e9 o <strong data-start=\"1217\" data-end=\"1243\">teto m\u00e1ximo autorizado<\/strong>. Isso quer dizer que nenhuma operadora poder\u00e1 aplicar um reajuste acima desse percentual nos planos individuais e familiares regulamentados (contratados a partir da Lei n\u00ba 9.656\/98 ou adaptados a ela).<\/p>\n<p data-start=\"1447\" data-end=\"1565\">Esse percentual ser\u00e1 aplicado no m\u00eas de <strong data-start=\"1487\" data-end=\"1514\">anivers\u00e1rio do contrato<\/strong>, ou seja, no m\u00eas em que cada plano foi contratado.<\/p>\n<p data-start=\"1567\" data-end=\"1745\">Vale lembrar que esse reajuste <strong data-start=\"1600\" data-end=\"1638\">n\u00e3o se aplica aos planos coletivos<\/strong>, que t\u00eam regras espec\u00edficas de negocia\u00e7\u00e3o entre as operadoras e empresas ou administradoras de benef\u00edcios.<\/p>\n<p data-start=\"1567\" data-end=\"1745\"><img loading=\"lazy\" decoding=\"async\" class=\"alignnone wp-image-32778 size-full\" title=\"Por que o reajuste ficou em 6,06%\" src=\"https:\/\/www.rotaseguros.com.br\/planosdesaude\/wp-content\/uploads\/2025\/06\/Por-que-o-reajuste-ficou-em-606.png\" alt=\"Por que o reajuste ficou em 6,06%\" width=\"800\" height=\"200\" srcset=\"https:\/\/www.rotaseguros.com.br\/planosdesaude\/wp-content\/uploads\/2025\/06\/Por-que-o-reajuste-ficou-em-606.png 800w, https:\/\/www.rotaseguros.com.br\/planosdesaude\/wp-content\/uploads\/2025\/06\/Por-que-o-reajuste-ficou-em-606-300x75.png 300w, https:\/\/www.rotaseguros.com.br\/planosdesaude\/wp-content\/uploads\/2025\/06\/Por-que-o-reajuste-ficou-em-606-768x192.png 768w\" sizes=\"auto, (max-width: 800px) 100vw, 800px\" \/><\/p>\n<h2 data-start=\"66\" data-end=\"112\"><span class=\"ez-toc-section\" id=\"Por_que_o_reajuste_ficou_em_606\"><\/span>Por que o reajuste ficou em 6,06%?<span class=\"ez-toc-section-end\"><\/span><\/h2>\n<p>&nbsp;<\/p>\n<p data-start=\"114\" data-end=\"315\">O percentual de <strong data-start=\"130\" data-end=\"139\">6,06%<\/strong> definido pela<a href=\"https:\/\/www.gov.br\/ans\/pt-br\" target=\"_blank\" rel=\"noopener\"> <strong data-start=\"154\" data-end=\"161\">ANS<\/strong><\/a> \u00e9 resultado de uma an\u00e1lise t\u00e9cnica detalhada, que considera uma s\u00e9rie de fatores econ\u00f4micos e assistenciais relacionados ao setor de sa\u00fade suplementar.<\/p>\n<p data-start=\"317\" data-end=\"383\">Entre os principais elementos que impactaram esse \u00edndice, est\u00e3o:<\/p>\n<ul data-start=\"243\" data-end=\"685\">\n<li data-start=\"243\" data-end=\"346\">\n<p data-start=\"245\" data-end=\"346\"><strong data-start=\"245\" data-end=\"283\">Aumento das despesas assistenciais<\/strong>, com custos de consultas, exames, interna\u00e7\u00f5es e tratamentos;<\/p>\n<\/li>\n<li data-start=\"347\" data-end=\"439\">\n<p data-start=\"349\" data-end=\"439\"><strong data-start=\"349\" data-end=\"383\">Frequ\u00eancia de uso dos servi\u00e7os<\/strong>, que impacta diretamente no equil\u00edbrio dos contratos;<\/p>\n<\/li>\n<li data-start=\"440\" data-end=\"571\">\n<p data-start=\"442\" data-end=\"571\"><strong data-start=\"442\" data-end=\"461\">Infla\u00e7\u00e3o m\u00e9dica<\/strong>, geralmente superior \u00e0 infla\u00e7\u00e3o geral, puxada por custos de materiais, medicamentos, m\u00e3o de obra e insumos;<\/p>\n<\/li>\n<li data-start=\"572\" data-end=\"685\">\n<p data-start=\"574\" data-end=\"685\"><strong data-start=\"574\" data-end=\"625\">Incorpora\u00e7\u00e3o de novas tecnologias e tratamentos<\/strong>, que melhoram a qualidade, mas elevam os custos do setor.<\/p>\n<\/li>\n<\/ul>\n<p data-start=\"687\" data-end=\"1038\">De acordo com a <strong data-start=\"703\" data-end=\"710\">ANS<\/strong>, o reajuste de <strong data-start=\"726\" data-end=\"735\">6,06%<\/strong> sinaliza uma certa <strong data-start=\"755\" data-end=\"783\">estabiliza\u00e7\u00e3o dos custos<\/strong>, ap\u00f3s anos de maior press\u00e3o, especialmente no per\u00edodo p\u00f3s-pandemia. O objetivo \u00e9 manter o equil\u00edbrio entre a sustentabilidade das operadoras e a prote\u00e7\u00e3o dos consumidores, evitando aumentos excessivos e garantindo acesso cont\u00ednuo aos servi\u00e7os de sa\u00fade.<\/p>\n<h2 data-start=\"70\" data-end=\"150\"><span class=\"ez-toc-section\" id=\"Como_saber_se_meu_plano_teve_reajuste_correto\"><\/span>Como saber se meu plano teve reajuste correto?<span class=\"ez-toc-section-end\"><\/span><\/h2>\n<p>&nbsp;<\/p>\n<p data-start=\"142\" data-end=\"322\">O reajuste do plano de sa\u00fade individual ou familiar \u00e9 aplicado sempre no m\u00eas de anivers\u00e1rio do contrato. Ou seja, a cobran\u00e7a com o novo valor s\u00f3 pode acontecer a partir dessa data.<\/p>\n<p data-start=\"324\" data-end=\"502\">Al\u00e9m disso, o percentual de reajuste deve estar claramente descrito na sua fatura ou boleto, de forma transparente, para que voc\u00ea saiba exatamente o motivo da altera\u00e7\u00e3o no valor.<\/p>\n<p data-start=\"504\" data-end=\"657\">Para 2025, o \u00edndice m\u00e1ximo autorizado pela ANS (Ag\u00eancia Nacional de Sa\u00fade Suplementar) \u00e9 de <strong data-start=\"596\" data-end=\"605\">6,06%<\/strong>, e as operadoras n\u00e3o podem ultrapassar esse limite.<\/p>\n<p data-start=\"659\" data-end=\"785\">Se voc\u00ea perceber qualquer diverg\u00eancia ou tiver d\u00favidas sobre o valor cobrado, \u00e9 seu direito buscar esclarecimentos. Voc\u00ea pode:<\/p>\n<ul>\n<li data-start=\"787\" data-end=\"1079\">Consultar diretamente a sua operadora de sa\u00fade;<\/li>\n<li data-start=\"787\" data-end=\"1079\">Acessar o site da ANS para mais informa\u00e7\u00f5es;<\/li>\n<li data-start=\"787\" data-end=\"1079\">Falar com os consultores da <strong data-start=\"918\" data-end=\"934\">Rota Seguros.<\/strong><\/li>\n<\/ul>\n<p data-start=\"329\" data-end=\"494\"><img loading=\"lazy\" decoding=\"async\" class=\"alignnone wp-image-32775\" title=\"Como \u00e9 feita a cobran\u00e7a do reajuste dos planos de sa\u00fade\" src=\"https:\/\/www.rotaseguros.com.br\/planosdesaude\/wp-content\/uploads\/2025\/06\/Como-e-feita-a-cobranca-do-reajuste-dos-planos-de-saude-1024x1820.png\" alt=\"Como \u00e9 feita a cobran\u00e7a do reajuste dos planos de sa\u00fade\" width=\"800\" height=\"1422\" srcset=\"https:\/\/www.rotaseguros.com.br\/planosdesaude\/wp-content\/uploads\/2025\/06\/Como-e-feita-a-cobranca-do-reajuste-dos-planos-de-saude-1024x1820.png 1024w, https:\/\/www.rotaseguros.com.br\/planosdesaude\/wp-content\/uploads\/2025\/06\/Como-e-feita-a-cobranca-do-reajuste-dos-planos-de-saude-169x300.png 169w, https:\/\/www.rotaseguros.com.br\/planosdesaude\/wp-content\/uploads\/2025\/06\/Como-e-feita-a-cobranca-do-reajuste-dos-planos-de-saude-768x1365.png 768w, https:\/\/www.rotaseguros.com.br\/planosdesaude\/wp-content\/uploads\/2025\/06\/Como-e-feita-a-cobranca-do-reajuste-dos-planos-de-saude-864x1536.png 864w, https:\/\/www.rotaseguros.com.br\/planosdesaude\/wp-content\/uploads\/2025\/06\/Como-e-feita-a-cobranca-do-reajuste-dos-planos-de-saude.png 1080w\" sizes=\"auto, (max-width: 800px) 100vw, 800px\" \/><\/p>\n<h2><span class=\"ez-toc-section\" id=\"Como_e_feita_a_cobranca_do_reajuste_dos_planos_de_saude\"><\/span>Como \u00e9 feita a cobran\u00e7a do reajuste dos planos de sa\u00fade?<span class=\"ez-toc-section-end\"><\/span><\/h2>\n<p>&nbsp;<\/p>\n<p>O \u00edndice\u202fde\u202freajuste\u202fautorizado pela\u202fANS\u202fpode\u202fser aplicado somente\u202fa partir do m\u00eas de\u202fanivers\u00e1rio\u202fde\u202fcada contrato. Para os contratos com data de anivers\u00e1rio em maio e junho, a cobran\u00e7a dever\u00e1 ser iniciada em julho ou, no m\u00e1ximo, em agosto, retroagindo at\u00e9 o m\u00eas de anivers\u00e1rio do contrato.<\/p>\n<p>&nbsp;<\/p>\n<h2 data-start=\"496\" data-end=\"528\"><span class=\"ez-toc-section\" id=\"Conte_com_a_Rota_Seguros\"><\/span>Conte com a Rota Seguros!<span class=\"ez-toc-section-end\"><\/span><\/h2>\n<p>&nbsp;<\/p>\n<p data-start=\"530\" data-end=\"661\">Aqui na Rota Seguros, prezamos pela total transpar\u00eancia, clareza nas informa\u00e7\u00f5es e oferecemos suporte completo aos nossos clientes.<\/p>\n<p data-start=\"663\" data-end=\"868\">Nossa equipe est\u00e1 pronta para ajudar voc\u00ea a entender como funciona o reajuste, esclarecer suas d\u00favidas sobre o contrato e, se for o caso, apresentar op\u00e7\u00f5es que se encaixem melhor no seu perfil e or\u00e7amento.<\/p>\n<p>Belo Horizonte \u2013 MG:\u00a0<a href=\"https:\/\/www.rotaseguros.com.br\/index.html\">0800 024 24 24<\/a><\/p>\n<p>Colatina \u2013 ES:\u00a0<a href=\"https:\/\/www.rotaseguros.com.br\/colatina\/index.html\">(27) 3121-9393<\/a><\/p>\n<p>Londrina \u2013 PR:\u00a0<a href=\"https:\/\/www.rotaseguros.com.br\/londrina\/index.html\">(43) 3233-2096<\/a><\/p>\n<p>Uberl\u00e2ndia \u2013 MG:\u00a0<a href=\"https:\/\/www.rotaseguros.com.br\/uberlandia\/index.html\">(34) 3291-9300<\/a><\/p>\n<p>Cascavel \u2013 PR:\u00a0<a href=\"https:\/\/www.rotaseguros.com.br\/cascavel\/index.html\">(45) 2101-9406<\/a><\/p>\n<p>Curitiba \u2013 PR:\u00a0<a href=\"https:\/\/www.rotaseguros.com.br\/curitiba\/index.html\">(41) 3596-0365<\/a><\/p>\n<p>Maring\u00e1 \u2013 PR:\u00a0<a href=\"https:\/\/www.rotaseguros.com.br\/maringa\/index.html\">(44) 2103-6720<\/a><\/p>\n<p>Vit\u00f3ria \u2013 ES:\u00a0<a href=\"https:\/\/www.rotaseguros.com.br\/vitoria\/index.html\">(27) 2233-3020<\/a><\/p>\n<p>Caxias do Sul \u2013 RS:\u00a0<a href=\"https:\/\/www.rotaseguros.com.br\/caxias-do-sul\/index.html\">(54) 2991-8270<\/a><\/p>\n<p>Divin\u00f3polis \u2013 MG:\u00a0<a href=\"https:\/\/www.rotaseguros.com.br\/divinopolis\/index.html\">(37) 3511-3030<\/a><\/p>\n<p>Po\u00e7os de Caldas \u2013\u00a0<a href=\"https:\/\/www.rotaseguros.com.br\/pocos-de-caldas\/index.html\">MG: (35) 3713-2531<\/a><\/p>\n","protected":false},"excerpt":{"rendered":"<p><span class=\"span-reading-time rt-reading-time\" style=\"display: block;\"><span class=\"rt-label rt-prefix\">Reading Time: <\/span> <span class=\"rt-time\"> 3<\/span> <span class=\"rt-label rt-postfix\">minutes<\/span><\/span>A Ag\u00eancia Nacional de Sa\u00fade Suplementar (ANS) anunciou, no dia 23 de junho, o teto de 6,06% para o reajuste dos planos de sa\u00fade individuais e familiares. Esse percentual vale &#8230;<\/p>\n","protected":false},"author":36,"featured_media":32776,"comment_status":"open","ping_status":"open","sticky":false,"template":"","format":"standard","meta":{"_monsterinsights_skip_tracking":false,"_monsterinsights_sitenote_active":false,"_monsterinsights_sitenote_note":"","_monsterinsights_sitenote_category":0,"footnotes":"","_links_to":"","_links_to_target":""},"categories":[1],"tags":[1804,3684,3423,132,3685,524,48],"class_list":["post-32774","post","type-post","status-publish","format-standard","has-post-thumbnail","hentry","category-sem-categoria","tag-aumento-plano-de-saude","tag-como-saber-reajuste","tag-duvidas-sobre-plano-de-saude","tag-plano-de-saude","tag-reajuste-autorizado-ans","tag-reajuste-plano-de-saude","tag-rota-seguros-2"],"_links":{"self":[{"href":"https:\/\/www.rotaseguros.com.br\/planosdesaude\/wp-json\/wp\/v2\/posts\/32774","targetHints":{"allow":["GET"]}}],"collection":[{"href":"https:\/\/www.rotaseguros.com.br\/planosdesaude\/wp-json\/wp\/v2\/posts"}],"about":[{"href":"https:\/\/www.rotaseguros.com.br\/planosdesaude\/wp-json\/wp\/v2\/types\/post"}],"author":[{"embeddable":true,"href":"https:\/\/www.rotaseguros.com.br\/planosdesaude\/wp-json\/wp\/v2\/users\/36"}],"replies":[{"embeddable":true,"href":"https:\/\/www.rotaseguros.com.br\/planosdesaude\/wp-json\/wp\/v2\/comments?post=32774"}],"version-history":[{"count":2,"href":"https:\/\/www.rotaseguros.com.br\/planosdesaude\/wp-json\/wp\/v2\/posts\/32774\/revisions"}],"predecessor-version":[{"id":32781,"href":"https:\/\/www.rotaseguros.com.br\/planosdesaude\/wp-json\/wp\/v2\/posts\/32774\/revisions\/32781"}],"wp:featuredmedia":[{"embeddable":true,"href":"https:\/\/www.rotaseguros.com.br\/planosdesaude\/wp-json\/wp\/v2\/media\/32776"}],"wp:attachment":[{"href":"https:\/\/www.rotaseguros.com.br\/planosdesaude\/wp-json\/wp\/v2\/media?parent=32774"}],"wp:term":[{"taxonomy":"category","embeddable":true,"href":"https:\/\/www.rotaseguros.com.br\/planosdesaude\/wp-json\/wp\/v2\/categories?post=32774"},{"taxonomy":"post_tag","embeddable":true,"href":"https:\/\/www.rotaseguros.com.br\/planosdesaude\/wp-json\/wp\/v2\/tags?post=32774"}],"curies":[{"name":"wp","href":"https:\/\/api.w.org\/{rel}","templated":true}]}}