{"id":32846,"date":"2025-07-29T09:42:15","date_gmt":"2025-07-29T12:42:15","guid":{"rendered":"https:\/\/www.rotaseguros.com.br\/planosdesaude\/?p=32846"},"modified":"2025-07-29T09:42:15","modified_gmt":"2025-07-29T12:42:15","slug":"o-que-e-doenca-de-crohn","status":"publish","type":"post","link":"https:\/\/www.rotaseguros.com.br\/planosdesaude\/o-que-e-doenca-de-crohn\/","title":{"rendered":"O que \u00e9 Doen\u00e7a de Crohn? Entenda sobre essa condi\u00e7\u00e3o!"},"content":{"rendered":"<span class=\"span-reading-time rt-reading-time\" style=\"display: block;\"><span class=\"rt-label rt-prefix\">Reading Time: <\/span> <span class=\"rt-time\"> 3<\/span> <span class=\"rt-label rt-postfix\">minutes<\/span><\/span><p data-start=\"226\" data-end=\"558\">A Doen\u00e7a de Crohn \u00e9 uma condi\u00e7\u00e3o inflamat\u00f3ria cr\u00f4nica do trato gastrointestinal, que pode afetar desde a boca at\u00e9 o \u00e2nus, embora seja mais comum no final do intestino delgado (\u00edleo) e no in\u00edcio do intestino grosso (c\u00f3lon). Essa doen\u00e7a faz parte do grupo das Doen\u00e7as Inflamat\u00f3rias Intestinais (DII), ao lado da retocolite ulcerativa.<\/p><div id=\"ez-toc-container\" class=\"ez-toc-v2_0_82_2 counter-flat ez-toc-counter ez-toc-grey ez-toc-container-direction\">\n<div class=\"ez-toc-title-container\">\n<p class=\"ez-toc-title\" style=\"cursor:inherit\">Aqui voc\u00ea encontra:<\/p>\n<span class=\"ez-toc-title-toggle\"><a href=\"#\" class=\"ez-toc-pull-right ez-toc-btn ez-toc-btn-xs ez-toc-btn-default ez-toc-toggle\" aria-label=\"Alternar tabela de conte\u00fado\"><span class=\"ez-toc-js-icon-con\"><span class=\"\"><span class=\"eztoc-hide\" style=\"display:none;\">Toggle<\/span><span class=\"ez-toc-icon-toggle-span\"><svg style=\"fill: #999;color:#999\" xmlns=\"http:\/\/www.w3.org\/2000\/svg\" class=\"list-377408\" width=\"20px\" height=\"20px\" viewBox=\"0 0 24 24\" fill=\"none\"><path d=\"M6 6H4v2h2V6zm14 0H8v2h12V6zM4 11h2v2H4v-2zm16 0H8v2h12v-2zM4 16h2v2H4v-2zm16 0H8v2h12v-2z\" fill=\"currentColor\"><\/path><\/svg><svg style=\"fill: #999;color:#999\" class=\"arrow-unsorted-368013\" xmlns=\"http:\/\/www.w3.org\/2000\/svg\" width=\"10px\" height=\"10px\" viewBox=\"0 0 24 24\" version=\"1.2\" baseProfile=\"tiny\"><path d=\"M18.2 9.3l-6.2-6.3-6.2 6.3c-.2.2-.3.4-.3.7s.1.5.3.7c.2.2.4.3.7.3h11c.3 0 .5-.1.7-.3.2-.2.3-.5.3-.7s-.1-.5-.3-.7zM5.8 14.7l6.2 6.3 6.2-6.3c.2-.2.3-.5.3-.7s-.1-.5-.3-.7c-.2-.2-.4-.3-.7-.3h-11c-.3 0-.5.1-.7.3-.2.2-.3.5-.3.7s.1.5.3.7z\"\/><\/svg><\/span><\/span><\/span><\/a><\/span><\/div>\n<nav><ul class='ez-toc-list ez-toc-list-level-1 ' ><li class='ez-toc-page-1'><a class=\"ez-toc-link ez-toc-heading-1\" href=\"https:\/\/www.rotaseguros.com.br\/planosdesaude\/o-que-e-doenca-de-crohn\/#Quais_sao_as_causas_da_Doenca_de_Crohn\" >Quais s\u00e3o as causas da Doen\u00e7a de Crohn?<\/a><\/li><li class='ez-toc-page-1'><a class=\"ez-toc-link ez-toc-heading-2\" href=\"https:\/\/www.rotaseguros.com.br\/planosdesaude\/o-que-e-doenca-de-crohn\/#1_Genetica\" >1. Gen\u00e9tica<\/a><\/li><li class='ez-toc-page-1'><a class=\"ez-toc-link ez-toc-heading-3\" href=\"https:\/\/www.rotaseguros.com.br\/planosdesaude\/o-que-e-doenca-de-crohn\/#2_Alteracoes_imunologicas\" >2. Altera\u00e7\u00f5es imunol\u00f3gicas<\/a><\/li><li class='ez-toc-page-1'><a class=\"ez-toc-link ez-toc-heading-4\" href=\"https:\/\/www.rotaseguros.com.br\/planosdesaude\/o-que-e-doenca-de-crohn\/#3_Fatores_ambientais\" >3. Fatores ambientais<\/a><\/li><li class='ez-toc-page-1'><a class=\"ez-toc-link ez-toc-heading-5\" href=\"https:\/\/www.rotaseguros.com.br\/planosdesaude\/o-que-e-doenca-de-crohn\/#Quais_sao_os_sintomas_da_Doenca_de_Crohn\" >Quais s\u00e3o os sintomas da Doen\u00e7a de Crohn?<\/a><\/li><li class='ez-toc-page-1'><a class=\"ez-toc-link ez-toc-heading-6\" href=\"https:\/\/www.rotaseguros.com.br\/planosdesaude\/o-que-e-doenca-de-crohn\/#Como_e_feito_o_diagnostico\" >Como \u00e9 feito o diagn\u00f3stico?<\/a><\/li><li class='ez-toc-page-1'><a class=\"ez-toc-link ez-toc-heading-7\" href=\"https:\/\/www.rotaseguros.com.br\/planosdesaude\/o-que-e-doenca-de-crohn\/#Qual_e_o_tratamento_para_Doenca_de_Crohn\" >Qual \u00e9 o tratamento para Doen\u00e7a de Crohn?<\/a><\/li><li class='ez-toc-page-1'><a class=\"ez-toc-link ez-toc-heading-8\" href=\"https:\/\/www.rotaseguros.com.br\/planosdesaude\/o-que-e-doenca-de-crohn\/#Como_conviver_com_a_Doenca_de_Crohn\" >Como conviver com a Doen\u00e7a de Crohn?<\/a><\/li><\/ul><\/nav><\/div>\n\n<p data-start=\"560\" data-end=\"700\">Apesar de n\u00e3o ter cura, o diagn\u00f3stico precoce e o tratamento adequado podem garantir qualidade de vida \u00e0s pessoas que convivem com a doen\u00e7a.<\/p>\n<h2 data-start=\"1066\" data-end=\"1108\"><\/h2>\n<h2 data-start=\"1066\" data-end=\"1108\"><img loading=\"lazy\" decoding=\"async\" class=\"alignnone wp-image-32998 size-full\" title=\"Quais s\u00e3o as causas da Doen\u00e7a de Crohn\" src=\"https:\/\/www.rotaseguros.com.br\/planosdesaude\/wp-content\/uploads\/2025\/07\/Quais-sao-as-causas-da-Doenca-de-Crohn.png\" alt=\"Quais s\u00e3o as causas da Doen\u00e7a de Crohn\" width=\"800\" height=\"440\" srcset=\"https:\/\/www.rotaseguros.com.br\/planosdesaude\/wp-content\/uploads\/2025\/07\/Quais-sao-as-causas-da-Doenca-de-Crohn.png 800w, https:\/\/www.rotaseguros.com.br\/planosdesaude\/wp-content\/uploads\/2025\/07\/Quais-sao-as-causas-da-Doenca-de-Crohn-300x165.png 300w, https:\/\/www.rotaseguros.com.br\/planosdesaude\/wp-content\/uploads\/2025\/07\/Quais-sao-as-causas-da-Doenca-de-Crohn-768x422.png 768w\" sizes=\"auto, (max-width: 800px) 100vw, 800px\" \/><\/h2>\n<h2 data-start=\"1066\" data-end=\"1108\"><\/h2>\n<h2 data-start=\"1066\" data-end=\"1108\"><span class=\"ez-toc-section\" id=\"Quais_sao_as_causas_da_Doenca_de_Crohn\"><\/span>Quais s\u00e3o as causas da Doen\u00e7a de Crohn?<span class=\"ez-toc-section-end\"><\/span><\/h2>\n<p data-start=\"1110\" data-end=\"1277\">A Doen\u00e7a de Crohn \u00e9 considerada uma doen\u00e7a <a href=\"https:\/\/dicionario.priberam.org\/multifatorial\" target=\"_blank\" rel=\"noopener\">multifatorial<\/a>, ou seja, n\u00e3o h\u00e1 uma causa \u00fanica, mas sim uma combina\u00e7\u00e3o de fatores que contribuem para o seu desenvolvimento.<\/p>\n<h3 data-start=\"1279\" data-end=\"1298\"><span class=\"ez-toc-section\" id=\"1_Genetica\"><\/span>1. <strong data-start=\"1286\" data-end=\"1298\">Gen\u00e9tica<\/strong><span class=\"ez-toc-section-end\"><\/span><\/h3>\n<p data-start=\"1299\" data-end=\"1619\">Pessoas com hist\u00f3rico familiar da doen\u00e7a t\u00eam maior risco de desenvolv\u00ea-la. Estima-se que cerca de 15% dos pacientes com Crohn tenham algum parente de primeiro grau com a condi\u00e7\u00e3o. Diversos genes j\u00e1 foram associados ao surgimento da doen\u00e7a, sendo o mais conhecido o <strong data-start=\"1564\" data-end=\"1579\">NOD2\/CARD15<\/strong>, que afeta a resposta imune intestinal.<\/p>\n<h3 data-start=\"1621\" data-end=\"1655\"><span class=\"ez-toc-section\" id=\"2_Alteracoes_imunologicas\"><\/span>2. <strong data-start=\"1628\" data-end=\"1655\">Altera\u00e7\u00f5es imunol\u00f3gicas<\/strong><span class=\"ez-toc-section-end\"><\/span><\/h3>\n<p data-start=\"1656\" data-end=\"1907\">A doen\u00e7a ocorre quando o sistema imunol\u00f3gico passa a reagir de forma exagerada \u00e0 presen\u00e7a de bact\u00e9rias intestinais, gerando uma inflama\u00e7\u00e3o persistente. Em vez de proteger o corpo, o sistema imune ataca tecidos saud\u00e1veis do intestino, provocando danos.<\/p>\n<h3 data-start=\"1909\" data-end=\"1938\"><span class=\"ez-toc-section\" id=\"3_Fatores_ambientais\"><\/span>3. <strong data-start=\"1916\" data-end=\"1938\">Fatores ambientais<\/strong><span class=\"ez-toc-section-end\"><\/span><\/h3>\n<p data-start=\"1939\" data-end=\"2250\">Embora o fator gen\u00e9tico seja importante, o ambiente tamb\u00e9m desempenha um papel significativo. O tabagismo, por exemplo, est\u00e1 associado a formas mais graves da doen\u00e7a. Outros fatores incluem o uso de antibi\u00f3ticos em excesso na inf\u00e2ncia, alimenta\u00e7\u00e3o altamente processada, estresse cr\u00f4nico e exposi\u00e7\u00e3o a poluentes.<\/p>\n<h2 data-start=\"2257\" data-end=\"2301\"><span class=\"ez-toc-section\" id=\"Quais_sao_os_sintomas_da_Doenca_de_Crohn\"><\/span>Quais s\u00e3o os sintomas da Doen\u00e7a de Crohn?<span class=\"ez-toc-section-end\"><\/span><\/h2>\n<p>&nbsp;<\/p>\n<p data-start=\"2303\" data-end=\"2530\">Os sintomas da Doen\u00e7a de Crohn variam conforme a \u00e1rea afetada do intestino e a gravidade da inflama\u00e7\u00e3o, surgindo geralmente em crises. \u00c9 comum a presen\u00e7a de diarreia cr\u00f4nica (com ou sem sangue), dor abdominal no lado inferior direito, perda de peso, incha\u00e7o abdominal e sangramentos nas fezes.<\/p>\n<p data-start=\"2303\" data-end=\"2530\">Al\u00e9m disso, podem ocorrer sintomas fora do intestino, como fadiga, febre, anemia, les\u00f5es na pele, aftas na boca, dores nas articula\u00e7\u00f5es e inflama\u00e7\u00f5es nos olhos. Quando n\u00e3o tratada adequadamente, a doen\u00e7a pode causar complica\u00e7\u00f5es como estreitamentos no intestino, f\u00edstulas e abscessos.<\/p>\n<h2 data-start=\"2303\" data-end=\"2530\"><\/h2>\n<p><img loading=\"lazy\" decoding=\"async\" class=\"alignnone wp-image-32999 size-full\" title=\"Quais s\u00e3o as causas da Doen\u00e7a de Crohn\" src=\"https:\/\/www.rotaseguros.com.br\/planosdesaude\/wp-content\/uploads\/2025\/07\/Como-e-feito-o-diagnostico.png\" alt=\"Quais s\u00e3o as causas da Doen\u00e7a de Crohn\" width=\"800\" height=\"200\" srcset=\"https:\/\/www.rotaseguros.com.br\/planosdesaude\/wp-content\/uploads\/2025\/07\/Como-e-feito-o-diagnostico.png 800w, https:\/\/www.rotaseguros.com.br\/planosdesaude\/wp-content\/uploads\/2025\/07\/Como-e-feito-o-diagnostico-300x75.png 300w, https:\/\/www.rotaseguros.com.br\/planosdesaude\/wp-content\/uploads\/2025\/07\/Como-e-feito-o-diagnostico-768x192.png 768w\" sizes=\"auto, (max-width: 800px) 100vw, 800px\" \/><\/p>\n<p>&nbsp;<\/p>\n<p>&nbsp;<\/p>\n<h2 data-start=\"2303\" data-end=\"2530\"><span class=\"ez-toc-section\" id=\"Como_e_feito_o_diagnostico\"><\/span>Como \u00e9 feito o diagn\u00f3stico?<span class=\"ez-toc-section-end\"><\/span><\/h2>\n<p>&nbsp;<\/p>\n<p>O diagn\u00f3stico da Doen\u00e7a de Crohn exige uma investiga\u00e7\u00e3o cuidadosa, j\u00e1 que seus sintomas podem se confundir com outras doen\u00e7as intestinais. O processo geralmente envolve a an\u00e1lise dos sintomas, exames f\u00edsicos, laboratoriais e de imagem. Exames de sangue ajudam a identificar inflama\u00e7\u00f5es, anemia e defici\u00eancias nutricionais. A an\u00e1lise de fezes \u00e9 importante para descartar infec\u00e7\u00f5es e detectar sangramentos ocultos.<\/p>\n<p>Exames como endoscopia digestiva e colonoscopia permitem observar diretamente o interior do trato gastrointestinal, coletar amostras e identificar \u00e1reas inflamadas. J\u00e1 a enterotomografia e a resson\u00e2ncia magn\u00e9tica auxiliam na avalia\u00e7\u00e3o do intestino delgado e na identifica\u00e7\u00e3o de poss\u00edveis complica\u00e7\u00f5es, como f\u00edstulas ou abscessos. O diagn\u00f3stico precoce \u00e9 essencial para evitar o agravamento da doen\u00e7a e garantir um tratamento mais eficaz.<\/p>\n<h2><\/h2>\n<h2><span class=\"ez-toc-section\" id=\"Qual_e_o_tratamento_para_Doenca_de_Crohn\"><\/span>Qual \u00e9 o tratamento para Doen\u00e7a de Crohn?<span class=\"ez-toc-section-end\"><\/span><\/h2>\n<p>&nbsp;<\/p>\n<p>A Doen\u00e7a de Crohn n\u00e3o tem cura, mas o tratamento \u00e9 essencial para controlar os sintomas, reduzir a inflama\u00e7\u00e3o e preservar a qualidade de vida. O plano terap\u00eautico \u00e9 individualizado e pode incluir medicamentos como anti-inflamat\u00f3rios intestinais, corticosteroides, imunossupressores, antibi\u00f3ticos e terapias biol\u00f3gicas. O acompanhamento nutricional tamb\u00e9m \u00e9 importante, j\u00e1 que muitos pacientes apresentam defici\u00eancias alimentares e podem precisar de suplementa\u00e7\u00e3o. Em casos mais graves ou com complica\u00e7\u00f5es, como f\u00edstulas ou obstru\u00e7\u00f5es, a cirurgia pode ser necess\u00e1ria para aliviar os sintomas, embora n\u00e3o elimine a doen\u00e7a.<\/p>\n<p>&nbsp;<\/p>\n<p>&nbsp;<\/p>\n<p><img loading=\"lazy\" decoding=\"async\" class=\"alignnone wp-image-33000 size-full\" title=\"Como conviver com a Doen\u00e7a de Crohn\" src=\"https:\/\/www.rotaseguros.com.br\/planosdesaude\/wp-content\/uploads\/2025\/07\/Como-conviver-com-a-Doenca-de-Crohn.png\" alt=\"Como conviver com a Doen\u00e7a de Crohn\" width=\"800\" height=\"200\" srcset=\"https:\/\/www.rotaseguros.com.br\/planosdesaude\/wp-content\/uploads\/2025\/07\/Como-conviver-com-a-Doenca-de-Crohn.png 800w, https:\/\/www.rotaseguros.com.br\/planosdesaude\/wp-content\/uploads\/2025\/07\/Como-conviver-com-a-Doenca-de-Crohn-300x75.png 300w, https:\/\/www.rotaseguros.com.br\/planosdesaude\/wp-content\/uploads\/2025\/07\/Como-conviver-com-a-Doenca-de-Crohn-768x192.png 768w\" sizes=\"auto, (max-width: 800px) 100vw, 800px\" \/><\/p>\n<p>&nbsp;<\/p>\n<h2 data-start=\"5891\" data-end=\"5930\"><\/h2>\n<h2 data-start=\"5891\" data-end=\"5930\"><span class=\"ez-toc-section\" id=\"Como_conviver_com_a_Doenca_de_Crohn\"><\/span>Como conviver com a Doen\u00e7a de Crohn?<span class=\"ez-toc-section-end\"><\/span><\/h2>\n<p>&nbsp;<\/p>\n<p data-start=\"5932\" data-end=\"6089\">Viver com uma condi\u00e7\u00e3o cr\u00f4nica exige aten\u00e7\u00e3o constante, mas \u00e9 poss\u00edvel adaptar a rotina para minimizar os impactos da Doen\u00e7a de Crohn. Algumas dicas incluem:<\/p>\n<ul data-start=\"6091\" data-end=\"6454\">\n<li data-start=\"6091\" data-end=\"6194\">\n<p data-start=\"6093\" data-end=\"6194\"><strong data-start=\"6093\" data-end=\"6149\">Adotar uma alimenta\u00e7\u00e3o equilibrada e individualizada<\/strong>, evitando alimentos que agravam os sintomas;<\/p>\n<\/li>\n<li data-start=\"6195\" data-end=\"6220\">\n<p data-start=\"6197\" data-end=\"6220\"><strong data-start=\"6197\" data-end=\"6219\">Evitar o tabagismo<\/strong>;<\/p>\n<\/li>\n<li data-start=\"6221\" data-end=\"6298\">\n<p data-start=\"6223\" data-end=\"6298\"><strong data-start=\"6223\" data-end=\"6264\">Praticar atividades f\u00edsicas regulares<\/strong>, respeitando os limites do corpo;<\/p>\n<\/li>\n<li data-start=\"6299\" data-end=\"6375\">\n<p data-start=\"6301\" data-end=\"6375\"><strong data-start=\"6301\" data-end=\"6325\">Gerenciar o estresse<\/strong>, que pode contribuir para o surgimento de crises;<\/p>\n<\/li>\n<li data-start=\"6376\" data-end=\"6454\">\n<p data-start=\"6378\" data-end=\"6454\"><strong data-start=\"6378\" data-end=\"6407\">Fazer consultas regulares<\/strong> com o especialista para ajustes no tratamento.<\/p>\n<\/li>\n<\/ul>\n<p data-start=\"6456\" data-end=\"6621\">O apoio emocional e psicol\u00f3gico tamb\u00e9m \u00e9 essencial. Grupos de apoio, terapia e o di\u00e1logo aberto com familiares e amigos fazem a diferen\u00e7a no enfrentamento da doen\u00e7a.<\/p>\n<p data-start=\"6456\" data-end=\"6621\">Leia esse texto tamb\u00e9m: <a href=\"https:\/\/www.rotaseguros.com.br\/planosdesaude\/o-que-e-resistencia-microbiana\/\">O que \u00e9 resist\u00eancia microbiana?<\/a><\/p>\n","protected":false},"excerpt":{"rendered":"<p><span class=\"span-reading-time rt-reading-time\" style=\"display: block;\"><span class=\"rt-label rt-prefix\">Reading Time: <\/span> <span class=\"rt-time\"> 3<\/span> <span class=\"rt-label rt-postfix\">minutes<\/span><\/span>A Doen\u00e7a de Crohn \u00e9 uma condi\u00e7\u00e3o inflamat\u00f3ria cr\u00f4nica do trato gastrointestinal, que pode afetar desde a boca at\u00e9 o \u00e2nus, embora seja mais comum no final do intestino delgado &#8230;<\/p>\n","protected":false},"author":36,"featured_media":32997,"comment_status":"open","ping_status":"open","sticky":false,"template":"","format":"standard","meta":{"_monsterinsights_skip_tracking":false,"_monsterinsights_sitenote_active":false,"_monsterinsights_sitenote_note":"","_monsterinsights_sitenote_category":0,"footnotes":"","_links_to":"","_links_to_target":""},"categories":[1,1005],"tags":[3720,3715,2413,3717,3721,3716,1235,2414,3718,3719],"class_list":["post-32846","post","type-post","status-publish","format-standard","has-post-thumbnail","hentry","category-sem-categoria","category-saude","tag-diagnostico-de-crohn","tag-doenca-de-crohn","tag-doencas-cronicas","tag-doencas-inflamatorias-intestinais","tag-gastroenterologia","tag-inflamacao-intestinal","tag-qualidade-de-vida","tag-saude-intestinal","tag-sintomas-de-crohn","tag-tratamento-de-crohn"],"_links":{"self":[{"href":"https:\/\/www.rotaseguros.com.br\/planosdesaude\/wp-json\/wp\/v2\/posts\/32846","targetHints":{"allow":["GET"]}}],"collection":[{"href":"https:\/\/www.rotaseguros.com.br\/planosdesaude\/wp-json\/wp\/v2\/posts"}],"about":[{"href":"https:\/\/www.rotaseguros.com.br\/planosdesaude\/wp-json\/wp\/v2\/types\/post"}],"author":[{"embeddable":true,"href":"https:\/\/www.rotaseguros.com.br\/planosdesaude\/wp-json\/wp\/v2\/users\/36"}],"replies":[{"embeddable":true,"href":"https:\/\/www.rotaseguros.com.br\/planosdesaude\/wp-json\/wp\/v2\/comments?post=32846"}],"version-history":[{"count":3,"href":"https:\/\/www.rotaseguros.com.br\/planosdesaude\/wp-json\/wp\/v2\/posts\/32846\/revisions"}],"predecessor-version":[{"id":33001,"href":"https:\/\/www.rotaseguros.com.br\/planosdesaude\/wp-json\/wp\/v2\/posts\/32846\/revisions\/33001"}],"wp:featuredmedia":[{"embeddable":true,"href":"https:\/\/www.rotaseguros.com.br\/planosdesaude\/wp-json\/wp\/v2\/media\/32997"}],"wp:attachment":[{"href":"https:\/\/www.rotaseguros.com.br\/planosdesaude\/wp-json\/wp\/v2\/media?parent=32846"}],"wp:term":[{"taxonomy":"category","embeddable":true,"href":"https:\/\/www.rotaseguros.com.br\/planosdesaude\/wp-json\/wp\/v2\/categories?post=32846"},{"taxonomy":"post_tag","embeddable":true,"href":"https:\/\/www.rotaseguros.com.br\/planosdesaude\/wp-json\/wp\/v2\/tags?post=32846"}],"curies":[{"name":"wp","href":"https:\/\/api.w.org\/{rel}","templated":true}]}}