{"id":32849,"date":"2025-08-01T10:49:36","date_gmt":"2025-08-01T13:49:36","guid":{"rendered":"https:\/\/www.rotaseguros.com.br\/planosdesaude\/?p=32849"},"modified":"2025-08-01T10:49:36","modified_gmt":"2025-08-01T13:49:36","slug":"alimentos-ricos-em-ferro","status":"publish","type":"post","link":"https:\/\/www.rotaseguros.com.br\/planosdesaude\/alimentos-ricos-em-ferro\/","title":{"rendered":"Alimentos ricos em ferro: como garantir esse mineral?"},"content":{"rendered":"<span class=\"span-reading-time rt-reading-time\" style=\"display: block;\"><span class=\"rt-label rt-prefix\">Reading Time: <\/span> <span class=\"rt-time\"> 3<\/span> <span class=\"rt-label rt-postfix\">minutes<\/span><\/span><p data-start=\"276\" data-end=\"702\">Voc\u00ea j\u00e1 se sentiu cansado sem motivo aparente? Ou teve aquela sensa\u00e7\u00e3o de fraqueza, dificuldade de concentra\u00e7\u00e3o ou queda de cabelo? Esses podem ser sinais de que o seu corpo est\u00e1 precisando de ferro. Esse mineral \u00e9 essencial para v\u00e1rias fun\u00e7\u00f5es do organismo, especialmente para a produ\u00e7\u00e3o de hemoglobina, que \u00e9 a respons\u00e1vel por levar oxig\u00eanio para todas as partes do corpo. E quando o ferro est\u00e1 em falta, o corpo todo sente.<\/p><div id=\"ez-toc-container\" class=\"ez-toc-v2_0_82_2 counter-flat ez-toc-counter ez-toc-grey ez-toc-container-direction\">\n<div class=\"ez-toc-title-container\">\n<p class=\"ez-toc-title\" style=\"cursor:inherit\">Aqui voc\u00ea encontra:<\/p>\n<span class=\"ez-toc-title-toggle\"><a href=\"#\" class=\"ez-toc-pull-right ez-toc-btn ez-toc-btn-xs ez-toc-btn-default ez-toc-toggle\" aria-label=\"Alternar tabela de conte\u00fado\"><span class=\"ez-toc-js-icon-con\"><span class=\"\"><span class=\"eztoc-hide\" style=\"display:none;\">Toggle<\/span><span class=\"ez-toc-icon-toggle-span\"><svg style=\"fill: #999;color:#999\" xmlns=\"http:\/\/www.w3.org\/2000\/svg\" class=\"list-377408\" width=\"20px\" height=\"20px\" viewBox=\"0 0 24 24\" fill=\"none\"><path d=\"M6 6H4v2h2V6zm14 0H8v2h12V6zM4 11h2v2H4v-2zm16 0H8v2h12v-2zM4 16h2v2H4v-2zm16 0H8v2h12v-2z\" fill=\"currentColor\"><\/path><\/svg><svg style=\"fill: #999;color:#999\" class=\"arrow-unsorted-368013\" xmlns=\"http:\/\/www.w3.org\/2000\/svg\" width=\"10px\" height=\"10px\" viewBox=\"0 0 24 24\" version=\"1.2\" baseProfile=\"tiny\"><path d=\"M18.2 9.3l-6.2-6.3-6.2 6.3c-.2.2-.3.4-.3.7s.1.5.3.7c.2.2.4.3.7.3h11c.3 0 .5-.1.7-.3.2-.2.3-.5.3-.7s-.1-.5-.3-.7zM5.8 14.7l6.2 6.3 6.2-6.3c.2-.2.3-.5.3-.7s-.1-.5-.3-.7c-.2-.2-.4-.3-.7-.3h-11c-.3 0-.5.1-.7.3-.2.2-.3.5-.3.7s.1.5.3.7z\"\/><\/svg><\/span><\/span><\/span><\/a><\/span><\/div>\n<nav><ul class='ez-toc-list ez-toc-list-level-1 ' ><li class='ez-toc-page-1'><a class=\"ez-toc-link ez-toc-heading-1\" href=\"https:\/\/www.rotaseguros.com.br\/planosdesaude\/alimentos-ricos-em-ferro\/#Por_que_esse_mineral_e_tao_importante_assim\" >Por que esse mineral \u00e9 t\u00e3o importante assim?<\/a><\/li><li class='ez-toc-page-1'><a class=\"ez-toc-link ez-toc-heading-2\" href=\"https:\/\/www.rotaseguros.com.br\/planosdesaude\/alimentos-ricos-em-ferro\/#Onde_encontrar_esse_mineral_nos_alimentos\" >Onde encontrar esse mineral nos alimentos?<\/a><\/li><li class='ez-toc-page-1'><a class=\"ez-toc-link ez-toc-heading-3\" href=\"https:\/\/www.rotaseguros.com.br\/planosdesaude\/alimentos-ricos-em-ferro\/#Dicas_para_aumentar_a_absorcao_desse_nutriente\" >Dicas para aumentar a absor\u00e7\u00e3o desse nutriente<\/a><\/li><li class='ez-toc-page-1'><a class=\"ez-toc-link ez-toc-heading-4\" href=\"https:\/\/www.rotaseguros.com.br\/planosdesaude\/alimentos-ricos-em-ferro\/#Quem_deve_ficar_de_olho_no_consumo_de_ferro\" >Quem deve ficar de olho no consumo de ferro?<\/a><\/li><li class='ez-toc-page-1'><a class=\"ez-toc-link ez-toc-heading-5\" href=\"https:\/\/www.rotaseguros.com.br\/planosdesaude\/alimentos-ricos-em-ferro\/#O_que_fazer_se_a_alimentacao_nao_for_suficiente\" >O que fazer se a alimenta\u00e7\u00e3o n\u00e3o for suficiente?<\/a><\/li><li class='ez-toc-page-1'><a class=\"ez-toc-link ez-toc-heading-6\" href=\"https:\/\/www.rotaseguros.com.br\/planosdesaude\/alimentos-ricos-em-ferro\/#Comer_bem_e_o_melhor_cuidado\" >Comer bem \u00e9 o melhor cuidado<\/a><\/li><\/ul><\/nav><\/div>\n\n<p data-start=\"704\" data-end=\"871\">Por isso, entender quais alimentos s\u00e3o ricos neste nutriente e como inclu\u00ed-los na sua rotina pode fazer toda a diferen\u00e7a na sua sa\u00fade e bem-estar. Vamos conversar sobre isso?<\/p>\n<h2 data-start=\"878\" data-end=\"920\"><\/h2>\n<p>&nbsp;<\/p>\n<p><img loading=\"lazy\" decoding=\"async\" class=\"alignnone wp-image-33031 size-full\" title=\"Por que esse mineral \u00e9 t\u00e3o importante assim \" src=\"https:\/\/www.rotaseguros.com.br\/planosdesaude\/wp-content\/uploads\/2025\/08\/Por-que-esse-mineral-e-tao-importante-assim.png\" alt=\"Por que esse mineral \u00e9 t\u00e3o importante assim\" width=\"800\" height=\"200\" srcset=\"https:\/\/www.rotaseguros.com.br\/planosdesaude\/wp-content\/uploads\/2025\/08\/Por-que-esse-mineral-e-tao-importante-assim.png 800w, https:\/\/www.rotaseguros.com.br\/planosdesaude\/wp-content\/uploads\/2025\/08\/Por-que-esse-mineral-e-tao-importante-assim-300x75.png 300w, https:\/\/www.rotaseguros.com.br\/planosdesaude\/wp-content\/uploads\/2025\/08\/Por-que-esse-mineral-e-tao-importante-assim-768x192.png 768w\" sizes=\"auto, (max-width: 800px) 100vw, 800px\" \/><\/p>\n<p>&nbsp;<\/p>\n<p>&nbsp;<\/p>\n<p>&nbsp;<\/p>\n<h2 data-start=\"878\" data-end=\"920\"><span class=\"ez-toc-section\" id=\"Por_que_esse_mineral_e_tao_importante_assim\"><\/span>Por que esse mineral \u00e9 t\u00e3o importante assim?<span class=\"ez-toc-section-end\"><\/span><\/h2>\n<p>&nbsp;<\/p>\n<p data-start=\"922\" data-end=\"1442\">O ferro participa de processos essenciais no nosso corpo: ajuda a formar as c\u00e9lulas vermelhas do sangue, contribui para a produ\u00e7\u00e3o de energia e ainda fortalece o <a href=\"https:\/\/brasilescola.uol.com.br\/biologia\/sistema-imunologico-humano.htm\" target=\"_blank\" rel=\"noopener\">sistema imunol\u00f3gico<\/a>. Quando os n\u00edveis desse mineral est\u00e3o baixos, o corpo n\u00e3o consegue funcionar direito. Em crian\u00e7as, a car\u00eancia pode afetar o crescimento e o aprendizado. Em gestantes, pode trazer riscos para m\u00e3e e beb\u00ea. E para qualquer pessoa, pode levar \u00e0 anemia ferropriva uma condi\u00e7\u00e3o bastante comum, mas que pode ser evitada com uma alimenta\u00e7\u00e3o adequada.<\/p>\n<h2 data-start=\"1431\" data-end=\"1470\"><\/h2>\n<p>&nbsp;<\/p>\n<p><img loading=\"lazy\" decoding=\"async\" class=\"alignnone wp-image-33030 size-full\" title=\"Onde encontrar esse mineral nos alimentos\" src=\"https:\/\/www.rotaseguros.com.br\/planosdesaude\/wp-content\/uploads\/2025\/08\/Onde-encontrar-esse-mineral-nos-alimentos.png\" alt=\"Onde encontrar esse mineral nos alimentos\" width=\"800\" height=\"200\" srcset=\"https:\/\/www.rotaseguros.com.br\/planosdesaude\/wp-content\/uploads\/2025\/08\/Onde-encontrar-esse-mineral-nos-alimentos.png 800w, https:\/\/www.rotaseguros.com.br\/planosdesaude\/wp-content\/uploads\/2025\/08\/Onde-encontrar-esse-mineral-nos-alimentos-300x75.png 300w, https:\/\/www.rotaseguros.com.br\/planosdesaude\/wp-content\/uploads\/2025\/08\/Onde-encontrar-esse-mineral-nos-alimentos-768x192.png 768w\" sizes=\"auto, (max-width: 800px) 100vw, 800px\" \/><\/p>\n<p>&nbsp;<\/p>\n<p>&nbsp;<\/p>\n<p>&nbsp;<\/p>\n<h2 data-start=\"1431\" data-end=\"1470\"><span class=\"ez-toc-section\" id=\"Onde_encontrar_esse_mineral_nos_alimentos\"><\/span>Onde encontrar esse mineral nos alimentos?<span class=\"ez-toc-section-end\"><\/span><\/h2>\n<p>&nbsp;<\/p>\n<p data-start=\"1472\" data-end=\"1737\">Esse nutriente est\u00e1 presente em dois tipos de alimentos: o ferro heme, que vem dos animais, e o ferro n\u00e3o heme, que vem das plantas. O ferro heme \u00e9 mais f\u00e1cil de ser absorvido pelo corpo, mas os dois s\u00e3o importantes e podem ser combinados para uma alimenta\u00e7\u00e3o equilibrada.<\/p>\n<p data-start=\"1739\" data-end=\"2043\"><strong data-start=\"1739\" data-end=\"1773\">Fontes de ferro animal (heme):<\/strong> f\u00edgado, cora\u00e7\u00e3o, carne vermelha, frango, peixe e gema de ovo.<br data-start=\"1835\" data-end=\"1838\" \/><strong data-start=\"1838\" data-end=\"1877\">Fontes de ferro vegetal (n\u00e3o heme):<\/strong> feij\u00e3o, lentilha, gr\u00e3o-de-bico, soja, espinafre, couve, br\u00f3colis, sementes de ab\u00f3bora e gergelim, cereais integrais e frutas secas, como damasco, uva-passa e ameixa.<\/p>\n<h3 data-start=\"2050\" data-end=\"2093\"><\/h3>\n<h2 data-start=\"2050\" data-end=\"2093\"><span class=\"ez-toc-section\" id=\"Dicas_para_aumentar_a_absorcao_desse_nutriente\"><\/span>Dicas para aumentar a absor\u00e7\u00e3o desse nutriente<span class=\"ez-toc-section-end\"><\/span><\/h2>\n<p>&nbsp;<\/p>\n<p data-start=\"2095\" data-end=\"2485\">Para que seu corpo aproveite melhor o ferro, principalmente o que vem dos vegetais, \u00e9 legal consumir junto alimentos ricos em vitamina C, como laranja, lim\u00e3o, acerola e morango. Por outro lado, evite tomar caf\u00e9, ch\u00e1 preto ou refrigerantes logo ap\u00f3s as refei\u00e7\u00f5es, porque essas bebidas dificultam a absor\u00e7\u00e3o do ferro. Se quiser aquele cafezinho, espere pelo menos 30 minutos depois da comida.<\/p>\n<h3 data-start=\"2492\" data-end=\"2540\"><\/h3>\n<p>&nbsp;<\/p>\n<p><img loading=\"lazy\" decoding=\"async\" class=\"alignnone wp-image-33032 size-full\" title=\"Quem deve ficar de olho no consumo de ferro\" src=\"https:\/\/www.rotaseguros.com.br\/planosdesaude\/wp-content\/uploads\/2025\/08\/Quem-deve-ficar-de-olho-no-consumo-de-ferro.png\" alt=\"Quem deve ficar de olho no consumo de ferro\" width=\"800\" height=\"200\" srcset=\"https:\/\/www.rotaseguros.com.br\/planosdesaude\/wp-content\/uploads\/2025\/08\/Quem-deve-ficar-de-olho-no-consumo-de-ferro.png 800w, https:\/\/www.rotaseguros.com.br\/planosdesaude\/wp-content\/uploads\/2025\/08\/Quem-deve-ficar-de-olho-no-consumo-de-ferro-300x75.png 300w, https:\/\/www.rotaseguros.com.br\/planosdesaude\/wp-content\/uploads\/2025\/08\/Quem-deve-ficar-de-olho-no-consumo-de-ferro-768x192.png 768w\" sizes=\"auto, (max-width: 800px) 100vw, 800px\" \/><\/p>\n<p>&nbsp;<\/p>\n<p>&nbsp;<\/p>\n<h2 data-start=\"2492\" data-end=\"2540\"><span class=\"ez-toc-section\" id=\"Quem_deve_ficar_de_olho_no_consumo_de_ferro\"><\/span>Quem deve ficar de olho no consumo de ferro?<span class=\"ez-toc-section-end\"><\/span><\/h2>\n<p data-start=\"2542\" data-end=\"2648\">Alguns grupos precisam ter aten\u00e7\u00e3o redobrada para garantir a quantidade certa no corpo. S\u00e3o eles:<\/p>\n<ul data-start=\"2650\" data-end=\"2873\">\n<li data-start=\"2650\" data-end=\"2705\">\n<p data-start=\"2652\" data-end=\"2705\">Mulheres em idade f\u00e9rtil (por causa da menstrua\u00e7\u00e3o)<\/p>\n<\/li>\n<li data-start=\"2706\" data-end=\"2719\">\n<p data-start=\"2708\" data-end=\"2719\">Gestantes<\/p>\n<\/li>\n<li data-start=\"2720\" data-end=\"2770\">\n<p data-start=\"2722\" data-end=\"2770\">Crian\u00e7as e adolescentes em fase de crescimento<\/p>\n<\/li>\n<li data-start=\"2771\" data-end=\"2873\">\n<p data-start=\"2773\" data-end=\"2873\">Pessoas vegetarianas ou veganas, que precisam combinar os alimentos para garantir o ferro suficiente<\/p>\n<\/li>\n<\/ul>\n<p data-start=\"2838\" data-end=\"3182\">Mas vale lembrar: mesmo quem n\u00e3o se encaixa nesses grupos deve prestar aten\u00e7\u00e3o aos sinais do corpo. Muitas vezes, a falta desse nutriente aparece aos poucos, com sintomas como cansa\u00e7o, palidez, tontura e unhas fr\u00e1geis. Se voc\u00ea se identifica com esses sintomas, o ideal \u00e9 procurar um m\u00e9dico e fazer exames para avaliar os n\u00edveis de ferro e hemoglobina.<\/p>\n<p>&nbsp;<\/p>\n<h2 data-start=\"3139\" data-end=\"3191\"><span class=\"ez-toc-section\" id=\"O_que_fazer_se_a_alimentacao_nao_for_suficiente\"><\/span>O que fazer se a alimenta\u00e7\u00e3o n\u00e3o for suficiente?<span class=\"ez-toc-section-end\"><\/span><\/h2>\n<p>&nbsp;<\/p>\n<p data-start=\"3193\" data-end=\"3386\">Quando a alimenta\u00e7\u00e3o n\u00e3o \u00e9 suficiente para corrigir a falta desse mineral, o m\u00e9dico pode indicar suplementa\u00e7\u00e3o, que deve ser feita com acompanhamento profissional para garantir seguran\u00e7a e efic\u00e1cia.<\/p>\n<p data-start=\"3388\" data-end=\"3545\">Al\u00e9m disso, manter uma rotina saud\u00e1vel, com alimenta\u00e7\u00e3o equilibrada, sono adequado e exerc\u00edcios f\u00edsicos, ajuda o corpo a funcionar melhor e previne a anemia.<\/p>\n<h2 data-start=\"3189\" data-end=\"3220\"><\/h2>\n<p>&nbsp;<\/p>\n<p><img loading=\"lazy\" decoding=\"async\" class=\"alignnone wp-image-33029 size-full\" title=\"Comer bem \u00e9 o melhor cuidado\" src=\"https:\/\/www.rotaseguros.com.br\/planosdesaude\/wp-content\/uploads\/2025\/08\/Comer-bem-e-o-melhor-cuidado.png\" alt=\"Comer bem \u00e9 o melhor cuidado\" width=\"800\" height=\"200\" srcset=\"https:\/\/www.rotaseguros.com.br\/planosdesaude\/wp-content\/uploads\/2025\/08\/Comer-bem-e-o-melhor-cuidado.png 800w, https:\/\/www.rotaseguros.com.br\/planosdesaude\/wp-content\/uploads\/2025\/08\/Comer-bem-e-o-melhor-cuidado-300x75.png 300w, https:\/\/www.rotaseguros.com.br\/planosdesaude\/wp-content\/uploads\/2025\/08\/Comer-bem-e-o-melhor-cuidado-768x192.png 768w\" sizes=\"auto, (max-width: 800px) 100vw, 800px\" \/><\/p>\n<p>&nbsp;<\/p>\n<p>&nbsp;<\/p>\n<h2 data-start=\"3189\" data-end=\"3220\"><span class=\"ez-toc-section\" id=\"Comer_bem_e_o_melhor_cuidado\"><\/span>Comer bem \u00e9 o melhor cuidado<span class=\"ez-toc-section-end\"><\/span><\/h2>\n<p data-start=\"3222\" data-end=\"3559\">A melhor forma de garantir que o ferro n\u00e3o falte \u00e9 manter uma alimenta\u00e7\u00e3o variada e equilibrada. Comer bem \u00e9 mais do que seguir regras: \u00e9 ouvir o corpo, respeitar suas necessidades e buscar equil\u00edbrio no dia a dia. E quando a alimenta\u00e7\u00e3o sozinha n\u00e3o d\u00e1 conta, o m\u00e9dico pode indicar uma suplementa\u00e7\u00e3o sempre com orienta\u00e7\u00e3o profissional.<\/p>\n<p data-start=\"3222\" data-end=\"3559\">Leia esse artigo tamb\u00e9m &#8211; <a href=\"https:\/\/www.rotaseguros.com.br\/planosdesaude\/leite-aliado-ou-vilao\/\">Leite: aliado ou vil\u00e3o depois da inf\u00e2ncia?<\/a><\/p>\n","protected":false},"excerpt":{"rendered":"<p><span class=\"span-reading-time rt-reading-time\" style=\"display: block;\"><span class=\"rt-label rt-prefix\">Reading Time: <\/span> <span class=\"rt-time\"> 3<\/span> <span class=\"rt-label rt-postfix\">minutes<\/span><\/span>Voc\u00ea j\u00e1 se sentiu cansado sem motivo aparente? Ou teve aquela sensa\u00e7\u00e3o de fraqueza, dificuldade de concentra\u00e7\u00e3o ou queda de cabelo? Esses podem ser sinais de que o seu corpo &#8230;<\/p>\n","protected":false},"author":36,"featured_media":33028,"comment_status":"open","ping_status":"open","sticky":false,"template":"","format":"standard","meta":{"_monsterinsights_skip_tracking":false,"_monsterinsights_sitenote_active":false,"_monsterinsights_sitenote_note":"","_monsterinsights_sitenote_category":0,"footnotes":"","_links_to":"","_links_to_target":""},"categories":[6,1,1005],"tags":[1344,3727,3723,3724,686,3725,1368,3722,3380,3726,1127,2890,1058],"class_list":["post-32849","post","type-post","status-publish","format-standard","has-post-thumbnail","hentry","category-dicas","category-sem-categoria","category-saude","tag-alimentacao-saudavel","tag-alimentos-para-anemia","tag-alimentos-ricos-em-ferro","tag-anemia","tag-bem-estar","tag-deficiencia-de-ferro","tag-dieta-equilibrada","tag-ferro","tag-nutricao","tag-nutrientes-essenciais","tag-saude","tag-saude-preventiva","tag-vitamina-c"],"_links":{"self":[{"href":"https:\/\/www.rotaseguros.com.br\/planosdesaude\/wp-json\/wp\/v2\/posts\/32849","targetHints":{"allow":["GET"]}}],"collection":[{"href":"https:\/\/www.rotaseguros.com.br\/planosdesaude\/wp-json\/wp\/v2\/posts"}],"about":[{"href":"https:\/\/www.rotaseguros.com.br\/planosdesaude\/wp-json\/wp\/v2\/types\/post"}],"author":[{"embeddable":true,"href":"https:\/\/www.rotaseguros.com.br\/planosdesaude\/wp-json\/wp\/v2\/users\/36"}],"replies":[{"embeddable":true,"href":"https:\/\/www.rotaseguros.com.br\/planosdesaude\/wp-json\/wp\/v2\/comments?post=32849"}],"version-history":[{"count":3,"href":"https:\/\/www.rotaseguros.com.br\/planosdesaude\/wp-json\/wp\/v2\/posts\/32849\/revisions"}],"predecessor-version":[{"id":33033,"href":"https:\/\/www.rotaseguros.com.br\/planosdesaude\/wp-json\/wp\/v2\/posts\/32849\/revisions\/33033"}],"wp:featuredmedia":[{"embeddable":true,"href":"https:\/\/www.rotaseguros.com.br\/planosdesaude\/wp-json\/wp\/v2\/media\/33028"}],"wp:attachment":[{"href":"https:\/\/www.rotaseguros.com.br\/planosdesaude\/wp-json\/wp\/v2\/media?parent=32849"}],"wp:term":[{"taxonomy":"category","embeddable":true,"href":"https:\/\/www.rotaseguros.com.br\/planosdesaude\/wp-json\/wp\/v2\/categories?post=32849"},{"taxonomy":"post_tag","embeddable":true,"href":"https:\/\/www.rotaseguros.com.br\/planosdesaude\/wp-json\/wp\/v2\/tags?post=32849"}],"curies":[{"name":"wp","href":"https:\/\/api.w.org\/{rel}","templated":true}]}}