{"id":32855,"date":"2025-08-05T09:26:45","date_gmt":"2025-08-05T12:26:45","guid":{"rendered":"https:\/\/www.rotaseguros.com.br\/planosdesaude\/?p=32855"},"modified":"2025-08-05T09:27:02","modified_gmt":"2025-08-05T12:27:02","slug":"agosto-dourado-campanha","status":"publish","type":"post","link":"https:\/\/www.rotaseguros.com.br\/planosdesaude\/agosto-dourado-campanha\/","title":{"rendered":"Agosto Dourado: campanha incentiva o aleitamento materno"},"content":{"rendered":"<span class=\"span-reading-time rt-reading-time\" style=\"display: block;\"><span class=\"rt-label rt-prefix\">Reading Time: <\/span> <span class=\"rt-time\"> 3<\/span> <span class=\"rt-label rt-postfix\">minutes<\/span><\/span><p data-start=\"293\" data-end=\"750\">O m\u00eas de agosto \u00e9 marcado por uma das campanhas mais importantes quando o assunto \u00e9 sa\u00fade materno-infantil: o <strong data-start=\"403\" data-end=\"421\">Agosto Dourado<\/strong>. A cor dourada representa o \u201cpadr\u00e3o ouro\u201d de qualidade do leite materno, refor\u00e7ando o seu valor nutricional, afetivo e imunol\u00f3gico. Mais do que uma a\u00e7\u00e3o simb\u00f3lica, a campanha tem como objetivo <strong data-start=\"615\" data-end=\"749\">conscientizar a sociedade sobre a import\u00e2ncia da amamenta\u00e7\u00e3o para o desenvolvimento saud\u00e1vel dos beb\u00eas e para o bem-estar das m\u00e3es<\/strong>.<\/p><div id=\"ez-toc-container\" class=\"ez-toc-v2_0_82_2 counter-flat ez-toc-counter ez-toc-grey ez-toc-container-direction\">\n<div class=\"ez-toc-title-container\">\n<p class=\"ez-toc-title\" style=\"cursor:inherit\">Aqui voc\u00ea encontra:<\/p>\n<span class=\"ez-toc-title-toggle\"><a href=\"#\" class=\"ez-toc-pull-right ez-toc-btn ez-toc-btn-xs ez-toc-btn-default ez-toc-toggle\" aria-label=\"Alternar tabela de conte\u00fado\"><span class=\"ez-toc-js-icon-con\"><span class=\"\"><span class=\"eztoc-hide\" style=\"display:none;\">Toggle<\/span><span class=\"ez-toc-icon-toggle-span\"><svg style=\"fill: #999;color:#999\" xmlns=\"http:\/\/www.w3.org\/2000\/svg\" class=\"list-377408\" width=\"20px\" height=\"20px\" viewBox=\"0 0 24 24\" fill=\"none\"><path d=\"M6 6H4v2h2V6zm14 0H8v2h12V6zM4 11h2v2H4v-2zm16 0H8v2h12v-2zM4 16h2v2H4v-2zm16 0H8v2h12v-2z\" fill=\"currentColor\"><\/path><\/svg><svg style=\"fill: #999;color:#999\" class=\"arrow-unsorted-368013\" xmlns=\"http:\/\/www.w3.org\/2000\/svg\" width=\"10px\" height=\"10px\" viewBox=\"0 0 24 24\" version=\"1.2\" baseProfile=\"tiny\"><path d=\"M18.2 9.3l-6.2-6.3-6.2 6.3c-.2.2-.3.4-.3.7s.1.5.3.7c.2.2.4.3.7.3h11c.3 0 .5-.1.7-.3.2-.2.3-.5.3-.7s-.1-.5-.3-.7zM5.8 14.7l6.2 6.3 6.2-6.3c.2-.2.3-.5.3-.7s-.1-.5-.3-.7c-.2-.2-.4-.3-.7-.3h-11c-.3 0-.5.1-.7.3-.2.2-.3.5-.3.7s.1.5.3.7z\"\/><\/svg><\/span><\/span><\/span><\/a><\/span><\/div>\n<nav><ul class='ez-toc-list ez-toc-list-level-1 ' ><li class='ez-toc-page-1'><a class=\"ez-toc-link ez-toc-heading-1\" href=\"https:\/\/www.rotaseguros.com.br\/planosdesaude\/agosto-dourado-campanha\/#O_que_e_o_Agosto_Dourado\" >O que \u00e9 o Agosto Dourado?<\/a><\/li><li class='ez-toc-page-1'><a class=\"ez-toc-link ez-toc-heading-2\" href=\"https:\/\/www.rotaseguros.com.br\/planosdesaude\/agosto-dourado-campanha\/#Por_que_amamentar_e_tao_importante\" >Por que amamentar \u00e9 t\u00e3o importante?<\/a><\/li><li class='ez-toc-page-1'><a class=\"ez-toc-link ez-toc-heading-3\" href=\"https:\/\/www.rotaseguros.com.br\/planosdesaude\/agosto-dourado-campanha\/#Desafios_da_amamentacao\" >Desafios da amamenta\u00e7\u00e3o<\/a><\/li><li class='ez-toc-page-1'><a class=\"ez-toc-link ez-toc-heading-4\" href=\"https:\/\/www.rotaseguros.com.br\/planosdesaude\/agosto-dourado-campanha\/#Aleitamento_materno_e_um_direito\" >Aleitamento materno \u00e9 um direito<\/a><\/li><li class='ez-toc-page-1'><a class=\"ez-toc-link ez-toc-heading-5\" href=\"https:\/\/www.rotaseguros.com.br\/planosdesaude\/agosto-dourado-campanha\/#Como_apoiar_a_campanha_Agosto_Dourado\" >Como apoiar a campanha Agosto Dourado<\/a><\/li><li class='ez-toc-page-1'><a class=\"ez-toc-link ez-toc-heading-6\" href=\"https:\/\/www.rotaseguros.com.br\/planosdesaude\/agosto-dourado-campanha\/#Um_ato_de_amor\" >Um ato de amor!<\/a><\/li><\/ul><\/nav><\/div>\n\n<h2 data-start=\"757\" data-end=\"789\"><\/h2>\n<p>&nbsp;<\/p>\n<p><img loading=\"lazy\" decoding=\"async\" class=\"alignnone wp-image-32972 size-full\" title=\"O que \u00e9 o Agosto Dourado\" src=\"https:\/\/www.rotaseguros.com.br\/planosdesaude\/wp-content\/uploads\/2025\/07\/O-que-e-o-Agosto-Dourado.png\" alt=\"O que \u00e9 o Agosto Dourado\" width=\"800\" height=\"200\" srcset=\"https:\/\/www.rotaseguros.com.br\/planosdesaude\/wp-content\/uploads\/2025\/07\/O-que-e-o-Agosto-Dourado.png 800w, https:\/\/www.rotaseguros.com.br\/planosdesaude\/wp-content\/uploads\/2025\/07\/O-que-e-o-Agosto-Dourado-300x75.png 300w, https:\/\/www.rotaseguros.com.br\/planosdesaude\/wp-content\/uploads\/2025\/07\/O-que-e-o-Agosto-Dourado-768x192.png 768w\" sizes=\"auto, (max-width: 800px) 100vw, 800px\" \/><\/p>\n<p>&nbsp;<\/p>\n<h2 data-start=\"757\" data-end=\"789\"><span class=\"ez-toc-section\" id=\"O_que_e_o_Agosto_Dourado\"><\/span>O que \u00e9 o Agosto Dourado?<span class=\"ez-toc-section-end\"><\/span><\/h2>\n<p>&nbsp;<\/p>\n<p data-start=\"791\" data-end=\"1155\">Institu\u00eddo por lei no Brasil em 2017, o Agosto Dourado promove a\u00e7\u00f5es educativas e de apoio \u00e0 <a href=\"https:\/\/dicionario.priberam.org\/amamenta%C3%A7%C3%A3o\" target=\"_blank\" rel=\"noopener\">amamenta\u00e7\u00e3o<\/a> em todo o pa\u00eds. \u00c9 uma iniciativa que envolve profissionais de sa\u00fade, institui\u00e7\u00f5es, m\u00e3es, fam\u00edlias e toda a sociedade, incentivando o aleitamento materno exclusivo at\u00e9 os 6 meses de idade e sua continuidade, com alimenta\u00e7\u00e3o complementar, at\u00e9 os 2 anos ou mais.<\/p>\n<p data-start=\"1157\" data-end=\"1385\">O nome faz refer\u00eancia ao leite materno como um alimento precioso, comparado ao ouro, por ser completo, natural e insubstitu\u00edvel. A campanha se baseia em orienta\u00e7\u00f5es da Organiza\u00e7\u00e3o Mundial da Sa\u00fade (OMS) e do Minist\u00e9rio da Sa\u00fade.<\/p>\n<h2 data-start=\"1392\" data-end=\"1434\"><\/h2>\n<p><img loading=\"lazy\" decoding=\"async\" class=\"alignnone wp-image-32973 size-full\" title=\"Por que amamentar \u00e9 t\u00e3o importante\" src=\"https:\/\/www.rotaseguros.com.br\/planosdesaude\/wp-content\/uploads\/2025\/07\/Por-que-amamentar-e-tao-importante.png\" alt=\"Por que amamentar \u00e9 t\u00e3o importante\" width=\"800\" height=\"200\" srcset=\"https:\/\/www.rotaseguros.com.br\/planosdesaude\/wp-content\/uploads\/2025\/07\/Por-que-amamentar-e-tao-importante.png 800w, https:\/\/www.rotaseguros.com.br\/planosdesaude\/wp-content\/uploads\/2025\/07\/Por-que-amamentar-e-tao-importante-300x75.png 300w, https:\/\/www.rotaseguros.com.br\/planosdesaude\/wp-content\/uploads\/2025\/07\/Por-que-amamentar-e-tao-importante-768x192.png 768w\" sizes=\"auto, (max-width: 800px) 100vw, 800px\" \/><\/p>\n<p>&nbsp;<\/p>\n<p>&nbsp;<\/p>\n<h2 data-start=\"1392\" data-end=\"1434\"><span class=\"ez-toc-section\" id=\"Por_que_amamentar_e_tao_importante\"><\/span>Por que amamentar \u00e9 t\u00e3o importante?<span class=\"ez-toc-section-end\"><\/span><\/h2>\n<p>&nbsp;<\/p>\n<p data-start=\"1436\" data-end=\"1827\">O leite materno \u00e9 o primeiro e mais poderoso alimento que um beb\u00ea pode receber. Rico em anticorpos, prote\u00ednas, gorduras saud\u00e1veis, vitaminas e \u00e1gua, ele protege contra infec\u00e7\u00f5es, reduz o risco de doen\u00e7as respirat\u00f3rias, alergias, diarreia e at\u00e9 mesmo da obesidade infantil. Al\u00e9m disso, fortalece o v\u00ednculo entre m\u00e3e e filho e contribui para o desenvolvimento emocional e cognitivo da crian\u00e7a.<\/p>\n<p data-start=\"1829\" data-end=\"2136\">Para a m\u00e3e, amamentar tamb\u00e9m traz benef\u00edcios. Reduz o risco de c\u00e2ncer de mama e ov\u00e1rio, ajuda na recupera\u00e7\u00e3o p\u00f3s-parto e promove um momento \u00edntimo e afetivo com o beb\u00ea. A pr\u00e1tica tamb\u00e9m pode diminuir o risco de depress\u00e3o p\u00f3s-parto, especialmente quando a mulher se sente acolhida e orientada nesse processo.<\/p>\n<h2 data-start=\"2143\" data-end=\"2173\"><\/h2>\n<p>&nbsp;<\/p>\n<p><img loading=\"lazy\" decoding=\"async\" class=\"alignnone wp-image-32974 size-full\" title=\"Desafios da amamenta\u00e7\u00e3o\" src=\"https:\/\/www.rotaseguros.com.br\/planosdesaude\/wp-content\/uploads\/2025\/07\/Desafios-da-amamentacao.png\" alt=\"Desafios da amamenta\u00e7\u00e3o\" width=\"800\" height=\"200\" srcset=\"https:\/\/www.rotaseguros.com.br\/planosdesaude\/wp-content\/uploads\/2025\/07\/Desafios-da-amamentacao.png 800w, https:\/\/www.rotaseguros.com.br\/planosdesaude\/wp-content\/uploads\/2025\/07\/Desafios-da-amamentacao-300x75.png 300w, https:\/\/www.rotaseguros.com.br\/planosdesaude\/wp-content\/uploads\/2025\/07\/Desafios-da-amamentacao-768x192.png 768w\" sizes=\"auto, (max-width: 800px) 100vw, 800px\" \/><\/p>\n<p>&nbsp;<\/p>\n<h2 data-start=\"2143\" data-end=\"2173\"><\/h2>\n<h2 data-start=\"2143\" data-end=\"2173\"><span class=\"ez-toc-section\" id=\"Desafios_da_amamentacao\"><\/span>Desafios da amamenta\u00e7\u00e3o<span class=\"ez-toc-section-end\"><\/span><\/h2>\n<p>&nbsp;<\/p>\n<p data-start=\"2175\" data-end=\"2510\">Apesar de natural, amamentar nem sempre \u00e9 f\u00e1cil. Muitas mulheres enfrentam dificuldades como dor, fissuras nos seios, inseguran\u00e7a sobre a produ\u00e7\u00e3o de leite, falta de apoio e retorno precoce ao trabalho. Por isso, \u00e9 essencial oferecer <strong data-start=\"2409\" data-end=\"2451\">rede de apoio e orienta\u00e7\u00e3o qualificada<\/strong>, desde o pr\u00e9-natal at\u00e9 os primeiros meses de vida do beb\u00ea.<\/p>\n<p data-start=\"2512\" data-end=\"2769\">Hospitais com selo &#8220;Amigo da Crian\u00e7a&#8221;, grupos de apoio \u00e0 amamenta\u00e7\u00e3o, profissionais de sa\u00fade treinados e campanhas como o Agosto Dourado s\u00e3o ferramentas essenciais para ajudar as m\u00e3es a passarem por esse momento com mais seguran\u00e7a, informa\u00e7\u00e3o e acolhimento.<\/p>\n<h2 data-start=\"2776\" data-end=\"2842\"><\/h2>\n<h2 data-start=\"2776\" data-end=\"2842\"><span class=\"ez-toc-section\" id=\"Aleitamento_materno_e_um_direito\"><\/span>Aleitamento materno \u00e9 um direito<span class=\"ez-toc-section-end\"><\/span><\/h2>\n<p>&nbsp;<\/p>\n<p data-start=\"2844\" data-end=\"3185\">A amamenta\u00e7\u00e3o \u00e9 um <strong data-start=\"2863\" data-end=\"2894\">direito da m\u00e3e e da crian\u00e7a<\/strong>. Garantir espa\u00e7os apropriados para amamentar, respeitar o tempo de licen\u00e7a-maternidade e combater a desinforma\u00e7\u00e3o s\u00e3o formas de proteger esse direito. Empresas, escolas, \u00f3rg\u00e3os p\u00fablicos e a pr\u00f3pria sociedade devem colaborar para criar um ambiente mais emp\u00e1tico e menos julgador com as m\u00e3es.<\/p>\n<p data-start=\"3187\" data-end=\"3420\">Al\u00e9m disso, \u00e9 fundamental lembrar que nem todas as mulheres conseguem ou optam por amamentar \u2014 e isso n\u00e3o as torna menos m\u00e3es. Campanhas como o Agosto Dourado devem promover o aleitamento, mas <strong data-start=\"3380\" data-end=\"3419\">sempre com empatia e sem julgamento<\/strong>.<\/p>\n<h2 data-start=\"3427\" data-end=\"3471\"><\/h2>\n<h2 data-start=\"3427\" data-end=\"3471\"><span class=\"ez-toc-section\" id=\"Como_apoiar_a_campanha_Agosto_Dourado\"><\/span>Como apoiar a campanha Agosto Dourado<span class=\"ez-toc-section-end\"><\/span><\/h2>\n<p>&nbsp;<\/p>\n<p data-start=\"3473\" data-end=\"3766\">Voc\u00ea pode contribuir com a campanha de v\u00e1rias formas: participando de a\u00e7\u00f5es educativas, compartilhando informa\u00e7\u00f5es confi\u00e1veis, apoiando m\u00e3es pr\u00f3ximas que est\u00e3o passando pelo processo de amamenta\u00e7\u00e3o ou, se for um profissional de sa\u00fade, oferecendo acolhimento e orienta\u00e7\u00e3o baseada em evid\u00eancias.<\/p>\n<p data-start=\"3768\" data-end=\"4037\">Usar a cor dourada nas redes sociais, nos ambientes de trabalho ou nos servi\u00e7os de sa\u00fade tamb\u00e9m ajuda a chamar aten\u00e7\u00e3o para o tema. Mais do que isso, \u00e9 uma oportunidade de <strong data-start=\"3940\" data-end=\"3970\">sensibilizar e transformar<\/strong> a forma como a sociedade enxerga e valoriza o aleitamento materno.<\/p>\n<p>&nbsp;<\/p>\n<p><img loading=\"lazy\" decoding=\"async\" class=\"alignnone wp-image-32975 size-full\" title=\"Um ato de amor!\" src=\"https:\/\/www.rotaseguros.com.br\/planosdesaude\/wp-content\/uploads\/2025\/07\/Um-ato-de-amor.png\" alt=\"Um ato de amor!\" width=\"800\" height=\"200\" srcset=\"https:\/\/www.rotaseguros.com.br\/planosdesaude\/wp-content\/uploads\/2025\/07\/Um-ato-de-amor.png 800w, https:\/\/www.rotaseguros.com.br\/planosdesaude\/wp-content\/uploads\/2025\/07\/Um-ato-de-amor-300x75.png 300w, https:\/\/www.rotaseguros.com.br\/planosdesaude\/wp-content\/uploads\/2025\/07\/Um-ato-de-amor-768x192.png 768w\" sizes=\"auto, (max-width: 800px) 100vw, 800px\" \/><\/p>\n<p>&nbsp;<\/p>\n<h2 data-start=\"3768\" data-end=\"4037\"><span class=\"ez-toc-section\" id=\"Um_ato_de_amor\"><\/span>Um ato de amor!<span class=\"ez-toc-section-end\"><\/span><\/h2>\n<p data-start=\"3768\" data-end=\"4037\">O Agosto Dourado nos convida a olhar para o in\u00edcio da vida com mais carinho, respeito e consci\u00eancia. Promover o aleitamento materno \u00e9 cuidar da sa\u00fade, da nutri\u00e7\u00e3o, da prote\u00e7\u00e3o e do v\u00ednculo entre m\u00e3es e filhos. \u00c9 um ato de amor que merece ser apoiado, valorizado e protegido \u2014 n\u00e3o s\u00f3 em agosto, mas durante todo o ano.<\/p>\n<p data-start=\"3768\" data-end=\"4037\">Leia tamb\u00e9m este texto: <a href=\"https:\/\/www.rotaseguros.com.br\/planosdesaude\/importancia-da-vacina-bcg\/\">Qual a import\u00e2ncia da vacina BCG?<\/a><\/p>\n","protected":false},"excerpt":{"rendered":"<p><span class=\"span-reading-time rt-reading-time\" style=\"display: block;\"><span class=\"rt-label rt-prefix\">Reading Time: <\/span> <span class=\"rt-time\"> 3<\/span> <span class=\"rt-label rt-postfix\">minutes<\/span><\/span>O m\u00eas de agosto \u00e9 marcado por uma das campanhas mais importantes quando o assunto \u00e9 sa\u00fade materno-infantil: o Agosto Dourado. A cor dourada representa o \u201cpadr\u00e3o ouro\u201d de qualidade &#8230;<\/p>\n","protected":false},"author":36,"featured_media":32971,"comment_status":"open","ping_status":"open","sticky":false,"template":"","format":"standard","meta":{"_monsterinsights_skip_tracking":false,"_monsterinsights_sitenote_active":false,"_monsterinsights_sitenote_note":"","_monsterinsights_sitenote_category":0,"footnotes":"","_links_to":"","_links_to_target":""},"categories":[1,1005],"tags":[3733,1774,1773,3737,3735,3734,3736,3339],"class_list":["post-32855","post","type-post","status-publish","format-standard","has-post-thumbnail","hentry","category-sem-categoria","category-saude","tag-agosto-dourado","tag-aleitamento-materno","tag-amamentacao","tag-apoio-as-maes","tag-campanha-de-conscientizacao","tag-leite-materno","tag-maternidade","tag-saude-do-bebe"],"_links":{"self":[{"href":"https:\/\/www.rotaseguros.com.br\/planosdesaude\/wp-json\/wp\/v2\/posts\/32855","targetHints":{"allow":["GET"]}}],"collection":[{"href":"https:\/\/www.rotaseguros.com.br\/planosdesaude\/wp-json\/wp\/v2\/posts"}],"about":[{"href":"https:\/\/www.rotaseguros.com.br\/planosdesaude\/wp-json\/wp\/v2\/types\/post"}],"author":[{"embeddable":true,"href":"https:\/\/www.rotaseguros.com.br\/planosdesaude\/wp-json\/wp\/v2\/users\/36"}],"replies":[{"embeddable":true,"href":"https:\/\/www.rotaseguros.com.br\/planosdesaude\/wp-json\/wp\/v2\/comments?post=32855"}],"version-history":[{"count":3,"href":"https:\/\/www.rotaseguros.com.br\/planosdesaude\/wp-json\/wp\/v2\/posts\/32855\/revisions"}],"predecessor-version":[{"id":32976,"href":"https:\/\/www.rotaseguros.com.br\/planosdesaude\/wp-json\/wp\/v2\/posts\/32855\/revisions\/32976"}],"wp:featuredmedia":[{"embeddable":true,"href":"https:\/\/www.rotaseguros.com.br\/planosdesaude\/wp-json\/wp\/v2\/media\/32971"}],"wp:attachment":[{"href":"https:\/\/www.rotaseguros.com.br\/planosdesaude\/wp-json\/wp\/v2\/media?parent=32855"}],"wp:term":[{"taxonomy":"category","embeddable":true,"href":"https:\/\/www.rotaseguros.com.br\/planosdesaude\/wp-json\/wp\/v2\/categories?post=32855"},{"taxonomy":"post_tag","embeddable":true,"href":"https:\/\/www.rotaseguros.com.br\/planosdesaude\/wp-json\/wp\/v2\/tags?post=32855"}],"curies":[{"name":"wp","href":"https:\/\/api.w.org\/{rel}","templated":true}]}}