{"id":32877,"date":"2025-08-06T09:10:00","date_gmt":"2025-08-06T12:10:00","guid":{"rendered":"https:\/\/www.rotaseguros.com.br\/planosdesaude\/?p=32877"},"modified":"2025-08-06T09:10:00","modified_gmt":"2025-08-06T12:10:00","slug":"cobertura-parcial-x-carencia","status":"publish","type":"post","link":"https:\/\/www.rotaseguros.com.br\/planosdesaude\/cobertura-parcial-x-carencia\/","title":{"rendered":"Cobertura Parcial x Car\u00eancia: entenda a diferen\u00e7a"},"content":{"rendered":"<span class=\"span-reading-time rt-reading-time\" style=\"display: block;\"><span class=\"rt-label rt-prefix\">Reading Time: <\/span> <span class=\"rt-time\"> 3<\/span> <span class=\"rt-label rt-postfix\">minutes<\/span><\/span><p>Ao contratar um plano de sa\u00fade, \u00e9 comum se deparar com termos que geram d\u00favidas, como <strong data-start=\"307\" data-end=\"319\">car\u00eancia<\/strong> e <strong data-start=\"322\" data-end=\"360\">cobertura parcial tempor\u00e1ria (CPT)<\/strong>. Embora pare\u00e7am semelhantes, eles t\u00eam significados diferentes e impactam diretamente no uso do plano. Entender esses conceitos \u00e9 essencial para fazer uma escolha segura e sem surpresas.<\/p><div id=\"ez-toc-container\" class=\"ez-toc-v2_0_82_2 counter-flat ez-toc-counter ez-toc-grey ez-toc-container-direction\">\n<div class=\"ez-toc-title-container\">\n<p class=\"ez-toc-title\" style=\"cursor:inherit\">Aqui voc\u00ea encontra:<\/p>\n<span class=\"ez-toc-title-toggle\"><a href=\"#\" class=\"ez-toc-pull-right ez-toc-btn ez-toc-btn-xs ez-toc-btn-default ez-toc-toggle\" aria-label=\"Alternar tabela de conte\u00fado\"><span class=\"ez-toc-js-icon-con\"><span class=\"\"><span class=\"eztoc-hide\" style=\"display:none;\">Toggle<\/span><span class=\"ez-toc-icon-toggle-span\"><svg style=\"fill: #999;color:#999\" xmlns=\"http:\/\/www.w3.org\/2000\/svg\" class=\"list-377408\" width=\"20px\" height=\"20px\" viewBox=\"0 0 24 24\" fill=\"none\"><path d=\"M6 6H4v2h2V6zm14 0H8v2h12V6zM4 11h2v2H4v-2zm16 0H8v2h12v-2zM4 16h2v2H4v-2zm16 0H8v2h12v-2z\" fill=\"currentColor\"><\/path><\/svg><svg style=\"fill: #999;color:#999\" class=\"arrow-unsorted-368013\" xmlns=\"http:\/\/www.w3.org\/2000\/svg\" width=\"10px\" height=\"10px\" viewBox=\"0 0 24 24\" version=\"1.2\" baseProfile=\"tiny\"><path d=\"M18.2 9.3l-6.2-6.3-6.2 6.3c-.2.2-.3.4-.3.7s.1.5.3.7c.2.2.4.3.7.3h11c.3 0 .5-.1.7-.3.2-.2.3-.5.3-.7s-.1-.5-.3-.7zM5.8 14.7l6.2 6.3 6.2-6.3c.2-.2.3-.5.3-.7s-.1-.5-.3-.7c-.2-.2-.4-.3-.7-.3h-11c-.3 0-.5.1-.7.3-.2.2-.3.5-.3.7s.1.5.3.7z\"\/><\/svg><\/span><\/span><\/span><\/a><\/span><\/div>\n<nav><ul class='ez-toc-list ez-toc-list-level-1 ' ><li class='ez-toc-page-1'><a class=\"ez-toc-link ez-toc-heading-1\" href=\"https:\/\/www.rotaseguros.com.br\/planosdesaude\/cobertura-parcial-x-carencia\/#O_que_e_carencia\" >O que \u00e9 car\u00eancia?<\/a><\/li><li class='ez-toc-page-1'><a class=\"ez-toc-link ez-toc-heading-2\" href=\"https:\/\/www.rotaseguros.com.br\/planosdesaude\/cobertura-parcial-x-carencia\/#O_que_e_cobertura_parcial_temporaria_CPT\" >O que \u00e9 cobertura parcial tempor\u00e1ria (CPT)?<\/a><\/li><li class='ez-toc-page-1'><a class=\"ez-toc-link ez-toc-heading-3\" href=\"https:\/\/www.rotaseguros.com.br\/planosdesaude\/cobertura-parcial-x-carencia\/#Carencia_e_CPT_qual_a_diferenca_pratica\" >Car\u00eancia e CPT: qual a diferen\u00e7a pr\u00e1tica?<\/a><\/li><li class='ez-toc-page-1'><a class=\"ez-toc-link ez-toc-heading-4\" href=\"https:\/\/www.rotaseguros.com.br\/planosdesaude\/cobertura-parcial-x-carencia\/#Por_que_isso_importa_na_hora_de_contratar_um_plano\" >Por que isso importa na hora de contratar um plano?<\/a><\/li><li class='ez-toc-page-1'><a class=\"ez-toc-link ez-toc-heading-5\" href=\"https:\/\/www.rotaseguros.com.br\/planosdesaude\/cobertura-parcial-x-carencia\/#Contrate_com_orientacao_e_seguranca\" >Contrate com orienta\u00e7\u00e3o e seguran\u00e7a<\/a><\/li><\/ul><\/nav><\/div>\n\n<p>&nbsp;<\/p>\n<p>&nbsp;<\/p>\n<p><img loading=\"lazy\" decoding=\"async\" class=\"alignnone wp-image-32995 size-full\" title=\"O que \u00e9 car\u00eancia\" src=\"https:\/\/www.rotaseguros.com.br\/planosdesaude\/wp-content\/uploads\/2025\/07\/O-que-e-carencia.png\" alt=\"O que \u00e9 car\u00eancia\" width=\"800\" height=\"200\" srcset=\"https:\/\/www.rotaseguros.com.br\/planosdesaude\/wp-content\/uploads\/2025\/07\/O-que-e-carencia.png 800w, https:\/\/www.rotaseguros.com.br\/planosdesaude\/wp-content\/uploads\/2025\/07\/O-que-e-carencia-300x75.png 300w, https:\/\/www.rotaseguros.com.br\/planosdesaude\/wp-content\/uploads\/2025\/07\/O-que-e-carencia-768x192.png 768w\" sizes=\"auto, (max-width: 800px) 100vw, 800px\" \/><\/p>\n<p>&nbsp;<\/p>\n<p>&nbsp;<\/p>\n<h2><span class=\"ez-toc-section\" id=\"O_que_e_carencia\"><\/span>O que \u00e9 car\u00eancia?<span class=\"ez-toc-section-end\"><\/span><\/h2>\n<p>&nbsp;<\/p>\n<p>A <strong data-start=\"651\" data-end=\"663\">car\u00eancia<\/strong> \u00e9 o per\u00edodo que o benefici\u00e1rio deve aguardar, ap\u00f3s a assinatura do contrato, para come\u00e7ar a utilizar determinados servi\u00e7os do plano de sa\u00fade. Ou seja, mesmo que o plano esteja ativo, alguns procedimentos s\u00f3 poder\u00e3o ser realizados depois que esse prazo for cumprido. Essa regra \u00e9 v\u00e1lida para todos os novos contratos e serve como uma forma de equil\u00edbrio financeiro para as operadoras, garantindo a viabilidade do sistema de sa\u00fade suplementar.<\/p>\n<p>Os prazos m\u00e1ximos s\u00e3o regulados pela <a href=\"https:\/\/pt.wikipedia.org\/wiki\/Ag%C3%AAncia_Nacional_de_Sa%C3%BAde_Suplementar\" target=\"_blank\" rel=\"noopener\">Ag\u00eancia Nacional de Sa\u00fade Suplementar<\/a> (ANS) e, em geral, seguem uma l\u00f3gica que respeita a complexidade e os custos envolvidos nos atendimentos.<\/p>\n<p data-start=\"821\" data-end=\"856\"><strong>Exemplos de prazos de car\u00eancia:<\/strong><\/p>\n<ul data-start=\"858\" data-end=\"1072\">\n<li data-start=\"858\" data-end=\"900\">\n<p data-start=\"860\" data-end=\"900\">24 horas para urg\u00eancias e emerg\u00eancias;<\/p>\n<\/li>\n<li data-start=\"901\" data-end=\"934\">\n<p data-start=\"903\" data-end=\"934\">300 dias para partos a termo;<\/p>\n<\/li>\n<li data-start=\"935\" data-end=\"986\">\n<p data-start=\"937\" data-end=\"986\">180 dias para interna\u00e7\u00f5es e cirurgias eletivas;<\/p>\n<\/li>\n<li data-start=\"987\" data-end=\"1072\">\n<p data-start=\"989\" data-end=\"1072\">24 meses para doen\u00e7as ou les\u00f5es preexistentes (em alguns casos, se n\u00e3o houver CPT).<\/p>\n<\/li>\n<\/ul>\n<h2 data-start=\"1074\" data-end=\"1264\"><\/h2>\n<h2 data-start=\"1074\" data-end=\"1264\"><\/h2>\n<h2 data-start=\"1074\" data-end=\"1264\"><img loading=\"lazy\" decoding=\"async\" class=\"alignnone wp-image-32994 size-full\" title=\"O que \u00e9 cobertura parcial tempor\u00e1ria (CPT)\" src=\"https:\/\/www.rotaseguros.com.br\/planosdesaude\/wp-content\/uploads\/2025\/07\/O-que-e-cobertura-parcial-temporaria-CPT.png\" alt=\"O que \u00e9 cobertura parcial tempor\u00e1ria (CPT)\" width=\"800\" height=\"200\" srcset=\"https:\/\/www.rotaseguros.com.br\/planosdesaude\/wp-content\/uploads\/2025\/07\/O-que-e-cobertura-parcial-temporaria-CPT.png 800w, https:\/\/www.rotaseguros.com.br\/planosdesaude\/wp-content\/uploads\/2025\/07\/O-que-e-cobertura-parcial-temporaria-CPT-300x75.png 300w, https:\/\/www.rotaseguros.com.br\/planosdesaude\/wp-content\/uploads\/2025\/07\/O-que-e-cobertura-parcial-temporaria-CPT-768x192.png 768w\" sizes=\"auto, (max-width: 800px) 100vw, 800px\" \/><\/h2>\n<h2 data-start=\"1074\" data-end=\"1264\"><\/h2>\n<h2 data-start=\"1074\" data-end=\"1264\"><span class=\"ez-toc-section\" id=\"O_que_e_cobertura_parcial_temporaria_CPT\"><\/span>O que \u00e9 cobertura parcial tempor\u00e1ria (CPT)?<span class=\"ez-toc-section-end\"><\/span><\/h2>\n<p>&nbsp;<\/p>\n<p>J\u00e1 a <strong data-start=\"1577\" data-end=\"1609\">cobertura parcial tempor\u00e1ria<\/strong>, ou CPT, \u00e9 aplicada em um contexto diferente: ela est\u00e1 relacionada a doen\u00e7as ou les\u00f5es que o benefici\u00e1rio j\u00e1 possu\u00eda no momento da contrata\u00e7\u00e3o do plano as chamadas doen\u00e7as ou les\u00f5es preexistentes (DLPs).<\/p>\n<p>Nesse caso, o plano de sa\u00fade pode limitar temporariamente a cobertura de procedimentos diretamente ligados a essa condi\u00e7\u00e3o. Isso significa que, durante um per\u00edodo de at\u00e9 24 meses, o plano pode n\u00e3o cobrir, por exemplo, <strong>cirurgias ou interna\u00e7\u00f5es em leitos de alta tecnologia<\/strong> que estejam associados \u00e0 doen\u00e7a informada.<\/p>\n<p data-start=\"1767\" data-end=\"1889\">\u00c9 importante lembrar que essa restri\u00e7\u00e3o \u00e9 tempor\u00e1ria e, depois do prazo, a cobertura passa a ser completa, sem distin\u00e7\u00f5es.<\/p>\n<h2 data-start=\"2312\" data-end=\"2356\"><\/h2>\n<p>&nbsp;<\/p>\n<h2 data-start=\"2312\" data-end=\"2356\"><img loading=\"lazy\" decoding=\"async\" class=\"alignnone wp-image-32993 size-full\" title=\"Car\u00eancia e CPT_ qual a diferen\u00e7a pr\u00e1tica\" src=\"https:\/\/www.rotaseguros.com.br\/planosdesaude\/wp-content\/uploads\/2025\/07\/Carencia-e-CPT_-qual-a-diferenca-pratica.png\" alt=\"Car\u00eancia e CPT_ qual a diferen\u00e7a pr\u00e1tica\" width=\"800\" height=\"200\" srcset=\"https:\/\/www.rotaseguros.com.br\/planosdesaude\/wp-content\/uploads\/2025\/07\/Carencia-e-CPT_-qual-a-diferenca-pratica.png 800w, https:\/\/www.rotaseguros.com.br\/planosdesaude\/wp-content\/uploads\/2025\/07\/Carencia-e-CPT_-qual-a-diferenca-pratica-300x75.png 300w, https:\/\/www.rotaseguros.com.br\/planosdesaude\/wp-content\/uploads\/2025\/07\/Carencia-e-CPT_-qual-a-diferenca-pratica-768x192.png 768w\" sizes=\"auto, (max-width: 800px) 100vw, 800px\" \/><\/h2>\n<h2 data-start=\"2312\" data-end=\"2356\"><\/h2>\n<h2 data-start=\"2312\" data-end=\"2356\"><\/h2>\n<h2 data-start=\"2312\" data-end=\"2356\"><span class=\"ez-toc-section\" id=\"Carencia_e_CPT_qual_a_diferenca_pratica\"><\/span>Car\u00eancia e CPT: qual a diferen\u00e7a pr\u00e1tica?<span class=\"ez-toc-section-end\"><\/span><\/h2>\n<p>&nbsp;<\/p>\n<p data-start=\"2358\" data-end=\"2810\">\u00c9 importante entender que a car\u00eancia \u00e9 uma regra que vale para todos os benefici\u00e1rios de um novo plano, independentemente do estado de sa\u00fade. J\u00e1 a CPT s\u00f3 se aplica se houver uma declara\u00e7\u00e3o de doen\u00e7a preexistente no momento da ades\u00e3o. Por isso, ser transparente durante o preenchimento da declara\u00e7\u00e3o de sa\u00fade \u00e9 essencial. O n\u00e3o cumprimento dessa etapa ou a omiss\u00e3o de informa\u00e7\u00f5es pode resultar em perda de cobertura ou at\u00e9 rescis\u00e3o contratual por m\u00e1-f\u00e9.<\/p>\n<p data-start=\"2812\" data-end=\"3376\">Muitas pessoas confundem esses dois termos porque ambos representam um per\u00edodo em que certos atendimentos podem ser restritos. No entanto, suas bases legais e finalidades s\u00e3o diferentes. A car\u00eancia regula o in\u00edcio do uso dos servi\u00e7os em geral, enquanto a cobertura parcial tempor\u00e1ria restringe, por tempo determinado, atendimentos relacionados a condi\u00e7\u00f5es de sa\u00fade preexistentes.<\/p>\n<p data-start=\"2812\" data-end=\"3376\">Ambas as regras s\u00e3o permitidas e fiscalizadas pela ANS, que busca garantir equil\u00edbrio entre os direitos dos benefici\u00e1rios e a sustentabilidade dos servi\u00e7os oferecidos pelas operadoras.<\/p>\n<h2 data-start=\"3378\" data-end=\"3432\"><\/h2>\n<h2 data-start=\"3378\" data-end=\"3432\"><\/h2>\n<h2 data-start=\"3378\" data-end=\"3432\"><span class=\"ez-toc-section\" id=\"Por_que_isso_importa_na_hora_de_contratar_um_plano\"><\/span>Por que isso importa na hora de contratar um plano?<span class=\"ez-toc-section-end\"><\/span><\/h2>\n<p>&nbsp;<\/p>\n<p data-start=\"3434\" data-end=\"3866\">Saber a diferen\u00e7a entre car\u00eancia e cobertura parcial tempor\u00e1ria \u00e9 fundamental para quem est\u00e1 prestes a contratar um plano de sa\u00fade. Essa compreens\u00e3o permite que o benefici\u00e1rio se planeje melhor, evitando frustra\u00e7\u00f5es futuras ao tentar usar o plano em situa\u00e7\u00f5es espec\u00edficas. Al\u00e9m disso, conhecer seus direitos e deveres d\u00e1 mais seguran\u00e7a para fazer uma escolha bem-informada e para exigir o que foi acordado no momento da contrata\u00e7\u00e3o.<\/p>\n<h2 data-start=\"3868\" data-end=\"3906\"><\/h2>\n<p><img loading=\"lazy\" decoding=\"async\" class=\"alignnone wp-image-32992 size-full\" title=\"Contrate com orienta\u00e7\u00e3o e seguran\u00e7a\" src=\"https:\/\/www.rotaseguros.com.br\/planosdesaude\/wp-content\/uploads\/2025\/07\/Contrate-com-orientacao-e-seguranca.png\" alt=\"Contrate com orienta\u00e7\u00e3o e seguran\u00e7a\" width=\"800\" height=\"200\" srcset=\"https:\/\/www.rotaseguros.com.br\/planosdesaude\/wp-content\/uploads\/2025\/07\/Contrate-com-orientacao-e-seguranca.png 800w, https:\/\/www.rotaseguros.com.br\/planosdesaude\/wp-content\/uploads\/2025\/07\/Contrate-com-orientacao-e-seguranca-300x75.png 300w, https:\/\/www.rotaseguros.com.br\/planosdesaude\/wp-content\/uploads\/2025\/07\/Contrate-com-orientacao-e-seguranca-768x192.png 768w\" sizes=\"auto, (max-width: 800px) 100vw, 800px\" \/><\/p>\n<p>&nbsp;<\/p>\n<h2 data-start=\"3868\" data-end=\"3906\"><span class=\"ez-toc-section\" id=\"Contrate_com_orientacao_e_seguranca\"><\/span>Contrate com orienta\u00e7\u00e3o e seguran\u00e7a<span class=\"ez-toc-section-end\"><\/span><\/h2>\n<p>&nbsp;<\/p>\n<p data-start=\"3908\" data-end=\"4243\">Se voc\u00ea est\u00e1 em busca de um plano de sa\u00fade e quer garantir que n\u00e3o haja surpresas na hora de utilizar os servi\u00e7os, conte com uma equipe especializada para tirar suas d\u00favidas e orientar sobre todas as condi\u00e7\u00f5es contratuais. Entender os detalhes do plano faz toda a diferen\u00e7a na hora de cuidar da sua sa\u00fade com tranquilidade e confian\u00e7a.<\/p>\n<p data-start=\"3908\" data-end=\"4243\">Leia tamb\u00e9m este texto: <a href=\"https:\/\/www.rotaseguros.com.br\/planosdesaude\/check-up-anual\/\">Check-up anual: por que ele pode salvar sua vida?<\/a><\/p>\n","protected":false},"excerpt":{"rendered":"<p><span class=\"span-reading-time rt-reading-time\" style=\"display: block;\"><span class=\"rt-label rt-prefix\">Reading Time: <\/span> <span class=\"rt-time\"> 3<\/span> <span class=\"rt-label rt-postfix\">minutes<\/span><\/span>Ao contratar um plano de sa\u00fade, \u00e9 comum se deparar com termos que geram d\u00favidas, como car\u00eancia e cobertura parcial tempor\u00e1ria (CPT). Embora pare\u00e7am semelhantes, eles t\u00eam significados diferentes e &#8230;<\/p>\n","protected":false},"author":36,"featured_media":32991,"comment_status":"open","ping_status":"open","sticky":false,"template":"","format":"standard","meta":{"_monsterinsights_skip_tracking":false,"_monsterinsights_sitenote_active":false,"_monsterinsights_sitenote_note":"","_monsterinsights_sitenote_category":0,"footnotes":"","_links_to":"","_links_to_target":""},"categories":[27,33,1005],"tags":[38,694,3742,3525,3741,3739,3743,3523,41,2209,3740],"class_list":["post-32877","post","type-post","status-publish","format-standard","has-post-thumbnail","hentry","category-plano-de-saude","category-rota-seguros","category-saude","tag-ans","tag-carencia","tag-cobertura-no-plano-de-saude","tag-cobertura-parcial-temporaria","tag-contratacao-de-plano-de-saude","tag-cpt","tag-diferenca-entre-carencia-e-cpt","tag-doencas-preexistentes","tag-planos-de-saude","tag-saude-suplementar","tag-tempo-de-carencia"],"_links":{"self":[{"href":"https:\/\/www.rotaseguros.com.br\/planosdesaude\/wp-json\/wp\/v2\/posts\/32877","targetHints":{"allow":["GET"]}}],"collection":[{"href":"https:\/\/www.rotaseguros.com.br\/planosdesaude\/wp-json\/wp\/v2\/posts"}],"about":[{"href":"https:\/\/www.rotaseguros.com.br\/planosdesaude\/wp-json\/wp\/v2\/types\/post"}],"author":[{"embeddable":true,"href":"https:\/\/www.rotaseguros.com.br\/planosdesaude\/wp-json\/wp\/v2\/users\/36"}],"replies":[{"embeddable":true,"href":"https:\/\/www.rotaseguros.com.br\/planosdesaude\/wp-json\/wp\/v2\/comments?post=32877"}],"version-history":[{"count":2,"href":"https:\/\/www.rotaseguros.com.br\/planosdesaude\/wp-json\/wp\/v2\/posts\/32877\/revisions"}],"predecessor-version":[{"id":32996,"href":"https:\/\/www.rotaseguros.com.br\/planosdesaude\/wp-json\/wp\/v2\/posts\/32877\/revisions\/32996"}],"wp:featuredmedia":[{"embeddable":true,"href":"https:\/\/www.rotaseguros.com.br\/planosdesaude\/wp-json\/wp\/v2\/media\/32991"}],"wp:attachment":[{"href":"https:\/\/www.rotaseguros.com.br\/planosdesaude\/wp-json\/wp\/v2\/media?parent=32877"}],"wp:term":[{"taxonomy":"category","embeddable":true,"href":"https:\/\/www.rotaseguros.com.br\/planosdesaude\/wp-json\/wp\/v2\/categories?post=32877"},{"taxonomy":"post_tag","embeddable":true,"href":"https:\/\/www.rotaseguros.com.br\/planosdesaude\/wp-json\/wp\/v2\/tags?post=32877"}],"curies":[{"name":"wp","href":"https:\/\/api.w.org\/{rel}","templated":true}]}}