{"id":32897,"date":"2025-08-19T12:25:31","date_gmt":"2025-08-19T15:25:31","guid":{"rendered":"https:\/\/www.rotaseguros.com.br\/planosdesaude\/?p=32897"},"modified":"2025-08-19T12:25:31","modified_gmt":"2025-08-19T15:25:31","slug":"ciclismo-e-a-saude","status":"publish","type":"post","link":"https:\/\/www.rotaseguros.com.br\/planosdesaude\/ciclismo-e-a-saude\/","title":{"rendered":"Ciclismo e a sa\u00fade: pedalando por uma vida melhor"},"content":{"rendered":"<span class=\"span-reading-time rt-reading-time\" style=\"display: block;\"><span class=\"rt-label rt-prefix\">Reading Time: <\/span> <span class=\"rt-time\"> 3<\/span> <span class=\"rt-label rt-postfix\">minutes<\/span><\/span><p data-start=\"310\" data-end=\"657\">Se voc\u00ea est\u00e1 pensando em come\u00e7ar uma atividade f\u00edsica ou quer uma alternativa ao transporte do dia a dia, o ciclismo pode ser a escolha perfeita. Al\u00e9m de ser uma forma divertida e sustent\u00e1vel de se locomover, pedalar traz <strong data-start=\"532\" data-end=\"585\">benef\u00edcios incr\u00edveis para a sa\u00fade f\u00edsica e mental<\/strong>. E o melhor: voc\u00ea pode come\u00e7ar aos poucos, no seu ritmo e do seu jeito.<\/p><div id=\"ez-toc-container\" class=\"ez-toc-v2_0_82_2 counter-flat ez-toc-counter ez-toc-grey ez-toc-container-direction\">\n<div class=\"ez-toc-title-container\">\n<p class=\"ez-toc-title\" style=\"cursor:inherit\">Aqui voc\u00ea encontra:<\/p>\n<span class=\"ez-toc-title-toggle\"><a href=\"#\" class=\"ez-toc-pull-right ez-toc-btn ez-toc-btn-xs ez-toc-btn-default ez-toc-toggle\" aria-label=\"Alternar tabela de conte\u00fado\"><span class=\"ez-toc-js-icon-con\"><span class=\"\"><span class=\"eztoc-hide\" style=\"display:none;\">Toggle<\/span><span class=\"ez-toc-icon-toggle-span\"><svg style=\"fill: #999;color:#999\" xmlns=\"http:\/\/www.w3.org\/2000\/svg\" class=\"list-377408\" width=\"20px\" height=\"20px\" viewBox=\"0 0 24 24\" fill=\"none\"><path d=\"M6 6H4v2h2V6zm14 0H8v2h12V6zM4 11h2v2H4v-2zm16 0H8v2h12v-2zM4 16h2v2H4v-2zm16 0H8v2h12v-2z\" fill=\"currentColor\"><\/path><\/svg><svg style=\"fill: #999;color:#999\" class=\"arrow-unsorted-368013\" xmlns=\"http:\/\/www.w3.org\/2000\/svg\" width=\"10px\" height=\"10px\" viewBox=\"0 0 24 24\" version=\"1.2\" baseProfile=\"tiny\"><path d=\"M18.2 9.3l-6.2-6.3-6.2 6.3c-.2.2-.3.4-.3.7s.1.5.3.7c.2.2.4.3.7.3h11c.3 0 .5-.1.7-.3.2-.2.3-.5.3-.7s-.1-.5-.3-.7zM5.8 14.7l6.2 6.3 6.2-6.3c.2-.2.3-.5.3-.7s-.1-.5-.3-.7c-.2-.2-.4-.3-.7-.3h-11c-.3 0-.5.1-.7.3-.2.2-.3.5-.3.7s.1.5.3.7z\"\/><\/svg><\/span><\/span><\/span><\/a><\/span><\/div>\n<nav><ul class='ez-toc-list ez-toc-list-level-1 ' ><li class='ez-toc-page-1'><a class=\"ez-toc-link ez-toc-heading-1\" href=\"https:\/\/www.rotaseguros.com.br\/planosdesaude\/ciclismo-e-a-saude\/#Por_que_o_ciclismo_e_tao_recomendado\" >Por que o ciclismo \u00e9 t\u00e3o recomendado?<\/a><\/li><li class='ez-toc-page-1'><a class=\"ez-toc-link ez-toc-heading-2\" href=\"https:\/\/www.rotaseguros.com.br\/planosdesaude\/ciclismo-e-a-saude\/#Ciclismo_e_a_saude\" >Ciclismo e a sa\u00fade!<\/a><\/li><li class='ez-toc-page-1'><a class=\"ez-toc-link ez-toc-heading-3\" href=\"https:\/\/www.rotaseguros.com.br\/planosdesaude\/ciclismo-e-a-saude\/#Ciclismo_tambem_e_economia\" >Ciclismo tamb\u00e9m \u00e9 economia<\/a><\/li><li class='ez-toc-page-1'><a class=\"ez-toc-link ez-toc-heading-4\" href=\"https:\/\/www.rotaseguros.com.br\/planosdesaude\/ciclismo-e-a-saude\/#Cuidados_e_seguranca_sao_fundamentais\" >Cuidados e seguran\u00e7a s\u00e3o fundamentais<\/a><\/li><li class='ez-toc-page-1'><a class=\"ez-toc-link ez-toc-heading-5\" href=\"https:\/\/www.rotaseguros.com.br\/planosdesaude\/ciclismo-e-a-saude\/#Pedalar_e_viver\" >Pedalar \u00e9 viver!<\/a><\/li><\/ul><\/nav><\/div>\n\n<p data-start=\"659\" data-end=\"789\">Neste blog, vamos te mostrar como a bicicleta pode transformar o seu bem-estar, prevenir doen\u00e7as e melhorar sua qualidade de vida.<\/p>\n<p data-start=\"659\" data-end=\"789\"><img loading=\"lazy\" decoding=\"async\" class=\"alignnone wp-image-32934 size-full\" title=\"Por que o ciclismo \u00e9 t\u00e3o recomendado?\" src=\"https:\/\/www.rotaseguros.com.br\/planosdesaude\/wp-content\/uploads\/2025\/07\/Por-que-o-ciclismo-e-tao-recomendado.png\" alt=\"Por que o ciclismo \u00e9 t\u00e3o recomendado?\" width=\"800\" height=\"200\" srcset=\"https:\/\/www.rotaseguros.com.br\/planosdesaude\/wp-content\/uploads\/2025\/07\/Por-que-o-ciclismo-e-tao-recomendado.png 800w, https:\/\/www.rotaseguros.com.br\/planosdesaude\/wp-content\/uploads\/2025\/07\/Por-que-o-ciclismo-e-tao-recomendado-300x75.png 300w, https:\/\/www.rotaseguros.com.br\/planosdesaude\/wp-content\/uploads\/2025\/07\/Por-que-o-ciclismo-e-tao-recomendado-768x192.png 768w\" sizes=\"auto, (max-width: 800px) 100vw, 800px\" \/><\/p>\n<h2 data-start=\"796\" data-end=\"836\"><span class=\"ez-toc-section\" id=\"Por_que_o_ciclismo_e_tao_recomendado\"><\/span><strong>Por que o ciclismo \u00e9 t\u00e3o recomendado?<\/strong><span class=\"ez-toc-section-end\"><\/span><\/h2>\n<p data-start=\"838\" data-end=\"1098\">O ciclismo \u00e9 uma <strong data-start=\"855\" data-end=\"885\">atividade de baixo impacto<\/strong>, ou seja, \u00e9 mais suave para as articula\u00e7\u00f5es do que corridas ou esportes de impacto. Por isso, \u00e9 uma \u00f3tima op\u00e7\u00e3o para pessoas de todas as idades \u2014 inclusive para quem est\u00e1 come\u00e7ando uma rotina de exerc\u00edcios agora.<\/p>\n<p data-start=\"1100\" data-end=\"1180\">Mas n\u00e3o pense que por ser leve ele \u00e9 menos eficaz. Pedalar regularmente ajuda a:<\/p>\n<ul data-start=\"1182\" data-end=\"1426\">\n<li data-start=\"1182\" data-end=\"1240\">\n<p data-start=\"1184\" data-end=\"1240\"><strong data-start=\"1184\" data-end=\"1240\">Fortalecer os m\u00fasculos das pernas, gl\u00fateos e abd\u00f4men<\/strong><\/p>\n<\/li>\n<li data-start=\"1241\" data-end=\"1288\">\n<p data-start=\"1243\" data-end=\"1288\"><strong data-start=\"1243\" data-end=\"1288\">Melhorar o condicionamento cardiovascular<\/strong><\/p>\n<\/li>\n<li data-start=\"1289\" data-end=\"1325\">\n<p data-start=\"1291\" data-end=\"1325\"><strong data-start=\"1291\" data-end=\"1325\">Aumentar a capacidade pulmonar<\/strong><\/p>\n<\/li>\n<li data-start=\"1326\" data-end=\"1375\">\n<p data-start=\"1328\" data-end=\"1375\"><strong data-start=\"1328\" data-end=\"1375\">Queimar calorias e reduzir gordura corporal<\/strong><\/p>\n<\/li>\n<li data-start=\"1376\" data-end=\"1426\">\n<p data-start=\"1378\" data-end=\"1426\"><strong data-start=\"1378\" data-end=\"1426\">Melhorar o equil\u00edbrio e a coordena\u00e7\u00e3o motora<\/strong><\/p>\n<\/li>\n<\/ul>\n<p data-start=\"1428\" data-end=\"1631\">Al\u00e9m disso, \u00e9 um exerc\u00edcio que <strong data-start=\"1459\" data-end=\"1489\">pode ser feito ao ar livre<\/strong>, o que significa que voc\u00ea ainda ganha uma dose de vitamina D e contato com a natureza \u2014 dois fatores que tamb\u00e9m fazem muito bem para a sa\u00fade. N\u00e3o \u00e9 s\u00f3 o corpo que se beneficia do ciclismo. Pedalar pode ser uma verdadeira terapia. A libera\u00e7\u00e3o de endorfina e serotonina durante o exerc\u00edcio melhora o humor, reduz o estresse e ajuda a aliviar sintomas de ansiedade e depress\u00e3o.<\/p>\n<p data-start=\"1428\" data-end=\"1631\"><img loading=\"lazy\" decoding=\"async\" class=\"alignnone wp-image-32930 size-full\" title=\"Ciclismo e a sa\u00fade!\" src=\"https:\/\/www.rotaseguros.com.br\/planosdesaude\/wp-content\/uploads\/2025\/07\/Ciclismo-e-a-saude.png\" alt=\"Ciclismo e a sa\u00fade!\" width=\"800\" height=\"200\" srcset=\"https:\/\/www.rotaseguros.com.br\/planosdesaude\/wp-content\/uploads\/2025\/07\/Ciclismo-e-a-saude.png 800w, https:\/\/www.rotaseguros.com.br\/planosdesaude\/wp-content\/uploads\/2025\/07\/Ciclismo-e-a-saude-300x75.png 300w, https:\/\/www.rotaseguros.com.br\/planosdesaude\/wp-content\/uploads\/2025\/07\/Ciclismo-e-a-saude-768x192.png 768w\" sizes=\"auto, (max-width: 800px) 100vw, 800px\" \/><\/p>\n<h2 data-start=\"2664\" data-end=\"2693\"><span class=\"ez-toc-section\" id=\"Ciclismo_e_a_saude\"><\/span><strong>Ciclismo e a sa\u00fade!<\/strong><span class=\"ez-toc-section-end\"><\/span><\/h2>\n<p data-start=\"1930\" data-end=\"2157\">Muita gente escolhe a bike como um momento de respiro na rotina. Seja para pedalar no parque, ir at\u00e9 o trabalho ou apenas dar uma volta no quarteir\u00e3o, o ciclismo ajuda a <strong data-start=\"2100\" data-end=\"2156\">clarear as ideias, aliviar tens\u00f5es e melhorar o foco<\/strong>.<\/p>\n<p data-start=\"2192\" data-end=\"2448\">Diversos estudos mostram que o ciclismo est\u00e1 ligado \u00e0 <strong data-start=\"2246\" data-end=\"2294\">redu\u00e7\u00e3o do risco de doen\u00e7as cardiovasculares<\/strong>, como hipertens\u00e3o, infarto e AVC. Isso porque o ato de pedalar ativa a circula\u00e7\u00e3o sangu\u00ednea, melhora o colesterol e ajuda a controlar a press\u00e3o arterial. Pedalar de forma regular tamb\u00e9m auxilia no controle da <strong data-start=\"2505\" data-end=\"2517\">glicemia<\/strong>, sendo um \u00f3timo aliado na <strong data-start=\"2544\" data-end=\"2587\">preven\u00e7\u00e3o e controle do diabetes tipo 2<\/strong>. Ou seja: o ciclismo \u00e9 um verdadeiro exerc\u00edcio completo para a sa\u00fade.<\/p>\n<p data-start=\"2695\" data-end=\"2989\">Voc\u00ea n\u00e3o precisa passar horas pedalando para ver resultados. O ideal, segundo a Organiza\u00e7\u00e3o Mundial da Sa\u00fade (OMS), \u00e9 praticar pelo menos <strong data-start=\"2833\" data-end=\"2888\">150 minutos de atividade f\u00edsica moderada por semana<\/strong>. Isso pode ser dividido em 30 minutos por dia, 5 vezes por semana \u2014 o que j\u00e1 traz muitos benef\u00edcios!<\/p>\n<p data-start=\"2991\" data-end=\"3112\">Comece devagar, respeitando seu ritmo e suas limita\u00e7\u00f5es. V\u00e1 aumentando a dura\u00e7\u00e3o ou a intensidade aos poucos, sem pressa.<\/p>\n<h2 data-start=\"3119\" data-end=\"3164\"><span class=\"ez-toc-section\" id=\"Ciclismo_tambem_e_economia\"><\/span><strong>Ciclismo tamb\u00e9m \u00e9 economia<\/strong><span class=\"ez-toc-section-end\"><\/span><\/h2>\n<p data-start=\"3166\" data-end=\"3437\">Em tempos de tr\u00e2nsito ca\u00f3tico, combust\u00edvel caro e busca por h\u00e1bitos mais sustent\u00e1veis, a bicicleta tamb\u00e9m ganha destaque como meio de transporte. Usar a bike para ir ao trabalho ou resolver tarefas do dia a dia \u00e9 uma forma de <strong data-start=\"3392\" data-end=\"3436\">exercitar-se sem precisar de tempo extra<\/strong>.<\/p>\n<p data-start=\"3439\" data-end=\"3569\">Al\u00e9m disso, voc\u00ea <strong data-start=\"3456\" data-end=\"3537\">economiza no transporte, evita o estresse do tr\u00e2nsito e ainda ajuda o planeta<\/strong> com menos emiss\u00e3o de poluentes.<\/p>\n<p data-start=\"3439\" data-end=\"3569\"><img loading=\"lazy\" decoding=\"async\" class=\"alignnone wp-image-32931 size-full\" title=\"Cuidados e seguran\u00e7a s\u00e3o fundamentais\" src=\"https:\/\/www.rotaseguros.com.br\/planosdesaude\/wp-content\/uploads\/2025\/07\/Cuidados-e-seguranca-sao-fundamentais.png\" alt=\"Cuidados e seguran\u00e7a s\u00e3o fundamentais\" width=\"800\" height=\"200\" srcset=\"https:\/\/www.rotaseguros.com.br\/planosdesaude\/wp-content\/uploads\/2025\/07\/Cuidados-e-seguranca-sao-fundamentais.png 800w, https:\/\/www.rotaseguros.com.br\/planosdesaude\/wp-content\/uploads\/2025\/07\/Cuidados-e-seguranca-sao-fundamentais-300x75.png 300w, https:\/\/www.rotaseguros.com.br\/planosdesaude\/wp-content\/uploads\/2025\/07\/Cuidados-e-seguranca-sao-fundamentais-768x192.png 768w\" sizes=\"auto, (max-width: 800px) 100vw, 800px\" \/><\/p>\n<h2 data-start=\"3576\" data-end=\"3616\"><span class=\"ez-toc-section\" id=\"Cuidados_e_seguranca_sao_fundamentais\"><\/span><strong>Cuidados e seguran\u00e7a s\u00e3o fundamentais<\/strong><span class=\"ez-toc-section-end\"><\/span><\/h2>\n<p data-start=\"3618\" data-end=\"3690\">Antes de sair pedalando por a\u00ed, \u00e9 importante se atentar a alguns pontos:<\/p>\n<ul data-start=\"3692\" data-end=\"3965\">\n<li data-start=\"3692\" data-end=\"3765\">\n<p data-start=\"3694\" data-end=\"3765\">Use <strong data-start=\"3698\" data-end=\"3738\">capacete e equipamentos de seguran\u00e7a<\/strong> (luvas, luzes, refletores)<\/p>\n<\/li>\n<li data-start=\"3766\" data-end=\"3800\">\n<p data-start=\"3768\" data-end=\"3800\"><strong data-start=\"3768\" data-end=\"3800\">Respeite as <a href=\"https:\/\/www.portaldotransito.com.br\/legislacao-de-transito-do-brasil\/\" target=\"_blank\" rel=\"noopener\">leis de tr\u00e2nsito<\/a><\/strong><\/p>\n<\/li>\n<li data-start=\"3801\" data-end=\"3855\">\n<p data-start=\"3803\" data-end=\"3855\">Mantenha a <strong data-start=\"3814\" data-end=\"3842\">bike revisada e ajustada<\/strong> ao seu corpo<\/p>\n<\/li>\n<li data-start=\"3856\" data-end=\"3907\">\n<p data-start=\"3858\" data-end=\"3907\">Prefira locais seguros, como ciclovias ou parques<\/p>\n<\/li>\n<li data-start=\"3908\" data-end=\"3965\">\n<p data-start=\"3910\" data-end=\"3965\"><strong>Hidrate-se<\/strong> e use protetor solar, mesmo em dias nublados<\/p>\n<\/li>\n<\/ul>\n<p data-start=\"3967\" data-end=\"4053\">Se tiver alguma condi\u00e7\u00e3o de sa\u00fade espec\u00edfica, converse com um m\u00e9dico antes de come\u00e7ar.<\/p>\n<p data-start=\"3967\" data-end=\"4053\"><img loading=\"lazy\" decoding=\"async\" class=\"alignnone wp-image-32933 size-full\" title=\"Pedalar \u00e9 viver!\" src=\"https:\/\/www.rotaseguros.com.br\/planosdesaude\/wp-content\/uploads\/2025\/07\/Pedalar-e-viver.png\" alt=\"Pedalar \u00e9 viver!\" width=\"800\" height=\"200\" srcset=\"https:\/\/www.rotaseguros.com.br\/planosdesaude\/wp-content\/uploads\/2025\/07\/Pedalar-e-viver.png 800w, https:\/\/www.rotaseguros.com.br\/planosdesaude\/wp-content\/uploads\/2025\/07\/Pedalar-e-viver-300x75.png 300w, https:\/\/www.rotaseguros.com.br\/planosdesaude\/wp-content\/uploads\/2025\/07\/Pedalar-e-viver-768x192.png 768w\" sizes=\"auto, (max-width: 800px) 100vw, 800px\" \/><\/p>\n<h2 data-start=\"4060\" data-end=\"4072\"><span class=\"ez-toc-section\" id=\"Pedalar_e_viver\"><\/span><strong>Pedalar \u00e9 viver!<\/strong><span class=\"ez-toc-section-end\"><\/span><\/h2>\n<p data-start=\"4074\" data-end=\"4322\">O ciclismo \u00e9 mais do que um exerc\u00edcio: <strong>\u00e9 um estilo de vida<\/strong>. Pedalar traz sa\u00fade, disposi\u00e7\u00e3o, leveza e ainda melhora o planeta. Seja como lazer, esporte ou meio de transporte, a bicicleta pode transformar sua rotina e sua rela\u00e7\u00e3o com o pr\u00f3prio corpo.<\/p>\n<p data-start=\"4324\" data-end=\"4588\">E se voc\u00ea quer cuidar da sua sa\u00fade com liberdade, seguran\u00e7a e custo acess\u00edvel, a<a href=\"http:\/\/www.rotaseguros.com.br\"> <strong data-start=\"4405\" data-end=\"4421\">Rota Seguros<\/strong><\/a> pode te ajudar. Temos planos de sa\u00fade com ampla cobertura, qualidade e atendimento humanizado. Fale com a gente e encontre a op\u00e7\u00e3o ideal para a sua vida em movimento.<\/p>\n","protected":false},"excerpt":{"rendered":"<p><span class=\"span-reading-time rt-reading-time\" style=\"display: block;\"><span class=\"rt-label rt-prefix\">Reading Time: <\/span> <span class=\"rt-time\"> 3<\/span> <span class=\"rt-label rt-postfix\">minutes<\/span><\/span>Se voc\u00ea est\u00e1 pensando em come\u00e7ar uma atividade f\u00edsica ou quer uma alternativa ao transporte do dia a dia, o ciclismo pode ser a escolha perfeita. Al\u00e9m de ser uma &#8230;<\/p>\n","protected":false},"author":37,"featured_media":32929,"comment_status":"open","ping_status":"open","sticky":false,"template":"","format":"standard","meta":{"_monsterinsights_skip_tracking":false,"_monsterinsights_sitenote_active":false,"_monsterinsights_sitenote_note":"","_monsterinsights_sitenote_category":0,"footnotes":"","_links_to":"","_links_to_target":""},"categories":[33,1005],"tags":[1129,3111,3776,3778,3779,3777,132,48,1127,3413,3377],"class_list":["post-32897","post","type-post","status-publish","format-standard","has-post-thumbnail","hentry","category-rota-seguros","category-saude","tag-atividade-fisica","tag-blog-rota-seguros","tag-ciclismo","tag-ciclista","tag-movimentacao","tag-pedalar","tag-plano-de-saude","tag-rota-seguros-2","tag-saude","tag-saude-do-corpo","tag-vida-ativa"],"_links":{"self":[{"href":"https:\/\/www.rotaseguros.com.br\/planosdesaude\/wp-json\/wp\/v2\/posts\/32897","targetHints":{"allow":["GET"]}}],"collection":[{"href":"https:\/\/www.rotaseguros.com.br\/planosdesaude\/wp-json\/wp\/v2\/posts"}],"about":[{"href":"https:\/\/www.rotaseguros.com.br\/planosdesaude\/wp-json\/wp\/v2\/types\/post"}],"author":[{"embeddable":true,"href":"https:\/\/www.rotaseguros.com.br\/planosdesaude\/wp-json\/wp\/v2\/users\/37"}],"replies":[{"embeddable":true,"href":"https:\/\/www.rotaseguros.com.br\/planosdesaude\/wp-json\/wp\/v2\/comments?post=32897"}],"version-history":[{"count":3,"href":"https:\/\/www.rotaseguros.com.br\/planosdesaude\/wp-json\/wp\/v2\/posts\/32897\/revisions"}],"predecessor-version":[{"id":32935,"href":"https:\/\/www.rotaseguros.com.br\/planosdesaude\/wp-json\/wp\/v2\/posts\/32897\/revisions\/32935"}],"wp:featuredmedia":[{"embeddable":true,"href":"https:\/\/www.rotaseguros.com.br\/planosdesaude\/wp-json\/wp\/v2\/media\/32929"}],"wp:attachment":[{"href":"https:\/\/www.rotaseguros.com.br\/planosdesaude\/wp-json\/wp\/v2\/media?parent=32897"}],"wp:term":[{"taxonomy":"category","embeddable":true,"href":"https:\/\/www.rotaseguros.com.br\/planosdesaude\/wp-json\/wp\/v2\/categories?post=32897"},{"taxonomy":"post_tag","embeddable":true,"href":"https:\/\/www.rotaseguros.com.br\/planosdesaude\/wp-json\/wp\/v2\/tags?post=32897"}],"curies":[{"name":"wp","href":"https:\/\/api.w.org\/{rel}","templated":true}]}}