{"id":32936,"date":"2025-08-22T12:00:03","date_gmt":"2025-08-22T15:00:03","guid":{"rendered":"https:\/\/www.rotaseguros.com.br\/planosdesaude\/?p=32936"},"modified":"2025-08-22T11:20:19","modified_gmt":"2025-08-22T14:20:19","slug":"agosto-esclerose-multipla","status":"publish","type":"post","link":"https:\/\/www.rotaseguros.com.br\/planosdesaude\/agosto-esclerose-multipla\/","title":{"rendered":"Esclerose M\u00faltipla: a import\u00e2ncia do Agosto Laranja"},"content":{"rendered":"<span class=\"span-reading-time rt-reading-time\" style=\"display: block;\"><span class=\"rt-label rt-prefix\">Reading Time: <\/span> <span class=\"rt-time\"> 3<\/span> <span class=\"rt-label rt-postfix\">minutes<\/span><\/span><p data-start=\"273\" data-end=\"535\">Voc\u00ea j\u00e1 ouviu falar no <strong data-start=\"296\" data-end=\"314\">Agosto Laranja<\/strong>? O m\u00eas foi escolhido para dar visibilidade \u00e0 <strong data-start=\"360\" data-end=\"382\">esclerose m\u00faltipla<\/strong>, uma doen\u00e7a neurol\u00f3gica cr\u00f4nica, muitas vezes invis\u00edvel, que pode afetar o corpo de maneira imprevis\u00edvel e impactar profundamente a qualidade de vida.<\/p><div id=\"ez-toc-container\" class=\"ez-toc-v2_0_82_2 counter-flat ez-toc-counter ez-toc-grey ez-toc-container-direction\">\n<div class=\"ez-toc-title-container\">\n<p class=\"ez-toc-title\" style=\"cursor:inherit\">Aqui voc\u00ea encontra:<\/p>\n<span class=\"ez-toc-title-toggle\"><a href=\"#\" class=\"ez-toc-pull-right ez-toc-btn ez-toc-btn-xs ez-toc-btn-default ez-toc-toggle\" aria-label=\"Alternar tabela de conte\u00fado\"><span class=\"ez-toc-js-icon-con\"><span class=\"\"><span class=\"eztoc-hide\" style=\"display:none;\">Toggle<\/span><span class=\"ez-toc-icon-toggle-span\"><svg style=\"fill: #999;color:#999\" xmlns=\"http:\/\/www.w3.org\/2000\/svg\" class=\"list-377408\" width=\"20px\" height=\"20px\" viewBox=\"0 0 24 24\" fill=\"none\"><path d=\"M6 6H4v2h2V6zm14 0H8v2h12V6zM4 11h2v2H4v-2zm16 0H8v2h12v-2zM4 16h2v2H4v-2zm16 0H8v2h12v-2z\" fill=\"currentColor\"><\/path><\/svg><svg style=\"fill: #999;color:#999\" class=\"arrow-unsorted-368013\" xmlns=\"http:\/\/www.w3.org\/2000\/svg\" width=\"10px\" height=\"10px\" viewBox=\"0 0 24 24\" version=\"1.2\" baseProfile=\"tiny\"><path d=\"M18.2 9.3l-6.2-6.3-6.2 6.3c-.2.2-.3.4-.3.7s.1.5.3.7c.2.2.4.3.7.3h11c.3 0 .5-.1.7-.3.2-.2.3-.5.3-.7s-.1-.5-.3-.7zM5.8 14.7l6.2 6.3 6.2-6.3c.2-.2.3-.5.3-.7s-.1-.5-.3-.7c-.2-.2-.4-.3-.7-.3h-11c-.3 0-.5.1-.7.3-.2.2-.3.5-.3.7s.1.5.3.7z\"\/><\/svg><\/span><\/span><\/span><\/a><\/span><\/div>\n<nav><ul class='ez-toc-list ez-toc-list-level-1 ' ><li class='ez-toc-page-1'><a class=\"ez-toc-link ez-toc-heading-1\" href=\"https:\/\/www.rotaseguros.com.br\/planosdesaude\/agosto-esclerose-multipla\/#O_que_e_esclerose_multipla\" >O que \u00e9 esclerose m\u00faltipla?<\/a><\/li><li class='ez-toc-page-1'><a class=\"ez-toc-link ez-toc-heading-2\" href=\"https:\/\/www.rotaseguros.com.br\/planosdesaude\/agosto-esclerose-multipla\/#Quais_os_principais_sintomas\" >Quais os principais sintomas?<\/a><\/li><li class='ez-toc-page-1'><a class=\"ez-toc-link ez-toc-heading-3\" href=\"https:\/\/www.rotaseguros.com.br\/planosdesaude\/agosto-esclerose-multipla\/#Existe_tratamento\" >Existe tratamento?<\/a><\/li><li class='ez-toc-page-1'><a class=\"ez-toc-link ez-toc-heading-4\" href=\"https:\/\/www.rotaseguros.com.br\/planosdesaude\/agosto-esclerose-multipla\/#Convivendo_com_a_esclerose_multipla\" >Convivendo com a esclerose m\u00faltipla<\/a><\/li><li class='ez-toc-page-1'><a class=\"ez-toc-link ez-toc-heading-5\" href=\"https:\/\/www.rotaseguros.com.br\/planosdesaude\/agosto-esclerose-multipla\/#Um_mes_para_lembrar%E2%80%A6_o_ano_inteiro\" >Um m\u00eas para lembrar\u2026 o ano inteiro!<\/a><\/li><\/ul><\/nav><\/div>\n\n<p data-start=\"537\" data-end=\"853\">Apesar de pouco conhecida por boa parte da popula\u00e7\u00e3o, a esclerose m\u00faltipla atinge mais de<a href=\"https:\/\/santacasabh.org.br\/esclerose-multipla-afeta-40-mil-pessoas-no-brasil-diagnostico-precoce-aumenta-a-eficiencia-do-tratamento\/\" target=\"_blank\" rel=\"noopener\"> <strong data-start=\"627\" data-end=\"649\">35 mil brasileiros<\/strong><\/a>, de acordo com dados da Associa\u00e7\u00e3o Brasileira de Esclerose M\u00faltipla (ABEM). Por isso, o Agosto Laranja \u00e9 t\u00e3o importante: ele convida \u00e0 conscientiza\u00e7\u00e3o, ao diagn\u00f3stico precoce e ao combate ao preconceito.<\/p>\n<h2 data-start=\"855\" data-end=\"886\"><span class=\"ez-toc-section\" id=\"O_que_e_esclerose_multipla\"><\/span><strong>O que \u00e9 esclerose m\u00faltipla?<\/strong><span class=\"ez-toc-section-end\"><\/span><\/h2>\n<p data-start=\"888\" data-end=\"1182\">A <strong>esclerose m\u00faltipla<\/strong> (EM) \u00e9 uma <strong>doen\u00e7a autoimune que afeta o sistema nervoso central,<\/strong> ou seja, o c\u00e9rebro e a medula espinhal. Na pr\u00e1tica, o sistema imunol\u00f3gico do corpo passa a atacar a <strong data-start=\"1074\" data-end=\"1095\">bainha de mielina<\/strong>, uma camada protetora que envolve os neur\u00f4nios, prejudicando a comunica\u00e7\u00e3o entre eles.<\/p>\n<p data-start=\"1184\" data-end=\"1423\">Esse processo pode gerar uma s\u00e9rie de sintomas \u2014 alguns vis\u00edveis, outros n\u00e3o. E o mais complexo: os sinais variam muito de pessoa para pessoa. H\u00e1 quem viva com sintomas leves por anos e h\u00e1 quem enfrente surtos mais intensos logo no in\u00edcio.<\/p>\n<p data-start=\"1184\" data-end=\"1423\"><img loading=\"lazy\" decoding=\"async\" class=\"alignnone wp-image-33026 size-full\" title=\"O que \u00e9 esclerose m\u00faltipla?\" src=\"https:\/\/www.rotaseguros.com.br\/planosdesaude\/wp-content\/uploads\/2025\/07\/O-que-e-esclerose-multipla.png\" alt=\"O que \u00e9 esclerose m\u00faltipla?\" width=\"800\" height=\"200\" srcset=\"https:\/\/www.rotaseguros.com.br\/planosdesaude\/wp-content\/uploads\/2025\/07\/O-que-e-esclerose-multipla.png 800w, https:\/\/www.rotaseguros.com.br\/planosdesaude\/wp-content\/uploads\/2025\/07\/O-que-e-esclerose-multipla-300x75.png 300w, https:\/\/www.rotaseguros.com.br\/planosdesaude\/wp-content\/uploads\/2025\/07\/O-que-e-esclerose-multipla-768x192.png 768w\" sizes=\"auto, (max-width: 800px) 100vw, 800px\" \/><\/p>\n<h2 data-start=\"1425\" data-end=\"1458\"><span class=\"ez-toc-section\" id=\"Quais_os_principais_sintomas\"><\/span><strong>Quais os principais sintomas?<\/strong><span class=\"ez-toc-section-end\"><\/span><\/h2>\n<p data-start=\"1460\" data-end=\"1653\">Um dos grandes desafios da esclerose m\u00faltipla est\u00e1 justamente no diagn\u00f3stico. Os sintomas podem ser confundidos com outras condi\u00e7\u00f5es e, por isso, muitas pessoas demoram para descobrir a doen\u00e7a.<\/p>\n<p data-start=\"1655\" data-end=\"1682\"><strong>Veja os sinais mais comuns:<\/strong><\/p>\n<ul>\n<li data-start=\"1686\" data-end=\"1714\"><strong>Fadiga intensa<\/strong> e frequente<\/li>\n<li data-start=\"1717\" data-end=\"1763\"><strong>Formigamentos <\/strong>e dorm\u00eancia em partes do corpo<\/li>\n<li data-start=\"1766\" data-end=\"1817\"><strong>Altera\u00e7\u00f5es na vis\u00e3o,<\/strong> como vis\u00e3o dupla ou emba\u00e7ada<\/li>\n<li data-start=\"1820\" data-end=\"1869\"><strong>Dificuldades de equil\u00edbrio<\/strong> e coordena\u00e7\u00e3o motora<\/li>\n<li data-start=\"1872\" data-end=\"1901\"><strong>Dores musculares<\/strong> e fraqueza<\/li>\n<li data-start=\"1904\" data-end=\"1941\"><strong>Problemas de mem\u00f3ria<\/strong> e concentra\u00e7\u00e3o<\/li>\n<li data-start=\"1944\" data-end=\"1994\"><strong>Altera\u00e7\u00f5es no humor<\/strong>, como depress\u00e3o ou ansiedade<\/li>\n<\/ul>\n<p data-start=\"1996\" data-end=\"2155\"><strong>Importante:<\/strong> nem sempre todos os sintomas aparecem juntos. Em muitos casos, <strong>eles surgem em forma de \u201csurtos\u201d<\/strong>, com momentos de melhora e piora ao longo do tempo.<\/p>\n<h2 data-start=\"2157\" data-end=\"2179\"><span class=\"ez-toc-section\" id=\"Existe_tratamento\"><\/span><strong>Existe tratamento?<\/strong><span class=\"ez-toc-section-end\"><\/span><\/h2>\n<p data-start=\"2181\" data-end=\"2377\">A esclerose m\u00faltipla n\u00e3o tem cura, mas tem <strong data-start=\"2224\" data-end=\"2238\">tratamento<\/strong>, sim. O acompanhamento com neurologista \u00e9 essencial para controlar a doen\u00e7a e manter a qualidade de vida. O tratamento geralmente envolve:<\/p>\n<ul data-start=\"2379\" data-end=\"2709\">\n<li data-start=\"2379\" data-end=\"2491\">\n<p data-start=\"2381\" data-end=\"2491\">Medicamentos imunomoduladores ou imunossupressores, que ajudam a reduzir a atividade inflamat\u00f3ria no c\u00e9rebro<\/p>\n<\/li>\n<li data-start=\"2492\" data-end=\"2547\">\n<p data-start=\"2494\" data-end=\"2547\">Fisioterapia, para manter o corpo ativo e funcional<\/p>\n<\/li>\n<li data-start=\"2548\" data-end=\"2632\">\n<p data-start=\"2550\" data-end=\"2632\">Psicoterapia, quando necess\u00e1rio, para lidar com as quest\u00f5es emocionais da doen\u00e7a<\/p>\n<\/li>\n<li data-start=\"2633\" data-end=\"2709\">\n<p data-start=\"2635\" data-end=\"2709\">Ajustes no estilo de vida, com alimenta\u00e7\u00e3o equilibrada e rotina saud\u00e1vel<\/p>\n<\/li>\n<\/ul>\n<p data-start=\"2711\" data-end=\"2889\">Quanto mais cedo o diagn\u00f3stico for feito, maiores as chances de controlar a progress\u00e3o da EM. Por isso, se notar sintomas persistentes, procure atendimento m\u00e9dico o quanto antes.<\/p>\n<p data-start=\"2711\" data-end=\"2889\"><img loading=\"lazy\" decoding=\"async\" class=\"alignnone wp-image-33025 size-full\" title=\"Convivendo com a esclerose m\u00faltipla\" src=\"https:\/\/www.rotaseguros.com.br\/planosdesaude\/wp-content\/uploads\/2025\/07\/Convivendo-com-a-esclerose-multipla.png\" alt=\"Convivendo com a esclerose m\u00faltipla\" width=\"800\" height=\"200\" srcset=\"https:\/\/www.rotaseguros.com.br\/planosdesaude\/wp-content\/uploads\/2025\/07\/Convivendo-com-a-esclerose-multipla.png 800w, https:\/\/www.rotaseguros.com.br\/planosdesaude\/wp-content\/uploads\/2025\/07\/Convivendo-com-a-esclerose-multipla-300x75.png 300w, https:\/\/www.rotaseguros.com.br\/planosdesaude\/wp-content\/uploads\/2025\/07\/Convivendo-com-a-esclerose-multipla-768x192.png 768w\" sizes=\"auto, (max-width: 800px) 100vw, 800px\" \/><\/p>\n<h2 data-start=\"2891\" data-end=\"2930\"><span class=\"ez-toc-section\" id=\"Convivendo_com_a_esclerose_multipla\"><\/span><strong>Convivendo com a esclerose m\u00faltipla<\/strong><span class=\"ez-toc-section-end\"><\/span><\/h2>\n<p data-start=\"2932\" data-end=\"3147\">Viver com EM \u00e9, muitas vezes, lidar com o invis\u00edvel. Como a doen\u00e7a <strong>n\u00e3o apresenta sempre sintomas vis\u00edveis<\/strong>, pessoas com EM podem ser julgadas, subestimadas ou descredibilizadas, mesmo quando est\u00e3o enfrentando crises. Por isso, o Agosto Laranja tamb\u00e9m \u00e9 sobre <strong data-start=\"3191\" data-end=\"3202\">empatia<\/strong>. Ouvir, acolher e apoiar quem convive com a esclerose m\u00faltipla faz toda a diferen\u00e7a.<\/p>\n<p data-start=\"3291\" data-end=\"3435\">Al\u00e9m disso, <strong>buscar informa\u00e7\u00e3o \u00e9 um passo importante<\/strong> para vencer o preconceito. Afinal, conhecimento salva e n\u00e3o s\u00f3 vidas, mas tamb\u00e9m rela\u00e7\u00f5es. Mesmo que voc\u00ea n\u00e3o conviva com a doen\u00e7a, vale a pena adotar h\u00e1bitos que promovem a sa\u00fade do sistema nervoso e contribuem para o bem-estar geral:<\/p>\n<ul>\n<li data-start=\"3621\" data-end=\"3716\"><strong>Tenha uma alimenta\u00e7\u00e3o rica em nutrientes<\/strong>, com frutas, vegetais e alimentos anti-inflamat\u00f3rios<\/li>\n<li data-start=\"3719\" data-end=\"3803\"><strong>Pratique atividade f\u00edsica com regularidade<\/strong>, sempre com acompanhamento profissional<\/li>\n<li data-start=\"3806\" data-end=\"3873\"><strong>Cuide da sa\u00fade mental<\/strong> e reduza os n\u00edveis de estresse no dia a dia<\/li>\n<li data-start=\"3876\" data-end=\"3983\"><strong>N\u00e3o ignore sinais do corpo:<\/strong> formigamentos, altera\u00e7\u00f5es na vis\u00e3o ou no equil\u00edbrio precisam ser investigados<\/li>\n<li data-start=\"3986\" data-end=\"4031\"><strong>Fa\u00e7a consultas peri\u00f3dicas<\/strong> com especialistas<\/li>\n<\/ul>\n<p data-start=\"4033\" data-end=\"4163\">A preven\u00e7\u00e3o pode n\u00e3o impedir o surgimento da EM, mas<strong> ajuda a identificar sinais precocemente<\/strong> e promover uma vida mais equilibrada.<\/p>\n<p data-start=\"4033\" data-end=\"4163\"><img loading=\"lazy\" decoding=\"async\" class=\"alignnone wp-image-33024 size-full\" title=\"Um m\u00eas para lembrar\u2026 o ano inteiro!\" src=\"https:\/\/www.rotaseguros.com.br\/planosdesaude\/wp-content\/uploads\/2025\/07\/Um-mes-para-lembrar\u2026-o-ano-inteiro.png\" alt=\"Um m\u00eas para lembrar\u2026 o ano inteiro!\" width=\"800\" height=\"200\" srcset=\"https:\/\/www.rotaseguros.com.br\/planosdesaude\/wp-content\/uploads\/2025\/07\/Um-mes-para-lembrar\u2026-o-ano-inteiro.png 800w, https:\/\/www.rotaseguros.com.br\/planosdesaude\/wp-content\/uploads\/2025\/07\/Um-mes-para-lembrar\u2026-o-ano-inteiro-300x75.png 300w, https:\/\/www.rotaseguros.com.br\/planosdesaude\/wp-content\/uploads\/2025\/07\/Um-mes-para-lembrar\u2026-o-ano-inteiro-768x192.png 768w\" sizes=\"auto, (max-width: 800px) 100vw, 800px\" \/><\/p>\n<h2 data-start=\"4165\" data-end=\"4204\"><span class=\"ez-toc-section\" id=\"Um_mes_para_lembrar%E2%80%A6_o_ano_inteiro\"><\/span><strong>Um m\u00eas para lembrar\u2026 o ano inteiro!<\/strong><span class=\"ez-toc-section-end\"><\/span><\/h2>\n<p data-start=\"4206\" data-end=\"4454\">Agosto Laranja \u00e9 mais do que um m\u00eas tem\u00e1tico: \u00e9 um convite \u00e0 conscientiza\u00e7\u00e3o cont\u00ednua sobre a esclerose m\u00faltipla. Quanto mais se fala sobre a doen\u00e7a, mais pessoas conseguem diagn\u00f3stico precoce, mais apoio se constr\u00f3i e menos preconceito se espalha.<\/p>\n<p data-start=\"4456\" data-end=\"4563\">Se voc\u00ea conhece algu\u00e9m com EM, ofere\u00e7a suporte. Se voc\u00ea convive com a doen\u00e7a, saiba: voc\u00ea n\u00e3o est\u00e1 sozinho. E se voc\u00ea busca mais seguran\u00e7a para lidar com sua sa\u00fade ou de quem voc\u00ea ama, conte com a <a href=\"http:\/\/www.rotaseguros.com.br\"><strong>Rota Seguros<\/strong><\/a>. Nossos planos oferecem acesso a profissionais capacitados e suporte em todas as fases da vida.<\/p>\n<p data-start=\"4565\" data-end=\"4820\"><strong>Fa\u00e7a sua <a href=\"https:\/\/www.rotaseguros.com.br\/cotacao\/cotacao.html\">cota\u00e7\u00e3o<\/a> e conhe\u00e7a nossas op\u00e7\u00f5es.<\/strong><\/p>\n","protected":false},"excerpt":{"rendered":"<p><span class=\"span-reading-time rt-reading-time\" style=\"display: block;\"><span class=\"rt-label rt-prefix\">Reading Time: <\/span> <span class=\"rt-time\"> 3<\/span> <span class=\"rt-label rt-postfix\">minutes<\/span><\/span>Voc\u00ea j\u00e1 ouviu falar no Agosto Laranja? O m\u00eas foi escolhido para dar visibilidade \u00e0 esclerose m\u00faltipla, uma doen\u00e7a neurol\u00f3gica cr\u00f4nica, muitas vezes invis\u00edvel, que pode afetar o corpo de &#8230;<\/p>\n","protected":false},"author":37,"featured_media":33023,"comment_status":"open","ping_status":"open","sticky":false,"template":"","format":"standard","meta":{"_monsterinsights_skip_tracking":false,"_monsterinsights_sitenote_active":false,"_monsterinsights_sitenote_note":"","_monsterinsights_sitenote_category":0,"footnotes":"","_links_to":"","_links_to_target":""},"categories":[1],"tags":[3800,3799,3798,3413,2018],"class_list":["post-32936","post","type-post","status-publish","format-standard","has-post-thumbnail","hentry","category-sem-categoria","tag-doenca-degenerativa","tag-em","tag-esclerose-multipla","tag-saude-do-corpo","tag-tratamento"],"_links":{"self":[{"href":"https:\/\/www.rotaseguros.com.br\/planosdesaude\/wp-json\/wp\/v2\/posts\/32936","targetHints":{"allow":["GET"]}}],"collection":[{"href":"https:\/\/www.rotaseguros.com.br\/planosdesaude\/wp-json\/wp\/v2\/posts"}],"about":[{"href":"https:\/\/www.rotaseguros.com.br\/planosdesaude\/wp-json\/wp\/v2\/types\/post"}],"author":[{"embeddable":true,"href":"https:\/\/www.rotaseguros.com.br\/planosdesaude\/wp-json\/wp\/v2\/users\/37"}],"replies":[{"embeddable":true,"href":"https:\/\/www.rotaseguros.com.br\/planosdesaude\/wp-json\/wp\/v2\/comments?post=32936"}],"version-history":[{"count":2,"href":"https:\/\/www.rotaseguros.com.br\/planosdesaude\/wp-json\/wp\/v2\/posts\/32936\/revisions"}],"predecessor-version":[{"id":33027,"href":"https:\/\/www.rotaseguros.com.br\/planosdesaude\/wp-json\/wp\/v2\/posts\/32936\/revisions\/33027"}],"wp:featuredmedia":[{"embeddable":true,"href":"https:\/\/www.rotaseguros.com.br\/planosdesaude\/wp-json\/wp\/v2\/media\/33023"}],"wp:attachment":[{"href":"https:\/\/www.rotaseguros.com.br\/planosdesaude\/wp-json\/wp\/v2\/media?parent=32936"}],"wp:term":[{"taxonomy":"category","embeddable":true,"href":"https:\/\/www.rotaseguros.com.br\/planosdesaude\/wp-json\/wp\/v2\/categories?post=32936"},{"taxonomy":"post_tag","embeddable":true,"href":"https:\/\/www.rotaseguros.com.br\/planosdesaude\/wp-json\/wp\/v2\/tags?post=32936"}],"curies":[{"name":"wp","href":"https:\/\/api.w.org\/{rel}","templated":true}]}}