{"id":32946,"date":"2025-07-23T16:30:29","date_gmt":"2025-07-23T19:30:29","guid":{"rendered":"https:\/\/www.rotaseguros.com.br\/planosdesaude\/?p=32946"},"modified":"2025-07-23T16:30:29","modified_gmt":"2025-07-23T19:30:29","slug":"preta-gil-cancer-de-intestino","status":"publish","type":"post","link":"https:\/\/www.rotaseguros.com.br\/planosdesaude\/preta-gil-cancer-de-intestino\/","title":{"rendered":"Preta Gil: aumento de c\u00e2ncer de intestino entre jovens"},"content":{"rendered":"<span class=\"span-reading-time rt-reading-time\" style=\"display: block;\"><span class=\"rt-label rt-prefix\">Reading Time: <\/span> <span class=\"rt-time\"> 4<\/span> <span class=\"rt-label rt-postfix\">minutes<\/span><\/span><p><strong>O c\u00e2ncer de intestino est\u00e1 crescendo entre os jovens?<\/strong> Esta \u00e9 uma pergunta que tem ganhado destaque est\u00e1 semana, visto o falecimento da cantora Preta Gil, que morreu neste \u00faltimo domingo (20) aos 50 anos. A musicista enfrentava um c\u00e2ncer de intestino, tamb\u00e9m conhecido como c\u00e2ncer de col\u00f3n ou c\u00e2ncer colorretal.<\/p><div id=\"ez-toc-container\" class=\"ez-toc-v2_0_82_2 counter-flat ez-toc-counter ez-toc-grey ez-toc-container-direction\">\n<div class=\"ez-toc-title-container\">\n<p class=\"ez-toc-title\" style=\"cursor:inherit\">Aqui voc\u00ea encontra:<\/p>\n<span class=\"ez-toc-title-toggle\"><a href=\"#\" class=\"ez-toc-pull-right ez-toc-btn ez-toc-btn-xs ez-toc-btn-default ez-toc-toggle\" aria-label=\"Alternar tabela de conte\u00fado\"><span class=\"ez-toc-js-icon-con\"><span class=\"\"><span class=\"eztoc-hide\" style=\"display:none;\">Toggle<\/span><span class=\"ez-toc-icon-toggle-span\"><svg style=\"fill: #999;color:#999\" xmlns=\"http:\/\/www.w3.org\/2000\/svg\" class=\"list-377408\" width=\"20px\" height=\"20px\" viewBox=\"0 0 24 24\" fill=\"none\"><path d=\"M6 6H4v2h2V6zm14 0H8v2h12V6zM4 11h2v2H4v-2zm16 0H8v2h12v-2zM4 16h2v2H4v-2zm16 0H8v2h12v-2z\" fill=\"currentColor\"><\/path><\/svg><svg style=\"fill: #999;color:#999\" class=\"arrow-unsorted-368013\" xmlns=\"http:\/\/www.w3.org\/2000\/svg\" width=\"10px\" height=\"10px\" viewBox=\"0 0 24 24\" version=\"1.2\" baseProfile=\"tiny\"><path d=\"M18.2 9.3l-6.2-6.3-6.2 6.3c-.2.2-.3.4-.3.7s.1.5.3.7c.2.2.4.3.7.3h11c.3 0 .5-.1.7-.3.2-.2.3-.5.3-.7s-.1-.5-.3-.7zM5.8 14.7l6.2 6.3 6.2-6.3c.2-.2.3-.5.3-.7s-.1-.5-.3-.7c-.2-.2-.4-.3-.7-.3h-11c-.3 0-.5.1-.7.3-.2.2-.3.5-.3.7s.1.5.3.7z\"\/><\/svg><\/span><\/span><\/span><\/a><\/span><\/div>\n<nav><ul class='ez-toc-list ez-toc-list-level-1 ' ><li class='ez-toc-page-1'><a class=\"ez-toc-link ez-toc-heading-1\" href=\"https:\/\/www.rotaseguros.com.br\/planosdesaude\/preta-gil-cancer-de-intestino\/#Por_que_os_casos_estao_aumentando_entre_os_mais_jovens\" >Por que os casos est\u00e3o aumentando entre os mais jovens?<\/a><\/li><li class='ez-toc-page-1'><a class=\"ez-toc-link ez-toc-heading-2\" href=\"https:\/\/www.rotaseguros.com.br\/planosdesaude\/preta-gil-cancer-de-intestino\/#Sintomas_que_nao_devem_ser_ignorados\" >Sintomas que n\u00e3o devem ser ignorados<\/a><\/li><li class='ez-toc-page-1'><a class=\"ez-toc-link ez-toc-heading-3\" href=\"https:\/\/www.rotaseguros.com.br\/planosdesaude\/preta-gil-cancer-de-intestino\/#Prevencao_e_habitos_saudaveis_fazem_a_diferenca\" >Preven\u00e7\u00e3o e h\u00e1bitos saud\u00e1veis fazem a diferen\u00e7a<\/a><\/li><li class='ez-toc-page-1'><a class=\"ez-toc-link ez-toc-heading-4\" href=\"https:\/\/www.rotaseguros.com.br\/planosdesaude\/preta-gil-cancer-de-intestino\/#A_importancia_do_diagnostico_precoce\" >A import\u00e2ncia do diagn\u00f3stico precoce<\/a><\/li><li class='ez-toc-page-1'><a class=\"ez-toc-link ez-toc-heading-5\" href=\"https:\/\/www.rotaseguros.com.br\/planosdesaude\/preta-gil-cancer-de-intestino\/#Como_um_plano_de_saude_pode_ajudar\" >Como um plano de sa\u00fade pode ajudar<\/a><\/li><\/ul><\/nav><\/div>\n\n<p>A sua partida trouxe questionamentos sobre como a doen\u00e7a tem afetados jovens, principalmente em decorr\u00eancia a uma alimenta\u00e7\u00e3o pobre em alimentos naturais e saud\u00e1veis, e o alto consumo de <a href=\"https:\/\/pt.wikipedia.org\/wiki\/Alimentos_ultraprocessados\" target=\"_blank\" rel=\"noopener\">ultraprocessados<\/a> e o \u00edndice de sedentarismo e obesidade aumentando.<\/p>\n<p>&nbsp;<\/p>\n<p>&nbsp;<\/p>\n<p><img loading=\"lazy\" decoding=\"async\" class=\"alignnone wp-image-32950 size-full\" title=\"Por que os casos est\u00e3o aumentando entre os mais jovens\" src=\"https:\/\/www.rotaseguros.com.br\/planosdesaude\/wp-content\/uploads\/2025\/07\/Por-que-os-casos-estao-aumentando-entre-os-mais-jovens.png\" alt=\"Por que os casos est\u00e3o aumentando entre os mais jovens\" width=\"800\" height=\"200\" srcset=\"https:\/\/www.rotaseguros.com.br\/planosdesaude\/wp-content\/uploads\/2025\/07\/Por-que-os-casos-estao-aumentando-entre-os-mais-jovens.png 800w, https:\/\/www.rotaseguros.com.br\/planosdesaude\/wp-content\/uploads\/2025\/07\/Por-que-os-casos-estao-aumentando-entre-os-mais-jovens-300x75.png 300w, https:\/\/www.rotaseguros.com.br\/planosdesaude\/wp-content\/uploads\/2025\/07\/Por-que-os-casos-estao-aumentando-entre-os-mais-jovens-768x192.png 768w\" sizes=\"auto, (max-width: 800px) 100vw, 800px\" \/><\/p>\n<p>&nbsp;<\/p>\n<h2><span class=\"ez-toc-section\" id=\"Por_que_os_casos_estao_aumentando_entre_os_mais_jovens\"><\/span>Por que os casos est\u00e3o aumentando entre os mais jovens?<span class=\"ez-toc-section-end\"><\/span><\/h2>\n<p>&nbsp;<\/p>\n<p>A partida da cantora trouxe \u00e0 tona importantes reflex\u00f5es sobre como a doen\u00e7a tem atingido pessoas cada vez mais jovens, muitas vezes fora do grupo tradicional de risco, que geralmente inclui homens e mulheres acima dos 50 anos.<\/p>\n<p>Estudos recentes mostram um aumento significativo no n\u00famero de diagn\u00f3sticos entre adultos com menos de 50 anos. De acordo com especialistas, esse cen\u00e1rio pode estar relacionado a uma combina\u00e7\u00e3o de fatores: <strong>alimenta\u00e7\u00e3o pobre em fibras e rica em alimentos ultraprocessados, aumento do sedentarismo, consumo excessivo de \u00e1lcool, tabagismo, obesidade e hist\u00f3rico familiar da doen\u00e7a.<\/strong><\/p>\n<p>&nbsp;<\/p>\n<p>&nbsp;<\/p>\n<p><img loading=\"lazy\" decoding=\"async\" class=\"alignnone wp-image-32951 size-full\" title=\"Sintomas que n\u00e3o devem ser ignorados\" src=\"https:\/\/www.rotaseguros.com.br\/planosdesaude\/wp-content\/uploads\/2025\/07\/Sintomas-que-nao-devem-ser-ignorados.png\" alt=\"Sintomas que n\u00e3o devem ser ignorados\" width=\"800\" height=\"200\" srcset=\"https:\/\/www.rotaseguros.com.br\/planosdesaude\/wp-content\/uploads\/2025\/07\/Sintomas-que-nao-devem-ser-ignorados.png 800w, https:\/\/www.rotaseguros.com.br\/planosdesaude\/wp-content\/uploads\/2025\/07\/Sintomas-que-nao-devem-ser-ignorados-300x75.png 300w, https:\/\/www.rotaseguros.com.br\/planosdesaude\/wp-content\/uploads\/2025\/07\/Sintomas-que-nao-devem-ser-ignorados-768x192.png 768w\" sizes=\"auto, (max-width: 800px) 100vw, 800px\" \/><\/p>\n<p>&nbsp;<\/p>\n<h2 data-start=\"1195\" data-end=\"1238\"><span class=\"ez-toc-section\" id=\"Sintomas_que_nao_devem_ser_ignorados\"><\/span>Sintomas que n\u00e3o devem ser ignorados<span class=\"ez-toc-section-end\"><\/span><\/h2>\n<p>&nbsp;<\/p>\n<p data-start=\"102\" data-end=\"516\">Um dos grandes desafios no combate ao c\u00e2ncer de intestino em pessoas jovens \u00e9 o <strong>diagn\u00f3stico tardio.<\/strong> Como a doen\u00e7a ainda \u00e9 considerada incomum nessa faixa et\u00e1ria, muitos pacientes e at\u00e9 profissionais de sa\u00fade n\u00e3o a consideram como uma possibilidade inicial. Com isso, os sintomas acabam sendo minimizados, tratados como quadros de gastrite, s\u00edndrome do intestino irrit\u00e1vel, hemorroidas ou outras condi\u00e7\u00f5es benignas.<\/p>\n<p data-start=\"518\" data-end=\"971\">Entre os sinais mais comuns est\u00e3o altera\u00e7\u00f5es persistentes no h\u00e1bito intestinal (como diarreia ou constipa\u00e7\u00e3o), presen\u00e7a de sangue nas fezes, dor abdominal recorrente, sensa\u00e7\u00e3o de evacua\u00e7\u00e3o incompleta, perda de peso sem motivo aparente, cansa\u00e7o excessivo e anemia. Quando esses sintomas s\u00e3o ignorados ou tratados de forma superficial, o c\u00e2ncer pode evoluir para est\u00e1gios mais avan\u00e7ados, reduzindo as chances de cura e exigindo tratamentos mais complexos. Por isso, \u00e9 fundamental estar atento aos sinais do corpo!<\/p>\n<h2 data-start=\"1559\" data-end=\"1613\"><\/h2>\n<h2 data-start=\"1559\" data-end=\"1613\"><span class=\"ez-toc-section\" id=\"Prevencao_e_habitos_saudaveis_fazem_a_diferenca\"><\/span>Preven\u00e7\u00e3o e h\u00e1bitos saud\u00e1veis fazem a diferen\u00e7a<span class=\"ez-toc-section-end\"><\/span><\/h2>\n<p>&nbsp;<\/p>\n<p data-start=\"168\" data-end=\"379\">A hist\u00f3ria de Preta Gil acende um alerta importante para a necessidade de maior conscientiza\u00e7\u00e3o sobre a preven\u00e7\u00e3o do c\u00e2ncer de intestino especialmente em um cen\u00e1rio em que os casos entre jovens est\u00e3o aumentando.<\/p>\n<p data-start=\"381\" data-end=\"860\">A ado\u00e7\u00e3o de h\u00e1bitos saud\u00e1veis ao longo da vida pode reduzir significativamente o risco da doen\u00e7a. Uma alimenta\u00e7\u00e3o equilibrada \u00e9 um dos principais pilares da preven\u00e7\u00e3o: dar prefer\u00eancia a frutas, verduras, legumes, gr\u00e3os integrais e fontes de fibras naturais ajuda a manter o bom funcionamento do intestino. Ao mesmo tempo, \u00e9 fundamental reduzir o consumo de alimentos ultraprocessados, carnes processadas (como salsichas, bacon e embutidos), e limitar o excesso de carne vermelha.<\/p>\n<p data-start=\"862\" data-end=\"1277\">Praticar atividade f\u00edsica regularmente tamb\u00e9m tem efeito protetor, pois contribui para o controle do peso corporal, melhora o metabolismo e reduz a inflama\u00e7\u00e3o no organismo fatores que impactam diretamente no risco de desenvolvimento de c\u00e2ncer.<\/p>\n<p data-start=\"1615\" data-end=\"1952\"><img loading=\"lazy\" decoding=\"async\" class=\"alignnone wp-image-32952 size-full\" title=\"A import\u00e2ncia do diagn\u00f3stico precoce\" src=\"https:\/\/www.rotaseguros.com.br\/planosdesaude\/wp-content\/uploads\/2025\/07\/A-importancia-do-diagnostico-precoce.png\" alt=\"A import\u00e2ncia do diagn\u00f3stico precoce\" width=\"800\" height=\"200\" srcset=\"https:\/\/www.rotaseguros.com.br\/planosdesaude\/wp-content\/uploads\/2025\/07\/A-importancia-do-diagnostico-precoce.png 800w, https:\/\/www.rotaseguros.com.br\/planosdesaude\/wp-content\/uploads\/2025\/07\/A-importancia-do-diagnostico-precoce-300x75.png 300w, https:\/\/www.rotaseguros.com.br\/planosdesaude\/wp-content\/uploads\/2025\/07\/A-importancia-do-diagnostico-precoce-768x192.png 768w\" sizes=\"auto, (max-width: 800px) 100vw, 800px\" \/><\/p>\n<h2 data-start=\"1954\" data-end=\"1997\"><\/h2>\n<h2 data-start=\"1954\" data-end=\"1997\"><span class=\"ez-toc-section\" id=\"A_importancia_do_diagnostico_precoce\"><\/span>A import\u00e2ncia do diagn\u00f3stico precoce<span class=\"ez-toc-section-end\"><\/span><\/h2>\n<p>&nbsp;<\/p>\n<p data-start=\"167\" data-end=\"445\">O diagn\u00f3stico precoce \u00e9 fundamental para aumentar as chances de cura do c\u00e2ncer de intestino e evitar tratamentos mais agressivos. <strong>A colonoscopia \u00e9 o principal exame de rastreamento, pois permite identificar les\u00f5es suspeitas e at\u00e9 remover p\u00f3lipos antes que evoluam para um tumor.<\/strong><\/p>\n<p data-start=\"447\" data-end=\"805\">Atualmente, o rastreamento \u00e9 recomendado a partir dos 50 anos para a maioria das pessoas. No entanto, diante do crescimento de casos em adultos jovens, especialistas j\u00e1 discutem antecipar esse in\u00edcio para os 45 ou at\u00e9 40 anos, especialmente para quem tem hist\u00f3rico familiar ou sintomas persistentes, como sangramento, dor abdominal e altera\u00e7\u00f5es intestinais.<\/p>\n<p data-start=\"807\" data-end=\"1021\" data-is-last-node=\"\" data-is-only-node=\"\">Estar atento aos sinais do corpo e contar com acompanhamento m\u00e9dico regular s\u00e3o atitudes essenciais. Ter um plano de sa\u00fade facilita o acesso a exames e consultas, permitindo que o cuidado aconte\u00e7a no momento certo.<\/p>\n<p data-start=\"1999\" data-end=\"2323\"><img loading=\"lazy\" decoding=\"async\" class=\"alignnone wp-image-32953 size-full\" title=\"Como um plano de sa\u00fade pode ajudar\" src=\"https:\/\/www.rotaseguros.com.br\/planosdesaude\/wp-content\/uploads\/2025\/07\/Como-um-plano-de-saude-pode-ajudar.png\" alt=\"Como um plano de sa\u00fade pode ajudar\" width=\"800\" height=\"200\" srcset=\"https:\/\/www.rotaseguros.com.br\/planosdesaude\/wp-content\/uploads\/2025\/07\/Como-um-plano-de-saude-pode-ajudar.png 800w, https:\/\/www.rotaseguros.com.br\/planosdesaude\/wp-content\/uploads\/2025\/07\/Como-um-plano-de-saude-pode-ajudar-300x75.png 300w, https:\/\/www.rotaseguros.com.br\/planosdesaude\/wp-content\/uploads\/2025\/07\/Como-um-plano-de-saude-pode-ajudar-768x192.png 768w\" sizes=\"auto, (max-width: 800px) 100vw, 800px\" \/><\/p>\n<h2 data-start=\"2325\" data-end=\"2366\"><span class=\"ez-toc-section\" id=\"Como_um_plano_de_saude_pode_ajudar\"><\/span>Como um plano de sa\u00fade pode ajudar<span class=\"ez-toc-section-end\"><\/span><\/h2>\n<p>&nbsp;<\/p>\n<p data-start=\"179\" data-end=\"501\">Na Rota Seguros, refor\u00e7amos o compromisso com a sa\u00fade e o bem-estar em todas as fases da vida. Sabemos que <strong>prevenir \u00e9 sempre o melhor caminho e que contar com um plano de sa\u00fade de qualidade pode fazer toda a diferen\u00e7a<\/strong> quando o assunto \u00e9 diagn\u00f3stico precoce, acesso r\u00e1pido a especialistas, exames e tratamentos adequados.<\/p>\n<p data-start=\"503\" data-end=\"808\">Ter esse suporte \u00e9 essencial n\u00e3o s\u00f3 para momentos de urg\u00eancia, mas principalmente para garantir o cuidado cont\u00ednuo e atento \u00e0 sua sa\u00fade. Mais do que nunca, \u00e9 hora de olhar para o pr\u00f3prio corpo com seriedade, manter os exames em dia e adotar h\u00e1bitos que protejam voc\u00ea e sua fam\u00edlia no presente e no futuro.<\/p>\n<p data-start=\"810\" data-end=\"918\">Fale com a Rota Seguros e encontre o plano ideal para o seu perfil. Prevenir \u00e9 um ato de amor consigo mesmo.<\/p>\n<p data-start=\"4999\" data-end=\"5138\">Entre em contato:<\/p>\n<p>Belo Horizonte \u2013 MG:\u00a0<a href=\"https:\/\/www.rotaseguros.com.br\/index.html\">0800 024 24 24<\/a><\/p>\n<p>Colatina \u2013 ES:\u00a0<a href=\"https:\/\/www.rotaseguros.com.br\/colatina\/index.html\">(27) 3121-9393<\/a><\/p>\n<p>Londrina \u2013 PR:\u00a0<a href=\"https:\/\/www.rotaseguros.com.br\/londrina\/index.html\">(43) 3233-2096<\/a><\/p>\n<p>Uberl\u00e2ndia \u2013 MG:\u00a0<a href=\"https:\/\/www.rotaseguros.com.br\/uberlandia\/index.html\">(34) 3291-9300<\/a><\/p>\n<p>Cascavel \u2013 PR:\u00a0<a href=\"https:\/\/www.rotaseguros.com.br\/cascavel\/index.html\">(45) 2101-9406<\/a><\/p>\n<p>Curitiba \u2013 PR:\u00a0<a href=\"https:\/\/www.rotaseguros.com.br\/curitiba\/index.html\">(41) 3596-0365<\/a><\/p>\n<p>Maring\u00e1 \u2013 PR:\u00a0<a href=\"https:\/\/www.rotaseguros.com.br\/maringa\/index.html\">(44) 2103-6720<\/a><\/p>\n<p>Vit\u00f3ria \u2013 ES:\u00a0<a href=\"https:\/\/www.rotaseguros.com.br\/vitoria\/index.html\">(27) 2233-3020<\/a><\/p>\n<p>Caxias do Sul \u2013 RS:\u00a0<a href=\"https:\/\/www.rotaseguros.com.br\/caxias-do-sul\/index.html\">(54) 2991-8270<\/a><\/p>\n<p>Divin\u00f3polis \u2013 MG:\u00a0<a href=\"https:\/\/www.rotaseguros.com.br\/divinopolis\/index.html\">(37) 3511-3030<\/a><\/p>\n<p>Po\u00e7os de Caldas \u2013\u00a0<a href=\"https:\/\/www.rotaseguros.com.br\/pocos-de-caldas\/index.html\">MG: (35) 3713-2531<\/a><\/p>\n","protected":false},"excerpt":{"rendered":"<p><span class=\"span-reading-time rt-reading-time\" style=\"display: block;\"><span class=\"rt-label rt-prefix\">Reading Time: <\/span> <span class=\"rt-time\"> 4<\/span> <span class=\"rt-label rt-postfix\">minutes<\/span><\/span>O c\u00e2ncer de intestino est\u00e1 crescendo entre os jovens? Esta \u00e9 uma pergunta que tem ganhado destaque est\u00e1 semana, visto o falecimento da cantora Preta Gil, que morreu neste \u00faltimo &#8230;<\/p>\n","protected":false},"author":36,"featured_media":32949,"comment_status":"open","ping_status":"open","sticky":false,"template":"","format":"standard","meta":{"_monsterinsights_skip_tracking":false,"_monsterinsights_sitenote_active":false,"_monsterinsights_sitenote_note":"","_monsterinsights_sitenote_category":0,"footnotes":"","_links_to":"","_links_to_target":""},"categories":[27,33,1005],"tags":[3783,3782,3358,3780,3361,2229,2747,132,3781,3359,48,2890],"class_list":["post-32946","post","type-post","status-publish","format-standard","has-post-thumbnail","hentry","category-plano-de-saude","category-rota-seguros","category-saude","tag-alimentacao-e-saude","tag-aumento-de-cancer-em-jovens","tag-cancer-colorretal","tag-cancer-de-intestino","tag-colonoscopia","tag-diagnostico-precoce","tag-habitos-saudaveis","tag-plano-de-saude","tag-preta-gil","tag-prevencao-do-cancer","tag-rota-seguros-2","tag-saude-preventiva"],"_links":{"self":[{"href":"https:\/\/www.rotaseguros.com.br\/planosdesaude\/wp-json\/wp\/v2\/posts\/32946","targetHints":{"allow":["GET"]}}],"collection":[{"href":"https:\/\/www.rotaseguros.com.br\/planosdesaude\/wp-json\/wp\/v2\/posts"}],"about":[{"href":"https:\/\/www.rotaseguros.com.br\/planosdesaude\/wp-json\/wp\/v2\/types\/post"}],"author":[{"embeddable":true,"href":"https:\/\/www.rotaseguros.com.br\/planosdesaude\/wp-json\/wp\/v2\/users\/36"}],"replies":[{"embeddable":true,"href":"https:\/\/www.rotaseguros.com.br\/planosdesaude\/wp-json\/wp\/v2\/comments?post=32946"}],"version-history":[{"count":7,"href":"https:\/\/www.rotaseguros.com.br\/planosdesaude\/wp-json\/wp\/v2\/posts\/32946\/revisions"}],"predecessor-version":[{"id":32958,"href":"https:\/\/www.rotaseguros.com.br\/planosdesaude\/wp-json\/wp\/v2\/posts\/32946\/revisions\/32958"}],"wp:featuredmedia":[{"embeddable":true,"href":"https:\/\/www.rotaseguros.com.br\/planosdesaude\/wp-json\/wp\/v2\/media\/32949"}],"wp:attachment":[{"href":"https:\/\/www.rotaseguros.com.br\/planosdesaude\/wp-json\/wp\/v2\/media?parent=32946"}],"wp:term":[{"taxonomy":"category","embeddable":true,"href":"https:\/\/www.rotaseguros.com.br\/planosdesaude\/wp-json\/wp\/v2\/categories?post=32946"},{"taxonomy":"post_tag","embeddable":true,"href":"https:\/\/www.rotaseguros.com.br\/planosdesaude\/wp-json\/wp\/v2\/tags?post=32946"}],"curies":[{"name":"wp","href":"https:\/\/api.w.org\/{rel}","templated":true}]}}