{"id":33042,"date":"2025-09-01T08:33:39","date_gmt":"2025-09-01T11:33:39","guid":{"rendered":"https:\/\/www.rotaseguros.com.br\/planosdesaude\/?p=33042"},"modified":"2025-09-01T08:33:39","modified_gmt":"2025-09-01T11:33:39","slug":"campanha-setembro-amarelo","status":"publish","type":"post","link":"https:\/\/www.rotaseguros.com.br\/planosdesaude\/campanha-setembro-amarelo\/","title":{"rendered":"Voc\u00ea sabe a hist\u00f3ria por tr\u00e1s da campanha Setembro Amarelo?"},"content":{"rendered":"<span class=\"span-reading-time rt-reading-time\" style=\"display: block;\"><span class=\"rt-label rt-prefix\">Reading Time: <\/span> <span class=\"rt-time\"> 4<\/span> <span class=\"rt-label rt-postfix\">minutes<\/span><\/span><p data-start=\"293\" data-end=\"630\">Quando falamos em <strong data-start=\"311\" data-end=\"331\">Setembro Amarelo<\/strong>, logo pensamos em conscientiza\u00e7\u00e3o sobre a preven\u00e7\u00e3o ao suic\u00eddio. Mas voc\u00ea j\u00e1 se perguntou <strong data-start=\"422\" data-end=\"462\">como e por que essa campanha come\u00e7ou<\/strong>? Entender a sua origem \u00e9 essencial para perceber a import\u00e2ncia de falar sobre sa\u00fade mental e, principalmente, para ajudar na quebra de tabus que ainda cercam o tema.<\/p><div id=\"ez-toc-container\" class=\"ez-toc-v2_0_82_2 counter-flat ez-toc-counter ez-toc-grey ez-toc-container-direction\">\n<div class=\"ez-toc-title-container\">\n<p class=\"ez-toc-title\" style=\"cursor:inherit\">Aqui voc\u00ea encontra:<\/p>\n<span class=\"ez-toc-title-toggle\"><a href=\"#\" class=\"ez-toc-pull-right ez-toc-btn ez-toc-btn-xs ez-toc-btn-default ez-toc-toggle\" aria-label=\"Alternar tabela de conte\u00fado\"><span class=\"ez-toc-js-icon-con\"><span class=\"\"><span class=\"eztoc-hide\" style=\"display:none;\">Toggle<\/span><span class=\"ez-toc-icon-toggle-span\"><svg style=\"fill: #999;color:#999\" xmlns=\"http:\/\/www.w3.org\/2000\/svg\" class=\"list-377408\" width=\"20px\" height=\"20px\" viewBox=\"0 0 24 24\" fill=\"none\"><path d=\"M6 6H4v2h2V6zm14 0H8v2h12V6zM4 11h2v2H4v-2zm16 0H8v2h12v-2zM4 16h2v2H4v-2zm16 0H8v2h12v-2z\" fill=\"currentColor\"><\/path><\/svg><svg style=\"fill: #999;color:#999\" class=\"arrow-unsorted-368013\" xmlns=\"http:\/\/www.w3.org\/2000\/svg\" width=\"10px\" height=\"10px\" viewBox=\"0 0 24 24\" version=\"1.2\" baseProfile=\"tiny\"><path d=\"M18.2 9.3l-6.2-6.3-6.2 6.3c-.2.2-.3.4-.3.7s.1.5.3.7c.2.2.4.3.7.3h11c.3 0 .5-.1.7-.3.2-.2.3-.5.3-.7s-.1-.5-.3-.7zM5.8 14.7l6.2 6.3 6.2-6.3c.2-.2.3-.5.3-.7s-.1-.5-.3-.7c-.2-.2-.4-.3-.7-.3h-11c-.3 0-.5.1-.7.3-.2.2-.3.5-.3.7s.1.5.3.7z\"\/><\/svg><\/span><\/span><\/span><\/a><\/span><\/div>\n<nav><ul class='ez-toc-list ez-toc-list-level-1 ' ><li class='ez-toc-page-1'><a class=\"ez-toc-link ez-toc-heading-1\" href=\"https:\/\/www.rotaseguros.com.br\/planosdesaude\/campanha-setembro-amarelo\/#A_origem_do_Setembro_Amarelo\" >A origem do Setembro Amarelo<\/a><\/li><li class='ez-toc-page-1'><a class=\"ez-toc-link ez-toc-heading-2\" href=\"https:\/\/www.rotaseguros.com.br\/planosdesaude\/campanha-setembro-amarelo\/#Por_que_Setembro_Amarelo_e_tao_importante\" >Por que Setembro Amarelo \u00e9 t\u00e3o importante?<\/a><\/li><li class='ez-toc-page-1'><a class=\"ez-toc-link ez-toc-heading-3\" href=\"https:\/\/www.rotaseguros.com.br\/planosdesaude\/campanha-setembro-amarelo\/#Sinais_de_alerta_que_merecem_atencao\" >Sinais de alerta que merecem aten\u00e7\u00e3o!<\/a><\/li><li class='ez-toc-page-1'><a class=\"ez-toc-link ez-toc-heading-4\" href=\"https:\/\/www.rotaseguros.com.br\/planosdesaude\/campanha-setembro-amarelo\/#Como_contribuir_para_a_prevencao\" >Como contribuir para a preven\u00e7\u00e3o<\/a><\/li><li class='ez-toc-page-1'><a class=\"ez-toc-link ez-toc-heading-5\" href=\"https:\/\/www.rotaseguros.com.br\/planosdesaude\/campanha-setembro-amarelo\/#Onde_buscar_ajuda\" >Onde buscar ajuda<\/a><\/li><li class='ez-toc-page-1'><a class=\"ez-toc-link ez-toc-heading-6\" href=\"https:\/\/www.rotaseguros.com.br\/planosdesaude\/campanha-setembro-amarelo\/#Setembro_Amarelo_mais_que_uma_campanha\" >Setembro Amarelo mais que uma campanha!<\/a><\/li><\/ul><\/nav><\/div>\n\n<p><img loading=\"lazy\" decoding=\"async\" class=\"alignnone wp-image-33082 size-full\" title=\"A origem do Setembro Amarelo\" src=\"https:\/\/www.rotaseguros.com.br\/planosdesaude\/wp-content\/uploads\/2025\/08\/Voce-sabe-a-historia-por-tras-da-campanha-Setembro-Amarelo-1.png\" alt=\"A origem do Setembro Amarelo\" width=\"800\" height=\"200\" srcset=\"https:\/\/www.rotaseguros.com.br\/planosdesaude\/wp-content\/uploads\/2025\/08\/Voce-sabe-a-historia-por-tras-da-campanha-Setembro-Amarelo-1.png 800w, https:\/\/www.rotaseguros.com.br\/planosdesaude\/wp-content\/uploads\/2025\/08\/Voce-sabe-a-historia-por-tras-da-campanha-Setembro-Amarelo-1-300x75.png 300w, https:\/\/www.rotaseguros.com.br\/planosdesaude\/wp-content\/uploads\/2025\/08\/Voce-sabe-a-historia-por-tras-da-campanha-Setembro-Amarelo-1-768x192.png 768w\" sizes=\"auto, (max-width: 800px) 100vw, 800px\" \/><\/p>\n<h2 data-start=\"632\" data-end=\"665\"><span class=\"ez-toc-section\" id=\"A_origem_do_Setembro_Amarelo\"><\/span>A origem do Setembro Amarelo<span class=\"ez-toc-section-end\"><\/span><\/h2>\n<p data-start=\"667\" data-end=\"970\">A campanha teve in\u00edcio em 1994, nos Estados Unidos, ap\u00f3s uma trag\u00e9dia que marcou profundamente a comunidade: o jovem <strong data-start=\"784\" data-end=\"797\">Mike Emme<\/strong>, de apenas 17 anos, tirou a pr\u00f3pria vida. Conhecido por sua habilidade em mec\u00e2nica, Mike havia restaurado um carro Mustang amarelo, que se tornou s\u00edmbolo da sua hist\u00f3ria. Mike era considerado um adolescente amoroso, prestativo e engra\u00e7ado, por conta disso, seu suic\u00eddio surpreendeu a todos. Isso refor\u00e7a, ainda mais, a necessidade de estarmos atentos aos sinais das pessoas ao nosso redor. Nem sempre uma pessoa que est\u00e1 enfrentando problemas psicol\u00f3gicos deixar\u00e1 isso evidente.<\/p>\n<p data-start=\"972\" data-end=\"1192\">No dia do funeral, familiares e amigos distribu\u00edram <strong data-start=\"1024\" data-end=\"1042\">fitas amarelas<\/strong> com mensagens de apoio e incentivo, pedindo que ningu\u00e9m mais sofresse em sil\u00eancio. Esse gesto deu in\u00edcio a um movimento que se espalhou pelo mundo.<\/p>\n<p data-start=\"1194\" data-end=\"1501\">No Brasil, a campanha chegou oficialmente em <strong data-start=\"1239\" data-end=\"1247\">2014<\/strong>, por iniciativa da Associa\u00e7\u00e3o Brasileira de Psiquiatria (ABP), em parceria com o Conselho Federal de Medicina (CFM). Desde ent\u00e3o, todo o m\u00eas de setembro \u00e9 dedicado a <strong data-start=\"1414\" data-end=\"1461\">conscientizar sobre a preven\u00e7\u00e3o do suic\u00eddio<\/strong>, um problema de sa\u00fade p\u00fablica global.<\/p>\n<p><img loading=\"lazy\" decoding=\"async\" class=\"alignnone wp-image-33083 size-full\" title=\"Por que Setembro Amarelo \u00e9 t\u00e3o importante\" src=\"https:\/\/www.rotaseguros.com.br\/planosdesaude\/wp-content\/uploads\/2025\/08\/Por-que-Setembro-Amarelo-e-tao-importante.png\" alt=\"Por que Setembro Amarelo \u00e9 t\u00e3o importante\" width=\"800\" height=\"200\" srcset=\"https:\/\/www.rotaseguros.com.br\/planosdesaude\/wp-content\/uploads\/2025\/08\/Por-que-Setembro-Amarelo-e-tao-importante.png 800w, https:\/\/www.rotaseguros.com.br\/planosdesaude\/wp-content\/uploads\/2025\/08\/Por-que-Setembro-Amarelo-e-tao-importante-300x75.png 300w, https:\/\/www.rotaseguros.com.br\/planosdesaude\/wp-content\/uploads\/2025\/08\/Por-que-Setembro-Amarelo-e-tao-importante-768x192.png 768w\" sizes=\"auto, (max-width: 800px) 100vw, 800px\" \/><\/p>\n<h2 data-start=\"1503\" data-end=\"1550\"><span class=\"ez-toc-section\" id=\"Por_que_Setembro_Amarelo_e_tao_importante\"><\/span>Por que Setembro Amarelo \u00e9 t\u00e3o importante?<span class=\"ez-toc-section-end\"><\/span><\/h2>\n<p data-start=\"1552\" data-end=\"1786\">Segundo a Organiza\u00e7\u00e3o Mundial da Sa\u00fade (OMS), o suic\u00eddio \u00e9 uma das principais causas de morte entre jovens de 15 a 29 anos. Mas o tema n\u00e3o se limita a uma faixa et\u00e1ria: atinge pessoas de todas as idades, g\u00eaneros e condi\u00e7\u00f5es sociais.<\/p>\n<p data-start=\"1788\" data-end=\"2009\">O grande desafio \u00e9 que, muitas vezes, sinais de alerta passam despercebidos ou s\u00e3o minimizados. Por isso, <strong data-start=\"1894\" data-end=\"1934\">falar abertamente sobre sa\u00fade mental<\/strong> \u00e9 a melhor forma de quebrar preconceitos e incentivar a busca por ajuda.<\/p>\n<p data-start=\"1788\" data-end=\"2009\">De acordo com o Minist\u00e9rio da Sa\u00fade, <strong>96,8% dos casos de suic\u00eddio est\u00e3o relacionados a transtornos mentais<\/strong>, sendo em primeiro lugar a depress\u00e3o. Alguns dos principais sinais de depress\u00e3o s\u00e3o: desinteresse, apatia, choro frequente, baixa autoestima, entre outros.<\/p>\n<p><img loading=\"lazy\" decoding=\"async\" class=\"alignnone wp-image-33084 size-full\" title=\"Sinais de alerta que merecem aten\u00e7\u00e3o!\" src=\"https:\/\/www.rotaseguros.com.br\/planosdesaude\/wp-content\/uploads\/2025\/08\/Sinais-de-alerta-que-merecem-atencao.png\" alt=\"Sinais de alerta que merecem aten\u00e7\u00e3o!\" width=\"800\" height=\"200\" srcset=\"https:\/\/www.rotaseguros.com.br\/planosdesaude\/wp-content\/uploads\/2025\/08\/Sinais-de-alerta-que-merecem-atencao.png 800w, https:\/\/www.rotaseguros.com.br\/planosdesaude\/wp-content\/uploads\/2025\/08\/Sinais-de-alerta-que-merecem-atencao-300x75.png 300w, https:\/\/www.rotaseguros.com.br\/planosdesaude\/wp-content\/uploads\/2025\/08\/Sinais-de-alerta-que-merecem-atencao-768x192.png 768w\" sizes=\"auto, (max-width: 800px) 100vw, 800px\" \/><\/p>\n<h2 data-start=\"2011\" data-end=\"2052\"><span class=\"ez-toc-section\" id=\"Sinais_de_alerta_que_merecem_atencao\"><\/span>Sinais de alerta que merecem aten\u00e7\u00e3o!<span class=\"ez-toc-section-end\"><\/span><\/h2>\n<p data-start=\"158\" data-end=\"327\">Estar atento pode salvar vidas. Os sinais de que algu\u00e9m pode estar passando por um momento dif\u00edcil nem sempre s\u00e3o claros, mas alguns ind\u00edcios merecem aten\u00e7\u00e3o especial:<\/p>\n<ul>\n<li data-start=\"331\" data-end=\"512\"><strong data-start=\"331\" data-end=\"355\">Isolamento repentino<\/strong>: quando a pessoa come\u00e7a a se afastar de amigos, familiares e atividades que antes faziam parte de sua rotina, demonstrando falta de vontade de socializar.<\/li>\n<li data-start=\"515\" data-end=\"659\"><strong data-start=\"515\" data-end=\"544\">Mudan\u00e7as bruscas de humor<\/strong>: varia\u00e7\u00f5es frequentes entre tristeza profunda, irritabilidade ou apatia, que podem indicar sofrimento emocional.<\/li>\n<li data-start=\"662\" data-end=\"800\"><strong data-start=\"662\" data-end=\"699\">Falas sobre morte ou desesperan\u00e7a<\/strong>: coment\u00e1rios frequentes sobre n\u00e3o ver sentido na vida ou express\u00f5es ligadas \u00e0 vontade de desistir.<\/li>\n<li data-start=\"803\" data-end=\"942\"><strong data-start=\"803\" data-end=\"850\">Queda no desempenho escolar ou profissional<\/strong>: dificuldade de concentra\u00e7\u00e3o, desmotiva\u00e7\u00e3o ou perda de interesse pelo trabalho e estudos.<\/li>\n<li data-start=\"945\" data-end=\"1097\"><strong data-start=\"945\" data-end=\"987\">Desinteresse por atividades prazerosas<\/strong>: abandono de hobbies, esportes ou momentos que antes traziam alegria, sinalizando perda de prazer em viver.<\/li>\n<\/ul>\n<p data-start=\"1099\" data-end=\"1356\">Esses sinais n\u00e3o devem ser ignorados. \u00c9 fundamental <strong data-start=\"1151\" data-end=\"1236\">acolher sem julgamentos, oferecer apoio e orientar a busca por ajuda profissional<\/strong>, como psic\u00f3logos ou psiquiatras. Um simples gesto de aten\u00e7\u00e3o pode representar um passo decisivo para salvar uma vida.<\/p>\n<p><img loading=\"lazy\" decoding=\"async\" class=\"alignnone wp-image-33085 size-full\" title=\"Como contribuir para a preven\u00e7\u00e3o\" src=\"https:\/\/www.rotaseguros.com.br\/planosdesaude\/wp-content\/uploads\/2025\/08\/Como-contribuir-para-a-prevencao.png\" alt=\"Como contribuir para a preven\u00e7\u00e3o\" width=\"800\" height=\"200\" srcset=\"https:\/\/www.rotaseguros.com.br\/planosdesaude\/wp-content\/uploads\/2025\/08\/Como-contribuir-para-a-prevencao.png 800w, https:\/\/www.rotaseguros.com.br\/planosdesaude\/wp-content\/uploads\/2025\/08\/Como-contribuir-para-a-prevencao-300x75.png 300w, https:\/\/www.rotaseguros.com.br\/planosdesaude\/wp-content\/uploads\/2025\/08\/Como-contribuir-para-a-prevencao-768x192.png 768w\" sizes=\"auto, (max-width: 800px) 100vw, 800px\" \/><\/p>\n<h2 data-start=\"2481\" data-end=\"2518\"><span class=\"ez-toc-section\" id=\"Como_contribuir_para_a_prevencao\"><\/span>Como contribuir para a preven\u00e7\u00e3o<span class=\"ez-toc-section-end\"><\/span><\/h2>\n<p data-start=\"142\" data-end=\"262\">A preven\u00e7\u00e3o come\u00e7a com atitudes simples, mas extremamente poderosas, capazes de transformar realidades e salvar vidas:<\/p>\n<ul>\n<li><strong data-start=\"266\" data-end=\"291\">Ouvir sem julgamentos<\/strong>: muitas vezes, quem sofre precisa apenas ser acolhido. Escutar com aten\u00e7\u00e3o, sem cr\u00edticas ou interrup\u00e7\u00f5es, demonstra empatia e faz a pessoa se sentir menos sozinha em sua dor.<\/li>\n<li><strong data-start=\"471\" data-end=\"518\">Incentivar a procura de apoio especializado<\/strong>: psic\u00f3logos e psiquiatras t\u00eam papel fundamental no tratamento, oferecendo acompanhamento adequado, diagn\u00f3stico e estrat\u00e9gias de cuidado. Mostrar que pedir ajuda n\u00e3o \u00e9 sinal de fraqueza, mas de coragem, pode ser decisivo.<\/li>\n<li><strong data-start=\"744\" data-end=\"783\">Compartilhar informa\u00e7\u00f5es confi\u00e1veis<\/strong>: combater mitos e disseminar conhecimento de qualidade sobre sa\u00fade mental \u00e9 essencial para quebrar preconceitos e mostrar que falar sobre o assunto \u00e9 necess\u00e1rio.<\/li>\n<li><strong data-start=\"950\" data-end=\"997\">Apoiar campanhas e a\u00e7\u00f5es de conscientiza\u00e7\u00e3o<\/strong>: quanto mais o tema for debatido em escolas, empresas, comunidades e nas redes sociais, mais pessoas ter\u00e3o acesso a informa\u00e7\u00f5es que podem salvar vidas.<\/li>\n<li><strong data-start=\"1154\" data-end=\"1188\">Manter uma rede de apoio ativa<\/strong>: familiares, amigos e colegas atentos criam um ambiente seguro, no qual a pessoa se sente acolhida e encorajada a buscar ajuda quando necess\u00e1rio.<\/li>\n<\/ul>\n<p data-start=\"1338\" data-end=\"1499\">Cada gesto de aten\u00e7\u00e3o e cada palavra de apoio podem abrir caminhos para a esperan\u00e7a. Falar sobre preven\u00e7\u00e3o \u00e9 um ato de cuidado que pode fazer toda a diferen\u00e7a.<\/p>\n<h2 data-start=\"1338\" data-end=\"1499\"><span class=\"ez-toc-section\" id=\"Onde_buscar_ajuda\"><\/span>Onde buscar ajuda<span class=\"ez-toc-section-end\"><\/span><\/h2>\n<p data-start=\"121\" data-end=\"358\">Se voc\u00ea ou algu\u00e9m pr\u00f3ximo est\u00e1 passando por um momento dif\u00edcil, \u00e9 importante lembrar que <strong data-start=\"210\" data-end=\"252\">ningu\u00e9m precisa enfrentar isso sozinho<\/strong>. O sofrimento emocional pode parecer insuport\u00e1vel, mas sempre existe um caminho de apoio e acolhimento.<\/p>\n<p data-start=\"360\" data-end=\"743\">No Brasil, o <strong data-start=\"373\" data-end=\"412\">Centro de Valoriza\u00e7\u00e3o da Vida (CVV)<\/strong> oferece escuta qualificada e an\u00f4nima pelo telefone <strong data-start=\"464\" data-end=\"471\">188<\/strong>, de forma gratuita e dispon\u00edvel 24 horas por dia, em todos os dias da semana. Al\u00e9m disso, o atendimento tamb\u00e9m pode ser feito pelo site <a href=\"https:\/\/cvv.org.br\/\" target=\"_blank\" rel=\"noopener\">www.cvv.org.br<\/a>, onde \u00e9 poss\u00edvel conversar via chat ou e-mail com volunt\u00e1rios preparados para ouvir e ajudar.<\/p>\n<p data-start=\"745\" data-end=\"1074\">Buscar ajuda \u00e9 um ato de coragem e um passo fundamental para superar momentos de dor.<\/p>\n<p data-start=\"745\" data-end=\"1074\"><img loading=\"lazy\" decoding=\"async\" class=\"alignnone wp-image-33086 size-full\" title=\"Setembro Amarelo mais que uma campanha!\" src=\"https:\/\/www.rotaseguros.com.br\/planosdesaude\/wp-content\/uploads\/2025\/08\/Setembro-Amarelo-mais-que-uma-campanha.png\" alt=\"Setembro Amarelo mais que uma campanha!\" width=\"800\" height=\"200\" srcset=\"https:\/\/www.rotaseguros.com.br\/planosdesaude\/wp-content\/uploads\/2025\/08\/Setembro-Amarelo-mais-que-uma-campanha.png 800w, https:\/\/www.rotaseguros.com.br\/planosdesaude\/wp-content\/uploads\/2025\/08\/Setembro-Amarelo-mais-que-uma-campanha-300x75.png 300w, https:\/\/www.rotaseguros.com.br\/planosdesaude\/wp-content\/uploads\/2025\/08\/Setembro-Amarelo-mais-que-uma-campanha-768x192.png 768w\" sizes=\"auto, (max-width: 800px) 100vw, 800px\" \/><\/p>\n<h2 data-start=\"745\" data-end=\"1074\"><span class=\"ez-toc-section\" id=\"Setembro_Amarelo_mais_que_uma_campanha\"><\/span>Setembro Amarelo mais que uma campanha!<span class=\"ez-toc-section-end\"><\/span><\/h2>\n<p>&nbsp;<\/p>\n<p data-start=\"3358\" data-end=\"3634\">O Setembro Amarelo \u00e9 muito mais do que um m\u00eas marcado no calend\u00e1rio: \u00e9 um convite para <strong>refletirmos sobre a vida, a empatia e a import\u00e2ncia do cuidado com a sa\u00fade mental.<\/strong><br data-start=\"3527\" data-end=\"3530\" \/>Falar sobre suic\u00eddio \u00e9 salvar vidas e cada conversa aberta pode ser o primeiro passo para a mudan\u00e7a.<\/p>\n<p data-start=\"3636\" data-end=\"3753\">Neste Setembro Amarelo, seja voc\u00ea tamb\u00e9m um agente de preven\u00e7\u00e3o. Um gesto de aten\u00e7\u00e3o pode fazer toda a diferen\u00e7a.<\/p>\n<p data-start=\"3636\" data-end=\"3753\">Leia tamb\u00e9m nosso texto sobre <a href=\"https:\/\/www.rotaseguros.com.br\/planosdesaude\/agosto-dourado-campanha\/\">Agosto Dourado: a campanha que incentiva o aleitamento materno<\/a><\/p>\n","protected":false},"excerpt":{"rendered":"<p><span class=\"span-reading-time rt-reading-time\" style=\"display: block;\"><span class=\"rt-label rt-prefix\">Reading Time: <\/span> <span class=\"rt-time\"> 4<\/span> <span class=\"rt-label rt-postfix\">minutes<\/span><\/span>Quando falamos em Setembro Amarelo, logo pensamos em conscientiza\u00e7\u00e3o sobre a preven\u00e7\u00e3o ao suic\u00eddio. Mas voc\u00ea j\u00e1 se perguntou como e por que essa campanha come\u00e7ou? Entender a sua origem &#8230;<\/p>\n","protected":false},"author":36,"featured_media":33081,"comment_status":"open","ping_status":"open","sticky":false,"template":"","format":"standard","meta":{"_monsterinsights_skip_tracking":false,"_monsterinsights_sitenote_active":false,"_monsterinsights_sitenote_note":"","_monsterinsights_sitenote_category":0,"footnotes":"","_links_to":"","_links_to_target":""},"categories":[6,1005],"tags":[3810,3807,3811,3809,3806,693,1266,3808],"class_list":["post-33042","post","type-post","status-publish","format-standard","has-post-thumbnail","hentry","category-dicas","category-saude","tag-apoio-emocional","tag-campanha-setembro-amarelo","tag-cvv-188","tag-historia-setembro-amarelo","tag-prevencao-ao-suicidio","tag-saude-mental","tag-setembro-amarelo","tag-sinais-de-alerta-suicidio"],"_links":{"self":[{"href":"https:\/\/www.rotaseguros.com.br\/planosdesaude\/wp-json\/wp\/v2\/posts\/33042","targetHints":{"allow":["GET"]}}],"collection":[{"href":"https:\/\/www.rotaseguros.com.br\/planosdesaude\/wp-json\/wp\/v2\/posts"}],"about":[{"href":"https:\/\/www.rotaseguros.com.br\/planosdesaude\/wp-json\/wp\/v2\/types\/post"}],"author":[{"embeddable":true,"href":"https:\/\/www.rotaseguros.com.br\/planosdesaude\/wp-json\/wp\/v2\/users\/36"}],"replies":[{"embeddable":true,"href":"https:\/\/www.rotaseguros.com.br\/planosdesaude\/wp-json\/wp\/v2\/comments?post=33042"}],"version-history":[{"count":8,"href":"https:\/\/www.rotaseguros.com.br\/planosdesaude\/wp-json\/wp\/v2\/posts\/33042\/revisions"}],"predecessor-version":[{"id":33248,"href":"https:\/\/www.rotaseguros.com.br\/planosdesaude\/wp-json\/wp\/v2\/posts\/33042\/revisions\/33248"}],"wp:featuredmedia":[{"embeddable":true,"href":"https:\/\/www.rotaseguros.com.br\/planosdesaude\/wp-json\/wp\/v2\/media\/33081"}],"wp:attachment":[{"href":"https:\/\/www.rotaseguros.com.br\/planosdesaude\/wp-json\/wp\/v2\/media?parent=33042"}],"wp:term":[{"taxonomy":"category","embeddable":true,"href":"https:\/\/www.rotaseguros.com.br\/planosdesaude\/wp-json\/wp\/v2\/categories?post=33042"},{"taxonomy":"post_tag","embeddable":true,"href":"https:\/\/www.rotaseguros.com.br\/planosdesaude\/wp-json\/wp\/v2\/tags?post=33042"}],"curies":[{"name":"wp","href":"https:\/\/api.w.org\/{rel}","templated":true}]}}