{"id":33077,"date":"2025-09-08T08:35:15","date_gmt":"2025-09-08T11:35:15","guid":{"rendered":"https:\/\/www.rotaseguros.com.br\/planosdesaude\/?p=33077"},"modified":"2025-09-08T08:35:15","modified_gmt":"2025-09-08T11:35:15","slug":"fibrose-cistica-e-contagiosa","status":"publish","type":"post","link":"https:\/\/www.rotaseguros.com.br\/planosdesaude\/fibrose-cistica-e-contagiosa\/","title":{"rendered":"Fibrose c\u00edstica \u00e9 contagiosa? Entenda mais!"},"content":{"rendered":"<span class=\"span-reading-time rt-reading-time\" style=\"display: block;\"><span class=\"rt-label rt-prefix\">Reading Time: <\/span> <span class=\"rt-time\"> 3<\/span> <span class=\"rt-label rt-postfix\">minutes<\/span><\/span><p data-start=\"248\" data-end=\"667\">Imagine receber o diagn\u00f3stico de uma condi\u00e7\u00e3o que poucas pessoas realmente conhecem, mas que desperta curiosidade e, \u00e0s vezes, at\u00e9 preconceito. Uma das perguntas mais comuns que pacientes com <strong data-start=\"440\" data-end=\"459\">fibrose c\u00edstica<\/strong> ouvem \u00e9: <em data-start=\"469\" data-end=\"491\">\u201cIsso \u00e9 contagioso?\u201d<\/em>. A resposta \u00e9 simples: <strong data-start=\"517\" data-end=\"542\">n\u00e3o, n\u00e3o \u00e9 contagiosa<\/strong>. Mas a doen\u00e7a exige cuidados di\u00e1rios, tratamentos constantes e uma rotina que nem sempre \u00e9 vis\u00edvel para quem est\u00e1 de fora.<\/p><div id=\"ez-toc-container\" class=\"ez-toc-v2_0_82_2 counter-flat ez-toc-counter ez-toc-grey ez-toc-container-direction\">\n<div class=\"ez-toc-title-container\">\n<p class=\"ez-toc-title\" style=\"cursor:inherit\">Aqui voc\u00ea encontra:<\/p>\n<span class=\"ez-toc-title-toggle\"><a href=\"#\" class=\"ez-toc-pull-right ez-toc-btn ez-toc-btn-xs ez-toc-btn-default ez-toc-toggle\" aria-label=\"Alternar tabela de conte\u00fado\"><span class=\"ez-toc-js-icon-con\"><span class=\"\"><span class=\"eztoc-hide\" style=\"display:none;\">Toggle<\/span><span class=\"ez-toc-icon-toggle-span\"><svg style=\"fill: #999;color:#999\" xmlns=\"http:\/\/www.w3.org\/2000\/svg\" class=\"list-377408\" width=\"20px\" height=\"20px\" viewBox=\"0 0 24 24\" fill=\"none\"><path d=\"M6 6H4v2h2V6zm14 0H8v2h12V6zM4 11h2v2H4v-2zm16 0H8v2h12v-2zM4 16h2v2H4v-2zm16 0H8v2h12v-2z\" fill=\"currentColor\"><\/path><\/svg><svg style=\"fill: #999;color:#999\" class=\"arrow-unsorted-368013\" xmlns=\"http:\/\/www.w3.org\/2000\/svg\" width=\"10px\" height=\"10px\" viewBox=\"0 0 24 24\" version=\"1.2\" baseProfile=\"tiny\"><path d=\"M18.2 9.3l-6.2-6.3-6.2 6.3c-.2.2-.3.4-.3.7s.1.5.3.7c.2.2.4.3.7.3h11c.3 0 .5-.1.7-.3.2-.2.3-.5.3-.7s-.1-.5-.3-.7zM5.8 14.7l6.2 6.3 6.2-6.3c.2-.2.3-.5.3-.7s-.1-.5-.3-.7c-.2-.2-.4-.3-.7-.3h-11c-.3 0-.5.1-.7.3-.2.2-.3.5-.3.7s.1.5.3.7z\"\/><\/svg><\/span><\/span><\/span><\/a><\/span><\/div>\n<nav><ul class='ez-toc-list ez-toc-list-level-1 ' ><li class='ez-toc-page-1'><a class=\"ez-toc-link ez-toc-heading-1\" href=\"https:\/\/www.rotaseguros.com.br\/planosdesaude\/fibrose-cistica-e-contagiosa\/#O_que_e_a_fibrose_cistica\" >O que \u00e9 a fibrose c\u00edstica?<\/a><\/li><li class='ez-toc-page-1'><a class=\"ez-toc-link ez-toc-heading-2\" href=\"https:\/\/www.rotaseguros.com.br\/planosdesaude\/fibrose-cistica-e-contagiosa\/#Como_e_feito_o_diagnostico\" >Como \u00e9 feito o diagn\u00f3stico<\/a><\/li><li class='ez-toc-page-1'><a class=\"ez-toc-link ez-toc-heading-3\" href=\"https:\/\/www.rotaseguros.com.br\/planosdesaude\/fibrose-cistica-e-contagiosa\/#Principais_sintomas\" >Principais sintomas<\/a><\/li><li class='ez-toc-page-1'><a class=\"ez-toc-link ez-toc-heading-4\" href=\"https:\/\/www.rotaseguros.com.br\/planosdesaude\/fibrose-cistica-e-contagiosa\/#O_tratamento\" >O tratamento<\/a><\/li><li class='ez-toc-page-1'><a class=\"ez-toc-link ez-toc-heading-5\" href=\"https:\/\/www.rotaseguros.com.br\/planosdesaude\/fibrose-cistica-e-contagiosa\/#O_impacto_emocional\" >O impacto emocional<\/a><\/li><li class='ez-toc-page-1'><a class=\"ez-toc-link ez-toc-heading-6\" href=\"https:\/\/www.rotaseguros.com.br\/planosdesaude\/fibrose-cistica-e-contagiosa\/#Por_que_falar_sobre_isso_importa\" >Por que falar sobre isso importa?<\/a><\/li><\/ul><\/nav><\/div>\n\n<p data-start=\"669\" data-end=\"845\">Neste texto,<strong> vamos entender o que \u00e9 a fibrose c\u00edstica<\/strong>, como ela afeta o corpo, os desafios do dia a dia e por que informa\u00e7\u00e3o \u00e9 a maior aliada no enfrentamento dessa condi\u00e7\u00e3o.<\/p>\n<p data-start=\"669\" data-end=\"845\"><img loading=\"lazy\" decoding=\"async\" class=\"alignnone wp-image-33112 size-full\" title=\"O que \u00e9 a fibrose c\u00edstica\" src=\"https:\/\/www.rotaseguros.com.br\/planosdesaude\/wp-content\/uploads\/2025\/08\/O-que-e-a-fibrose-cistica.png\" alt=\"O que \u00e9 a fibrose c\u00edstica\" width=\"800\" height=\"200\" srcset=\"https:\/\/www.rotaseguros.com.br\/planosdesaude\/wp-content\/uploads\/2025\/08\/O-que-e-a-fibrose-cistica.png 800w, https:\/\/www.rotaseguros.com.br\/planosdesaude\/wp-content\/uploads\/2025\/08\/O-que-e-a-fibrose-cistica-300x75.png 300w, https:\/\/www.rotaseguros.com.br\/planosdesaude\/wp-content\/uploads\/2025\/08\/O-que-e-a-fibrose-cistica-768x192.png 768w\" sizes=\"auto, (max-width: 800px) 100vw, 800px\" \/><\/p>\n<h2 data-start=\"852\" data-end=\"888\"><span class=\"ez-toc-section\" id=\"O_que_e_a_fibrose_cistica\"><\/span>O que \u00e9 a fibrose c\u00edstica?<span class=\"ez-toc-section-end\"><\/span><\/h2>\n<p data-start=\"890\" data-end=\"1351\">A fibrose c\u00edstica, tamb\u00e9m chamada de <a href=\"https:\/\/en.wikipedia.org\/wiki\/Cystic_fibrosis\" target=\"_blank\" rel=\"noopener\"><strong data-start=\"927\" data-end=\"944\">mucoviscidose<\/strong><\/a>, \u00e9 uma <strong data-start=\"952\" data-end=\"976\">doen\u00e7a gen\u00e9tica rara<\/strong> que afeta principalmente os pulm\u00f5es e o sistema digestivo.<br data-start=\"1035\" data-end=\"1038\" \/>Ela acontece devido a uma muta\u00e7\u00e3o no gene <strong data-start=\"1080\" data-end=\"1088\">CFTR<\/strong>, respons\u00e1vel por regular a passagem de sal e \u00e1gua pelas membranas das c\u00e9lulas.<br data-start=\"1167\" data-end=\"1170\" \/>O resultado? Produ\u00e7\u00e3o de um muco muito mais espesso e pegajoso do que o normal, que pode obstruir vias respirat\u00f3rias e prejudicar o funcionamento de \u00f3rg\u00e3os como p\u00e2ncreas e f\u00edgado.<\/p>\n<p data-start=\"890\" data-end=\"1351\"><img loading=\"lazy\" decoding=\"async\" class=\"alignnone wp-image-33113 size-full\" title=\"Como \u00e9 feito o diagn\u00f3stico\" src=\"https:\/\/www.rotaseguros.com.br\/planosdesaude\/wp-content\/uploads\/2025\/08\/Como-e-feito-o-diagnostico.png\" alt=\"Como \u00e9 feito o diagn\u00f3stico\" width=\"800\" height=\"200\" srcset=\"https:\/\/www.rotaseguros.com.br\/planosdesaude\/wp-content\/uploads\/2025\/08\/Como-e-feito-o-diagnostico.png 800w, https:\/\/www.rotaseguros.com.br\/planosdesaude\/wp-content\/uploads\/2025\/08\/Como-e-feito-o-diagnostico-300x75.png 300w, https:\/\/www.rotaseguros.com.br\/planosdesaude\/wp-content\/uploads\/2025\/08\/Como-e-feito-o-diagnostico-768x192.png 768w\" sizes=\"auto, (max-width: 800px) 100vw, 800px\" \/><\/p>\n<h2 data-start=\"1807\" data-end=\"1843\"><span class=\"ez-toc-section\" id=\"Como_e_feito_o_diagnostico\"><\/span>Como \u00e9 feito o diagn\u00f3stico<span class=\"ez-toc-section-end\"><\/span><\/h2>\n<p data-start=\"1845\" data-end=\"2101\">No Brasil, desde 2014, o teste do pezinho ampliado ajuda a identificar casos logo nos primeiros dias de vida. Quando h\u00e1 suspeita, exames complementares como o <strong data-start=\"2006\" data-end=\"2023\">teste do suor<\/strong> (medindo a quantidade de cloro) e testes gen\u00e9ticos confirmam o diagn\u00f3stico.<\/p>\n<h3 data-start=\"1845\" data-end=\"2101\"><span class=\"ez-toc-section\" id=\"Principais_sintomas\"><\/span>Principais sintomas<span class=\"ez-toc-section-end\"><\/span><\/h3>\n<p>Os sinais da fibrose c\u00edstica podem variar bastante de pessoa para pessoa, mas alguns s\u00e3o comuns, como tosse cr\u00f4nica acompanhada de catarro espesso, infec\u00e7\u00f5es respirat\u00f3rias frequentes, dificuldade para ganhar peso e crescer, fezes volumosas ou gordurosas e sensa\u00e7\u00e3o constante de fadiga. Como a doen\u00e7a pode se manifestar de formas diferentes, o diagn\u00f3stico precoce \u00e9 fundamental para garantir uma melhor qualidade de vida.<\/p>\n<h3><span class=\"ez-toc-section\" id=\"O_tratamento\"><\/span>O tratamento<span class=\"ez-toc-section-end\"><\/span><\/h3>\n<p data-start=\"2152\" data-end=\"2326\">A fibrose c\u00edstica n\u00e3o tem cura, mas os avan\u00e7os nos tratamentos t\u00eam aumentado muito a expectativa e a qualidade de vida dos pacientes. A rotina de cuidados pode incluir fisioterapia respirat\u00f3ria para auxiliar na elimina\u00e7\u00e3o do muco, uso de medicamentos como antibi\u00f3ticos e mucol\u00edticos, suplementa\u00e7\u00e3o de enzimas para ajudar na digest\u00e3o, uma alimenta\u00e7\u00e3o rica em calorias e nutrientes, al\u00e9m da pr\u00e1tica regular de atividade f\u00edsica, adaptada \u00e0 condi\u00e7\u00e3o de cada pessoa.<\/p>\n<p><img loading=\"lazy\" decoding=\"async\" class=\"alignnone wp-image-33114 size-full\" title=\"O impacto emocional\" src=\"https:\/\/www.rotaseguros.com.br\/planosdesaude\/wp-content\/uploads\/2025\/08\/O-impacto-emocional.png\" alt=\"O impacto emocional\" width=\"800\" height=\"200\" srcset=\"https:\/\/www.rotaseguros.com.br\/planosdesaude\/wp-content\/uploads\/2025\/08\/O-impacto-emocional.png 800w, https:\/\/www.rotaseguros.com.br\/planosdesaude\/wp-content\/uploads\/2025\/08\/O-impacto-emocional-300x75.png 300w, https:\/\/www.rotaseguros.com.br\/planosdesaude\/wp-content\/uploads\/2025\/08\/O-impacto-emocional-768x192.png 768w\" sizes=\"auto, (max-width: 800px) 100vw, 800px\" \/><\/p>\n<p>&nbsp;<\/p>\n<h2 data-start=\"2152\" data-end=\"2326\"><span class=\"ez-toc-section\" id=\"O_impacto_emocional\"><\/span>O impacto emocional<span class=\"ez-toc-section-end\"><\/span><\/h2>\n<p>O impacto emocional da fibrose c\u00edstica vai muito al\u00e9m dos sintomas f\u00edsicos. Conviver com uma doen\u00e7a cr\u00f4nica que exige disciplina, tratamentos di\u00e1rios e consultas frequentes pode gerar ansiedade, frustra\u00e7\u00e3o e at\u00e9 epis\u00f3dios de depress\u00e3o, especialmente em fases de maior instabilidade da sa\u00fade. \u00c9 comum que pacientes e familiares precisem lidar com o medo do futuro e com a press\u00e3o de seguir \u00e0 risca as orienta\u00e7\u00f5es m\u00e9dicas, o que pode ser exaustivo.<\/p>\n<p>Por isso, o apoio da fam\u00edlia, dos amigos e de profissionais de sa\u00fade mental \u00e9 essencial para oferecer acolhimento e incentivo. Al\u00e9m disso, grupos de pacientes e comunidades online desempenham um papel valioso, funcionando como um espa\u00e7o seguro para troca de experi\u00eancias, desabafos e, principalmente, para mostrar que ningu\u00e9m est\u00e1 sozinho nessa jornada.<\/p>\n<p><img loading=\"lazy\" decoding=\"async\" class=\"alignnone wp-image-33115 size-full\" title=\"Por que falar sobre isso importa\" src=\"https:\/\/www.rotaseguros.com.br\/planosdesaude\/wp-content\/uploads\/2025\/08\/Por-que-falar-sobre-isso-importa.png\" alt=\"Por que falar sobre isso importa\" width=\"800\" height=\"200\" srcset=\"https:\/\/www.rotaseguros.com.br\/planosdesaude\/wp-content\/uploads\/2025\/08\/Por-que-falar-sobre-isso-importa.png 800w, https:\/\/www.rotaseguros.com.br\/planosdesaude\/wp-content\/uploads\/2025\/08\/Por-que-falar-sobre-isso-importa-300x75.png 300w, https:\/\/www.rotaseguros.com.br\/planosdesaude\/wp-content\/uploads\/2025\/08\/Por-que-falar-sobre-isso-importa-768x192.png 768w\" sizes=\"auto, (max-width: 800px) 100vw, 800px\" \/><\/p>\n<p>&nbsp;<\/p>\n<h2><span class=\"ez-toc-section\" id=\"Por_que_falar_sobre_isso_importa\"><\/span>Por que falar sobre isso importa?<span class=\"ez-toc-section-end\"><\/span><\/h2>\n<p>Falar sobre fibrose c\u00edstica \u00e9 fundamental porque a informa\u00e7\u00e3o \u00e9 uma poderosa ferramenta de transforma\u00e7\u00e3o. Ao ampliar o conhecimento sobre a doen\u00e7a, \u00e9 poss\u00edvel combater mitos e preconceitos que ainda cercam o tema, promovendo mais empatia e respeito.<\/p>\n<p>A conscientiza\u00e7\u00e3o tamb\u00e9m facilita o diagn\u00f3stico precoce, permitindo que o tratamento seja iniciado o quanto antes e, assim, melhorando a qualidade de vida do paciente. Al\u00e9m disso, entender a import\u00e2ncia da ades\u00e3o aos cuidados di\u00e1rios contribui para que mais pessoas sigam corretamente as orienta\u00e7\u00f5es m\u00e9dicas, evitando complica\u00e7\u00f5es.<\/p>\n<p>Por fim, dar visibilidade \u00e0 fibrose c\u00edstica ajuda a fortalecer pesquisas cient\u00edficas e a influenciar a cria\u00e7\u00e3o de pol\u00edticas p\u00fablicas de sa\u00fade, garantindo mais recursos, acesso a medicamentos e suporte adequado para quem convive com a condi\u00e7\u00e3o.<\/p>\n<p>Leia tamb\u00e9m este texto &#8211;\u00a0 <a href=\"https:\/\/www.rotaseguros.com.br\/planosdesaude\/alimentos-ricos-em-ferro\/\">Alimentos ricos em ferro: como garantir esse mineral?<\/a><\/p>\n","protected":false},"excerpt":{"rendered":"<p><span class=\"span-reading-time rt-reading-time\" style=\"display: block;\"><span class=\"rt-label rt-prefix\">Reading Time: <\/span> <span class=\"rt-time\"> 3<\/span> <span class=\"rt-label rt-postfix\">minutes<\/span><\/span>Imagine receber o diagn\u00f3stico de uma condi\u00e7\u00e3o que poucas pessoas realmente conhecem, mas que desperta curiosidade e, \u00e0s vezes, at\u00e9 preconceito. Uma das perguntas mais comuns que pacientes com fibrose &#8230;<\/p>\n","protected":false},"author":36,"featured_media":33111,"comment_status":"open","ping_status":"open","sticky":false,"template":"","format":"standard","meta":{"_monsterinsights_skip_tracking":false,"_monsterinsights_sitenote_active":false,"_monsterinsights_sitenote_note":"","_monsterinsights_sitenote_category":0,"footnotes":"","_links_to":"","_links_to_target":""},"categories":[6,27,1005],"tags":[2229,3708,3833,3831,3832,1235,2303,3834,3835],"class_list":["post-33077","post","type-post","status-publish","format-standard","has-post-thumbnail","hentry","category-dicas","category-plano-de-saude","category-saude","tag-diagnostico-precoce","tag-doencas-geneticas","tag-doencas-raras","tag-fibrose-cistica","tag-mucoviscidose","tag-qualidade-de-vida","tag-saude-respiratoria","tag-sintomas-fibrose-cistica","tag-tratamento-fibrose-cistica"],"_links":{"self":[{"href":"https:\/\/www.rotaseguros.com.br\/planosdesaude\/wp-json\/wp\/v2\/posts\/33077","targetHints":{"allow":["GET"]}}],"collection":[{"href":"https:\/\/www.rotaseguros.com.br\/planosdesaude\/wp-json\/wp\/v2\/posts"}],"about":[{"href":"https:\/\/www.rotaseguros.com.br\/planosdesaude\/wp-json\/wp\/v2\/types\/post"}],"author":[{"embeddable":true,"href":"https:\/\/www.rotaseguros.com.br\/planosdesaude\/wp-json\/wp\/v2\/users\/36"}],"replies":[{"embeddable":true,"href":"https:\/\/www.rotaseguros.com.br\/planosdesaude\/wp-json\/wp\/v2\/comments?post=33077"}],"version-history":[{"count":5,"href":"https:\/\/www.rotaseguros.com.br\/planosdesaude\/wp-json\/wp\/v2\/posts\/33077\/revisions"}],"predecessor-version":[{"id":33326,"href":"https:\/\/www.rotaseguros.com.br\/planosdesaude\/wp-json\/wp\/v2\/posts\/33077\/revisions\/33326"}],"wp:featuredmedia":[{"embeddable":true,"href":"https:\/\/www.rotaseguros.com.br\/planosdesaude\/wp-json\/wp\/v2\/media\/33111"}],"wp:attachment":[{"href":"https:\/\/www.rotaseguros.com.br\/planosdesaude\/wp-json\/wp\/v2\/media?parent=33077"}],"wp:term":[{"taxonomy":"category","embeddable":true,"href":"https:\/\/www.rotaseguros.com.br\/planosdesaude\/wp-json\/wp\/v2\/categories?post=33077"},{"taxonomy":"post_tag","embeddable":true,"href":"https:\/\/www.rotaseguros.com.br\/planosdesaude\/wp-json\/wp\/v2\/tags?post=33077"}],"curies":[{"name":"wp","href":"https:\/\/api.w.org\/{rel}","templated":true}]}}