{"id":33198,"date":"2025-08-26T12:40:21","date_gmt":"2025-08-26T15:40:21","guid":{"rendered":"https:\/\/www.rotaseguros.com.br\/planosdesaude\/?p=33198"},"modified":"2025-08-26T16:48:12","modified_gmt":"2025-08-26T19:48:12","slug":"carcinoma-basocelular","status":"publish","type":"post","link":"https:\/\/www.rotaseguros.com.br\/planosdesaude\/carcinoma-basocelular\/","title":{"rendered":"Carcinoma Basocelular: o diagn\u00f3stico de Fernanda Rodrigues"},"content":{"rendered":"<span class=\"span-reading-time rt-reading-time\" style=\"display: block;\"><span class=\"rt-label rt-prefix\">Reading Time: <\/span> <span class=\"rt-time\"> 4<\/span> <span class=\"rt-label rt-postfix\">minutes<\/span><\/span><p data-start=\"314\" data-end=\"656\">Recentemente, a atriz <a href=\"https:\/\/pt.wikipedia.org\/wiki\/Fernanda_Rodrigues\" target=\"_blank\" rel=\"noopener\"><strong data-start=\"336\" data-end=\"358\">Fernanda Rodrigues<\/strong><\/a> trouxe \u00e0 tona uma quest\u00e3o de sa\u00fade que muitas vezes passa despercebida: o diagn\u00f3stico de <strong data-start=\"448\" data-end=\"473\">carcinoma basocelular<\/strong>! Um dos tipos mais comuns de c\u00e2ncer de pele. O relato dela acendeu um alerta importante para todos n\u00f3s sobre cuidados com o corpo, preven\u00e7\u00e3o e a import\u00e2ncia do diagn\u00f3stico precoce.<\/p><div id=\"ez-toc-container\" class=\"ez-toc-v2_0_82_2 counter-flat ez-toc-counter ez-toc-grey ez-toc-container-direction\">\n<div class=\"ez-toc-title-container\">\n<p class=\"ez-toc-title\" style=\"cursor:inherit\">Aqui voc\u00ea encontra:<\/p>\n<span class=\"ez-toc-title-toggle\"><a href=\"#\" class=\"ez-toc-pull-right ez-toc-btn ez-toc-btn-xs ez-toc-btn-default ez-toc-toggle\" aria-label=\"Alternar tabela de conte\u00fado\"><span class=\"ez-toc-js-icon-con\"><span class=\"\"><span class=\"eztoc-hide\" style=\"display:none;\">Toggle<\/span><span class=\"ez-toc-icon-toggle-span\"><svg style=\"fill: #999;color:#999\" xmlns=\"http:\/\/www.w3.org\/2000\/svg\" class=\"list-377408\" width=\"20px\" height=\"20px\" viewBox=\"0 0 24 24\" fill=\"none\"><path d=\"M6 6H4v2h2V6zm14 0H8v2h12V6zM4 11h2v2H4v-2zm16 0H8v2h12v-2zM4 16h2v2H4v-2zm16 0H8v2h12v-2z\" fill=\"currentColor\"><\/path><\/svg><svg style=\"fill: #999;color:#999\" class=\"arrow-unsorted-368013\" xmlns=\"http:\/\/www.w3.org\/2000\/svg\" width=\"10px\" height=\"10px\" viewBox=\"0 0 24 24\" version=\"1.2\" baseProfile=\"tiny\"><path d=\"M18.2 9.3l-6.2-6.3-6.2 6.3c-.2.2-.3.4-.3.7s.1.5.3.7c.2.2.4.3.7.3h11c.3 0 .5-.1.7-.3.2-.2.3-.5.3-.7s-.1-.5-.3-.7zM5.8 14.7l6.2 6.3 6.2-6.3c.2-.2.3-.5.3-.7s-.1-.5-.3-.7c-.2-.2-.4-.3-.7-.3h-11c-.3 0-.5.1-.7.3-.2.2-.3.5-.3.7s.1.5.3.7z\"\/><\/svg><\/span><\/span><\/span><\/a><\/span><\/div>\n<nav><ul class='ez-toc-list ez-toc-list-level-1 ' ><li class='ez-toc-page-1'><a class=\"ez-toc-link ez-toc-heading-1\" href=\"https:\/\/www.rotaseguros.com.br\/planosdesaude\/carcinoma-basocelular\/#O_que_e_o_carcinoma_basocelular\" >O que \u00e9 o carcinoma basocelular?<\/a><\/li><li class='ez-toc-page-1'><a class=\"ez-toc-link ez-toc-heading-2\" href=\"https:\/\/www.rotaseguros.com.br\/planosdesaude\/carcinoma-basocelular\/#Quais_sao_os_sintomas_e_sinais_de_alerta\" >Quais s\u00e3o os sintomas e sinais de alerta?<\/a><\/li><li class='ez-toc-page-1'><a class=\"ez-toc-link ez-toc-heading-3\" href=\"https:\/\/www.rotaseguros.com.br\/planosdesaude\/carcinoma-basocelular\/#A_importancia_do_diagnostico_precoce\" >A import\u00e2ncia do diagn\u00f3stico precoce<\/a><\/li><li class='ez-toc-page-1'><a class=\"ez-toc-link ez-toc-heading-4\" href=\"https:\/\/www.rotaseguros.com.br\/planosdesaude\/carcinoma-basocelular\/#Fatores_de_risco_que_merecem_atencao\" >Fatores de risco que merecem aten\u00e7\u00e3o<\/a><\/li><li class='ez-toc-page-1'><a class=\"ez-toc-link ez-toc-heading-5\" href=\"https:\/\/www.rotaseguros.com.br\/planosdesaude\/carcinoma-basocelular\/#Como_se_proteger_do_carcinoma_basocelular\" >Como se proteger do carcinoma basocelular<\/a><\/li><li class='ez-toc-page-1'><a class=\"ez-toc-link ez-toc-heading-6\" href=\"https:\/\/www.rotaseguros.com.br\/planosdesaude\/carcinoma-basocelular\/#Um_olhar_atento_para_o_futuro\" >Um olhar atento para o futuro<\/a><\/li><\/ul><\/nav><\/div>\n\n<p data-start=\"658\" data-end=\"786\">Vamos entender melhor o que \u00e9 esse tipo de c\u00e2ncer, como ele se manifesta e quais li\u00e7\u00f5es podemos tirar da experi\u00eancia da atriz.<\/p>\n<p data-start=\"658\" data-end=\"786\"><img loading=\"lazy\" decoding=\"async\" class=\"alignnone wp-image-33201 size-full\" title=\"O que \u00e9 o carcinoma basocelular?\" src=\"https:\/\/www.rotaseguros.com.br\/planosdesaude\/wp-content\/uploads\/2025\/08\/O-que-e-o-carcinoma-basocelular.png\" alt=\"O que \u00e9 o carcinoma basocelular?\" width=\"800\" height=\"200\" srcset=\"https:\/\/www.rotaseguros.com.br\/planosdesaude\/wp-content\/uploads\/2025\/08\/O-que-e-o-carcinoma-basocelular.png 800w, https:\/\/www.rotaseguros.com.br\/planosdesaude\/wp-content\/uploads\/2025\/08\/O-que-e-o-carcinoma-basocelular-300x75.png 300w, https:\/\/www.rotaseguros.com.br\/planosdesaude\/wp-content\/uploads\/2025\/08\/O-que-e-o-carcinoma-basocelular-768x192.png 768w\" sizes=\"auto, (max-width: 800px) 100vw, 800px\" \/><\/p>\n<h2 data-start=\"788\" data-end=\"825\"><span class=\"ez-toc-section\" id=\"O_que_e_o_carcinoma_basocelular\"><\/span>O que \u00e9 o carcinoma basocelular?<span class=\"ez-toc-section-end\"><\/span><\/h2>\n<p data-start=\"826\" data-end=\"1232\">O <strong data-start=\"828\" data-end=\"853\">carcinoma basocelular<\/strong> \u00e9 o c\u00e2ncer de pele mais frequente, respons\u00e1vel por cerca de <strong data-start=\"914\" data-end=\"931\">80% dos casos<\/strong> desse tipo de doen\u00e7a. Apesar de crescer de forma lenta e, na maioria das vezes, n\u00e3o apresentar risco de met\u00e1stase (quando o c\u00e2ncer se espalha para outros \u00f3rg\u00e3os), ele ainda assim pode causar <strong data-start=\"1123\" data-end=\"1154\">danos significativos \u00e0 pele<\/strong> e comprometer tecidos ao redor, especialmente quando n\u00e3o tratado no in\u00edcio.<\/p>\n<p data-start=\"1234\" data-end=\"1558\">Ele surge a partir das <strong data-start=\"1257\" data-end=\"1275\">c\u00e9lulas basais<\/strong>, que ficam na camada mais profunda da epiderme. Seu desenvolvimento est\u00e1 intimamente ligado \u00e0 <strong data-start=\"1370\" data-end=\"1402\">exposi\u00e7\u00e3o solar sem prote\u00e7\u00e3o<\/strong>, que causa muta\u00e7\u00f5es nessas c\u00e9lulas ao longo do tempo. Isso explica porque \u00e1reas mais expostas ao sol, como rosto, pesco\u00e7o e bra\u00e7os, s\u00e3o as mais afetadas.<\/p>\n<h2 data-start=\"1560\" data-end=\"1606\"><span class=\"ez-toc-section\" id=\"Quais_sao_os_sintomas_e_sinais_de_alerta\"><\/span>Quais s\u00e3o os sintomas e sinais de alerta?<span class=\"ez-toc-section-end\"><\/span><\/h2>\n<p data-start=\"1607\" data-end=\"1779\">Um dos grandes desafios do carcinoma basocelular \u00e9 que ele pode passar despercebido por muito tempo. Seus sinais s\u00e3o sutis, mas exigem aten\u00e7\u00e3o. Entre os principais est\u00e3o:<\/p>\n<ul>\n<li data-start=\"1783\" data-end=\"1832\"><strong>Feridas que n\u00e3o cicatrizam<\/strong>, mesmo ap\u00f3s semanas.<\/li>\n<li data-start=\"1835\" data-end=\"1901\"><strong>Les\u00f5es<\/strong> avermelhadas ou rosadas que podem sangrar com facilidade.<\/li>\n<li data-start=\"1904\" data-end=\"1969\">Pequenas eleva\u00e7\u00f5es na pele com <strong>aspecto perolado<\/strong> ou transl\u00facido.<\/li>\n<li data-start=\"1972\" data-end=\"2020\">Cicatrizes <strong>esbranqui\u00e7adas<\/strong> sem motivo aparente.<\/li>\n<\/ul>\n<p data-start=\"2022\" data-end=\"2163\">A mensagem aqui \u00e9 clara: n\u00e3o ignore mudan\u00e7as na pele. Se uma pinta, mancha ou ferida n\u00e3o melhora, \u00e9 hora de procurar um dermatologista.<\/p>\n<p data-start=\"2022\" data-end=\"2163\"><img loading=\"lazy\" decoding=\"async\" class=\"alignnone wp-image-33202 size-full\" title=\"Quais s\u00e3o os sintomas e sinais de alerta do carcinoma basocelular?\" src=\"https:\/\/www.rotaseguros.com.br\/planosdesaude\/wp-content\/uploads\/2025\/08\/Quais-sao-os-sintomas-e-sinais-de-alerta.png\" alt=\"Quais s\u00e3o os sintomas e sinais de alerta do carcinoma basocelular?\" width=\"800\" height=\"200\" srcset=\"https:\/\/www.rotaseguros.com.br\/planosdesaude\/wp-content\/uploads\/2025\/08\/Quais-sao-os-sintomas-e-sinais-de-alerta.png 800w, https:\/\/www.rotaseguros.com.br\/planosdesaude\/wp-content\/uploads\/2025\/08\/Quais-sao-os-sintomas-e-sinais-de-alerta-300x75.png 300w, https:\/\/www.rotaseguros.com.br\/planosdesaude\/wp-content\/uploads\/2025\/08\/Quais-sao-os-sintomas-e-sinais-de-alerta-768x192.png 768w\" sizes=\"auto, (max-width: 800px) 100vw, 800px\" \/><\/p>\n<h2 data-start=\"2165\" data-end=\"2206\"><span class=\"ez-toc-section\" id=\"A_importancia_do_diagnostico_precoce\"><\/span>A import\u00e2ncia do diagn\u00f3stico precoce<span class=\"ez-toc-section-end\"><\/span><\/h2>\n<p data-start=\"2207\" data-end=\"2509\">O relato de Fernanda Rodrigues mostra como <strong data-start=\"2250\" data-end=\"2296\">o diagn\u00f3stico precoce faz toda a diferen\u00e7a<\/strong>. Quando o carcinoma basocelular \u00e9 identificado no in\u00edcio, o tratamento costuma ser simples, muitas vezes realizado por meio de cirurgia para retirada da les\u00e3o. Al\u00e9m disso, o risco de complica\u00e7\u00f5es \u00e9 muito menor.<\/p>\n<p data-start=\"2511\" data-end=\"2671\">Por outro lado, quando a pessoa demora a procurar ajuda m\u00e9dica, a doen\u00e7a pode avan\u00e7ar, exigindo procedimentos mais complexos e impactando a qualidade de vida.<\/p>\n<p data-start=\"2736\" data-end=\"3113\">Um ponto que chamou aten\u00e7\u00e3o no caso da atriz foi a <strong data-start=\"2787\" data-end=\"2828\">reincid\u00eancia do carcinoma basocelular<\/strong>. Ap\u00f3s o primeiro diagn\u00f3stico e tratamento, Fernanda voltou a identificar uma nova les\u00e3o, que tamb\u00e9m precisou ser removida. Esse aspecto refor\u00e7a uma das caracter\u00edsticas da doen\u00e7a: mesmo quando tratada corretamente, ela pode <strong data-start=\"3052\" data-end=\"3110\">retornar em outra regi\u00e3o da pele ou at\u00e9 no mesmo local<\/strong>.<\/p>\n<p data-start=\"3115\" data-end=\"3429\">Essa reincid\u00eancia est\u00e1 associada \u00e0 exposi\u00e7\u00e3o solar acumulada ao longo da vida e tamb\u00e9m \u00e0 predisposi\u00e7\u00e3o individual. Por isso, especialistas recomendam que pacientes que j\u00e1 tiveram c\u00e2ncer de pele <strong>mantenham um acompanhamento dermatol\u00f3gico<\/strong> rigoroso, com consultas frequentes e aten\u00e7\u00e3o redobrada a qualquer altera\u00e7\u00e3o.<\/p>\n<p data-start=\"3431\" data-end=\"3644\"><img loading=\"lazy\" decoding=\"async\" class=\"alignnone wp-image-33203 size-full\" title=\"Carcinoma basocelular: Fatores de risco que merecem aten\u00e7\u00e3o\" src=\"https:\/\/www.rotaseguros.com.br\/planosdesaude\/wp-content\/uploads\/2025\/08\/Fatores-de-risco-que-merecem-atencao-1.png\" alt=\"Carcinoma basocelular: Fatores de risco que merecem aten\u00e7\u00e3o\" width=\"800\" height=\"200\" srcset=\"https:\/\/www.rotaseguros.com.br\/planosdesaude\/wp-content\/uploads\/2025\/08\/Fatores-de-risco-que-merecem-atencao-1.png 800w, https:\/\/www.rotaseguros.com.br\/planosdesaude\/wp-content\/uploads\/2025\/08\/Fatores-de-risco-que-merecem-atencao-1-300x75.png 300w, https:\/\/www.rotaseguros.com.br\/planosdesaude\/wp-content\/uploads\/2025\/08\/Fatores-de-risco-que-merecem-atencao-1-768x192.png 768w\" sizes=\"auto, (max-width: 800px) 100vw, 800px\" \/><\/p>\n<h2 data-start=\"3646\" data-end=\"3687\"><span class=\"ez-toc-section\" id=\"Fatores_de_risco_que_merecem_atencao\"><\/span>Fatores de risco que merecem aten\u00e7\u00e3o<span class=\"ez-toc-section-end\"><\/span><\/h2>\n<p data-start=\"3688\" data-end=\"3812\">Al\u00e9m da exposi\u00e7\u00e3o solar sem prote\u00e7\u00e3o, existem outros fatores que aumentam as chances de desenvolver carcinoma basocelular:<\/p>\n<ul>\n<li data-start=\"3816\" data-end=\"3879\">Pele clara, que tende a ser mais sens\u00edvel aos efeitos do sol.<\/li>\n<li data-start=\"3882\" data-end=\"3945\"><strong>Hist\u00f3rico de queimaduras solares,<\/strong> principalmente na inf\u00e2ncia.<\/li>\n<li data-start=\"3948\" data-end=\"4016\">Idade acima dos 40 anos, j\u00e1 que os danos solares s\u00e3o acumulativos.<\/li>\n<li data-start=\"4019\" data-end=\"4058\">Hist\u00f3rico familiar de <strong>c\u00e2ncer de pele.<\/strong><\/li>\n<li data-start=\"4061\" data-end=\"4115\">Uso frequente de c\u00e2maras de <strong>bronzeamento artificial.<\/strong><\/li>\n<li data-start=\"4117\" data-end=\"4211\">Conhecer esses fatores ajuda a refor\u00e7ar a necessidade de preven\u00e7\u00e3o e acompanhamento regular.<\/li>\n<\/ul>\n<h2 data-start=\"4213\" data-end=\"4259\"><span class=\"ez-toc-section\" id=\"Como_se_proteger_do_carcinoma_basocelular\"><\/span>Como se proteger do carcinoma basocelular<span class=\"ez-toc-section-end\"><\/span><\/h2>\n<p data-start=\"4260\" data-end=\"4427\">A boa not\u00edcia \u00e9 que, na maioria dos casos, o carcinoma basocelular pode ser evitado com <strong data-start=\"4348\" data-end=\"4385\">medidas simples de prote\u00e7\u00e3o solar<\/strong>. Algumas atitudes fundamentais incluem:<\/p>\n<ul>\n<li data-start=\"4431\" data-end=\"4489\">Usar protetor solar diariamente, mesmo em dias nublados.<\/li>\n<li data-start=\"4492\" data-end=\"4541\">Reaplicar o protetor a cada duas ou tr\u00eas horas.<\/li>\n<li data-start=\"4544\" data-end=\"4628\">Evitar exposi\u00e7\u00e3o solar entre 10h e 16h, per\u00edodo de maior intensidade dos raios UV.<\/li>\n<li data-start=\"4631\" data-end=\"4690\">Usar roupas leves, chap\u00e9us de aba larga e \u00f3culos escuros.<\/li>\n<li data-start=\"4693\" data-end=\"4787\">Realizar consultas dermatol\u00f3gicas peri\u00f3dicas, principalmente para quem tem fatores de risco.<\/li>\n<\/ul>\n<p data-start=\"4851\" data-end=\"5184\">O caso da atriz traz uma reflex\u00e3o importante: <strong data-start=\"4897\" data-end=\"4963\">cuidar da pele n\u00e3o \u00e9 apenas uma quest\u00e3o est\u00e9tica, mas de sa\u00fade<\/strong>. Muitas vezes, as pessoas subestimam sinais que o corpo d\u00e1, acreditando que pequenas les\u00f5es ou manchas n\u00e3o representam riscos. O exemplo dela mostra que estar atento e procurar ajuda m\u00e9dica pode fazer toda a diferen\u00e7a.<\/p>\n<p data-start=\"5186\" data-end=\"5378\">Al\u00e9m disso, ao compartilhar sua experi\u00eancia, Fernanda tamb\u00e9m contribui para quebrar tabus e incentivar outras pessoas a se cuidarem mais, lembrando que a preven\u00e7\u00e3o \u00e9 sempre o melhor caminho.<\/p>\n<p data-start=\"5186\" data-end=\"5378\"><img loading=\"lazy\" decoding=\"async\" class=\"alignnone wp-image-33204 size-full\" title=\"Carcinoma basocelular: Um olhar atento para o futuro\" src=\"https:\/\/www.rotaseguros.com.br\/planosdesaude\/wp-content\/uploads\/2025\/08\/Um-olhar-atento-para-o-futuro.png\" alt=\"Carcinoma basocelular: Um olhar atento para o futuro\" width=\"800\" height=\"200\" srcset=\"https:\/\/www.rotaseguros.com.br\/planosdesaude\/wp-content\/uploads\/2025\/08\/Um-olhar-atento-para-o-futuro.png 800w, https:\/\/www.rotaseguros.com.br\/planosdesaude\/wp-content\/uploads\/2025\/08\/Um-olhar-atento-para-o-futuro-300x75.png 300w, https:\/\/www.rotaseguros.com.br\/planosdesaude\/wp-content\/uploads\/2025\/08\/Um-olhar-atento-para-o-futuro-768x192.png 768w\" sizes=\"auto, (max-width: 800px) 100vw, 800px\" \/><\/p>\n<h2 data-start=\"5380\" data-end=\"5414\"><span class=\"ez-toc-section\" id=\"Um_olhar_atento_para_o_futuro\"><\/span>Um olhar atento para o futuro<span class=\"ez-toc-section-end\"><\/span><\/h2>\n<p data-start=\"5415\" data-end=\"5709\">Ao final, a hist\u00f3ria de Fernanda Rodrigues serve como um lembrete para todos: <strong>a pele guarda nossa hist\u00f3ria de vida<\/strong>, incluindo nossas escolhas de exposi\u00e7\u00e3o solar e cuidados di\u00e1rios. Prestar aten\u00e7\u00e3o aos sinais, buscar diagn\u00f3stico precoce e investir na preven\u00e7\u00e3o pode evitar complica\u00e7\u00f5es s\u00e9rias.<\/p>\n<p data-start=\"5711\" data-end=\"5830\"><strong>E voc\u00ea, j\u00e1 marcou sua pr\u00f3xima consulta com o dermatologista?<\/strong> A sa\u00fade da sua pele merece aten\u00e7\u00e3o e cuidado constantes e nisso a<a href=\"https:\/\/www.rotaseguros.com.br\/unidades\/\"> <strong>Rota Seguros<\/strong><\/a> pode te ajudar, fa\u00e7a agora uma cota\u00e7\u00e3o gratuita com um de nossos consultores!<\/p>\n<p data-start=\"5711\" data-end=\"5830\">Entre em contato:<\/p>\n<p>Belo Horizonte \u2013 MG:\u00a0<a href=\"https:\/\/www.rotaseguros.com.br\/index.html\">0800 024 24 24<\/a><\/p>\n<p>Colatina \u2013 ES:\u00a0<a href=\"https:\/\/www.rotaseguros.com.br\/colatina\/index.html\">(27) 3121-9393<\/a><\/p>\n<p>Londrina \u2013 PR:\u00a0<a href=\"https:\/\/www.rotaseguros.com.br\/londrina\/index.html\">(43) 3233-2096<\/a><\/p>\n<p>Uberl\u00e2ndia \u2013 MG:\u00a0<a href=\"https:\/\/www.rotaseguros.com.br\/uberlandia\/index.html\">(34) 3291-9300<\/a><\/p>\n<p>Cascavel \u2013 PR:\u00a0<a href=\"https:\/\/www.rotaseguros.com.br\/cascavel\/index.html\">(45) 2101-9406<\/a><\/p>\n<p>Curitiba \u2013 PR:\u00a0<a href=\"https:\/\/www.rotaseguros.com.br\/curitiba\/index.html\">(41) 3596-0365<\/a><\/p>\n<p>Maring\u00e1 \u2013 PR:\u00a0<a href=\"https:\/\/www.rotaseguros.com.br\/maringa\/index.html\">(44) 2103-6720<\/a><\/p>\n<p>Vit\u00f3ria \u2013 ES:\u00a0<a href=\"https:\/\/www.rotaseguros.com.br\/vitoria\/index.html\">(27) 2233-3020<\/a><\/p>\n<p>Caxias do Sul \u2013 RS:\u00a0<a href=\"https:\/\/www.rotaseguros.com.br\/caxias-do-sul\/index.html\">(54) 2991-8270<\/a><\/p>\n<p>Divin\u00f3polis \u2013 MG:\u00a0<a href=\"https:\/\/www.rotaseguros.com.br\/divinopolis\/index.html\">(37) 3511-3030<\/a><\/p>\n<p>Po\u00e7os de Caldas \u2013\u00a0<a href=\"https:\/\/www.rotaseguros.com.br\/pocos-de-caldas\/index.html\">MG: (35) 3713-2531<\/a><\/p>\n","protected":false},"excerpt":{"rendered":"<p><span class=\"span-reading-time rt-reading-time\" style=\"display: block;\"><span class=\"rt-label rt-prefix\">Reading Time: <\/span> <span class=\"rt-time\"> 4<\/span> <span class=\"rt-label rt-postfix\">minutes<\/span><\/span>Recentemente, a atriz Fernanda Rodrigues trouxe \u00e0 tona uma quest\u00e3o de sa\u00fade que muitas vezes passa despercebida: o diagn\u00f3stico de carcinoma basocelular! Um dos tipos mais comuns de c\u00e2ncer de &#8230;<\/p>\n","protected":false},"author":37,"featured_media":33199,"comment_status":"open","ping_status":"open","sticky":false,"template":"","format":"standard","meta":{"_monsterinsights_skip_tracking":false,"_monsterinsights_sitenote_active":false,"_monsterinsights_sitenote_note":"","_monsterinsights_sitenote_category":0,"footnotes":"","_links_to":"","_links_to_target":""},"categories":[12,33,1005],"tags":[686,3368,1025,3874,3873,132,1343,3875,48,1127,884,3876],"class_list":["post-33198","post","type-post","status-publish","format-standard","has-post-thumbnail","hentry","category-noticias","category-rota-seguros","category-saude","tag-bem-estar","tag-blog","tag-cancer-de-pele","tag-carcinoma-basocelular","tag-fernanda-rodrigues","tag-plano-de-saude","tag-prevencao","tag-reincidencia-de-cancer-de-pele","tag-rota-seguros-2","tag-saude","tag-seguro","tag-sintomas-carcinoma-basocelular"],"_links":{"self":[{"href":"https:\/\/www.rotaseguros.com.br\/planosdesaude\/wp-json\/wp\/v2\/posts\/33198","targetHints":{"allow":["GET"]}}],"collection":[{"href":"https:\/\/www.rotaseguros.com.br\/planosdesaude\/wp-json\/wp\/v2\/posts"}],"about":[{"href":"https:\/\/www.rotaseguros.com.br\/planosdesaude\/wp-json\/wp\/v2\/types\/post"}],"author":[{"embeddable":true,"href":"https:\/\/www.rotaseguros.com.br\/planosdesaude\/wp-json\/wp\/v2\/users\/37"}],"replies":[{"embeddable":true,"href":"https:\/\/www.rotaseguros.com.br\/planosdesaude\/wp-json\/wp\/v2\/comments?post=33198"}],"version-history":[{"count":4,"href":"https:\/\/www.rotaseguros.com.br\/planosdesaude\/wp-json\/wp\/v2\/posts\/33198\/revisions"}],"predecessor-version":[{"id":33212,"href":"https:\/\/www.rotaseguros.com.br\/planosdesaude\/wp-json\/wp\/v2\/posts\/33198\/revisions\/33212"}],"wp:featuredmedia":[{"embeddable":true,"href":"https:\/\/www.rotaseguros.com.br\/planosdesaude\/wp-json\/wp\/v2\/media\/33199"}],"wp:attachment":[{"href":"https:\/\/www.rotaseguros.com.br\/planosdesaude\/wp-json\/wp\/v2\/media?parent=33198"}],"wp:term":[{"taxonomy":"category","embeddable":true,"href":"https:\/\/www.rotaseguros.com.br\/planosdesaude\/wp-json\/wp\/v2\/categories?post=33198"},{"taxonomy":"post_tag","embeddable":true,"href":"https:\/\/www.rotaseguros.com.br\/planosdesaude\/wp-json\/wp\/v2\/tags?post=33198"}],"curies":[{"name":"wp","href":"https:\/\/api.w.org\/{rel}","templated":true}]}}