{"id":33213,"date":"2025-09-02T08:00:36","date_gmt":"2025-09-02T11:00:36","guid":{"rendered":"https:\/\/www.rotaseguros.com.br\/planosdesaude\/?p=33213"},"modified":"2025-09-01T17:51:09","modified_gmt":"2025-09-01T20:51:09","slug":"os-perigos-do-castigo-fisico","status":"publish","type":"post","link":"https:\/\/www.rotaseguros.com.br\/planosdesaude\/os-perigos-do-castigo-fisico\/","title":{"rendered":"Castigo f\u00edsico na inf\u00e2ncia: por que essa pr\u00e1tica precisa acabar"},"content":{"rendered":"<span class=\"span-reading-time rt-reading-time\" style=\"display: block;\"><span class=\"rt-label rt-prefix\">Reading Time: <\/span> <span class=\"rt-time\"> 3<\/span> <span class=\"rt-label rt-postfix\">minutes<\/span><\/span><p data-start=\"302\" data-end=\"645\">O castigo f\u00edsico ainda aparece com frequ\u00eancia em pr\u00e1ticas educativas, muitas vezes justificado como uma forma de \u201ccorrigir\u201d comportamentos. No entanto, as evid\u00eancias cient\u00edficas mostram exatamente o oposto: <strong data-start=\"509\" data-end=\"564\">o castigo f\u00edsico causa danos profundos e duradouros<\/strong>, afetando desde o desenvolvimento cerebral at\u00e9 a sa\u00fade emocional de uma crian\u00e7a.<\/p><div id=\"ez-toc-container\" class=\"ez-toc-v2_0_82_2 counter-flat ez-toc-counter ez-toc-grey ez-toc-container-direction\">\n<div class=\"ez-toc-title-container\">\n<p class=\"ez-toc-title\" style=\"cursor:inherit\">Aqui voc\u00ea encontra:<\/p>\n<span class=\"ez-toc-title-toggle\"><a href=\"#\" class=\"ez-toc-pull-right ez-toc-btn ez-toc-btn-xs ez-toc-btn-default ez-toc-toggle\" aria-label=\"Alternar tabela de conte\u00fado\"><span class=\"ez-toc-js-icon-con\"><span class=\"\"><span class=\"eztoc-hide\" style=\"display:none;\">Toggle<\/span><span class=\"ez-toc-icon-toggle-span\"><svg style=\"fill: #999;color:#999\" xmlns=\"http:\/\/www.w3.org\/2000\/svg\" class=\"list-377408\" width=\"20px\" height=\"20px\" viewBox=\"0 0 24 24\" fill=\"none\"><path d=\"M6 6H4v2h2V6zm14 0H8v2h12V6zM4 11h2v2H4v-2zm16 0H8v2h12v-2zM4 16h2v2H4v-2zm16 0H8v2h12v-2z\" fill=\"currentColor\"><\/path><\/svg><svg style=\"fill: #999;color:#999\" class=\"arrow-unsorted-368013\" xmlns=\"http:\/\/www.w3.org\/2000\/svg\" width=\"10px\" height=\"10px\" viewBox=\"0 0 24 24\" version=\"1.2\" baseProfile=\"tiny\"><path d=\"M18.2 9.3l-6.2-6.3-6.2 6.3c-.2.2-.3.4-.3.7s.1.5.3.7c.2.2.4.3.7.3h11c.3 0 .5-.1.7-.3.2-.2.3-.5.3-.7s-.1-.5-.3-.7zM5.8 14.7l6.2 6.3 6.2-6.3c.2-.2.3-.5.3-.7s-.1-.5-.3-.7c-.2-.2-.4-.3-.7-.3h-11c-.3 0-.5.1-.7.3-.2.2-.3.5-.3.7s.1.5.3.7z\"\/><\/svg><\/span><\/span><\/span><\/a><\/span><\/div>\n<nav><ul class='ez-toc-list ez-toc-list-level-1 ' ><li class='ez-toc-page-1'><a class=\"ez-toc-link ez-toc-heading-1\" href=\"https:\/\/www.rotaseguros.com.br\/planosdesaude\/os-perigos-do-castigo-fisico\/#Efeitos_cerebrais_e_cognitivos_a_longo_prazo\" >Efeitos cerebrais e cognitivos a longo prazo<\/a><\/li><li class='ez-toc-page-1'><a class=\"ez-toc-link ez-toc-heading-2\" href=\"https:\/\/www.rotaseguros.com.br\/planosdesaude\/os-perigos-do-castigo-fisico\/#Saude_mental_comprometida_desde_cedo\" >Sa\u00fade mental comprometida desde cedo<\/a><\/li><li class='ez-toc-page-1'><a class=\"ez-toc-link ez-toc-heading-3\" href=\"https:\/\/www.rotaseguros.com.br\/planosdesaude\/os-perigos-do-castigo-fisico\/#Impacto_economico_e_social\" >Impacto econ\u00f4mico e social<\/a><\/li><li class='ez-toc-page-1'><a class=\"ez-toc-link ez-toc-heading-4\" href=\"https:\/\/www.rotaseguros.com.br\/planosdesaude\/os-perigos-do-castigo-fisico\/#Alternativas_eficazes_ao_castigo_fisico\" >Alternativas eficazes ao castigo f\u00edsico<\/a><\/li><li class='ez-toc-page-1'><a class=\"ez-toc-link ez-toc-heading-5\" href=\"https:\/\/www.rotaseguros.com.br\/planosdesaude\/os-perigos-do-castigo-fisico\/#Uma_construcao_coletiva_necessaria\" >Uma constru\u00e7\u00e3o coletiva necess\u00e1ria<\/a><\/li><\/ul><\/nav><\/div>\n\n<p data-start=\"2203\" data-end=\"2573\">Segundo o <strong data-start=\"2213\" data-end=\"2223\">UNICEF<\/strong>, <a href=\"https:\/\/www.unicef.org\/brazil\/comunicados-de-imprensa\/quase-400-milhoes-de-criancas-em-todo-o-mundo-sofrem-violencia-em-casa\" target=\"_blank\" rel=\"noopener\"><strong data-start=\"2225\" data-end=\"2318\">quase 400 milh\u00f5es de crian\u00e7as menores de cinco anos sofrem castigos f\u00edsicos todos os anos<\/strong><\/a> em casa. Palmadas, belisc\u00f5es, empurr\u00f5es ou pux\u00f5es de orelha ainda s\u00e3o vistos por muitos como \u201ceduca\u00e7\u00e3o normal\u201d, mas representam uma <strong>viola\u00e7\u00e3o grave dos direitos infantis.<\/strong>\u00a0Esses n\u00fameros revelam um problema global que n\u00e3o respeita fronteiras culturais ou sociais. Ainda que a percep\u00e7\u00e3o esteja mudando, a disciplina violenta continua profundamente enraizada em muitos lares.<\/p>\n<p data-start=\"2827\" data-end=\"3265\">Um estudo feito em 69 pa\u00edses, mostrou que o castigo f\u00edsico <strong data-start=\"2951\" data-end=\"2991\">n\u00e3o melhora o comportamento infantil<\/strong>. Pelo contr\u00e1rio: ele est\u00e1 associado a <strong>aumento da agressividade, comportamento antissocial e preju\u00edzos cognitivos<\/strong>. Ou seja, a puni\u00e7\u00e3o ensina a crian\u00e7a a obedecer por medo, mas n\u00e3o desenvolve compreens\u00e3o sobre limites e responsabilidades. A longo prazo, isso dificulta a autorregula\u00e7\u00e3o emocional e favorece ciclos de viol\u00eancia.<\/p>\n<p data-start=\"2827\" data-end=\"3265\"><img loading=\"lazy\" decoding=\"async\" class=\"alignnone wp-image-33224 size-full\" title=\"Efeitos cerebrais e cognitivos a longo prazo\" src=\"https:\/\/www.rotaseguros.com.br\/planosdesaude\/wp-content\/uploads\/2025\/08\/Efeitos-cerebrais-e-cognitivos-a-longo-prazo.png\" alt=\"Efeitos cerebrais e cognitivos a longo prazo\" width=\"800\" height=\"200\" srcset=\"https:\/\/www.rotaseguros.com.br\/planosdesaude\/wp-content\/uploads\/2025\/08\/Efeitos-cerebrais-e-cognitivos-a-longo-prazo.png 800w, https:\/\/www.rotaseguros.com.br\/planosdesaude\/wp-content\/uploads\/2025\/08\/Efeitos-cerebrais-e-cognitivos-a-longo-prazo-300x75.png 300w, https:\/\/www.rotaseguros.com.br\/planosdesaude\/wp-content\/uploads\/2025\/08\/Efeitos-cerebrais-e-cognitivos-a-longo-prazo-768x192.png 768w\" sizes=\"auto, (max-width: 800px) 100vw, 800px\" \/><\/p>\n<h2 data-start=\"647\" data-end=\"696\"><span class=\"ez-toc-section\" id=\"Efeitos_cerebrais_e_cognitivos_a_longo_prazo\"><\/span>Efeitos cerebrais e cognitivos a longo prazo<span class=\"ez-toc-section-end\"><\/span><\/h2>\n<p data-start=\"697\" data-end=\"1210\">A Organiza\u00e7\u00e3o Mundial da Sa\u00fade (OMS) alerta que o castigo corporal pode reduzir o volume da subst\u00e2ncia cinzenta em <strong>\u00e1reas cerebrais ligadas ao desempenho cognitivo<\/strong>. Esse impacto compromete habilidades como <strong>aprendizagem, memoriza\u00e7\u00e3o e resolu\u00e7\u00e3o de problemas,<\/strong> refletindo em dificuldades escolares e profissionais no futuro.<\/p>\n<p data-start=\"1212\" data-end=\"1427\">Isso significa que a viol\u00eancia n\u00e3o somente gera dor imediata, mas tamb\u00e9m altera o modo como o c\u00e9rebro da crian\u00e7a se desenvolve. As sequelas n\u00e3o desaparecem com o tempo: podem acompanhar o indiv\u00edduo at\u00e9 a vida adulta.<\/p>\n<h2 data-start=\"1429\" data-end=\"1470\"><span class=\"ez-toc-section\" id=\"Saude_mental_comprometida_desde_cedo\"><\/span>Sa\u00fade mental comprometida desde cedo<span class=\"ez-toc-section-end\"><\/span><\/h2>\n<p data-start=\"1471\" data-end=\"1952\">Outro ponto cr\u00edtico est\u00e1 na sa\u00fade psicol\u00f3gica. O castigo f\u00edsico est\u00e1 fortemente associado a <strong data-start=\"1563\" data-end=\"1663\">transtornos como depress\u00e3o, ansiedade, baixa autoestima, automutila\u00e7\u00e3o e at\u00e9 tend\u00eancias suicidas<\/strong>. Adultos que sofreram puni\u00e7\u00f5es violentas na inf\u00e2ncia relatam maior dificuldade em lidar com emo\u00e7\u00f5es e em construir rela\u00e7\u00f5es de confian\u00e7a.<\/p>\n<p data-start=\"1954\" data-end=\"2163\">Isso mostra que a viol\u00eancia contra crian\u00e7as n\u00e3o se resume a \u201cum momento dif\u00edcil da inf\u00e2ncia\u201d. Ela molda a<strong> forma como a pessoa enxerga a si mesma<\/strong> e o mundo ao redor, gerando marcas invis\u00edveis, mas persistentes.<\/p>\n<p data-start=\"1954\" data-end=\"2163\"><img loading=\"lazy\" decoding=\"async\" class=\"alignnone wp-image-33225 size-full\" title=\"Impacto econ\u00f4mico e social\" src=\"https:\/\/www.rotaseguros.com.br\/planosdesaude\/wp-content\/uploads\/2025\/08\/Impacto-economico-e-social.png\" alt=\"Impacto econ\u00f4mico e social\" width=\"800\" height=\"200\" srcset=\"https:\/\/www.rotaseguros.com.br\/planosdesaude\/wp-content\/uploads\/2025\/08\/Impacto-economico-e-social.png 800w, https:\/\/www.rotaseguros.com.br\/planosdesaude\/wp-content\/uploads\/2025\/08\/Impacto-economico-e-social-300x75.png 300w, https:\/\/www.rotaseguros.com.br\/planosdesaude\/wp-content\/uploads\/2025\/08\/Impacto-economico-e-social-768x192.png 768w\" sizes=\"auto, (max-width: 800px) 100vw, 800px\" \/><\/p>\n<h2 data-start=\"3480\" data-end=\"3511\"><span class=\"ez-toc-section\" id=\"Impacto_economico_e_social\"><\/span>Impacto econ\u00f4mico e social<span class=\"ez-toc-section-end\"><\/span><\/h2>\n<p data-start=\"3512\" data-end=\"4034\">A viol\u00eancia infantil n\u00e3o \u00e9 apenas uma quest\u00e3o individual. Segundo a OMS, os efeitos do castigo f\u00edsico podem representar <strong data-start=\"3632\" data-end=\"3664\">entre 2% e 5% do PIB mundial<\/strong>, devido \u00e0 redu\u00e7\u00e3o da produtividade e aos custos com sa\u00fade mental. Crian\u00e7as que crescem em ambientes violentos t\u00eam maiores chances de<strong> abandonar os estudos, enfrentar desemprego e depender de apoio social na vida adulta. <\/strong>Assim, combater essa pr\u00e1tica \u00e9 tamb\u00e9m uma medida de desenvolvimento econ\u00f4mico e social.<\/p>\n<p data-start=\"4173\" data-end=\"4579\">No Brasil, a <strong data-start=\"4186\" data-end=\"4209\">Lei Menino Bernardo<\/strong>, de 2014, pro\u00edbe o uso de castigo f\u00edsico como forma de disciplina. Apesar disso, pesquisas indicam que <strong data-start=\"4313\" data-end=\"4393\">29% dos respons\u00e1veis ainda admitem dar palmadas em crian\u00e7as de at\u00e9 seis anos<\/strong>, mostrando que a mudan\u00e7a cultural \u00e9 lenta.<\/p>\n<p data-start=\"4581\" data-end=\"4774\">A lei \u00e9 um avan\u00e7o, mas sozinha n\u00e3o basta: \u00e9 necess\u00e1rio investir em campanhas de conscientiza\u00e7\u00e3o, apoio \u00e0s fam\u00edlias e forma\u00e7\u00e3o de profissionais que orientem alternativas saud\u00e1veis de disciplina.<\/p>\n<h2 data-start=\"4776\" data-end=\"4820\"><span class=\"ez-toc-section\" id=\"Alternativas_eficazes_ao_castigo_fisico\"><\/span>Alternativas eficazes ao castigo f\u00edsico<span class=\"ez-toc-section-end\"><\/span><\/h2>\n<p data-start=\"4821\" data-end=\"4949\">Existem estrat\u00e9gias de educa\u00e7\u00e3o <strong>mais eficazes e respeitosas<\/strong>, que ajudam na forma\u00e7\u00e3o da crian\u00e7a sem causar traumas. Entre elas:<\/p>\n<ul>\n<li data-start=\"4952\" data-end=\"5024\"><strong data-start=\"4952\" data-end=\"4977\">Di\u00e1logo claro e firme<\/strong>, explicando o motivo de determinadas regras.<\/li>\n<li data-start=\"5027\" data-end=\"5090\"><strong data-start=\"5027\" data-end=\"5047\">Refor\u00e7o positivo<\/strong>, elogiando e incentivando boas atitudes.<\/li>\n<li data-start=\"5093\" data-end=\"5188\"><strong data-start=\"5093\" data-end=\"5135\">Consequ\u00eancias naturais e proporcionais<\/strong>, como retirada de privil\u00e9gios de forma tempor\u00e1ria.<\/li>\n<li data-start=\"5191\" data-end=\"5260\"><strong data-start=\"5191\" data-end=\"5215\">Rotinas estruturadas<\/strong>, que trazem seguran\u00e7a e reduzem conflitos.<\/li>\n<li data-start=\"5263\" data-end=\"5333\"><strong data-start=\"5263\" data-end=\"5288\">Acolhimento emocional<\/strong>, ajudando a crian\u00e7a a lidar com frustra\u00e7\u00f5es.<\/li>\n<\/ul>\n<p data-start=\"5335\" data-end=\"5432\">Esses m\u00e9todos fortalecem o v\u00ednculo entre pais e filhos, incentivando a coopera\u00e7\u00e3o em vez do medo.<\/p>\n<p data-start=\"5335\" data-end=\"5432\"><img loading=\"lazy\" decoding=\"async\" class=\"alignnone wp-image-33226 size-full\" title=\"Uma constru\u00e7\u00e3o coletiva necess\u00e1ria\" src=\"https:\/\/www.rotaseguros.com.br\/planosdesaude\/wp-content\/uploads\/2025\/08\/Uma-construcao-coletiva-necessaria.png\" alt=\"Uma constru\u00e7\u00e3o coletiva necess\u00e1ria\" width=\"800\" height=\"200\" srcset=\"https:\/\/www.rotaseguros.com.br\/planosdesaude\/wp-content\/uploads\/2025\/08\/Uma-construcao-coletiva-necessaria.png 800w, https:\/\/www.rotaseguros.com.br\/planosdesaude\/wp-content\/uploads\/2025\/08\/Uma-construcao-coletiva-necessaria-300x75.png 300w, https:\/\/www.rotaseguros.com.br\/planosdesaude\/wp-content\/uploads\/2025\/08\/Uma-construcao-coletiva-necessaria-768x192.png 768w\" sizes=\"auto, (max-width: 800px) 100vw, 800px\" \/><\/p>\n<h2 data-start=\"5434\" data-end=\"5473\"><span class=\"ez-toc-section\" id=\"Uma_construcao_coletiva_necessaria\"><\/span>Uma constru\u00e7\u00e3o coletiva necess\u00e1ria<span class=\"ez-toc-section-end\"><\/span><\/h2>\n<p data-start=\"3667\" data-end=\"3992\">O castigo f\u00edsico n\u00e3o ensina respeito, apenas medo. Ele deixa marcas que podem acompanhar o indiv\u00edduo por toda a vida, prejudicando sua sa\u00fade f\u00edsica, mental e emocional. A ci\u00eancia e organismos internacionais, como a OMS, s\u00e3o un\u00e2nimes: <strong data-start=\"3901\" data-end=\"3989\">a viol\u00eancia n\u00e3o \u00e9 um recurso educativo, mas um risco \u00e0 sa\u00fade e ao bem-estar infantil<\/strong>.<\/p>\n<p data-start=\"3994\" data-end=\"4176\">Ao repensarmos nossas pr\u00e1ticas de educa\u00e7\u00e3o, estamos n\u00e3o apenas protegendo a inf\u00e2ncia, mas tamb\u00e9m contribuindo para a <strong>constru\u00e7\u00e3o de uma sociedade mais equilibrada<\/strong>, emp\u00e1tica e justa. Por isso, fam\u00edlias, escolas e toda a sociedade precisam se unir para fortalecer pr\u00e1ticas educativas positivas, que formem crian\u00e7as seguras, confiantes e preparadas para um futuro saud\u00e1vel.<\/p>\n<p data-start=\"4370\" data-end=\"4550\">Quer continuar aprendendo sobre sa\u00fade e qualidade de vida? Leia tamb\u00e9m nosso blog sobre a <a href=\"https:\/\/www.rotaseguros.com.br\/planosdesaude\/sindrome-de-borderline\/\"><strong>s\u00edndrome de borderline<\/strong><\/a>.<\/p>\n","protected":false},"excerpt":{"rendered":"<p><span class=\"span-reading-time rt-reading-time\" style=\"display: block;\"><span class=\"rt-label rt-prefix\">Reading Time: <\/span> <span class=\"rt-time\"> 3<\/span> <span class=\"rt-label rt-postfix\">minutes<\/span><\/span>O castigo f\u00edsico ainda aparece com frequ\u00eancia em pr\u00e1ticas educativas, muitas vezes justificado como uma forma de \u201ccorrigir\u201d comportamentos. No entanto, as evid\u00eancias cient\u00edficas mostram exatamente o oposto: o castigo &#8230;<\/p>\n","protected":false},"author":37,"featured_media":33214,"comment_status":"open","ping_status":"open","sticky":false,"template":"","format":"standard","meta":{"_monsterinsights_skip_tracking":false,"_monsterinsights_sitenote_active":false,"_monsterinsights_sitenote_note":"","_monsterinsights_sitenote_category":0,"footnotes":"","_links_to":"","_links_to_target":""},"categories":[33,1005],"tags":[3877,3880,3878,3881,2078,3883,41,3882,48,3879],"class_list":["post-33213","post","type-post","status-publish","format-standard","has-post-thumbnail","hentry","category-rota-seguros","category-saude","tag-castigo-fisico-infantil","tag-comportamento-infantil","tag-danos-do-castigo-corporal","tag-educacao-sem-violencia","tag-infancia","tag-lei-menino-bernardo","tag-planos-de-saude","tag-protecao-infantil","tag-rota-seguros-2","tag-violencia-na-infancia"],"_links":{"self":[{"href":"https:\/\/www.rotaseguros.com.br\/planosdesaude\/wp-json\/wp\/v2\/posts\/33213","targetHints":{"allow":["GET"]}}],"collection":[{"href":"https:\/\/www.rotaseguros.com.br\/planosdesaude\/wp-json\/wp\/v2\/posts"}],"about":[{"href":"https:\/\/www.rotaseguros.com.br\/planosdesaude\/wp-json\/wp\/v2\/types\/post"}],"author":[{"embeddable":true,"href":"https:\/\/www.rotaseguros.com.br\/planosdesaude\/wp-json\/wp\/v2\/users\/37"}],"replies":[{"embeddable":true,"href":"https:\/\/www.rotaseguros.com.br\/planosdesaude\/wp-json\/wp\/v2\/comments?post=33213"}],"version-history":[{"count":4,"href":"https:\/\/www.rotaseguros.com.br\/planosdesaude\/wp-json\/wp\/v2\/posts\/33213\/revisions"}],"predecessor-version":[{"id":33263,"href":"https:\/\/www.rotaseguros.com.br\/planosdesaude\/wp-json\/wp\/v2\/posts\/33213\/revisions\/33263"}],"wp:featuredmedia":[{"embeddable":true,"href":"https:\/\/www.rotaseguros.com.br\/planosdesaude\/wp-json\/wp\/v2\/media\/33214"}],"wp:attachment":[{"href":"https:\/\/www.rotaseguros.com.br\/planosdesaude\/wp-json\/wp\/v2\/media?parent=33213"}],"wp:term":[{"taxonomy":"category","embeddable":true,"href":"https:\/\/www.rotaseguros.com.br\/planosdesaude\/wp-json\/wp\/v2\/categories?post=33213"},{"taxonomy":"post_tag","embeddable":true,"href":"https:\/\/www.rotaseguros.com.br\/planosdesaude\/wp-json\/wp\/v2\/tags?post=33213"}],"curies":[{"name":"wp","href":"https:\/\/api.w.org\/{rel}","templated":true}]}}