{"id":33216,"date":"2025-09-04T08:00:47","date_gmt":"2025-09-04T11:00:47","guid":{"rendered":"https:\/\/www.rotaseguros.com.br\/planosdesaude\/?p=33216"},"modified":"2025-09-01T17:47:50","modified_gmt":"2025-09-01T20:47:50","slug":"dieta-mediterranea","status":"publish","type":"post","link":"https:\/\/www.rotaseguros.com.br\/planosdesaude\/dieta-mediterranea\/","title":{"rendered":"Dieta mediterr\u00e2nea pode ser aliada da sa\u00fade mental?"},"content":{"rendered":"<span class=\"span-reading-time rt-reading-time\" style=\"display: block;\"><span class=\"rt-label rt-prefix\">Reading Time: <\/span> <span class=\"rt-time\"> 3<\/span> <span class=\"rt-label rt-postfix\">minutes<\/span><\/span><p data-start=\"398\" data-end=\"814\">Nos \u00faltimos anos, a <strong data-start=\"418\" data-end=\"440\">dieta mediterr\u00e2nea<\/strong> ganhou destaque n\u00e3o apenas por seus benef\u00edcios \u00e0 sa\u00fade f\u00edsica, mas tamb\u00e9m por seu impacto positivo na <strong data-start=\"543\" data-end=\"559\">sa\u00fade mental<\/strong>. Baseada no consumo de alimentos naturais, como frutas, legumes, azeite de oliva, peixes e gr\u00e3os integrais, esse estilo alimentar tradicional da regi\u00e3o do Mediterr\u00e2neo est\u00e1 associado \u00e0 <strong data-start=\"745\" data-end=\"811\">redu\u00e7\u00e3o de riscos de depress\u00e3o, ansiedade e decl\u00ednio cognitivo<\/strong>.<\/p><div id=\"ez-toc-container\" class=\"ez-toc-v2_0_82_2 counter-flat ez-toc-counter ez-toc-grey ez-toc-container-direction\">\n<div class=\"ez-toc-title-container\">\n<p class=\"ez-toc-title\" style=\"cursor:inherit\">Aqui voc\u00ea encontra:<\/p>\n<span class=\"ez-toc-title-toggle\"><a href=\"#\" class=\"ez-toc-pull-right ez-toc-btn ez-toc-btn-xs ez-toc-btn-default ez-toc-toggle\" aria-label=\"Alternar tabela de conte\u00fado\"><span class=\"ez-toc-js-icon-con\"><span class=\"\"><span class=\"eztoc-hide\" style=\"display:none;\">Toggle<\/span><span class=\"ez-toc-icon-toggle-span\"><svg style=\"fill: #999;color:#999\" xmlns=\"http:\/\/www.w3.org\/2000\/svg\" class=\"list-377408\" width=\"20px\" height=\"20px\" viewBox=\"0 0 24 24\" fill=\"none\"><path d=\"M6 6H4v2h2V6zm14 0H8v2h12V6zM4 11h2v2H4v-2zm16 0H8v2h12v-2zM4 16h2v2H4v-2zm16 0H8v2h12v-2z\" fill=\"currentColor\"><\/path><\/svg><svg style=\"fill: #999;color:#999\" class=\"arrow-unsorted-368013\" xmlns=\"http:\/\/www.w3.org\/2000\/svg\" width=\"10px\" height=\"10px\" viewBox=\"0 0 24 24\" version=\"1.2\" baseProfile=\"tiny\"><path d=\"M18.2 9.3l-6.2-6.3-6.2 6.3c-.2.2-.3.4-.3.7s.1.5.3.7c.2.2.4.3.7.3h11c.3 0 .5-.1.7-.3.2-.2.3-.5.3-.7s-.1-.5-.3-.7zM5.8 14.7l6.2 6.3 6.2-6.3c.2-.2.3-.5.3-.7s-.1-.5-.3-.7c-.2-.2-.4-.3-.7-.3h-11c-.3 0-.5.1-.7.3-.2.2-.3.5-.3.7s.1.5.3.7z\"\/><\/svg><\/span><\/span><\/span><\/a><\/span><\/div>\n<nav><ul class='ez-toc-list ez-toc-list-level-1 ' ><li class='ez-toc-page-1'><a class=\"ez-toc-link ez-toc-heading-1\" href=\"https:\/\/www.rotaseguros.com.br\/planosdesaude\/dieta-mediterranea\/#O_que_e_a_dieta_mediterranea\" >O que \u00e9 a dieta mediterr\u00e2nea?<\/a><\/li><li class='ez-toc-page-1'><a class=\"ez-toc-link ez-toc-heading-2\" href=\"https:\/\/www.rotaseguros.com.br\/planosdesaude\/dieta-mediterranea\/#Relacao_entre_dieta_e_saude_mental\" >Rela\u00e7\u00e3o entre dieta e sa\u00fade mental<\/a><\/li><li class='ez-toc-page-1'><a class=\"ez-toc-link ez-toc-heading-3\" href=\"https:\/\/www.rotaseguros.com.br\/planosdesaude\/dieta-mediterranea\/#Uma_receita_simples_e_nutritiva\" >Uma receita simples e nutritiva<\/a><\/li><li class='ez-toc-page-1'><a class=\"ez-toc-link ez-toc-heading-4\" href=\"https:\/\/www.rotaseguros.com.br\/planosdesaude\/dieta-mediterranea\/#Salada_mediterranea_com_grao-de-bico_e_azeite_de_oliva\" >Salada mediterr\u00e2nea com gr\u00e3o-de-bico e azeite de oliva<\/a><\/li><li class='ez-toc-page-1'><a class=\"ez-toc-link ez-toc-heading-5\" href=\"https:\/\/www.rotaseguros.com.br\/planosdesaude\/dieta-mediterranea\/#Repensando_a_alimentacao_como_cuidado_integral\" >Repensando a alimenta\u00e7\u00e3o como cuidado integral<\/a><\/li><\/ul><\/nav><\/div>\n\n<p data-start=\"398\" data-end=\"814\">Hoje a<strong> <a href=\"https:\/\/www.rotaseguros.com.br\/unidades\/\">Rota Seguros<\/a> <\/strong>vai te explicar como isso funciona e indicar uma receita deliciosa!<\/p>\n<p data-start=\"398\" data-end=\"814\"><img loading=\"lazy\" decoding=\"async\" class=\"alignnone wp-image-33229 size-full\" title=\"O que \u00e9 a dieta mediterr\u00e2nea?\" src=\"https:\/\/www.rotaseguros.com.br\/planosdesaude\/wp-content\/uploads\/2025\/08\/O-que-e-a-dieta-mediterranea.png\" alt=\"O que \u00e9 a dieta mediterr\u00e2nea?\" width=\"800\" height=\"200\" srcset=\"https:\/\/www.rotaseguros.com.br\/planosdesaude\/wp-content\/uploads\/2025\/08\/O-que-e-a-dieta-mediterranea.png 800w, https:\/\/www.rotaseguros.com.br\/planosdesaude\/wp-content\/uploads\/2025\/08\/O-que-e-a-dieta-mediterranea-300x75.png 300w, https:\/\/www.rotaseguros.com.br\/planosdesaude\/wp-content\/uploads\/2025\/08\/O-que-e-a-dieta-mediterranea-768x192.png 768w\" sizes=\"auto, (max-width: 800px) 100vw, 800px\" \/><\/p>\n<h2 data-start=\"816\" data-end=\"850\"><span class=\"ez-toc-section\" id=\"O_que_e_a_dieta_mediterranea\"><\/span>O que \u00e9 a dieta mediterr\u00e2nea?<span class=\"ez-toc-section-end\"><\/span><\/h2>\n<p data-start=\"0\" data-end=\"562\">A dieta mediterr\u00e2nea n\u00e3o \u00e9 apenas uma forma de se alimentar, mas um verdadeiro estilo de vida. Ela valoriza o consumo de<strong> alimentos frescos e minimamente processados, com \u00eanfase em frutas e verduras em abund\u00e2ncia, peixes e frutos do mar como principais fontes de prote\u00edna animal<\/strong>, azeite de oliva como gordura predominante, al\u00e9m de gr\u00e3os integrais, nozes e sementes, que s\u00e3o ricos em fibras e antioxidantes. Em algumas regi\u00f5es, h\u00e1 tamb\u00e9m o consumo moderado de vinho tinto, enquanto a ingest\u00e3o de carnes vermelhas e alimentos ultraprocessados \u00e9 bastante reduzida.<\/p>\n<p data-start=\"564\" data-end=\"802\" data-is-last-node=\"\" data-is-only-node=\"\">Esse padr\u00e3o alimentar se tornou uma refer\u00eancia mundial por sua capacidade de promover longevidade e prevenir doen\u00e7as cardiovasculares. No entanto, os cientistas descobriram que seus benef\u00edcios v\u00e3o al\u00e9m, alcan\u00e7ando tamb\u00e9m a sa\u00fade mental.<\/p>\n<p data-start=\"1393\" data-end=\"1620\"><img loading=\"lazy\" decoding=\"async\" class=\"alignnone wp-image-33228 size-full\" title=\"Rela\u00e7\u00e3o entre dieta e sa\u00fade mental\" src=\"https:\/\/www.rotaseguros.com.br\/planosdesaude\/wp-content\/uploads\/2025\/08\/Relacao-entre-dieta-e-saude-mental.png\" alt=\"Rela\u00e7\u00e3o entre dieta e sa\u00fade mental\" width=\"800\" height=\"200\" srcset=\"https:\/\/www.rotaseguros.com.br\/planosdesaude\/wp-content\/uploads\/2025\/08\/Relacao-entre-dieta-e-saude-mental.png 800w, https:\/\/www.rotaseguros.com.br\/planosdesaude\/wp-content\/uploads\/2025\/08\/Relacao-entre-dieta-e-saude-mental-300x75.png 300w, https:\/\/www.rotaseguros.com.br\/planosdesaude\/wp-content\/uploads\/2025\/08\/Relacao-entre-dieta-e-saude-mental-768x192.png 768w\" sizes=\"auto, (max-width: 800px) 100vw, 800px\" \/><\/p>\n<h2 data-start=\"1622\" data-end=\"1661\"><span class=\"ez-toc-section\" id=\"Relacao_entre_dieta_e_saude_mental\"><\/span>Rela\u00e7\u00e3o entre dieta e sa\u00fade mental<span class=\"ez-toc-section-end\"><\/span><\/h2>\n<p data-start=\"1663\" data-end=\"1934\">Estudos recentes mostram que o que colocamos no prato influencia diretamente o equil\u00edbrio qu\u00edmico do c\u00e9rebro. Uma pesquisa\u00a0apontou que indiv\u00edduos que seguem a dieta mediterr\u00e2nea t\u00eam <strong data-start=\"1891\" data-end=\"1931\">menor risco de desenvolver depress\u00e3o<\/strong>.<\/p>\n<p data-start=\"1936\" data-end=\"2077\">Isso acontece porque os <strong>nutrientes<\/strong> presentes nos alimentos t\u00edpicos dessa dieta desempenham pap\u00e9is fundamentais no funcionamento do c\u00e9rebro:<\/p>\n<ul>\n<li data-start=\"2081\" data-end=\"2193\"><strong data-start=\"2081\" data-end=\"2106\">\u00c1cidos graxos <a href=\"https:\/\/www.vhita.com.br\/collections\/omega-3?srsltid=AfmBOopmQQc5LzqwhejSTldGuKUoUwb4miDOUTBHMznTKAkM36ZlBaAV\" target=\"_blank\" rel=\"noopener\">\u00f4mega-3<\/a><\/strong>, encontrados em peixes, contribuem para a sa\u00fade dos neur\u00f4nios e reduzem inflama\u00e7\u00f5es.<\/li>\n<li data-start=\"2196\" data-end=\"2340\"><strong data-start=\"2196\" data-end=\"2213\">Antioxidantes<\/strong> de frutas, verduras e azeite combatem o estresse oxidativo, um dos fatores ligados ao envelhecimento cerebral e \u00e0 ansiedade.<\/li>\n<li data-start=\"2343\" data-end=\"2501\"><strong data-start=\"2343\" data-end=\"2353\">Fibras<\/strong> e prebi\u00f3ticos favorecem a sa\u00fade intestinal, que est\u00e1 diretamente relacionada ao equil\u00edbrio do humor por meio do chamado \u201ceixo intestino-c\u00e9rebro\u201d.<\/li>\n<\/ul>\n<p data-start=\"2553\" data-end=\"2734\">A depress\u00e3o \u00e9 considerada uma das principais doen\u00e7as do s\u00e9culo, afetando milh\u00f5es de pessoas no mundo. A ado\u00e7\u00e3o de uma dieta mediterr\u00e2nea pode ajudar a reduzir seus sintomas, pois:<\/p>\n<ul>\n<li data-start=\"2738\" data-end=\"2836\">Regula a produ\u00e7\u00e3o de <strong data-start=\"2759\" data-end=\"2773\">serotonina<\/strong>, neurotransmissor conhecido como o \u201chorm\u00f4nio da felicidade\u201d;<\/li>\n<li data-start=\"2839\" data-end=\"2940\">Favorece a <strong data-start=\"2850\" data-end=\"2871\">neuroplasticidade<\/strong>, ajudando o c\u00e9rebro a se adaptar e resistir a fatores de estresse;<\/li>\n<li data-start=\"2943\" data-end=\"3032\">Reduz inflama\u00e7\u00f5es cr\u00f4nicas, que est\u00e3o cada vez mais relacionadas a transtornos mentais.<\/li>\n<\/ul>\n<p data-start=\"3364\" data-end=\"3534\">Para incorporar a dieta mediterr\u00e2nea no dia a dia, n\u00e3o \u00e9 preciso complica\u00e7\u00e3o. A seguir, uma receita pr\u00e1tica, saborosa e rica em nutrientes que favorecem a sa\u00fade mental:<\/p>\n<h2 data-start=\"3326\" data-end=\"3362\"><span class=\"ez-toc-section\" id=\"Uma_receita_simples_e_nutritiva\"><\/span>Uma receita simples e nutritiva<span class=\"ez-toc-section-end\"><\/span><\/h2>\n<p data-start=\"3364\" data-end=\"3534\">Para incorporar a dieta mediterr\u00e2nea no dia a dia, n\u00e3o \u00e9 preciso complica\u00e7\u00e3o. A seguir, uma receita pr\u00e1tica, saborosa e rica em nutrientes que favorecem a sa\u00fade mental:<\/p>\n<h3 data-start=\"3536\" data-end=\"3596\"><span class=\"ez-toc-section\" id=\"Salada_mediterranea_com_grao-de-bico_e_azeite_de_oliva\"><\/span><span style=\"font-size: 18pt;\">Salada mediterr\u00e2nea com gr\u00e3o-de-bico e azeite de oliva<\/span><span class=\"ez-toc-section-end\"><\/span><\/h3>\n<p><img loading=\"lazy\" decoding=\"async\" class=\"alignnone wp-image-33231 size-full\" title=\"Salada mediterr\u00e2nea com gr\u00e3o-de-bico e azeite de oliva\" src=\"https:\/\/www.rotaseguros.com.br\/planosdesaude\/wp-content\/uploads\/2025\/08\/Salada-mediterranea-com-grao-de-bico-e-azeite-de-oliva.png\" alt=\"Salada mediterr\u00e2nea com gr\u00e3o-de-bico e azeite de oliva\" width=\"800\" height=\"440\" srcset=\"https:\/\/www.rotaseguros.com.br\/planosdesaude\/wp-content\/uploads\/2025\/08\/Salada-mediterranea-com-grao-de-bico-e-azeite-de-oliva.png 800w, https:\/\/www.rotaseguros.com.br\/planosdesaude\/wp-content\/uploads\/2025\/08\/Salada-mediterranea-com-grao-de-bico-e-azeite-de-oliva-300x165.png 300w, https:\/\/www.rotaseguros.com.br\/planosdesaude\/wp-content\/uploads\/2025\/08\/Salada-mediterranea-com-grao-de-bico-e-azeite-de-oliva-768x422.png 768w\" sizes=\"auto, (max-width: 800px) 100vw, 800px\" \/><\/p>\n<p><span style=\"font-size: 10pt;\"><strong data-start=\"3598\" data-end=\"3615\"><span style=\"font-size: 12pt;\">Ingredientes<\/span>:<\/strong><\/span><\/p>\n<ul>\n<li>1 x\u00edcara de gr\u00e3o-de-bico cozido<\/li>\n<li>1 pepino em cubos<\/li>\n<li>1 tomate grande em cubos<\/li>\n<li>\u00bd cebola roxa fatiada<\/li>\n<li>\u00bd x\u00edcara de azeitonas pretas<\/li>\n<li>Suco de 1 lim\u00e3o<\/li>\n<li>3 colheres de sopa de azeite de oliva extravirgem<\/li>\n<li>Folhas de hortel\u00e3 ou salsinha a gosto<\/li>\n<li>Sal e pimenta a gosto<\/li>\n<\/ul>\n<p><span style=\"font-size: 12pt;\"><strong data-start=\"3907\" data-end=\"3927\">Modo de preparo:<\/strong><\/span><\/p>\n<ol>\n<li data-start=\"3933\" data-end=\"4009\">Em uma tigela, misture o gr\u00e3o-de-bico, pepino, tomate, cebola e azeitonas.<\/li>\n<li data-start=\"4013\" data-end=\"4066\">Tempere com o suco de lim\u00e3o, azeite, sal e pimenta.<\/li>\n<li data-start=\"4070\" data-end=\"4112\">Finalize com hortel\u00e3 ou salsinha fresca.<\/li>\n<li data-start=\"4116\" data-end=\"4173\">Sirva fria como prato principal leve ou acompanhamento.<\/li>\n<\/ol>\n<p><strong>Essa receita combina fibras, antioxidantes e gorduras saud\u00e1veis, proporcionando sabor e benef\u00edcios \u00e0 mente e ao corpo.<\/strong><\/p>\n<p><img loading=\"lazy\" decoding=\"async\" class=\"alignnone wp-image-33230 size-full\" title=\"Repensando a alimenta\u00e7\u00e3o como cuidado integral\" src=\"https:\/\/www.rotaseguros.com.br\/planosdesaude\/wp-content\/uploads\/2025\/08\/Repensando-a-alimentacao-como-cuidado-integral.png\" alt=\"Repensando a alimenta\u00e7\u00e3o como cuidado integral\" width=\"800\" height=\"200\" srcset=\"https:\/\/www.rotaseguros.com.br\/planosdesaude\/wp-content\/uploads\/2025\/08\/Repensando-a-alimentacao-como-cuidado-integral.png 800w, https:\/\/www.rotaseguros.com.br\/planosdesaude\/wp-content\/uploads\/2025\/08\/Repensando-a-alimentacao-como-cuidado-integral-300x75.png 300w, https:\/\/www.rotaseguros.com.br\/planosdesaude\/wp-content\/uploads\/2025\/08\/Repensando-a-alimentacao-como-cuidado-integral-768x192.png 768w\" sizes=\"auto, (max-width: 800px) 100vw, 800px\" \/><\/p>\n<h2 data-start=\"4297\" data-end=\"4348\"><span class=\"ez-toc-section\" id=\"Repensando_a_alimentacao_como_cuidado_integral\"><\/span>Repensando a alimenta\u00e7\u00e3o como cuidado integral<span class=\"ez-toc-section-end\"><\/span><\/h2>\n<p data-start=\"4350\" data-end=\"4638\">A ado\u00e7\u00e3o da dieta mediterr\u00e2nea vai al\u00e9m de uma escolha alimentar: \u00e9 uma forma de investir no <strong data-start=\"4443\" data-end=\"4472\">bem-estar f\u00edsico e mental<\/strong>. Incorporar alimentos frescos, ricos em nutrientes e antioxidantes pode ajudar a <strong data-start=\"4554\" data-end=\"4635\">proteger o c\u00e9rebro, melhorar o humor e reduzir o risco de transtornos mentais<\/strong>.<\/p>\n<p data-start=\"4640\" data-end=\"4843\">Ao incluir pequenas mudan\u00e7as no dia a dia \u2014 como substituir frituras por azeite, consumir mais peixes e vegetais frescos \u2014 voc\u00ea d\u00e1 um passo importante para cuidar da mente de forma natural e prazerosa!<\/p>\n<p data-start=\"4640\" data-end=\"4843\">Leia tamb\u00e9m este texto: <a href=\"https:\/\/www.rotaseguros.com.br\/planosdesaude\/alimentacao-na-gravidez\/\" rel=\"bookmark\">Alimenta\u00e7\u00e3o na gravidez: o que a gestante pode ou n\u00e3o comer?<\/a><\/p>\n","protected":false},"excerpt":{"rendered":"<p><span class=\"span-reading-time rt-reading-time\" style=\"display: block;\"><span class=\"rt-label rt-prefix\">Reading Time: <\/span> <span class=\"rt-time\"> 3<\/span> <span class=\"rt-label rt-postfix\">minutes<\/span><\/span>Nos \u00faltimos anos, a dieta mediterr\u00e2nea ganhou destaque n\u00e3o apenas por seus benef\u00edcios \u00e0 sa\u00fade f\u00edsica, mas tamb\u00e9m por seu impacto positivo na sa\u00fade mental. Baseada no consumo de alimentos &#8230;<\/p>\n","protected":false},"author":37,"featured_media":33217,"comment_status":"open","ping_status":"open","sticky":false,"template":"","format":"standard","meta":{"_monsterinsights_skip_tracking":false,"_monsterinsights_sitenote_active":false,"_monsterinsights_sitenote_note":"","_monsterinsights_sitenote_category":0,"footnotes":"","_links_to":"","_links_to_target":""},"categories":[33,1005,1308],"tags":[3885,3886,3884,3887,3888,693],"class_list":["post-33216","post","type-post","status-publish","format-standard","has-post-thumbnail","hentry","category-rota-seguros","category-saude","category-seguros","tag-beneficios-da-dieta-mediterranea","tag-depressao-e-alimentacao","tag-dieta-mediterranea","tag-dieta-para-ansiedade","tag-receita-mediterranea","tag-saude-mental"],"_links":{"self":[{"href":"https:\/\/www.rotaseguros.com.br\/planosdesaude\/wp-json\/wp\/v2\/posts\/33216","targetHints":{"allow":["GET"]}}],"collection":[{"href":"https:\/\/www.rotaseguros.com.br\/planosdesaude\/wp-json\/wp\/v2\/posts"}],"about":[{"href":"https:\/\/www.rotaseguros.com.br\/planosdesaude\/wp-json\/wp\/v2\/types\/post"}],"author":[{"embeddable":true,"href":"https:\/\/www.rotaseguros.com.br\/planosdesaude\/wp-json\/wp\/v2\/users\/37"}],"replies":[{"embeddable":true,"href":"https:\/\/www.rotaseguros.com.br\/planosdesaude\/wp-json\/wp\/v2\/comments?post=33216"}],"version-history":[{"count":4,"href":"https:\/\/www.rotaseguros.com.br\/planosdesaude\/wp-json\/wp\/v2\/posts\/33216\/revisions"}],"predecessor-version":[{"id":33261,"href":"https:\/\/www.rotaseguros.com.br\/planosdesaude\/wp-json\/wp\/v2\/posts\/33216\/revisions\/33261"}],"wp:featuredmedia":[{"embeddable":true,"href":"https:\/\/www.rotaseguros.com.br\/planosdesaude\/wp-json\/wp\/v2\/media\/33217"}],"wp:attachment":[{"href":"https:\/\/www.rotaseguros.com.br\/planosdesaude\/wp-json\/wp\/v2\/media?parent=33216"}],"wp:term":[{"taxonomy":"category","embeddable":true,"href":"https:\/\/www.rotaseguros.com.br\/planosdesaude\/wp-json\/wp\/v2\/categories?post=33216"},{"taxonomy":"post_tag","embeddable":true,"href":"https:\/\/www.rotaseguros.com.br\/planosdesaude\/wp-json\/wp\/v2\/tags?post=33216"}],"curies":[{"name":"wp","href":"https:\/\/api.w.org\/{rel}","templated":true}]}}