{"id":33434,"date":"2025-09-17T11:24:48","date_gmt":"2025-09-17T14:24:48","guid":{"rendered":"https:\/\/www.rotaseguros.com.br\/planosdesaude\/?p=33434"},"modified":"2025-09-17T11:24:48","modified_gmt":"2025-09-17T14:24:48","slug":"cartao-sus-agora-com-cpf","status":"publish","type":"post","link":"https:\/\/www.rotaseguros.com.br\/planosdesaude\/cartao-sus-agora-com-cpf\/","title":{"rendered":"SUS: Cart\u00e3o Nacional de Sa\u00fade agora \u00e9 com CPF"},"content":{"rendered":"<span class=\"span-reading-time rt-reading-time\" style=\"display: block;\"><span class=\"rt-label rt-prefix\">Reading Time: <\/span> <span class=\"rt-time\"> 3<\/span> <span class=\"rt-label rt-postfix\">minutes<\/span><\/span><p>O Minist\u00e9rio da Sa\u00fade iniciou um processo que promete modernizar bastante o modo como voc\u00ea se identifica e acessa os servi\u00e7os p\u00fablicos de sa\u00fade. A partir de agora, o <strong data-start=\"409\" data-end=\"443\">Cart\u00e3o Nacional de Sa\u00fade (CNS)<\/strong> ser\u00e1 emitido com base no <strong data-start=\"469\" data-end=\"504\">Cadastro de Pessoa F\u00edsica (CPF)<\/strong>. A medida faz parte de uma estrat\u00e9gia mais ampla de <strong data-start=\"557\" data-end=\"579\">integra\u00e7\u00e3o digital<\/strong>, que visa dar mais efici\u00eancia, seguran\u00e7a e confiabilidade ao Sistema \u00danico de Sa\u00fade (SUS).<\/p><div id=\"ez-toc-container\" class=\"ez-toc-v2_0_82_2 counter-flat ez-toc-counter ez-toc-grey ez-toc-container-direction\">\n<div class=\"ez-toc-title-container\">\n<p class=\"ez-toc-title\" style=\"cursor:inherit\">Aqui voc\u00ea encontra:<\/p>\n<span class=\"ez-toc-title-toggle\"><a href=\"#\" class=\"ez-toc-pull-right ez-toc-btn ez-toc-btn-xs ez-toc-btn-default ez-toc-toggle\" aria-label=\"Alternar tabela de conte\u00fado\"><span class=\"ez-toc-js-icon-con\"><span class=\"\"><span class=\"eztoc-hide\" style=\"display:none;\">Toggle<\/span><span class=\"ez-toc-icon-toggle-span\"><svg style=\"fill: #999;color:#999\" xmlns=\"http:\/\/www.w3.org\/2000\/svg\" class=\"list-377408\" width=\"20px\" height=\"20px\" viewBox=\"0 0 24 24\" fill=\"none\"><path d=\"M6 6H4v2h2V6zm14 0H8v2h12V6zM4 11h2v2H4v-2zm16 0H8v2h12v-2zM4 16h2v2H4v-2zm16 0H8v2h12v-2z\" fill=\"currentColor\"><\/path><\/svg><svg style=\"fill: #999;color:#999\" class=\"arrow-unsorted-368013\" xmlns=\"http:\/\/www.w3.org\/2000\/svg\" width=\"10px\" height=\"10px\" viewBox=\"0 0 24 24\" version=\"1.2\" baseProfile=\"tiny\"><path d=\"M18.2 9.3l-6.2-6.3-6.2 6.3c-.2.2-.3.4-.3.7s.1.5.3.7c.2.2.4.3.7.3h11c.3 0 .5-.1.7-.3.2-.2.3-.5.3-.7s-.1-.5-.3-.7zM5.8 14.7l6.2 6.3 6.2-6.3c.2-.2.3-.5.3-.7s-.1-.5-.3-.7c-.2-.2-.4-.3-.7-.3h-11c-.3 0-.5.1-.7.3-.2.2-.3.5-.3.7s.1.5.3.7z\"\/><\/svg><\/span><\/span><\/span><\/a><\/span><\/div>\n<nav><ul class='ez-toc-list ez-toc-list-level-1 ' ><li class='ez-toc-page-1'><a class=\"ez-toc-link ez-toc-heading-1\" href=\"https:\/\/www.rotaseguros.com.br\/planosdesaude\/cartao-sus-agora-com-cpf\/#O_que_muda_na_pratica\" >O que muda na pr\u00e1tica?<\/a><\/li><li class='ez-toc-page-1'><a class=\"ez-toc-link ez-toc-heading-2\" href=\"https:\/\/www.rotaseguros.com.br\/planosdesaude\/cartao-sus-agora-com-cpf\/#Beneficios_esperados\" >Benef\u00edcios esperados<\/a><\/li><li class='ez-toc-page-1'><a class=\"ez-toc-link ez-toc-heading-3\" href=\"https:\/\/www.rotaseguros.com.br\/planosdesaude\/cartao-sus-agora-com-cpf\/#O_que_e_necessario_fazer\" >O que \u00e9 necess\u00e1rio fazer<\/a><\/li><li class='ez-toc-page-1'><a class=\"ez-toc-link ez-toc-heading-4\" href=\"https:\/\/www.rotaseguros.com.br\/planosdesaude\/cartao-sus-agora-com-cpf\/#Por_que_essa_mudanca_importa_para_voce\" >Por que essa mudan\u00e7a importa para voc\u00ea?<\/a><\/li><li class='ez-toc-page-1'><a class=\"ez-toc-link ez-toc-heading-5\" href=\"https:\/\/www.rotaseguros.com.br\/planosdesaude\/cartao-sus-agora-com-cpf\/#Sua_saude_importa\" >Sua sa\u00fade importa!<\/a><\/li><\/ul><\/nav><\/div>\n\n<p data-start=\"710\" data-end=\"1165\">Essa mudan\u00e7a n\u00e3o \u00e9 apenas burocr\u00e1tica. Ela tem impacto real na rotina de quem utiliza os servi\u00e7os do SUS, especialmente para quem enfrenta dificuldades para emitir ou manter atualizados documentos de sa\u00fade. A unifica\u00e7\u00e3o do CNS com o CPF vai garantir que o hist\u00f3rico de atendimentos, vacina\u00e7\u00e3o, medicamentos e outros registros do cidad\u00e3o estejam vinculados a um documento \u00fanico, facilitando processos como atendimentos em diferentes unidades ou munic\u00edpios.<\/p>\n<p data-start=\"710\" data-end=\"1165\"><img loading=\"lazy\" decoding=\"async\" class=\"alignnone wp-image-33438 size-full\" title=\"SUS: Benef\u00edcios esperados\" src=\"https:\/\/www.rotaseguros.com.br\/planosdesaude\/wp-content\/uploads\/2025\/09\/SUS_-Beneficios-esperados.png\" alt=\"SUS: Benef\u00edcios esperados\" width=\"800\" height=\"200\" srcset=\"https:\/\/www.rotaseguros.com.br\/planosdesaude\/wp-content\/uploads\/2025\/09\/SUS_-Beneficios-esperados.png 800w, https:\/\/www.rotaseguros.com.br\/planosdesaude\/wp-content\/uploads\/2025\/09\/SUS_-Beneficios-esperados-300x75.png 300w, https:\/\/www.rotaseguros.com.br\/planosdesaude\/wp-content\/uploads\/2025\/09\/SUS_-Beneficios-esperados-768x192.png 768w\" sizes=\"auto, (max-width: 800px) 100vw, 800px\" \/><\/p>\n<h2 data-start=\"1167\" data-end=\"1191\"><span class=\"ez-toc-section\" id=\"O_que_muda_na_pratica\"><\/span>O que muda na pr\u00e1tica?<span class=\"ez-toc-section-end\"><\/span><\/h2>\n<p data-start=\"1193\" data-end=\"1665\">Desde julho de 2025, j\u00e1 foram suspensos <strong data-start=\"1233\" data-end=\"1268\">54 milh\u00f5es de cadastros sem CPF<\/strong> no sistema. A previs\u00e3o \u00e9 que, at\u00e9 abril de 2026, aproximadamente <strong data-start=\"1372\" data-end=\"1400\">111 milh\u00f5es de registros<\/strong> sejam inativados para que a base de cadastro do SUS se aproxime dos CPFs ativos no Brasil (cerca de 228,9 milh\u00f5es) \u2014 ou seja, a meta \u00e9 que o n\u00famero de registros ativos no CADSUS corresponda ao total de pessoas com CPF v\u00e1lidos.<\/p>\n<p data-start=\"1667\" data-end=\"2092\">Para garantir essa transi\u00e7\u00e3o, o Minist\u00e9rio da Sa\u00fade est\u00e1 realizando uma \u201climpeza\u201d nos cadastros, identificando registros duplicados ou inconsistentes, e promovendo a vincula\u00e7\u00e3o ao CPF para aqueles que j\u00e1 t\u00eam esse documento. Para pessoas que ainda n\u00e3o possuem CPF, estrangeiros, ind\u00edgenas ou ribeirinhos, haver\u00e1 cadastro tempor\u00e1rio v\u00e1lido por at\u00e9 um ano, at\u00e9 que regularizem sua situa\u00e7\u00e3o<\/p>\n<h2 data-start=\"2094\" data-end=\"2117\"><span class=\"ez-toc-section\" id=\"Beneficios_esperados\"><\/span>Benef\u00edcios esperados<span class=\"ez-toc-section-end\"><\/span><\/h2>\n<p data-start=\"2119\" data-end=\"2259\">A mudan\u00e7a traz uma s\u00e9rie de vantagens, tanto para os usu\u00e1rios do SUS quanto para os gestores de sa\u00fade. Entre os principais benef\u00edcios est\u00e3o:<\/p>\n<ul>\n<li data-start=\"2263\" data-end=\"2369\"><strong data-start=\"2263\" data-end=\"2299\">Maior agilidade nos atendimentos<\/strong>, j\u00e1 que bastar\u00e1 apresentar o CPF para acessar o hist\u00f3rico de sa\u00fade.<\/li>\n<li data-start=\"2372\" data-end=\"2504\"><strong data-start=\"2372\" data-end=\"2394\">Seguran\u00e7a de dados<\/strong>: documentos unificados reduzem erros e discrep\u00e2ncias em cadastros, facilitando identificar inconsist\u00eancias.<\/li>\n<li data-start=\"2507\" data-end=\"2674\"><strong data-start=\"2507\" data-end=\"2547\">Transpar\u00eancia nas pol\u00edticas p\u00fablicas<\/strong>: com informa\u00e7\u00f5es mais seguras e integradas, ser\u00e1 mais f\u00e1cil monitorar vacina\u00e7\u00e3o, uso de medicamentos e indicadores de sa\u00fade.<\/li>\n<li data-start=\"2677\" data-end=\"2784\"><strong data-start=\"2677\" data-end=\"2714\">Redu\u00e7\u00e3o de fraudes e desperd\u00edcios<\/strong>, pois registros duplicados ou cadastros inativos deixam de existir.<\/li>\n<li data-start=\"2787\" data-end=\"2912\"><strong data-start=\"2787\" data-end=\"2821\">Maior comodidade para cidad\u00e3os<\/strong>: levar apenas o CPF j\u00e1 ser\u00e1 suficiente em muitos atendimentos, o que simplifica processos.<\/li>\n<\/ul>\n<p><img loading=\"lazy\" decoding=\"async\" class=\"alignnone wp-image-33439 size-full\" title=\"SUS: Por que essa mudan\u00e7a importa para voc\u00ea?\" src=\"https:\/\/www.rotaseguros.com.br\/planosdesaude\/wp-content\/uploads\/2025\/09\/SUS_-Por-que-essa-mudanca-importa-para-voce.png\" alt=\"SUS: Por que essa mudan\u00e7a importa para voc\u00ea?\" width=\"800\" height=\"200\" srcset=\"https:\/\/www.rotaseguros.com.br\/planosdesaude\/wp-content\/uploads\/2025\/09\/SUS_-Por-que-essa-mudanca-importa-para-voce.png 800w, https:\/\/www.rotaseguros.com.br\/planosdesaude\/wp-content\/uploads\/2025\/09\/SUS_-Por-que-essa-mudanca-importa-para-voce-300x75.png 300w, https:\/\/www.rotaseguros.com.br\/planosdesaude\/wp-content\/uploads\/2025\/09\/SUS_-Por-que-essa-mudanca-importa-para-voce-768x192.png 768w\" sizes=\"auto, (max-width: 800px) 100vw, 800px\" \/><\/p>\n<h2 data-start=\"2914\" data-end=\"2941\"><span class=\"ez-toc-section\" id=\"O_que_e_necessario_fazer\"><\/span>O que \u00e9 necess\u00e1rio fazer<span class=\"ez-toc-section-end\"><\/span><\/h2>\n<p data-start=\"2943\" data-end=\"3328\">Para quem j\u00e1 possui CPF, a recomenda\u00e7\u00e3o \u00e9 verificar se o n\u00famero est\u00e1 atualizado no cadastro do SUS \u2014 isso pode ser feito em postos de sa\u00fade ou, em muitos casos, online atrav\u00e9s do aplicativo<a href=\"https:\/\/meususdigital.saude.gov.br\/\" target=\"_blank\" rel=\"noopener\"> <strong data-start=\"3133\" data-end=\"3152\">Meu SUS Digital<\/strong><\/a>. Quem ainda n\u00e3o possui CPF ou est\u00e1 com documenta\u00e7\u00e3o em processo, pode usar o cadastro tempor\u00e1rio, conforme a regulamenta\u00e7\u00e3o estabelecida.<\/p>\n<p data-start=\"3330\" data-end=\"3676\">Tamb\u00e9m \u00e9 importante manter dados pessoais atualizados (nome, endere\u00e7o etc.), pois diverg\u00eancias dificultam ou impossibilitam a vincula\u00e7\u00e3o correta. E, para gestores municipais e estaduais, adaptar sistemas de informa\u00e7\u00e3o e garantir interoperabilidade entre bases de dados ser\u00e1 tarefa cr\u00edtica nos pr\u00f3ximos meses.<\/p>\n<h2 data-start=\"3683\" data-end=\"3724\"><span class=\"ez-toc-section\" id=\"Por_que_essa_mudanca_importa_para_voce\"><\/span>Por que essa mudan\u00e7a importa para voc\u00ea?<span class=\"ez-toc-section-end\"><\/span><\/h2>\n<p data-start=\"3726\" data-end=\"4061\">Essa atualiza\u00e7\u00e3o torna o sistema mais eficiente e confort\u00e1vel para quem precisa do SUS para consultas, exames, vacina\u00e7\u00e3o ou uso de medicamentos. Quando seus dados de sa\u00fade est\u00e3o ligados ao CPF, h\u00e1 menos chance de retrabalho, menos risco de perder informa\u00e7\u00f5es importantes e mais agilidade em qualquer atendimento, inclusive de urg\u00eancia.<\/p>\n<p data-start=\"4063\" data-end=\"4287\">Para quem depende do sistema p\u00fablico de sa\u00fade, especialmente em regi\u00f5es remotas ou com acesso limitado, simplificar o processo de identifica\u00e7\u00e3o pode representar a diferen\u00e7a entre atendimento r\u00e1pido e atrasos ou complica\u00e7\u00f5es.<\/p>\n<p data-start=\"4063\" data-end=\"4287\"><img loading=\"lazy\" decoding=\"async\" class=\"alignnone wp-image-33437 size-full\" title=\"SUS e Rota\" src=\"https:\/\/www.rotaseguros.com.br\/planosdesaude\/wp-content\/uploads\/2025\/09\/SUS-e-Rota.png\" alt=\"SUS e Rota\" width=\"800\" height=\"200\" srcset=\"https:\/\/www.rotaseguros.com.br\/planosdesaude\/wp-content\/uploads\/2025\/09\/SUS-e-Rota.png 800w, https:\/\/www.rotaseguros.com.br\/planosdesaude\/wp-content\/uploads\/2025\/09\/SUS-e-Rota-300x75.png 300w, https:\/\/www.rotaseguros.com.br\/planosdesaude\/wp-content\/uploads\/2025\/09\/SUS-e-Rota-768x192.png 768w\" sizes=\"auto, (max-width: 800px) 100vw, 800px\" \/><\/p>\n<h2 data-start=\"4294\" data-end=\"4329\"><span class=\"ez-toc-section\" id=\"Sua_saude_importa\"><\/span>Sua sa\u00fade importa!<span class=\"ez-toc-section-end\"><\/span><\/h2>\n<p data-start=\"4331\" data-end=\"4608\">Essa mudan\u00e7a refor\u00e7a o compromisso do SUS em colocar o cidad\u00e3o no centro do cuidado, garantindo mais praticidade, seguran\u00e7a e efici\u00eancia no acesso aos servi\u00e7os de sa\u00fade. Manter seus dados atualizados \u00e9 um passo simples, mas que faz toda a diferen\u00e7a para que voc\u00ea tenha atendimentos de qualidade sempre que precisar. Afinal, cuidar da sua sa\u00fade \u00e9 essencial!<\/p>\n<p data-start=\"4850\" data-end=\"5080\">Quer continuar por dentro das transforma\u00e7\u00f5es em sa\u00fade p\u00fablica? Leia tamb\u00e9m nosso blog sobre a <a href=\"https:\/\/www.rotaseguros.com.br\/planosdesaude\/polilaminina\/\"><strong>polilaminina, o novo medicamento que promete trazer de volta os movimentos de pacientes com paralisia!<\/strong><\/a><\/p>\n","protected":false},"excerpt":{"rendered":"<p><span class=\"span-reading-time rt-reading-time\" style=\"display: block;\"><span class=\"rt-label rt-prefix\">Reading Time: <\/span> <span class=\"rt-time\"> 3<\/span> <span class=\"rt-label rt-postfix\">minutes<\/span><\/span>O Minist\u00e9rio da Sa\u00fade iniciou um processo que promete modernizar bastante o modo como voc\u00ea se identifica e acessa os servi\u00e7os p\u00fablicos de sa\u00fade. A partir de agora, o Cart\u00e3o &#8230;<\/p>\n","protected":false},"author":37,"featured_media":33436,"comment_status":"open","ping_status":"open","sticky":false,"template":"","format":"standard","meta":{"_monsterinsights_skip_tracking":false,"_monsterinsights_sitenote_active":false,"_monsterinsights_sitenote_note":"","_monsterinsights_sitenote_category":0,"footnotes":"","_links_to":"","_links_to_target":""},"categories":[1],"tags":[3983,3979,3980,3985,3982,3981,3984,41,48],"class_list":["post-33434","post","type-post","status-publish","format-standard","has-post-thumbnail","hentry","category-sem-categoria","tag-cadsus","tag-cartao-sus-cpf","tag-cns-atualizacao","tag-como-usar-o-sus","tag-cpf-como-identificador-unico","tag-integracao-digital-sus","tag-modernizacao-do-sus","tag-planos-de-saude","tag-rota-seguros-2"],"_links":{"self":[{"href":"https:\/\/www.rotaseguros.com.br\/planosdesaude\/wp-json\/wp\/v2\/posts\/33434","targetHints":{"allow":["GET"]}}],"collection":[{"href":"https:\/\/www.rotaseguros.com.br\/planosdesaude\/wp-json\/wp\/v2\/posts"}],"about":[{"href":"https:\/\/www.rotaseguros.com.br\/planosdesaude\/wp-json\/wp\/v2\/types\/post"}],"author":[{"embeddable":true,"href":"https:\/\/www.rotaseguros.com.br\/planosdesaude\/wp-json\/wp\/v2\/users\/37"}],"replies":[{"embeddable":true,"href":"https:\/\/www.rotaseguros.com.br\/planosdesaude\/wp-json\/wp\/v2\/comments?post=33434"}],"version-history":[{"count":4,"href":"https:\/\/www.rotaseguros.com.br\/planosdesaude\/wp-json\/wp\/v2\/posts\/33434\/revisions"}],"predecessor-version":[{"id":33443,"href":"https:\/\/www.rotaseguros.com.br\/planosdesaude\/wp-json\/wp\/v2\/posts\/33434\/revisions\/33443"}],"wp:featuredmedia":[{"embeddable":true,"href":"https:\/\/www.rotaseguros.com.br\/planosdesaude\/wp-json\/wp\/v2\/media\/33436"}],"wp:attachment":[{"href":"https:\/\/www.rotaseguros.com.br\/planosdesaude\/wp-json\/wp\/v2\/media?parent=33434"}],"wp:term":[{"taxonomy":"category","embeddable":true,"href":"https:\/\/www.rotaseguros.com.br\/planosdesaude\/wp-json\/wp\/v2\/categories?post=33434"},{"taxonomy":"post_tag","embeddable":true,"href":"https:\/\/www.rotaseguros.com.br\/planosdesaude\/wp-json\/wp\/v2\/tags?post=33434"}],"curies":[{"name":"wp","href":"https:\/\/api.w.org\/{rel}","templated":true}]}}