{"id":33452,"date":"2025-09-18T13:50:30","date_gmt":"2025-09-18T16:50:30","guid":{"rendered":"https:\/\/www.rotaseguros.com.br\/planosdesaude\/?p=33452"},"modified":"2025-09-18T14:30:14","modified_gmt":"2025-09-18T17:30:14","slug":"unimed-montes-claros-suspensao","status":"publish","type":"post","link":"https:\/\/www.rotaseguros.com.br\/planosdesaude\/unimed-montes-claros-suspensao\/","title":{"rendered":"Unimed Montes Claros: ANS decreta suspens\u00e3o do plano. Entenda mais!"},"content":{"rendered":"<span class=\"span-reading-time rt-reading-time\" style=\"display: block;\"><span class=\"rt-label rt-prefix\">Reading Time: <\/span> <span class=\"rt-time\"> 3<\/span> <span class=\"rt-label rt-postfix\">minutes<\/span><\/span><p data-start=\"342\" data-end=\"631\">Na \u00faltima quarta-feira (17), a <a href=\"https:\/\/www.gov.br\/ans\/pt-br\" target=\"_blank\" rel=\"noopener\">Ag\u00eancia Nacional de Sa\u00fade Suplementar (ANS)<\/a> publicou no Di\u00e1rio Oficial da Uni\u00e3o a <strong data-start=\"455\" data-end=\"489\">Resolu\u00e7\u00e3o Operacional n\u00ba 3.046<\/strong>, determinando que a <strong data-start=\"510\" data-end=\"571\">Unimed Montes Claros Cooperativa de Trabalho M\u00e9dico Ltda.<\/strong> promova a <strong data-start=\"582\" data-end=\"628\">aliena\u00e7\u00e3o de sua carteira de benefici\u00e1rios<\/strong>.<\/p><div id=\"ez-toc-container\" class=\"ez-toc-v2_0_82_2 counter-flat ez-toc-counter ez-toc-grey ez-toc-container-direction\">\n<div class=\"ez-toc-title-container\">\n<p class=\"ez-toc-title\" style=\"cursor:inherit\">Aqui voc\u00ea encontra:<\/p>\n<span class=\"ez-toc-title-toggle\"><a href=\"#\" class=\"ez-toc-pull-right ez-toc-btn ez-toc-btn-xs ez-toc-btn-default ez-toc-toggle\" aria-label=\"Alternar tabela de conte\u00fado\"><span class=\"ez-toc-js-icon-con\"><span class=\"\"><span class=\"eztoc-hide\" style=\"display:none;\">Toggle<\/span><span class=\"ez-toc-icon-toggle-span\"><svg style=\"fill: #999;color:#999\" xmlns=\"http:\/\/www.w3.org\/2000\/svg\" class=\"list-377408\" width=\"20px\" height=\"20px\" viewBox=\"0 0 24 24\" fill=\"none\"><path d=\"M6 6H4v2h2V6zm14 0H8v2h12V6zM4 11h2v2H4v-2zm16 0H8v2h12v-2zM4 16h2v2H4v-2zm16 0H8v2h12v-2z\" fill=\"currentColor\"><\/path><\/svg><svg style=\"fill: #999;color:#999\" class=\"arrow-unsorted-368013\" xmlns=\"http:\/\/www.w3.org\/2000\/svg\" width=\"10px\" height=\"10px\" viewBox=\"0 0 24 24\" version=\"1.2\" baseProfile=\"tiny\"><path d=\"M18.2 9.3l-6.2-6.3-6.2 6.3c-.2.2-.3.4-.3.7s.1.5.3.7c.2.2.4.3.7.3h11c.3 0 .5-.1.7-.3.2-.2.3-.5.3-.7s-.1-.5-.3-.7zM5.8 14.7l6.2 6.3 6.2-6.3c.2-.2.3-.5.3-.7s-.1-.5-.3-.7c-.2-.2-.4-.3-.7-.3h-11c-.3 0-.5.1-.7.3-.2.2-.3.5-.3.7s.1.5.3.7z\"\/><\/svg><\/span><\/span><\/span><\/a><\/span><\/div>\n<nav><ul class='ez-toc-list ez-toc-list-level-1 ' ><li class='ez-toc-page-1'><a class=\"ez-toc-link ez-toc-heading-1\" href=\"https:\/\/www.rotaseguros.com.br\/planosdesaude\/unimed-montes-claros-suspensao\/#E_os_clientes_da_Unimed_Montes_Claros_como_ficam\" >E os clientes da Unimed Montes Claros, como ficam?<\/a><\/li><li class='ez-toc-page-1'><a class=\"ez-toc-link ez-toc-heading-2\" href=\"https:\/\/www.rotaseguros.com.br\/planosdesaude\/unimed-montes-claros-suspensao\/#O_que_fazer_neste_momento\" >O que fazer neste momento?<\/a><\/li><li class='ez-toc-page-1'><a class=\"ez-toc-link ez-toc-heading-3\" href=\"https:\/\/www.rotaseguros.com.br\/planosdesaude\/unimed-montes-claros-suspensao\/#Portabilidade_o_que_e\" >Portabilidade, o que \u00e9?<\/a><\/li><li class='ez-toc-page-1'><a class=\"ez-toc-link ez-toc-heading-4\" href=\"https:\/\/www.rotaseguros.com.br\/planosdesaude\/unimed-montes-claros-suspensao\/#Migracao_para_planos_nacionais\" >Migra\u00e7\u00e3o para planos nacionais<\/a><\/li><li class='ez-toc-page-1'><a class=\"ez-toc-link ez-toc-heading-5\" href=\"https:\/\/www.rotaseguros.com.br\/planosdesaude\/unimed-montes-claros-suspensao\/#Como_a_Rota_Seguros_pode_ajudar_nesse_processo\" >Como a Rota Seguros pode ajudar nesse processo?<\/a><\/li><\/ul><\/nav><\/div>\n\n<p data-start=\"633\" data-end=\"828\">Em outras palavras, a operadora ter\u00e1 que transferir seus clientes para outra empresa de sa\u00fade. Al\u00e9m disso, a ANS tamb\u00e9m <strong data-start=\"753\" data-end=\"801\">suspendeu a venda de novos planos e produtos<\/strong> da Unimed Montes Claros.<\/p>\n<p data-start=\"830\" data-end=\"1063\">A decis\u00e3o foi tomada porque a Ag\u00eancia identificou <strong data-start=\"880\" data-end=\"953\">problemas graves na gest\u00e3o financeira e administrativa da cooperativa<\/strong>, o que, segundo ela, poderia colocar em risco o atendimento m\u00e9dico dos benefici\u00e1rios caso nada fosse feito.<\/p>\n<p data-start=\"830\" data-end=\"1063\"><img loading=\"lazy\" decoding=\"async\" class=\"alignnone wp-image-33459 size-full\" title=\"E os clientes da Unimed Montes Claros, como ficam\" src=\"https:\/\/www.rotaseguros.com.br\/planosdesaude\/wp-content\/uploads\/2025\/09\/E-os-clientes-da-Unimed-Montes-Claros-como-ficam.png\" alt=\"E os clientes da Unimed Montes Claros, como ficam\" width=\"800\" height=\"200\" srcset=\"https:\/\/www.rotaseguros.com.br\/planosdesaude\/wp-content\/uploads\/2025\/09\/E-os-clientes-da-Unimed-Montes-Claros-como-ficam.png 800w, https:\/\/www.rotaseguros.com.br\/planosdesaude\/wp-content\/uploads\/2025\/09\/E-os-clientes-da-Unimed-Montes-Claros-como-ficam-300x75.png 300w, https:\/\/www.rotaseguros.com.br\/planosdesaude\/wp-content\/uploads\/2025\/09\/E-os-clientes-da-Unimed-Montes-Claros-como-ficam-768x192.png 768w\" sizes=\"auto, (max-width: 800px) 100vw, 800px\" \/><\/p>\n<h2 data-start=\"1065\" data-end=\"1120\"><span class=\"ez-toc-section\" id=\"E_os_clientes_da_Unimed_Montes_Claros_como_ficam\"><\/span>E os clientes da Unimed Montes Claros, como ficam?<span class=\"ez-toc-section-end\"><\/span><\/h2>\n<p data-start=\"1122\" data-end=\"1298\">\u00c9 natural que essa not\u00edcia cause preocupa\u00e7\u00e3o. Afinal, estamos falando de milhares de pessoas que dependem do plano de sa\u00fade para consultas, exames, interna\u00e7\u00f5es e tratamentos.<\/p>\n<p data-start=\"1300\" data-end=\"1608\">A boa not\u00edcia \u00e9 que, de acordo com a pr\u00f3pria ANS, <strong data-start=\"1350\" data-end=\"1391\">ningu\u00e9m ficar\u00e1 sem assist\u00eancia m\u00e9dica<\/strong>. Existe um mecanismo chamado <strong data-start=\"1421\" data-end=\"1447\">portabilidade especial<\/strong>, que garante aos benefici\u00e1rios o direito de mudar para outra operadora <strong data-start=\"1519\" data-end=\"1559\">sem precisar cumprir novas car\u00eancias.<\/strong><\/p>\n<p data-start=\"1610\" data-end=\"1815\">Ou seja: mesmo que a situa\u00e7\u00e3o da Unimed Montes Claros n\u00e3o seja revertida, os clientes n\u00e3o ficar\u00e3o desamparados. Eles poder\u00e3o migrar para outro plano de sa\u00fade autorizado, de forma mais tranquila e segura.<\/p>\n<p data-start=\"1610\" data-end=\"1815\"><img loading=\"lazy\" decoding=\"async\" class=\"alignnone wp-image-33460 size-full\" title=\"O que fazer neste momento\" src=\"https:\/\/www.rotaseguros.com.br\/planosdesaude\/wp-content\/uploads\/2025\/09\/O-que-fazer-neste-momento.png\" alt=\"O que fazer neste momento\" width=\"800\" height=\"200\" srcset=\"https:\/\/www.rotaseguros.com.br\/planosdesaude\/wp-content\/uploads\/2025\/09\/O-que-fazer-neste-momento.png 800w, https:\/\/www.rotaseguros.com.br\/planosdesaude\/wp-content\/uploads\/2025\/09\/O-que-fazer-neste-momento-300x75.png 300w, https:\/\/www.rotaseguros.com.br\/planosdesaude\/wp-content\/uploads\/2025\/09\/O-que-fazer-neste-momento-768x192.png 768w\" sizes=\"auto, (max-width: 800px) 100vw, 800px\" \/><\/p>\n<h2 data-start=\"1817\" data-end=\"1848\"><span class=\"ez-toc-section\" id=\"O_que_fazer_neste_momento\"><\/span>O que fazer neste momento?<span class=\"ez-toc-section-end\"><\/span><\/h2>\n<p data-start=\"1850\" data-end=\"2141\">Para quem \u00e9 cliente da Unimed Montes Claros, o ideal agora \u00e9 <strong data-start=\"1911\" data-end=\"1966\">manter a calma e acompanhar os comunicados oficiais<\/strong> da operadora e da ANS. As informa\u00e7\u00f5es sobre os pr\u00f3ximos passos ser\u00e3o divulgadas, e qualquer mudan\u00e7a ser\u00e1 feita de maneira organizada, para evitar preju\u00edzos ao benefici\u00e1rio.<\/p>\n<p data-start=\"2143\" data-end=\"2319\">Se for necess\u00e1rio migrar para outra operadora, a <strong data-start=\"2192\" data-end=\"2218\">portabilidade especial<\/strong> estar\u00e1 dispon\u00edvel para garantir que o atendimento em sa\u00fade continue normalmente, sem interrup\u00e7\u00f5es.<\/p>\n<h2 data-start=\"2143\" data-end=\"2319\"><span class=\"ez-toc-section\" id=\"Portabilidade_o_que_e\"><\/span>Portabilidade, o que \u00e9?<span class=\"ez-toc-section-end\"><\/span><\/h2>\n<p data-start=\"65\" data-end=\"379\">A <strong>portabilidade especial ocorre em situa\u00e7\u00f5es espec\u00edficas definidas pela ANS.<\/strong> Quando uma operadora enfrenta problemas e n\u00e3o consegue vender ou transferir sua carteira de clientes dentro do <strong>prazo de 30 dias<\/strong> estabelecido, a Ag\u00eancia emite um of\u00edcio autorizando os benefici\u00e1rios a realizarem a portabilidade especial.<\/p>\n<p data-start=\"381\" data-end=\"793\">Diferente da <strong>portabilidade tradicional, que exige crit\u00e9rios como tempo m\u00ednimo de perman\u00eancia no plano<\/strong> (normalmente dois ou tr\u00eas anos) e compatibilidade entre contratos, a portabilidade especial \u00e9 mais flex\u00edvel. Nela, esses requisitos n\u00e3o s\u00e3o aplicados, permitindo que at\u00e9 mesmo quem contratou o plano recentemente possa migrar para outra operadora sem perder os direitos relacionados \u00e0s car\u00eancias j\u00e1 cumpridas.<\/p>\n<h2 data-start=\"2143\" data-end=\"2319\"><span class=\"ez-toc-section\" id=\"Migracao_para_planos_nacionais\"><\/span>Migra\u00e7\u00e3o para planos nacionais<span class=\"ez-toc-section-end\"><\/span><\/h2>\n<p data-start=\"2143\" data-end=\"2319\">Al\u00e9m disso, tamb\u00e9m existe a possibilidade de realizar a migra\u00e7\u00e3o de plano com<strong> redu\u00e7\u00e3o parcial de car\u00eancia.<\/strong> Isso significa que o cliente pode trocar seu plano atual por outro com cobertura nacional, aproveitando parte das car\u00eancias j\u00e1 cumpridas. Dessa forma, ele garante acesso a uma rede de refer\u00eancia em todo o pa\u00eds, com mais op\u00e7\u00f5es de atendimento e benef\u00edcios, sem precisar recome\u00e7ar todas as car\u00eancias do zero.<\/p>\n<p data-start=\"2143\" data-end=\"2319\"><img loading=\"lazy\" decoding=\"async\" class=\"alignnone wp-image-33461 size-full\" title=\"Como a Rota Seguros pode ajudar nesse processo\" src=\"https:\/\/www.rotaseguros.com.br\/planosdesaude\/wp-content\/uploads\/2025\/09\/Como-a-Rota-Seguros-pode-ajudar-nesse-processo.png\" alt=\"Como a Rota Seguros pode ajudar nesse processo\" width=\"800\" height=\"200\" srcset=\"https:\/\/www.rotaseguros.com.br\/planosdesaude\/wp-content\/uploads\/2025\/09\/Como-a-Rota-Seguros-pode-ajudar-nesse-processo.png 800w, https:\/\/www.rotaseguros.com.br\/planosdesaude\/wp-content\/uploads\/2025\/09\/Como-a-Rota-Seguros-pode-ajudar-nesse-processo-300x75.png 300w, https:\/\/www.rotaseguros.com.br\/planosdesaude\/wp-content\/uploads\/2025\/09\/Como-a-Rota-Seguros-pode-ajudar-nesse-processo-768x192.png 768w\" sizes=\"auto, (max-width: 800px) 100vw, 800px\" \/><\/p>\n<h2 data-start=\"2321\" data-end=\"2373\"><span class=\"ez-toc-section\" id=\"Como_a_Rota_Seguros_pode_ajudar_nesse_processo\"><\/span>Como a Rota Seguros pode ajudar nesse processo?<span class=\"ez-toc-section-end\"><\/span><\/h2>\n<p data-start=\"2375\" data-end=\"2546\">Situa\u00e7\u00f5es como esta mostram a import\u00e2ncia de contar com o suporte de <strong data-start=\"2444\" data-end=\"2473\">corretoras especializadas<\/strong>, que possam orientar os clientes com clareza em momentos de incerteza.<\/p>\n<p data-start=\"2548\" data-end=\"2852\">A <strong data-start=\"2550\" data-end=\"2566\">Rota Seguros<\/strong> est\u00e1 acompanhando de perto todas as atualiza\u00e7\u00f5es da ANS e se coloca \u00e0 disposi\u00e7\u00e3o tanto para <strong data-start=\"2659\" data-end=\"2677\">novos clientes<\/strong> que buscam seguran\u00e7a e estabilidade em seus planos de sa\u00fade, quanto para <strong data-start=\"2751\" data-end=\"2792\">benefici\u00e1rios da Unimed Montes Claros<\/strong> que eventualmente precisarem migrar para outra operadora.<\/p>\n<p data-start=\"2854\" data-end=\"3044\">Nosso compromisso \u00e9 oferecer um atendimento <strong data-start=\"2898\" data-end=\"2936\">humanizado, transparente e pr\u00f3ximo<\/strong>, ajudando cada pessoa a escolher a melhor alternativa para continuar cuidando da sa\u00fade com tranquilidade.<\/p>\n<p data-start=\"3046\" data-end=\"3296\">Se voc\u00ea tem d\u00favidas sobre <strong>aproveitamentos de car\u00eancias, portabilidade comum e portabilidade especial<\/strong> ou deseja conhecer outras op\u00e7\u00f5es de planos de sa\u00fade, fale com a Rota Seguros. Estamos aqui para garantir que voc\u00ea continue protegido, com o cuidado que voc\u00ea e sua fam\u00edlia merecem!<\/p>\n<p data-start=\"3046\" data-end=\"3296\">Fale com a gente:<\/p>\n<p data-start=\"3046\" data-end=\"3296\">Uberl\u00e2ndia \u2013 MG: <a href=\"https:\/\/www.rotaseguros.com.br\/uberlandia\/index.html\">0800 940 0809<\/a><\/p>\n","protected":false},"excerpt":{"rendered":"<p><span class=\"span-reading-time rt-reading-time\" style=\"display: block;\"><span class=\"rt-label rt-prefix\">Reading Time: <\/span> <span class=\"rt-time\"> 3<\/span> <span class=\"rt-label rt-postfix\">minutes<\/span><\/span>Na \u00faltima quarta-feira (17), a Ag\u00eancia Nacional de Sa\u00fade Suplementar (ANS) publicou no Di\u00e1rio Oficial da Uni\u00e3o a Resolu\u00e7\u00e3o Operacional n\u00ba 3.046, determinando que a Unimed Montes Claros Cooperativa de &#8230;<\/p>\n","protected":false},"author":36,"featured_media":33458,"comment_status":"open","ping_status":"open","sticky":false,"template":"","format":"standard","meta":{"_monsterinsights_skip_tracking":false,"_monsterinsights_sitenote_active":false,"_monsterinsights_sitenote_note":"","_monsterinsights_sitenote_category":0,"footnotes":"","_links_to":"","_links_to_target":""},"categories":[12,27,33,3999],"tags":[4001,38,4002,41,3475,48,2209,4004,4003,4000],"class_list":["post-33452","post","type-post","status-publish","format-standard","has-post-thumbnail","hentry","category-noticias","category-plano-de-saude","category-rota-seguros","category-unimed-montes-claros","tag-alienacao-de-carteira","tag-ans","tag-beneficiarios-unimed","tag-planos-de-saude","tag-portabilidade-especial","tag-rota-seguros-2","tag-saude-suplementar","tag-seguranca-em-saude","tag-suspensao-de-planos","tag-unimed-montes-claros"],"_links":{"self":[{"href":"https:\/\/www.rotaseguros.com.br\/planosdesaude\/wp-json\/wp\/v2\/posts\/33452","targetHints":{"allow":["GET"]}}],"collection":[{"href":"https:\/\/www.rotaseguros.com.br\/planosdesaude\/wp-json\/wp\/v2\/posts"}],"about":[{"href":"https:\/\/www.rotaseguros.com.br\/planosdesaude\/wp-json\/wp\/v2\/types\/post"}],"author":[{"embeddable":true,"href":"https:\/\/www.rotaseguros.com.br\/planosdesaude\/wp-json\/wp\/v2\/users\/36"}],"replies":[{"embeddable":true,"href":"https:\/\/www.rotaseguros.com.br\/planosdesaude\/wp-json\/wp\/v2\/comments?post=33452"}],"version-history":[{"count":9,"href":"https:\/\/www.rotaseguros.com.br\/planosdesaude\/wp-json\/wp\/v2\/posts\/33452\/revisions"}],"predecessor-version":[{"id":33469,"href":"https:\/\/www.rotaseguros.com.br\/planosdesaude\/wp-json\/wp\/v2\/posts\/33452\/revisions\/33469"}],"wp:featuredmedia":[{"embeddable":true,"href":"https:\/\/www.rotaseguros.com.br\/planosdesaude\/wp-json\/wp\/v2\/media\/33458"}],"wp:attachment":[{"href":"https:\/\/www.rotaseguros.com.br\/planosdesaude\/wp-json\/wp\/v2\/media?parent=33452"}],"wp:term":[{"taxonomy":"category","embeddable":true,"href":"https:\/\/www.rotaseguros.com.br\/planosdesaude\/wp-json\/wp\/v2\/categories?post=33452"},{"taxonomy":"post_tag","embeddable":true,"href":"https:\/\/www.rotaseguros.com.br\/planosdesaude\/wp-json\/wp\/v2\/tags?post=33452"}],"curies":[{"name":"wp","href":"https:\/\/api.w.org\/{rel}","templated":true}]}}