{"id":335,"date":"2011-05-31T14:41:34","date_gmt":"2011-05-31T16:41:34","guid":{"rendered":"http:\/\/www.rotaseguros.com.br\/planosdesaude\/?p=335"},"modified":"2011-07-25T18:37:04","modified_gmt":"2011-07-25T20:37:04","slug":"a-amil-comprou-plano-de-saude-lincx","status":"publish","type":"post","link":"https:\/\/www.rotaseguros.com.br\/planosdesaude\/a-amil-comprou-plano-de-saude-lincx\/","title":{"rendered":"A Amil comprou o plano de sa\u00fade Lincx para refor\u00e7ar a sua atua\u00e7\u00e3o na alta renda"},"content":{"rendered":"<span class=\"span-reading-time rt-reading-time\" style=\"display: block;\"><span class=\"rt-label rt-prefix\">Reading Time: <\/span> <span class=\"rt-time\"> 3<\/span> <span class=\"rt-label rt-postfix\">minutes<\/span><\/span><p style=\"text-align: justify;\">A Amil Assist\u00eancia M\u00e9dica comprou 100% do plano de sa\u00fade Lincx por R$  170 milh\u00f5es. A empresa enviou comunicado \u00e0 Comiss\u00e3o de Valores  Mobili\u00e1rios (CVM) informando sobre a aquisi\u00e7\u00e3o.<\/p>\n<p style=\"text-align: justify;\">O valor acertado ser\u00e1 pago ap\u00f3s a conclus\u00e3o de um processo de auditoria e ser\u00e1 dividido em quatro parcelas.<\/p>\n<p style=\"text-align: justify;\">A Lincx atua no segmento de clientes de alta renda e n\u00e3o possui  endividamento, afirma o comunicado. A companhia possui cerca de R$ 20  milh\u00f5es em caixa e sua receita anualizada em 2011  \u00e9 de cerca de R$ 220  milh\u00f5es.<\/p>\n<p style=\"text-align: justify;\">Todos os contratos previamente realizados pela Lincx ser\u00e3o honrados, afirmou a Amil.<\/p>\n<p style=\"text-align: justify;\">A Lincx tem uma carteira com 36 mil benefici\u00e1rios, sendo 30 mil em  planos de sa\u00fade (sendo aproximadamente 76% dos clientes pessoa jur\u00eddica)  e 6 mil em planos odontol\u00f3gicos, e atua principalmente no mercado de  S\u00e3o Paulo, com filiais em Londrina e no Rio de Janeiro.<\/p>\n<p style=\"text-align: justify;\">\u201cAntes desta aquisi\u00e7\u00e3o, a Amilpar j\u00e1 atendia o segmento de alta renda  atrav\u00e9s da marca pr\u00f3pria AMIL ONE, lan\u00e7ada em 2010, e agora aumentar\u00e1  significativamente sua presen\u00e7a neste mercado\u201d, informou a operadora.<\/p>\n<p style=\"text-align: justify;\">A efetiva\u00e7\u00e3o da opera\u00e7\u00e3o est\u00e1 sujeita \u00e0 aprova\u00e7\u00e3o da ANS (\u201cCondi\u00e7\u00e3o  Suspensiva\u201d) e tamb\u00e9m ser\u00e1 submetida \u00e0 an\u00e1lise do Sistema Brasileiro de  Defesa da Concorr\u00eancia (CADE).<\/p>\n<p style=\"text-align: justify;\">\n<p>Clientes da Lincx, um dos planos de sa\u00fade mais caros do Pa\u00eds, ligaram  ontem para a operadora, com sede em S\u00e3o Paulo, ap\u00f3s as not\u00edcias de que a  empresa foi vendida para Amil, uma das maiores operadoras de sa\u00fade do  pa\u00eds.<\/p>\n<p>A d\u00favida \u00e9 saber como ficar\u00e1 Lincx, considerada uma prestadora de  servi\u00e7o elitista, com a transfer\u00eancia dos planos. Mais de 70% dos  clientes da Lincx s\u00e3o empresas, que oferecem o plano a seus altos  executivos.<\/p>\n<p>Do ponto de vista de gerenciamento de marcas, um dos grandes desafios  da Amil ser\u00e1 preservar a reputa\u00e7\u00e3o da Lincx. Consumidores de alto poder  aquisitivo costumam preferir marcas que lhe deem status e tendem a  torcer o nariz para marcas mais populares, sobretudo em uma quest\u00e3o t\u00e3o  valorizada e pessoal como cuidados com a sa\u00fade.<\/p>\n<p>De acordo com a ger\u00eancia de comunica\u00e7\u00e3o da Lincx, n\u00e3o foram muitos os  clientes que ligaram para a empresa ap\u00f3s o an\u00fancio. A avalia\u00e7\u00e3o da  companhia \u00e9 de que os seus consumidores compreenderam a aquisi\u00e7\u00e3o pela  Amil e n\u00e3o est\u00e3o preocupados.<\/p>\n<p>Segundo a ger\u00eancia de comunica\u00e7\u00e3o, a Lincx est\u00e1 explicando para  aqueles que a procuram que nada mudar\u00e1 com a aquisi\u00e7\u00e3o e que a companhia  n\u00e3o passar\u00e1 a oferecer um produto massificado.  A Lincx ser\u00e1 mantida  como uma plataforma separada na Amil, que criou uma divis\u00e3o para   atender exclusivamente o segmento de poder aquisitivo mais alto. Mas,  como a aquisi\u00e7\u00e3o depende de aprova\u00e7\u00e3o por parte dos \u00f3rg\u00e3os reguladores, a  Lincx ainda n\u00e3o pode enviar um comunicado oficial aos seus clientes.<\/p>\n<div>\n<h2>Ap\u00f3s venda para Amil, clientes da Lincx buscam explica\u00e7\u00f5es<\/h2>\n<\/div>\n<p>Para dar credibilidade ao projeto, o pr\u00f3prio dono da Lincx, Silvio  Corr\u00eaa Fonseca, vai permanecer \u00e0 frente dos neg\u00f3cios para alta renda na  Amil.<\/p>\n<p>O empres\u00e1rio, formado em oftalmologia pela Faculdade de Medicina de  Santos, fundou a Lincx em 1994, depois de ter sido respons\u00e1vel pela  entrada no Brasil da operadora Omint, com a qual passou a concorrer no  segmento de alta renda.<\/p>\n<p><strong>A\u00e7\u00f5es da Amil em alta<\/strong><\/p>\n<p>Do ponto de vista operacional, a aquisi\u00e7\u00e3o traz sinergias e agradou os investidores da Amil.<\/p>\n<p>As a\u00e7\u00f5es da empresa registraram um desempenho bem acima do Ibovespa, o  \u00edndice da bolsa. Em 2011, os pap\u00e9is subiram 13%, sendo que o Ibovespa  caiu 7,5%. Em doze meses, a\u00e7\u00f5es da companhia acumulam valoriza\u00e7\u00e3o de  55%, enquanto o Ibovespa subiu 6,5% no per\u00edodo.<\/p>\n<p>A Amil pagou um pre\u00e7o elevado pela Lincx. Em entrevista ao jornal  Valor Econ\u00f4mico, Fonseca afirmou que o acordo foi \u201cinteressante\u201d e que a  Amil pagou o equivalente a quase dez vezes a gera\u00e7\u00e3o anual de caixa  anual da Lincx, pelo crit\u00e9rio Lajida (lucro antes dos juros, impostos,  amortiza\u00e7\u00e3o e deprecia\u00e7\u00e3o). As negocia\u00e7\u00f5es estenderam-se por cerca de um  ano.<\/p>\n<p>A Amil j\u00e1 havia criado uma marca, a One Health, para disputar o  segmento de alta renda com a Lincx e a Omint. Mas, enquanto a One Health  possui 5 mil clientes, a Lincx det\u00e9m uma carteira de 36 mil  benefici\u00e1rios.<\/p>\n","protected":false},"excerpt":{"rendered":"<p><span class=\"span-reading-time rt-reading-time\" style=\"display: block;\"><span class=\"rt-label rt-prefix\">Reading Time: <\/span> <span class=\"rt-time\"> 3<\/span> <span class=\"rt-label rt-postfix\">minutes<\/span><\/span>A Amil Assist\u00eancia M\u00e9dica comprou 100% do plano de sa\u00fade Lincx por R$ 170 milh\u00f5es. A empresa enviou comunicado \u00e0 Comiss\u00e3o de Valores Mobili\u00e1rios (CVM) informando sobre a aquisi\u00e7\u00e3o. O &#8230;<\/p>\n","protected":false},"author":1,"featured_media":0,"comment_status":"open","ping_status":"closed","sticky":false,"template":"","format":"standard","meta":{"_monsterinsights_skip_tracking":false,"_monsterinsights_sitenote_active":false,"_monsterinsights_sitenote_note":"","_monsterinsights_sitenote_category":0,"footnotes":"","_links_to":"","_links_to_target":""},"categories":[3],"tags":[136],"class_list":["post-335","post","type-post","status-publish","format-standard","hentry","category-amil","tag-amil"],"_links":{"self":[{"href":"https:\/\/www.rotaseguros.com.br\/planosdesaude\/wp-json\/wp\/v2\/posts\/335","targetHints":{"allow":["GET"]}}],"collection":[{"href":"https:\/\/www.rotaseguros.com.br\/planosdesaude\/wp-json\/wp\/v2\/posts"}],"about":[{"href":"https:\/\/www.rotaseguros.com.br\/planosdesaude\/wp-json\/wp\/v2\/types\/post"}],"author":[{"embeddable":true,"href":"https:\/\/www.rotaseguros.com.br\/planosdesaude\/wp-json\/wp\/v2\/users\/1"}],"replies":[{"embeddable":true,"href":"https:\/\/www.rotaseguros.com.br\/planosdesaude\/wp-json\/wp\/v2\/comments?post=335"}],"version-history":[{"count":0,"href":"https:\/\/www.rotaseguros.com.br\/planosdesaude\/wp-json\/wp\/v2\/posts\/335\/revisions"}],"wp:attachment":[{"href":"https:\/\/www.rotaseguros.com.br\/planosdesaude\/wp-json\/wp\/v2\/media?parent=335"}],"wp:term":[{"taxonomy":"category","embeddable":true,"href":"https:\/\/www.rotaseguros.com.br\/planosdesaude\/wp-json\/wp\/v2\/categories?post=335"},{"taxonomy":"post_tag","embeddable":true,"href":"https:\/\/www.rotaseguros.com.br\/planosdesaude\/wp-json\/wp\/v2\/tags?post=335"}],"curies":[{"name":"wp","href":"https:\/\/api.w.org\/{rel}","templated":true}]}}