{"id":33568,"date":"2025-10-14T11:22:09","date_gmt":"2025-10-14T14:22:09","guid":{"rendered":"https:\/\/www.rotaseguros.com.br\/planosdesaude\/?p=33568"},"modified":"2025-10-14T11:22:09","modified_gmt":"2025-10-14T14:22:09","slug":"obesidade-e-ansiedade","status":"publish","type":"post","link":"https:\/\/www.rotaseguros.com.br\/planosdesaude\/obesidade-e-ansiedade\/","title":{"rendered":"Obesidade e ansiedade: problemas que andam lado a lado"},"content":{"rendered":"<span class=\"span-reading-time rt-reading-time\" style=\"display: block;\"><span class=\"rt-label rt-prefix\">Reading Time: <\/span> <span class=\"rt-time\"> 4<\/span> <span class=\"rt-label rt-postfix\">minutes<\/span><\/span><p data-start=\"209\" data-end=\"623\">A <strong data-start=\"211\" data-end=\"224\">obesidade<\/strong> \u00e9 um dos maiores desafios de sa\u00fade p\u00fablica no mundo moderno, e no Brasil n\u00e3o \u00e9 diferente. <a href=\"https:\/\/sbcbm.org.br\/obesidade-atingiu-a-marca-de-9-milhoes-de-pessoas-no-brasil-em-2024\/\" target=\"_blank\" rel=\"noopener\">Segundo a Organiza\u00e7\u00e3o Mundial da Sa\u00fade (OMS), os \u00edndices continuam crescendo, afetando milh\u00f5es de pessoas de diferentes idades.<\/a> Mas, al\u00e9m de quest\u00f5es relacionadas \u00e0 alimenta\u00e7\u00e3o e ao sedentarismo, um fator que vem chamando aten\u00e7\u00e3o dos especialistas \u00e9 a forte conex\u00e3o entre a <strong data-start=\"589\" data-end=\"602\">ansiedade<\/strong> e o ganho de peso.<\/p><div id=\"ez-toc-container\" class=\"ez-toc-v2_0_82_2 counter-flat ez-toc-counter ez-toc-grey ez-toc-container-direction\">\n<div class=\"ez-toc-title-container\">\n<p class=\"ez-toc-title\" style=\"cursor:inherit\">Aqui voc\u00ea encontra:<\/p>\n<span class=\"ez-toc-title-toggle\"><a href=\"#\" class=\"ez-toc-pull-right ez-toc-btn ez-toc-btn-xs ez-toc-btn-default ez-toc-toggle\" aria-label=\"Alternar tabela de conte\u00fado\"><span class=\"ez-toc-js-icon-con\"><span class=\"\"><span class=\"eztoc-hide\" style=\"display:none;\">Toggle<\/span><span class=\"ez-toc-icon-toggle-span\"><svg style=\"fill: #999;color:#999\" xmlns=\"http:\/\/www.w3.org\/2000\/svg\" class=\"list-377408\" width=\"20px\" height=\"20px\" viewBox=\"0 0 24 24\" fill=\"none\"><path d=\"M6 6H4v2h2V6zm14 0H8v2h12V6zM4 11h2v2H4v-2zm16 0H8v2h12v-2zM4 16h2v2H4v-2zm16 0H8v2h12v-2z\" fill=\"currentColor\"><\/path><\/svg><svg style=\"fill: #999;color:#999\" class=\"arrow-unsorted-368013\" xmlns=\"http:\/\/www.w3.org\/2000\/svg\" width=\"10px\" height=\"10px\" viewBox=\"0 0 24 24\" version=\"1.2\" baseProfile=\"tiny\"><path d=\"M18.2 9.3l-6.2-6.3-6.2 6.3c-.2.2-.3.4-.3.7s.1.5.3.7c.2.2.4.3.7.3h11c.3 0 .5-.1.7-.3.2-.2.3-.5.3-.7s-.1-.5-.3-.7zM5.8 14.7l6.2 6.3 6.2-6.3c.2-.2.3-.5.3-.7s-.1-.5-.3-.7c-.2-.2-.4-.3-.7-.3h-11c-.3 0-.5.1-.7.3-.2.2-.3.5-.3.7s.1.5.3.7z\"\/><\/svg><\/span><\/span><\/span><\/a><\/span><\/div>\n<nav><ul class='ez-toc-list ez-toc-list-level-1 ' ><li class='ez-toc-page-1'><a class=\"ez-toc-link ez-toc-heading-1\" href=\"https:\/\/www.rotaseguros.com.br\/planosdesaude\/obesidade-e-ansiedade\/#Como_a_ansiedade_influencia_o_ganho_de_peso\" >Como a ansiedade influencia o ganho de peso?<\/a><\/li><li class='ez-toc-page-1'><a class=\"ez-toc-link ez-toc-heading-2\" href=\"https:\/\/www.rotaseguros.com.br\/planosdesaude\/obesidade-e-ansiedade\/#A_geracao_ansiosa_e_seus_habitos\" >A gera\u00e7\u00e3o ansiosa e seus h\u00e1bitos<\/a><\/li><li class='ez-toc-page-1'><a class=\"ez-toc-link ez-toc-heading-3\" href=\"https:\/\/www.rotaseguros.com.br\/planosdesaude\/obesidade-e-ansiedade\/#Os_impactos_da_obesidade_na_saude_mental\" >Os impactos da obesidade na sa\u00fade mental!<\/a><\/li><li class='ez-toc-page-1'><a class=\"ez-toc-link ez-toc-heading-4\" href=\"https:\/\/www.rotaseguros.com.br\/planosdesaude\/obesidade-e-ansiedade\/#Caminhos_para_quebrar_o_ciclo\" >Caminhos para quebrar o ciclo<\/a><\/li><li class='ez-toc-page-1'><a class=\"ez-toc-link ez-toc-heading-5\" href=\"https:\/\/www.rotaseguros.com.br\/planosdesaude\/obesidade-e-ansiedade\/#O_papel_da_prevencao_e_do_cuidado_continuo\" >O papel da preven\u00e7\u00e3o e do cuidado cont\u00ednuo!<\/a><\/li><\/ul><\/nav><\/div>\n\n<p data-start=\"625\" data-end=\"1152\">Vivemos em uma era marcada pela pressa, pela press\u00e3o constante e por est\u00edmulos excessivos vindos das redes sociais, do trabalho e da vida cotidiana. Essa rotina acelerada contribui para o aumento de transtornos mentais, especialmente a ansiedade, que j\u00e1 \u00e9 considerada o transtorno mais comum do mundo. E \u00e9 justamente nesse cen\u00e1rio que muitos encontram na comida uma forma de aliviar a tens\u00e3o.<\/p>\n<p data-start=\"625\" data-end=\"1152\">O resultado? O crescimento de uma gera\u00e7\u00e3o que lida ao mesmo tempo com a obesidade e a ansiedade, criando um ciclo dif\u00edcil de romper.<\/p>\n<p data-start=\"625\" data-end=\"1152\"><img loading=\"lazy\" decoding=\"async\" class=\"alignnone wp-image-33575 size-full\" title=\"Como a ansiedade influencia a obesidade?\" src=\"https:\/\/www.rotaseguros.com.br\/planosdesaude\/wp-content\/uploads\/2025\/10\/Como-a-ansiedade-influencia-a-obesidade.png\" alt=\"Como a ansiedade influencia a obesidade?\" width=\"800\" height=\"200\" srcset=\"https:\/\/www.rotaseguros.com.br\/planosdesaude\/wp-content\/uploads\/2025\/10\/Como-a-ansiedade-influencia-a-obesidade.png 800w, https:\/\/www.rotaseguros.com.br\/planosdesaude\/wp-content\/uploads\/2025\/10\/Como-a-ansiedade-influencia-a-obesidade-300x75.png 300w, https:\/\/www.rotaseguros.com.br\/planosdesaude\/wp-content\/uploads\/2025\/10\/Como-a-ansiedade-influencia-a-obesidade-768x192.png 768w\" sizes=\"auto, (max-width: 800px) 100vw, 800px\" \/><\/p>\n<h2 data-start=\"1154\" data-end=\"1202\"><span class=\"ez-toc-section\" id=\"Como_a_ansiedade_influencia_o_ganho_de_peso\"><\/span>Como a ansiedade influencia o ganho de peso?<span class=\"ez-toc-section-end\"><\/span><\/h2>\n<p data-start=\"1204\" data-end=\"1467\">Quando estamos ansiosos, o corpo libera cortisol, conhecido como o horm\u00f4nio do estresse. Em excesso, ele pode aumentar o apetite, estimular o desejo por alimentos ricos em gordura e a\u00e7\u00facar e at\u00e9 alterar o metabolismo, favorecendo o ac\u00famulo de gordura abdominal.<\/p>\n<p data-start=\"1469\" data-end=\"1841\">Al\u00e9m disso, muitas pessoas recorrem \u00e0 <strong data-start=\"1507\" data-end=\"1532\">alimenta\u00e7\u00e3o emocional<\/strong> como v\u00e1lvula de escape. Ou seja, comem n\u00e3o pela fome f\u00edsica, mas para tentar suprir uma necessidade emocional. Nessas situa\u00e7\u00f5es, geralmente a escolha n\u00e3o \u00e9 por alimentos saud\u00e1veis, mas por fast food, doces, salgadinhos e refrigerantes, que oferecem prazer imediato, mas trazem riscos \u00e0 sa\u00fade a longo prazo.<\/p>\n<h2 data-start=\"1843\" data-end=\"1880\"><span class=\"ez-toc-section\" id=\"A_geracao_ansiosa_e_seus_habitos\"><\/span>A gera\u00e7\u00e3o ansiosa e seus h\u00e1bitos<span class=\"ez-toc-section-end\"><\/span><\/h2>\n<p data-start=\"1882\" data-end=\"2279\">Outro ponto relevante \u00e9 o estilo de vida da chamada gera\u00e7\u00e3o ansiosa, em grande parte composta por jovens e adultos que convivem diariamente com<strong> excesso de informa\u00e7\u00f5es e cobran\u00e7as<\/strong>. O uso constante das telas, a compara\u00e7\u00e3o social promovida pelas redes e a necessidade de estar sempre produzindo resultam em noites <strong>mal dormidas, falta de tempo para exerc\u00edcios e escolhas alimentares pouco saud\u00e1veis.<\/strong><\/p>\n<p data-start=\"2281\" data-end=\"2595\">A priva\u00e7\u00e3o do sono, por exemplo, est\u00e1 diretamente ligada ao ganho de peso, j\u00e1 que desregula os horm\u00f4nios que controlam a fome e a saciedade. Somado a isso, a rotina corrida muitas vezes leva ao consumo de refei\u00e7\u00f5es r\u00e1pidas e ultraprocessadas, refor\u00e7ando um ciclo que prejudica tanto a sa\u00fade f\u00edsica quanto mental.<\/p>\n<p data-start=\"2281\" data-end=\"2595\"><img loading=\"lazy\" decoding=\"async\" class=\"alignnone wp-image-33576 size-full\" title=\"Os impactos da obesidade na sa\u00fade mental!\" src=\"https:\/\/www.rotaseguros.com.br\/planosdesaude\/wp-content\/uploads\/2025\/10\/Os-impactos-da-obesidade-na-saude-mental.png\" alt=\"Os impactos da obesidade na sa\u00fade mental!\" width=\"800\" height=\"200\" srcset=\"https:\/\/www.rotaseguros.com.br\/planosdesaude\/wp-content\/uploads\/2025\/10\/Os-impactos-da-obesidade-na-saude-mental.png 800w, https:\/\/www.rotaseguros.com.br\/planosdesaude\/wp-content\/uploads\/2025\/10\/Os-impactos-da-obesidade-na-saude-mental-300x75.png 300w, https:\/\/www.rotaseguros.com.br\/planosdesaude\/wp-content\/uploads\/2025\/10\/Os-impactos-da-obesidade-na-saude-mental-768x192.png 768w\" sizes=\"auto, (max-width: 800px) 100vw, 800px\" \/><\/p>\n<h2 data-start=\"2597\" data-end=\"2642\"><span class=\"ez-toc-section\" id=\"Os_impactos_da_obesidade_na_saude_mental\"><\/span>Os impactos da obesidade na sa\u00fade mental!<span class=\"ez-toc-section-end\"><\/span><\/h2>\n<p data-start=\"2644\" data-end=\"2994\">O elo entre obesidade e ansiedade n\u00e3o \u00e9 unilateral. Assim como a ansiedade pode contribuir para o ganho de peso, a obesidade tamb\u00e9m pode impactar negativamente a sa\u00fade mental. Muitas pessoas enfrentam <strong data-start=\"2845\" data-end=\"2898\">preconceito, baixa autoestima e isolamento social<\/strong>, o que aumenta ainda mais os n\u00edveis de ansiedade e pode at\u00e9 desencadear quadros de depress\u00e3o.<\/p>\n<p data-start=\"2996\" data-end=\"3321\">Essa rela\u00e7\u00e3o bidirecional mostra como \u00e9 urgente olhar para os dois problemas de maneira integrada. Tratar apenas o aspecto f\u00edsico da obesidade, sem considerar o bem-estar emocional, pode tornar os resultados insustent\u00e1veis. Da mesma forma, cuidar apenas da ansiedade sem rever h\u00e1bitos de vida pode perpetuar riscos \u00e0 sa\u00fade.<\/p>\n<h2 data-start=\"3323\" data-end=\"3357\"><span class=\"ez-toc-section\" id=\"Caminhos_para_quebrar_o_ciclo\"><\/span>Caminhos para quebrar o ciclo<span class=\"ez-toc-section-end\"><\/span><\/h2>\n<p data-start=\"3359\" data-end=\"3530\">Superar o ciclo entre obesidade e ansiedade exige uma abordagem m\u00faltipla, que envolva tanto o corpo quanto a mente. Nesse contexto, algumas estrat\u00e9gias s\u00e3o fundamentais:<\/p>\n<ul>\n<li data-start=\"3534\" data-end=\"3701\"><strong data-start=\"3534\" data-end=\"3565\">Acompanhamento profissional<\/strong>: contar com m\u00e9dicos, nutricionistas e psic\u00f3logos \u00e9 essencial para entender as necessidades individuais e criar planos personalizados.<\/li>\n<li data-start=\"3704\" data-end=\"3845\"><strong data-start=\"3704\" data-end=\"3743\">Pr\u00e1tica regular de atividade f\u00edsica<\/strong>: al\u00e9m de ajudar na perda de peso, os exerc\u00edcios liberam endorfina e reduzem os n\u00edveis de ansiedade.<\/li>\n<li data-start=\"3848\" data-end=\"3970\"><strong data-start=\"3848\" data-end=\"3869\">Sono de qualidade<\/strong>: criar uma rotina de descanso adequado melhora a regula\u00e7\u00e3o hormonal e ajuda a controlar o apetite.<\/li>\n<li data-start=\"3973\" data-end=\"4138\"><strong data-start=\"3973\" data-end=\"4000\">Alimenta\u00e7\u00e3o equilibrada<\/strong>: optar por refei\u00e7\u00f5es naturais e ricas em nutrientes ajuda o corpo a funcionar melhor e diminui o desejo por alimentos ultraprocessados.<\/li>\n<li data-start=\"4141\" data-end=\"4280\"><strong data-start=\"4141\" data-end=\"4168\">T\u00e9cnicas de relaxamento<\/strong>: medita\u00e7\u00e3o, respira\u00e7\u00e3o profunda e mindfulness s\u00e3o ferramentas eficazes para reduzir a ansiedade no dia a dia.<\/li>\n<\/ul>\n<p><img loading=\"lazy\" decoding=\"async\" class=\"alignnone size-full wp-image-33577\" src=\"https:\/\/www.rotaseguros.com.br\/planosdesaude\/wp-content\/uploads\/2025\/10\/Um-olhar-para-o-futuro.png\" alt=\"Um olhar para o futuro!\" width=\"800\" height=\"200\" srcset=\"https:\/\/www.rotaseguros.com.br\/planosdesaude\/wp-content\/uploads\/2025\/10\/Um-olhar-para-o-futuro.png 800w, https:\/\/www.rotaseguros.com.br\/planosdesaude\/wp-content\/uploads\/2025\/10\/Um-olhar-para-o-futuro-300x75.png 300w, https:\/\/www.rotaseguros.com.br\/planosdesaude\/wp-content\/uploads\/2025\/10\/Um-olhar-para-o-futuro-768x192.png 768w\" sizes=\"auto, (max-width: 800px) 100vw, 800px\" \/><\/p>\n<h2 data-start=\"4282\" data-end=\"4329\"><span class=\"ez-toc-section\" id=\"O_papel_da_prevencao_e_do_cuidado_continuo\"><\/span>O papel da preven\u00e7\u00e3o e do cuidado cont\u00ednuo!<span class=\"ez-toc-section-end\"><\/span><\/h2>\n<p data-start=\"4331\" data-end=\"4661\">Cuidar da sa\u00fade n\u00e3o deve ser visto apenas como uma rea\u00e7\u00e3o a problemas j\u00e1 instalados.<strong> A preven\u00e7\u00e3o \u00e9 uma das formas mais eficazes de evitar tanto o avan\u00e7o da obesidade quanto os impactos da ansiedade.<\/strong> Isso significa olhar para o corpo e para a mente de forma integrada, buscando equil\u00edbrio antes que complica\u00e7\u00f5es se tornem graves.<\/p>\n<p data-start=\"4663\" data-end=\"4934\">Na <a href=\"http:\/\/www.rotaseguros.com.br\/unidades\"><strong>Rota Seguros<\/strong><\/a>, acreditamos que cada escolha de cuidado hoje representa mais qualidade de vida no futuro. Oferecemos planos de sa\u00fade que apoiam voc\u00ea em todas as fases, com acesso a consultas, exames e acompanhamento especializado para manter corpo e mente em harmonia.<\/p>\n<p data-start=\"5226\" data-end=\"5523\">Cuidar de si mesmo, equilibrar a alimenta\u00e7\u00e3o, buscar momentos de relaxamento e investir na sa\u00fade mental s\u00e3o passos fundamentais para viver com mais leveza e bem-estar. O primeiro passo \u00e9 reconhecer que corpo e mente caminham juntos \u2014 e que cuidar de ambos \u00e9 a chave para um futuro mais saud\u00e1vel.]<\/p>\n<p data-start=\"5226\" data-end=\"5523\">Leia tamb\u00e9m nosso blog sobre<strong><a href=\"https:\/\/www.rotaseguros.com.br\/planosdesaude\/metabolismo\/\"> 5 formas de acelerar o metabolismo!<\/a><\/strong><\/p>\n","protected":false},"excerpt":{"rendered":"<p><span class=\"span-reading-time rt-reading-time\" style=\"display: block;\"><span class=\"rt-label rt-prefix\">Reading Time: <\/span> <span class=\"rt-time\"> 4<\/span> <span class=\"rt-label rt-postfix\">minutes<\/span><\/span>A obesidade \u00e9 um dos maiores desafios de sa\u00fade p\u00fablica no mundo moderno, e no Brasil n\u00e3o \u00e9 diferente. Segundo a Organiza\u00e7\u00e3o Mundial da Sa\u00fade (OMS), os \u00edndices continuam crescendo, &#8230;<\/p>\n","protected":false},"author":37,"featured_media":33574,"comment_status":"open","ping_status":"open","sticky":false,"template":"","format":"standard","meta":{"_monsterinsights_skip_tracking":false,"_monsterinsights_sitenote_active":false,"_monsterinsights_sitenote_note":"","_monsterinsights_sitenote_category":0,"footnotes":"","_links_to":"","_links_to_target":""},"categories":[33,1005],"tags":[4053,692,3368,4052,1491,132,41,1343,2899,48,3705,693],"class_list":["post-33568","post","type-post","status-publish","format-standard","has-post-thumbnail","hentry","category-rota-seguros","category-saude","tag-alimentacao-emocional","tag-ansiedade","tag-blog","tag-geracao-ansiosa","tag-obesidade","tag-plano-de-saude","tag-planos-de-saude","tag-prevencao","tag-rota","tag-rota-seguros-2","tag-saude-em-dia","tag-saude-mental"],"_links":{"self":[{"href":"https:\/\/www.rotaseguros.com.br\/planosdesaude\/wp-json\/wp\/v2\/posts\/33568","targetHints":{"allow":["GET"]}}],"collection":[{"href":"https:\/\/www.rotaseguros.com.br\/planosdesaude\/wp-json\/wp\/v2\/posts"}],"about":[{"href":"https:\/\/www.rotaseguros.com.br\/planosdesaude\/wp-json\/wp\/v2\/types\/post"}],"author":[{"embeddable":true,"href":"https:\/\/www.rotaseguros.com.br\/planosdesaude\/wp-json\/wp\/v2\/users\/37"}],"replies":[{"embeddable":true,"href":"https:\/\/www.rotaseguros.com.br\/planosdesaude\/wp-json\/wp\/v2\/comments?post=33568"}],"version-history":[{"count":2,"href":"https:\/\/www.rotaseguros.com.br\/planosdesaude\/wp-json\/wp\/v2\/posts\/33568\/revisions"}],"predecessor-version":[{"id":33580,"href":"https:\/\/www.rotaseguros.com.br\/planosdesaude\/wp-json\/wp\/v2\/posts\/33568\/revisions\/33580"}],"wp:featuredmedia":[{"embeddable":true,"href":"https:\/\/www.rotaseguros.com.br\/planosdesaude\/wp-json\/wp\/v2\/media\/33574"}],"wp:attachment":[{"href":"https:\/\/www.rotaseguros.com.br\/planosdesaude\/wp-json\/wp\/v2\/media?parent=33568"}],"wp:term":[{"taxonomy":"category","embeddable":true,"href":"https:\/\/www.rotaseguros.com.br\/planosdesaude\/wp-json\/wp\/v2\/categories?post=33568"},{"taxonomy":"post_tag","embeddable":true,"href":"https:\/\/www.rotaseguros.com.br\/planosdesaude\/wp-json\/wp\/v2\/tags?post=33568"}],"curies":[{"name":"wp","href":"https:\/\/api.w.org\/{rel}","templated":true}]}}