{"id":33612,"date":"2025-10-28T10:55:53","date_gmt":"2025-10-28T13:55:53","guid":{"rendered":"https:\/\/www.rotaseguros.com.br\/planosdesaude\/?p=33612"},"modified":"2025-10-28T10:55:53","modified_gmt":"2025-10-28T13:55:53","slug":"calvicie-6-principais-causas","status":"publish","type":"post","link":"https:\/\/www.rotaseguros.com.br\/planosdesaude\/calvicie-6-principais-causas\/","title":{"rendered":"Calv\u00edcie: conhe\u00e7a as 6 principais causas"},"content":{"rendered":"<span class=\"span-reading-time rt-reading-time\" style=\"display: block;\"><span class=\"rt-label rt-prefix\">Reading Time: <\/span> <span class=\"rt-time\"> 4<\/span> <span class=\"rt-label rt-postfix\">minutes<\/span><\/span><p data-start=\"399\" data-end=\"688\">A <strong data-start=\"401\" data-end=\"413\">calv\u00edcie<\/strong> \u00e9 uma condi\u00e7\u00e3o que atinge milh\u00f5es de pessoas em todo o mundo e, embora seja mais comum entre os homens, tamb\u00e9m pode afetar as mulheres. Mais do que uma quest\u00e3o est\u00e9tica, a perda de cabelo pode impactar a <strong data-start=\"618\" data-end=\"655\">autoestima, o bem-estar emocional<\/strong> e at\u00e9 as <strong data-start=\"665\" data-end=\"685\">rela\u00e7\u00f5es sociais<\/strong>.<\/p><div id=\"ez-toc-container\" class=\"ez-toc-v2_0_82_2 counter-flat ez-toc-counter ez-toc-grey ez-toc-container-direction\">\n<div class=\"ez-toc-title-container\">\n<p class=\"ez-toc-title\" style=\"cursor:inherit\">Aqui voc\u00ea encontra:<\/p>\n<span class=\"ez-toc-title-toggle\"><a href=\"#\" class=\"ez-toc-pull-right ez-toc-btn ez-toc-btn-xs ez-toc-btn-default ez-toc-toggle\" aria-label=\"Alternar tabela de conte\u00fado\"><span class=\"ez-toc-js-icon-con\"><span class=\"\"><span class=\"eztoc-hide\" style=\"display:none;\">Toggle<\/span><span class=\"ez-toc-icon-toggle-span\"><svg style=\"fill: #999;color:#999\" xmlns=\"http:\/\/www.w3.org\/2000\/svg\" class=\"list-377408\" width=\"20px\" height=\"20px\" viewBox=\"0 0 24 24\" fill=\"none\"><path d=\"M6 6H4v2h2V6zm14 0H8v2h12V6zM4 11h2v2H4v-2zm16 0H8v2h12v-2zM4 16h2v2H4v-2zm16 0H8v2h12v-2z\" fill=\"currentColor\"><\/path><\/svg><svg style=\"fill: #999;color:#999\" class=\"arrow-unsorted-368013\" xmlns=\"http:\/\/www.w3.org\/2000\/svg\" width=\"10px\" height=\"10px\" viewBox=\"0 0 24 24\" version=\"1.2\" baseProfile=\"tiny\"><path d=\"M18.2 9.3l-6.2-6.3-6.2 6.3c-.2.2-.3.4-.3.7s.1.5.3.7c.2.2.4.3.7.3h11c.3 0 .5-.1.7-.3.2-.2.3-.5.3-.7s-.1-.5-.3-.7zM5.8 14.7l6.2 6.3 6.2-6.3c.2-.2.3-.5.3-.7s-.1-.5-.3-.7c-.2-.2-.4-.3-.7-.3h-11c-.3 0-.5.1-.7.3-.2.2-.3.5-.3.7s.1.5.3.7z\"\/><\/svg><\/span><\/span><\/span><\/a><\/span><\/div>\n<nav><ul class='ez-toc-list ez-toc-list-level-1 ' ><li class='ez-toc-page-1'><a class=\"ez-toc-link ez-toc-heading-1\" href=\"https:\/\/www.rotaseguros.com.br\/planosdesaude\/calvicie-6-principais-causas\/#O_que_e_a_calvicie\" >O que \u00e9 a calv\u00edcie?<\/a><\/li><li class='ez-toc-page-1'><a class=\"ez-toc-link ez-toc-heading-2\" href=\"https:\/\/www.rotaseguros.com.br\/planosdesaude\/calvicie-6-principais-causas\/#As_principais_causas_da_calvicie\" >As principais causas da calv\u00edcie<\/a><\/li><li class='ez-toc-page-1'><a class=\"ez-toc-link ez-toc-heading-3\" href=\"https:\/\/www.rotaseguros.com.br\/planosdesaude\/calvicie-6-principais-causas\/#1_Fatores_geneticos\" >1. Fatores gen\u00e9ticos<\/a><\/li><li class='ez-toc-page-1'><a class=\"ez-toc-link ez-toc-heading-4\" href=\"https:\/\/www.rotaseguros.com.br\/planosdesaude\/calvicie-6-principais-causas\/#2_Alteracoes_hormonais\" >2. Altera\u00e7\u00f5es hormonais<\/a><\/li><li class='ez-toc-page-1'><a class=\"ez-toc-link ez-toc-heading-5\" href=\"https:\/\/www.rotaseguros.com.br\/planosdesaude\/calvicie-6-principais-causas\/#3_Estresse_fisico_e_emocional\" >3. Estresse f\u00edsico e emocional<\/a><\/li><li class='ez-toc-page-1'><a class=\"ez-toc-link ez-toc-heading-6\" href=\"https:\/\/www.rotaseguros.com.br\/planosdesaude\/calvicie-6-principais-causas\/#4_Deficiencias_nutricionais\" >4. Defici\u00eancias nutricionais<\/a><\/li><li class='ez-toc-page-1'><a class=\"ez-toc-link ez-toc-heading-7\" href=\"https:\/\/www.rotaseguros.com.br\/planosdesaude\/calvicie-6-principais-causas\/#5_Doencas_e_uso_de_medicamentos\" >5. Doen\u00e7as e uso de medicamentos<\/a><\/li><li class='ez-toc-page-1'><a class=\"ez-toc-link ez-toc-heading-8\" href=\"https:\/\/www.rotaseguros.com.br\/planosdesaude\/calvicie-6-principais-causas\/#6_Habitos_e_cuidados_inadequados\" >6. H\u00e1bitos e cuidados inadequados<\/a><\/li><li class='ez-toc-page-1'><a class=\"ez-toc-link ez-toc-heading-9\" href=\"https:\/\/www.rotaseguros.com.br\/planosdesaude\/calvicie-6-principais-causas\/#Diagnostico_e_tratamento\" >Diagn\u00f3stico e tratamento<\/a><\/li><li class='ez-toc-page-1'><a class=\"ez-toc-link ez-toc-heading-10\" href=\"https:\/\/www.rotaseguros.com.br\/planosdesaude\/calvicie-6-principais-causas\/#Cuidar_tambem_e_prevenir\" >Cuidar tamb\u00e9m \u00e9 prevenir<\/a><\/li><\/ul><\/nav><\/div>\n\n<p data-start=\"690\" data-end=\"950\">Mas afinal, por que algumas pessoas perdem os cabelos mais cedo ou de forma mais intensa do que outras? A resposta est\u00e1 em uma combina\u00e7\u00e3o de <strong data-start=\"831\" data-end=\"881\">fatores gen\u00e9ticos, hormonais e comportamentais<\/strong>, que influenciam diretamente a sa\u00fade dos fios e do couro cabeludo.<\/p>\n<p data-start=\"690\" data-end=\"950\"><img loading=\"lazy\" decoding=\"async\" class=\"alignnone wp-image-33706 size-full\" title=\"O que \u00e9 a calv\u00edcie?\" src=\"https:\/\/www.rotaseguros.com.br\/planosdesaude\/wp-content\/uploads\/2025\/10\/O-que-e-a-calvicie.png\" alt=\"O que \u00e9 a calv\u00edcie?\" width=\"800\" height=\"200\" srcset=\"https:\/\/www.rotaseguros.com.br\/planosdesaude\/wp-content\/uploads\/2025\/10\/O-que-e-a-calvicie.png 800w, https:\/\/www.rotaseguros.com.br\/planosdesaude\/wp-content\/uploads\/2025\/10\/O-que-e-a-calvicie-300x75.png 300w, https:\/\/www.rotaseguros.com.br\/planosdesaude\/wp-content\/uploads\/2025\/10\/O-que-e-a-calvicie-768x192.png 768w\" sizes=\"auto, (max-width: 800px) 100vw, 800px\" \/><\/p>\n<h2 data-start=\"952\" data-end=\"976\"><span class=\"ez-toc-section\" id=\"O_que_e_a_calvicie\"><\/span>O que \u00e9 a calv\u00edcie?<span class=\"ez-toc-section-end\"><\/span><\/h2>\n<p data-start=\"978\" data-end=\"1244\">A calv\u00edcie, ou <strong data-start=\"993\" data-end=\"1019\">alopecia androgen\u00e9tica<\/strong>, \u00e9 uma condi\u00e7\u00e3o caracterizada pela <strong data-start=\"1055\" data-end=\"1085\">queda progressiva dos fios<\/strong>, causada principalmente por uma sensibilidade dos fol\u00edculos capilares \u00e0 a\u00e7\u00e3o de um horm\u00f4nio chamado <strong data-start=\"1186\" data-end=\"1215\"><a href=\"https:\/\/pt.wikipedia.org\/wiki\/Di-hidrotestosterona\" target=\"_blank\" rel=\"noopener\">dihidrotestosterona<\/a> (DHT)<\/strong>, derivado da testosterona.<\/p>\n<p data-start=\"1246\" data-end=\"1469\">Com o tempo, os fol\u00edculos diminuem de tamanho, os fios ficam cada vez mais finos e, eventualmente, param de crescer. O processo \u00e9 gradual e pode come\u00e7ar ainda na juventude, tornando-se mais evidente com o passar dos anos.<\/p>\n<p data-start=\"1471\" data-end=\"1677\">Embora mais associada ao p\u00fablico masculino, <strong data-start=\"1515\" data-end=\"1552\">a calv\u00edcie feminina tamb\u00e9m existe<\/strong> \u2014 geralmente manifestando-se por um afinamento generalizado dos fios, sem forma\u00e7\u00e3o de entradas ou \u00e1reas totalmente calvas.<\/p>\n<h2 data-start=\"1679\" data-end=\"1716\"><span class=\"ez-toc-section\" id=\"As_principais_causas_da_calvicie\"><\/span>As principais causas da calv\u00edcie<span class=\"ez-toc-section-end\"><\/span><\/h2>\n<p data-start=\"1718\" data-end=\"1855\">Diversos fatores podem contribuir para a queda capilar, e compreender cada um deles \u00e9 essencial para buscar o tratamento mais adequado.<\/p>\n<h4 data-start=\"1857\" data-end=\"1883\"><span class=\"ez-toc-section\" id=\"1_Fatores_geneticos\"><\/span>1. Fatores gen\u00e9ticos<span class=\"ez-toc-section-end\"><\/span><\/h4>\n<p data-start=\"1884\" data-end=\"2193\">A heran\u00e7a gen\u00e9tica \u00e9, sem d\u00favida, a causa mais comum da calv\u00edcie. Quando h\u00e1 casos de <strong data-start=\"1969\" data-end=\"1995\">alopecia androgen\u00e9tica<\/strong> na fam\u00edlia, as chances de desenvolver o mesmo quadro aumentam consideravelmente. Essa predisposi\u00e7\u00e3o afeta tanto homens quanto mulheres e pode determinar o in\u00edcio e a intensidade da perda capilar.<\/p>\n<h4 data-start=\"2195\" data-end=\"2224\"><span class=\"ez-toc-section\" id=\"2_Alteracoes_hormonais\"><\/span>2. Altera\u00e7\u00f5es hormonais<span class=\"ez-toc-section-end\"><\/span><\/h4>\n<p data-start=\"2225\" data-end=\"2526\">Os <strong data-start=\"2228\" data-end=\"2241\">horm\u00f4nios<\/strong> t\u00eam papel fundamental na sa\u00fade dos fios. No caso dos homens, a a\u00e7\u00e3o da DHT \u00e9 o principal gatilho. J\u00e1 nas mulheres, a queda capilar pode estar associada a altera\u00e7\u00f5es hormonais provocadas por <strong data-start=\"2432\" data-end=\"2496\">gravidez, menopausa, s\u00edndrome dos ov\u00e1rios polic\u00edsticos (SOP)<\/strong> e uso de anticoncepcionais.<\/p>\n<p data-start=\"2528\" data-end=\"2647\">Em ambos os casos, o <strong data-start=\"2549\" data-end=\"2575\">desequil\u00edbrio hormonal<\/strong> altera o ciclo de crescimento capilar, provocando afinamento e queda.<\/p>\n<p data-start=\"2528\" data-end=\"2647\"><img loading=\"lazy\" decoding=\"async\" class=\"alignnone wp-image-33707 size-full\" title=\"Calv\u00edcie: Cuidar tamb\u00e9m \u00e9 prevenir\" src=\"https:\/\/www.rotaseguros.com.br\/planosdesaude\/wp-content\/uploads\/2025\/10\/Calvicie_-Cuidar-tambem-e-prevenir.png\" alt=\"Calv\u00edcie: Cuidar tamb\u00e9m \u00e9 prevenir\" width=\"800\" height=\"200\" srcset=\"https:\/\/www.rotaseguros.com.br\/planosdesaude\/wp-content\/uploads\/2025\/10\/Calvicie_-Cuidar-tambem-e-prevenir.png 800w, https:\/\/www.rotaseguros.com.br\/planosdesaude\/wp-content\/uploads\/2025\/10\/Calvicie_-Cuidar-tambem-e-prevenir-300x75.png 300w, https:\/\/www.rotaseguros.com.br\/planosdesaude\/wp-content\/uploads\/2025\/10\/Calvicie_-Cuidar-tambem-e-prevenir-768x192.png 768w\" sizes=\"auto, (max-width: 800px) 100vw, 800px\" \/><\/p>\n<h4 data-start=\"2649\" data-end=\"2685\"><span class=\"ez-toc-section\" id=\"3_Estresse_fisico_e_emocional\"><\/span>3. Estresse f\u00edsico e emocional<span class=\"ez-toc-section-end\"><\/span><\/h4>\n<p data-start=\"2686\" data-end=\"2978\">O <strong data-start=\"2688\" data-end=\"2700\">estresse<\/strong> \u00e9 uma das causas mais subestimadas da queda de cabelo. Momentos de tens\u00e3o, ansiedade, ins\u00f4nia ou mudan\u00e7as bruscas na rotina podem causar um tipo de queda conhecido como <strong data-start=\"2870\" data-end=\"2890\">efl\u00favio tel\u00f3geno<\/strong>, em que os fios entram precocemente na fase de repouso e se soltam do couro cabeludo.<\/p>\n<p data-start=\"2980\" data-end=\"3100\">Essa condi\u00e7\u00e3o costuma ser tempor\u00e1ria, mas se o estresse for constante, pode agravar quadros de calv\u00edcie j\u00e1 existentes.<\/p>\n<h4 data-start=\"3102\" data-end=\"3136\"><span class=\"ez-toc-section\" id=\"4_Deficiencias_nutricionais\"><\/span>4. Defici\u00eancias nutricionais<span class=\"ez-toc-section-end\"><\/span><\/h4>\n<p data-start=\"3137\" data-end=\"3341\">O cabelo precisa de <strong data-start=\"3157\" data-end=\"3181\">vitaminas e minerais<\/strong> para crescer forte e saud\u00e1vel. A falta de nutrientes como <strong data-start=\"3240\" data-end=\"3289\">ferro, zinco, vitamina D, biotina e prote\u00ednas<\/strong> pode comprometer o ciclo de crescimento dos fios.<\/p>\n<p data-start=\"3343\" data-end=\"3569\">Dietas muito restritivas, alimenta\u00e7\u00e3o desbalanceada ou dist\u00farbios alimentares est\u00e3o entre as causas mais comuns desse tipo de queda. A boa not\u00edcia \u00e9 que, nesses casos, o tratamento nutricional costuma trazer bons resultados.<\/p>\n<h4 data-start=\"3571\" data-end=\"3609\"><span class=\"ez-toc-section\" id=\"5_Doencas_e_uso_de_medicamentos\"><\/span>5. Doen\u00e7as e uso de medicamentos<span class=\"ez-toc-section-end\"><\/span><\/h4>\n<p data-start=\"3610\" data-end=\"3877\">Algumas doen\u00e7as \u2014 como <strong data-start=\"3633\" data-end=\"3697\">hipotireoidismo, l\u00fapus, anemia e infec\u00e7\u00f5es do couro cabeludo<\/strong> \u2014 podem causar queda de cabelo. Al\u00e9m disso, medicamentos como antidepressivos, anticoagulantes, quimioter\u00e1picos e alguns tipos de anticoncepcionais podem desencadear o problema.<\/p>\n<p data-start=\"3879\" data-end=\"4037\">\u00c9 fundamental conversar com o m\u00e9dico antes de interromper qualquer medica\u00e7\u00e3o, j\u00e1 que apenas ele pode avaliar a rela\u00e7\u00e3o entre o tratamento e a queda capilar.<\/p>\n<h4 data-start=\"4039\" data-end=\"4078\"><span class=\"ez-toc-section\" id=\"6_Habitos_e_cuidados_inadequados\"><\/span>6. H\u00e1bitos e cuidados inadequados<span class=\"ez-toc-section-end\"><\/span><\/h4>\n<p data-start=\"4079\" data-end=\"4359\">Procedimentos qu\u00edmicos frequentes, uso excessivo de secador e chapinha, al\u00e9m do <strong data-start=\"4159\" data-end=\"4200\">ac\u00famulo de res\u00edduos no couro cabeludo<\/strong>, podem enfraquecer os fios e causar queda. O uso inadequado de produtos ou a falta de higiene capilar adequada tamb\u00e9m comprometem a sa\u00fade do couro cabeludo.<\/p>\n<p data-start=\"4361\" data-end=\"4522\">A recomenda\u00e7\u00e3o \u00e9 optar por <strong data-start=\"4388\" data-end=\"4428\">produtos dermatologicamente testados<\/strong>, manter uma rotina de limpeza equilibrada e evitar agredir os fios com qu\u00edmicas em excesso.<\/p>\n<h2 data-start=\"4524\" data-end=\"4553\"><span class=\"ez-toc-section\" id=\"Diagnostico_e_tratamento\"><\/span>Diagn\u00f3stico e tratamento<span class=\"ez-toc-section-end\"><\/span><\/h2>\n<p data-start=\"4555\" data-end=\"4721\">O diagn\u00f3stico da calv\u00edcie deve ser feito por um <strong data-start=\"4603\" data-end=\"4621\">dermatologista<\/strong>, que analisar\u00e1 o couro cabeludo e, se necess\u00e1rio, solicitar\u00e1 exames laboratoriais ou tricoscopia.<\/p>\n<p data-start=\"4723\" data-end=\"4979\">Os tratamentos variam conforme a causa e o est\u00e1gio da queda, e podem incluir o uso de <strong data-start=\"4809\" data-end=\"4833\">medicamentos t\u00f3picos<\/strong>, como o <strong data-start=\"4842\" data-end=\"4855\">minoxidil<\/strong>, comprimidos para controle hormonal, <strong data-start=\"4893\" data-end=\"4922\">suplementa\u00e7\u00e3o nutricional<\/strong> e, em casos mais avan\u00e7ados, o <strong data-start=\"4953\" data-end=\"4976\">transplante capilar<\/strong>.<\/p>\n<p data-start=\"4981\" data-end=\"5144\">H\u00e1 tamb\u00e9m terapias complementares, como o <strong data-start=\"5023\" data-end=\"5043\">microagulhamento<\/strong> e a <strong data-start=\"5048\" data-end=\"5064\">laserterapia<\/strong>, que estimulam o crescimento de novos fios e melhoram a circula\u00e7\u00e3o na regi\u00e3o.<\/p>\n<p data-start=\"4981\" data-end=\"5144\"><img loading=\"lazy\" decoding=\"async\" class=\"alignnone wp-image-33708 size-full\" title=\"Calv\u00edcie e o estresse f\u00edsico e emocional\" src=\"https:\/\/www.rotaseguros.com.br\/planosdesaude\/wp-content\/uploads\/2025\/10\/Calvicie-e-o-estresse-fisico-e-emocional.png\" alt=\"Calv\u00edcie e o estresse f\u00edsico e emocional\" width=\"800\" height=\"200\" srcset=\"https:\/\/www.rotaseguros.com.br\/planosdesaude\/wp-content\/uploads\/2025\/10\/Calvicie-e-o-estresse-fisico-e-emocional.png 800w, https:\/\/www.rotaseguros.com.br\/planosdesaude\/wp-content\/uploads\/2025\/10\/Calvicie-e-o-estresse-fisico-e-emocional-300x75.png 300w, https:\/\/www.rotaseguros.com.br\/planosdesaude\/wp-content\/uploads\/2025\/10\/Calvicie-e-o-estresse-fisico-e-emocional-768x192.png 768w\" sizes=\"auto, (max-width: 800px) 100vw, 800px\" \/><\/p>\n<h2 data-start=\"5146\" data-end=\"5175\"><span class=\"ez-toc-section\" id=\"Cuidar_tambem_e_prevenir\"><\/span>Cuidar tamb\u00e9m \u00e9 prevenir<span class=\"ez-toc-section-end\"><\/span><\/h2>\n<p data-start=\"5177\" data-end=\"5345\">Embora a calv\u00edcie nem sempre possa ser evitada, \u00e9 poss\u00edvel <strong data-start=\"5236\" data-end=\"5263\">retardar sua progress\u00e3o<\/strong> com h\u00e1bitos saud\u00e1veis, alimenta\u00e7\u00e3o equilibrada e acompanhamento m\u00e9dico regular.<\/p>\n<p data-start=\"5347\" data-end=\"5591\">Na <a href=\"http:\/\/www.rotaseguros.com.br\/unidades\"><strong data-start=\"5350\" data-end=\"5366\">Rota Seguros<\/strong><\/a>, acreditamos que cuidar da sa\u00fade vai al\u00e9m da apar\u00eancia \u2014 \u00e9 sobre bem-estar, autoestima e qualidade de vida. Por isso, incentivamos o cuidado integral com corpo e mente, para que voc\u00ea se sinta bem em todas as fases da vida.<\/p>\n<p data-start=\"5593\" data-end=\"5789\">Quer continuar aprendendo sobre <strong data-start=\"5625\" data-end=\"5659\">sa\u00fade, preven\u00e7\u00e3o e autocuidado<\/strong>? Leia tamb\u00e9m o blog da Rota Seguros sobre o sono e <a href=\"https:\/\/www.rotaseguros.com.br\/planosdesaude\/rotina-noturna\/\"><strong>descubra 6 dicas para come\u00e7ar a dormir melhor<\/strong><\/a>.<\/p>\n","protected":false},"excerpt":{"rendered":"<p><span class=\"span-reading-time rt-reading-time\" style=\"display: block;\"><span class=\"rt-label rt-prefix\">Reading Time: <\/span> <span class=\"rt-time\"> 4<\/span> <span class=\"rt-label rt-postfix\">minutes<\/span><\/span>A calv\u00edcie \u00e9 uma condi\u00e7\u00e3o que atinge milh\u00f5es de pessoas em todo o mundo e, embora seja mais comum entre os homens, tamb\u00e9m pode afetar as mulheres. Mais do que &#8230;<\/p>\n","protected":false},"author":37,"featured_media":33705,"comment_status":"open","ping_status":"open","sticky":false,"template":"","format":"standard","meta":{"_monsterinsights_skip_tracking":false,"_monsterinsights_sitenote_active":false,"_monsterinsights_sitenote_note":"","_monsterinsights_sitenote_category":0,"footnotes":"","_links_to":"","_links_to_target":""},"categories":[6,33,1005],"tags":[4070,1221,4069,4071,4073,4072,41,1216,48,2103],"class_list":["post-33612","post","type-post","status-publish","format-standard","has-post-thumbnail","hentry","category-dicas","category-rota-seguros","category-saude","tag-alopecia-androgenetica","tag-cabelo-caindo","tag-calvicie","tag-causas-da-calvicie","tag-crescer-cabelo","tag-cuidados-com-o-cabelo","tag-planos-de-saude","tag-queda-de-cabelo","tag-rota-seguros-2","tag-tratamento-capilar"],"_links":{"self":[{"href":"https:\/\/www.rotaseguros.com.br\/planosdesaude\/wp-json\/wp\/v2\/posts\/33612","targetHints":{"allow":["GET"]}}],"collection":[{"href":"https:\/\/www.rotaseguros.com.br\/planosdesaude\/wp-json\/wp\/v2\/posts"}],"about":[{"href":"https:\/\/www.rotaseguros.com.br\/planosdesaude\/wp-json\/wp\/v2\/types\/post"}],"author":[{"embeddable":true,"href":"https:\/\/www.rotaseguros.com.br\/planosdesaude\/wp-json\/wp\/v2\/users\/37"}],"replies":[{"embeddable":true,"href":"https:\/\/www.rotaseguros.com.br\/planosdesaude\/wp-json\/wp\/v2\/comments?post=33612"}],"version-history":[{"count":4,"href":"https:\/\/www.rotaseguros.com.br\/planosdesaude\/wp-json\/wp\/v2\/posts\/33612\/revisions"}],"predecessor-version":[{"id":33711,"href":"https:\/\/www.rotaseguros.com.br\/planosdesaude\/wp-json\/wp\/v2\/posts\/33612\/revisions\/33711"}],"wp:featuredmedia":[{"embeddable":true,"href":"https:\/\/www.rotaseguros.com.br\/planosdesaude\/wp-json\/wp\/v2\/media\/33705"}],"wp:attachment":[{"href":"https:\/\/www.rotaseguros.com.br\/planosdesaude\/wp-json\/wp\/v2\/media?parent=33612"}],"wp:term":[{"taxonomy":"category","embeddable":true,"href":"https:\/\/www.rotaseguros.com.br\/planosdesaude\/wp-json\/wp\/v2\/categories?post=33612"},{"taxonomy":"post_tag","embeddable":true,"href":"https:\/\/www.rotaseguros.com.br\/planosdesaude\/wp-json\/wp\/v2\/tags?post=33612"}],"curies":[{"name":"wp","href":"https:\/\/api.w.org\/{rel}","templated":true}]}}