{"id":33656,"date":"2025-11-12T09:00:00","date_gmt":"2025-11-12T12:00:00","guid":{"rendered":"https:\/\/www.rotaseguros.com.br\/planosdesaude\/?p=33656"},"modified":"2025-10-29T10:54:09","modified_gmt":"2025-10-29T13:54:09","slug":"saude-no-trabalho","status":"publish","type":"post","link":"https:\/\/www.rotaseguros.com.br\/planosdesaude\/saude-no-trabalho\/","title":{"rendered":"Dicas para cuidar da sa\u00fade no trabalho"},"content":{"rendered":"<span class=\"span-reading-time rt-reading-time\" style=\"display: block;\"><span class=\"rt-label rt-prefix\">Reading Time: <\/span> <span class=\"rt-time\"> 3<\/span> <span class=\"rt-label rt-postfix\">minutes<\/span><\/span><p data-start=\"135\" data-end=\"515\"><strong>Cuidar da sa\u00fade no trabalho \u00e9 fundamental para manter o bem-estar, a produtividade e a qualidade de vida.<\/strong> Com a rotina acelerada, muitas pessoas acabam negligenciando h\u00e1bitos simples que podem fazer toda a diferen\u00e7a no dia a dia. Neste artigo, voc\u00ea vai descobrir como pequenas mudan\u00e7as de comportamento ajudam a preservar sua sa\u00fade no trabalho, tanto f\u00edsica quanto mental.<\/p><div id=\"ez-toc-container\" class=\"ez-toc-v2_0_82_2 counter-flat ez-toc-counter ez-toc-grey ez-toc-container-direction\">\n<div class=\"ez-toc-title-container\">\n<p class=\"ez-toc-title\" style=\"cursor:inherit\">Aqui voc\u00ea encontra:<\/p>\n<span class=\"ez-toc-title-toggle\"><a href=\"#\" class=\"ez-toc-pull-right ez-toc-btn ez-toc-btn-xs ez-toc-btn-default ez-toc-toggle\" aria-label=\"Alternar tabela de conte\u00fado\"><span class=\"ez-toc-js-icon-con\"><span class=\"\"><span class=\"eztoc-hide\" style=\"display:none;\">Toggle<\/span><span class=\"ez-toc-icon-toggle-span\"><svg style=\"fill: #999;color:#999\" xmlns=\"http:\/\/www.w3.org\/2000\/svg\" class=\"list-377408\" width=\"20px\" height=\"20px\" viewBox=\"0 0 24 24\" fill=\"none\"><path d=\"M6 6H4v2h2V6zm14 0H8v2h12V6zM4 11h2v2H4v-2zm16 0H8v2h12v-2zM4 16h2v2H4v-2zm16 0H8v2h12v-2z\" fill=\"currentColor\"><\/path><\/svg><svg style=\"fill: #999;color:#999\" class=\"arrow-unsorted-368013\" xmlns=\"http:\/\/www.w3.org\/2000\/svg\" width=\"10px\" height=\"10px\" viewBox=\"0 0 24 24\" version=\"1.2\" baseProfile=\"tiny\"><path d=\"M18.2 9.3l-6.2-6.3-6.2 6.3c-.2.2-.3.4-.3.7s.1.5.3.7c.2.2.4.3.7.3h11c.3 0 .5-.1.7-.3.2-.2.3-.5.3-.7s-.1-.5-.3-.7zM5.8 14.7l6.2 6.3 6.2-6.3c.2-.2.3-.5.3-.7s-.1-.5-.3-.7c-.2-.2-.4-.3-.7-.3h-11c-.3 0-.5.1-.7.3-.2.2-.3.5-.3.7s.1.5.3.7z\"\/><\/svg><\/span><\/span><\/span><\/a><\/span><\/div>\n<nav><ul class='ez-toc-list ez-toc-list-level-1 ' ><li class='ez-toc-page-1'><a class=\"ez-toc-link ez-toc-heading-1\" href=\"https:\/\/www.rotaseguros.com.br\/planosdesaude\/saude-no-trabalho\/#A_importancia_do_equilibrio\" >A import\u00e2ncia do equil\u00edbrio<\/a><\/li><li class='ez-toc-page-1'><a class=\"ez-toc-link ez-toc-heading-2\" href=\"https:\/\/www.rotaseguros.com.br\/planosdesaude\/saude-no-trabalho\/#Pausas_e_postura\" >Pausas e postura<\/a><\/li><li class='ez-toc-page-1'><a class=\"ez-toc-link ez-toc-heading-3\" href=\"https:\/\/www.rotaseguros.com.br\/planosdesaude\/saude-no-trabalho\/#Alimentacao_e_hidratacao\" >Alimenta\u00e7\u00e3o e hidrata\u00e7\u00e3o<\/a><\/li><li class='ez-toc-page-1'><a class=\"ez-toc-link ez-toc-heading-4\" href=\"https:\/\/www.rotaseguros.com.br\/planosdesaude\/saude-no-trabalho\/#Gerenciamento_do_estresse_e_saude_mental\" >Gerenciamento do estresse e sa\u00fade mental<\/a><\/li><li class='ez-toc-page-1'><a class=\"ez-toc-link ez-toc-heading-5\" href=\"https:\/\/www.rotaseguros.com.br\/planosdesaude\/saude-no-trabalho\/#Saude_em_primeiro_lugar\" >Sa\u00fade em primeiro lugar<\/a><\/li><\/ul><\/nav><\/div>\n\n<p data-start=\"135\" data-end=\"515\"><img loading=\"lazy\" decoding=\"async\" class=\"alignnone wp-image-33658 size-full\" title=\"A import\u00e2ncia do equil\u00edbrio\" src=\"https:\/\/www.rotaseguros.com.br\/planosdesaude\/wp-content\/uploads\/2025\/10\/A-importancia-do-equilibrio.png\" alt=\"A import\u00e2ncia do equil\u00edbrio\" width=\"800\" height=\"200\" srcset=\"https:\/\/www.rotaseguros.com.br\/planosdesaude\/wp-content\/uploads\/2025\/10\/A-importancia-do-equilibrio.png 800w, https:\/\/www.rotaseguros.com.br\/planosdesaude\/wp-content\/uploads\/2025\/10\/A-importancia-do-equilibrio-300x75.png 300w, https:\/\/www.rotaseguros.com.br\/planosdesaude\/wp-content\/uploads\/2025\/10\/A-importancia-do-equilibrio-768x192.png 768w\" sizes=\"auto, (max-width: 800px) 100vw, 800px\" \/><\/p>\n<h2 data-start=\"517\" data-end=\"548\"><span class=\"ez-toc-section\" id=\"A_importancia_do_equilibrio\"><\/span>A import\u00e2ncia do equil\u00edbrio<span class=\"ez-toc-section-end\"><\/span><\/h2>\n<p data-start=\"550\" data-end=\"984\">O trabalho ocupa grande parte do nosso tempo e, por isso, deve ser um espa\u00e7o de cuidado e equil\u00edbrio. Quando o ambiente laboral \u00e9 saud\u00e1vel, h\u00e1 reflexos positivos n\u00e3o apenas na produtividade, mas tamb\u00e9m na satisfa\u00e7\u00e3o pessoal. Estresse, m\u00e1 postura, alimenta\u00e7\u00e3o inadequada e falta de pausas s\u00e3o fatores que, a longo prazo, podem comprometer a <strong data-start=\"890\" data-end=\"911\">sa\u00fade no trabalho<\/strong>. Por isso, \u00e9 essencial adotar pr\u00e1ticas que priorizem o bem-estar di\u00e1rio.<\/p>\n<h2 data-start=\"986\" data-end=\"1006\"><\/h2>\n<h2 data-start=\"986\" data-end=\"1006\"><span class=\"ez-toc-section\" id=\"Pausas_e_postura\"><\/span>Pausas e postura<span class=\"ez-toc-section-end\"><\/span><\/h2>\n<p data-start=\"1008\" data-end=\"1467\">Ficar longas horas sentado pode afetar a circula\u00e7\u00e3o, causar dores musculares e at\u00e9 prejudicar a concentra\u00e7\u00e3o. Por isso, levante-se a cada hora, alongue o corpo e d\u00ea pequenas caminhadas. Se poss\u00edvel, organize o espa\u00e7o de trabalho para permitir movimentos frequentes \u2014 como levantar para buscar \u00e1gua ou falar com um colega. Esses momentos de pausa ajudam a relaxar e a aumentar o foco nas tarefas seguintes, melhorando a sa\u00fade no trabalho de forma cont\u00ednua.<\/p>\n<p data-start=\"1469\" data-end=\"1833\">Manter a postura adequada \u00e9 essencial para evitar dores e problemas na coluna. Ajuste a cadeira de forma que os p\u00e9s fiquem totalmente apoiados no ch\u00e3o e o monitor esteja na altura dos olhos. Evite cruzar as pernas e procure manter os ombros relaxados. Uma boa ergonomia garante mais conforto e previne les\u00f5es, contribuindo diretamente para a sa\u00fade no trabalho.<\/p>\n<h2 data-start=\"1835\" data-end=\"1863\"><\/h2>\n<h2 data-start=\"1835\" data-end=\"1863\"><img loading=\"lazy\" decoding=\"async\" class=\"alignnone wp-image-33659 size-full\" title=\"Alimenta\u00e7\u00e3o e hidrata\u00e7\u00e3o\" src=\"https:\/\/www.rotaseguros.com.br\/planosdesaude\/wp-content\/uploads\/2025\/10\/Alimentacao-e-hidratacao.png\" alt=\"Alimenta\u00e7\u00e3o e hidrata\u00e7\u00e3o\" width=\"800\" height=\"200\" srcset=\"https:\/\/www.rotaseguros.com.br\/planosdesaude\/wp-content\/uploads\/2025\/10\/Alimentacao-e-hidratacao.png 800w, https:\/\/www.rotaseguros.com.br\/planosdesaude\/wp-content\/uploads\/2025\/10\/Alimentacao-e-hidratacao-300x75.png 300w, https:\/\/www.rotaseguros.com.br\/planosdesaude\/wp-content\/uploads\/2025\/10\/Alimentacao-e-hidratacao-768x192.png 768w\" sizes=\"auto, (max-width: 800px) 100vw, 800px\" \/><\/h2>\n<h2 data-start=\"1835\" data-end=\"1863\"><\/h2>\n<h2 data-start=\"1835\" data-end=\"1863\"><span class=\"ez-toc-section\" id=\"Alimentacao_e_hidratacao\"><\/span>Alimenta\u00e7\u00e3o e hidrata\u00e7\u00e3o<span class=\"ez-toc-section-end\"><\/span><\/h2>\n<p data-start=\"1865\" data-end=\"2226\">Pular refei\u00e7\u00f5es ou consumir alimentos <a href=\"https:\/\/pt.wikipedia.org\/wiki\/Alimentos_ultraprocessados\" target=\"_blank\" rel=\"noopener\">ultraprocessados <\/a>\u00e9 um erro comum. Prefira op\u00e7\u00f5es leves e nutritivas, como frutas, castanhas, iogurtes e sandu\u00edches naturais. Uma boa alimenta\u00e7\u00e3o mant\u00e9m os n\u00edveis de energia est\u00e1veis e contribui para o bom humor no ambiente profissional. Se poss\u00edvel, leve suas pr\u00f3prias refei\u00e7\u00f5es de casa e evite exageros em lanches r\u00e1pidos.<\/p>\n<p data-start=\"2228\" data-end=\"2533\">Beber \u00e1gua \u00e9 uma das atitudes mais simples e eficazes para manter a sa\u00fade. Tenha sempre uma garrafa por perto e estabele\u00e7a metas di\u00e1rias de consumo. A hidrata\u00e7\u00e3o adequada melhora o funcionamento dos \u00f3rg\u00e3os, previne dores de cabe\u00e7a e ajuda na concentra\u00e7\u00e3o. O caf\u00e9 pode ser aliado, mas n\u00e3o substitui a \u00e1gua!<\/p>\n<h2 data-start=\"2535\" data-end=\"2579\"><\/h2>\n<h2 data-start=\"2535\" data-end=\"2579\"><span class=\"ez-toc-section\" id=\"Gerenciamento_do_estresse_e_saude_mental\"><\/span>Gerenciamento do estresse e sa\u00fade mental<span class=\"ez-toc-section-end\"><\/span><\/h2>\n<p data-start=\"2581\" data-end=\"2978\">O estresse \u00e9 um dos principais vil\u00f5es da vida moderna. No ambiente de trabalho, ele pode surgir por excesso de demandas, press\u00e3o e falta de pausas adequadas. Reserve alguns minutos por dia para respirar fundo, se alongar ou simplesmente desconectar-se das telas. Pr\u00e1ticas como medita\u00e7\u00e3o, yoga e caminhadas ao ar livre tamb\u00e9m ajudam a equilibrar corpo e mente, fortalecendo a sa\u00fade no trabalho.<\/p>\n<p data-start=\"2980\" data-end=\"3309\">Cuidar da sa\u00fade mental \u00e9 t\u00e3o importante quanto cuidar do corpo. Estabele\u00e7a limites saud\u00e1veis entre vida pessoal e profissional, converse com colegas de confian\u00e7a e procure ajuda psicol\u00f3gica se sentir necessidade. O di\u00e1logo aberto sobre emo\u00e7\u00f5es e o apoio m\u00fatuo dentro da equipe tornam o ambiente de trabalho mais leve e acolhedor.<\/p>\n<h2 data-start=\"3311\" data-end=\"3338\"><\/h2>\n<h2 data-start=\"3311\" data-end=\"3338\"><img loading=\"lazy\" decoding=\"async\" class=\"alignnone wp-image-33660 size-full\" title=\"Sa\u00fade em primeiro lugar\" src=\"https:\/\/www.rotaseguros.com.br\/planosdesaude\/wp-content\/uploads\/2025\/10\/Saude-em-primeiro-lugar.png\" alt=\"Sa\u00fade em primeiro lugar\" width=\"800\" height=\"200\" srcset=\"https:\/\/www.rotaseguros.com.br\/planosdesaude\/wp-content\/uploads\/2025\/10\/Saude-em-primeiro-lugar.png 800w, https:\/\/www.rotaseguros.com.br\/planosdesaude\/wp-content\/uploads\/2025\/10\/Saude-em-primeiro-lugar-300x75.png 300w, https:\/\/www.rotaseguros.com.br\/planosdesaude\/wp-content\/uploads\/2025\/10\/Saude-em-primeiro-lugar-768x192.png 768w\" sizes=\"auto, (max-width: 800px) 100vw, 800px\" \/><\/h2>\n<h2 data-start=\"3311\" data-end=\"3338\"><\/h2>\n<h2 data-start=\"3311\" data-end=\"3338\"><\/h2>\n<h2 data-start=\"3311\" data-end=\"3338\"><span class=\"ez-toc-section\" id=\"Saude_em_primeiro_lugar\"><\/span>Sa\u00fade em primeiro lugar<span class=\"ez-toc-section-end\"><\/span><\/h2>\n<p data-start=\"3340\" data-end=\"3596\">Investir na sa\u00fade no trabalho dos colaboradores \u00e9 investir no sucesso da empresa. Os planos de sa\u00fade empresariais oferecem mais tranquilidade para gestores e equipes, garantindo acesso r\u00e1pido a cuidados m\u00e9dicos e bem-estar cont\u00ednuo no ambiente laboral.<\/p>\n<p data-start=\"3598\" data-end=\"3817\">A Rota Seguros orienta todo o processo, auxiliando desde a escolha do plano ideal at\u00e9 o suporte ap\u00f3s a contrata\u00e7\u00e3o. Assim, sua empresa garante mais qualidade de vida para todos e um futuro mais saud\u00e1vel para o seu time.<\/p>\n<p data-start=\"2423\" data-end=\"2784\">Entre em contato e solicite sua cota\u00e7\u00e3o personalizada!<\/p>\n<p>Belo Horizonte \u2013 MG:\u00a0<a href=\"https:\/\/www.rotaseguros.com.br\/index.html\">0800 024 24 24<\/a><\/p>\n<p>Colatina \u2013 ES:\u00a0<a href=\"https:\/\/www.rotaseguros.com.br\/colatina\/index.html\">(27) 3121-9393<\/a><\/p>\n<p>Londrina \u2013 PR:\u00a0<a href=\"https:\/\/www.rotaseguros.com.br\/londrina\/index.html\">(43) 3233-2096<\/a><\/p>\n<p>Uberl\u00e2ndia \u2013 MG:\u00a0<a href=\"https:\/\/www.rotaseguros.com.br\/uberlandia\/index.html\">(34) 3291-9300<\/a><\/p>\n<p>Cascavel \u2013 PR:\u00a0<a href=\"https:\/\/www.rotaseguros.com.br\/cascavel\/index.html\">(45) 2101-9406<\/a><\/p>\n<p>Curitiba \u2013 PR:\u00a0<a href=\"https:\/\/www.rotaseguros.com.br\/curitiba\/index.html\">(41) 3596-0365<\/a><\/p>\n<p>Maring\u00e1 \u2013 PR:\u00a0<a href=\"https:\/\/www.rotaseguros.com.br\/maringa\/index.html\">(44) 2103-6720<\/a><\/p>\n<p>Vit\u00f3ria \u2013 ES:\u00a0<a href=\"https:\/\/www.rotaseguros.com.br\/vitoria\/index.html\">(27) 2233-3020<\/a><\/p>\n<p>Caxias do Sul \u2013 RS:\u00a0<a href=\"https:\/\/www.rotaseguros.com.br\/caxias-do-sul\/index.html\">(54) 2991-8270<\/a><\/p>\n<p>Divin\u00f3polis \u2013 MG:\u00a0<a href=\"https:\/\/www.rotaseguros.com.br\/divinopolis\/index.html\">(37) 3511-3030<\/a><\/p>\n<p>Po\u00e7os de Caldas \u2013\u00a0MG:<a href=\"https:\/\/www.rotaseguros.com.br\/sul-de-minas\" target=\"_blank\" rel=\"noopener\"> 0800 033 3386<\/a><\/p>\n","protected":false},"excerpt":{"rendered":"<p><span class=\"span-reading-time rt-reading-time\" style=\"display: block;\"><span class=\"rt-label rt-prefix\">Reading Time: <\/span> <span class=\"rt-time\"> 3<\/span> <span class=\"rt-label rt-postfix\">minutes<\/span><\/span>Cuidar da sa\u00fade no trabalho \u00e9 fundamental para manter o bem-estar, a produtividade e a qualidade de vida. Com a rotina acelerada, muitas pessoas acabam negligenciando h\u00e1bitos simples que podem &#8230;<\/p>\n","protected":false},"author":36,"featured_media":33657,"comment_status":"open","ping_status":"open","sticky":false,"template":"","format":"standard","meta":{"_monsterinsights_skip_tracking":false,"_monsterinsights_sitenote_active":false,"_monsterinsights_sitenote_note":"","_monsterinsights_sitenote_category":0,"footnotes":"","_links_to":"","_links_to_target":""},"categories":[6,27,33,1005],"tags":[3300,1344,686,3492,4103,2305,4102,210,1343,1235,48,693,3429],"class_list":["post-33656","post","type-post","status-publish","format-standard","has-post-thumbnail","hentry","category-dicas","category-plano-de-saude","category-rota-seguros","category-saude","tag-produtividade","tag-alimentacao-saudavel","tag-bem-estar","tag-ergonomia","tag-gestao-do-estresse","tag-hidratacao","tag-pausas-no-trabalho","tag-plano-de-saude-empresarial","tag-prevencao","tag-qualidade-de-vida","tag-rota-seguros-2","tag-saude-mental","tag-saude-no-trabalho"],"_links":{"self":[{"href":"https:\/\/www.rotaseguros.com.br\/planosdesaude\/wp-json\/wp\/v2\/posts\/33656","targetHints":{"allow":["GET"]}}],"collection":[{"href":"https:\/\/www.rotaseguros.com.br\/planosdesaude\/wp-json\/wp\/v2\/posts"}],"about":[{"href":"https:\/\/www.rotaseguros.com.br\/planosdesaude\/wp-json\/wp\/v2\/types\/post"}],"author":[{"embeddable":true,"href":"https:\/\/www.rotaseguros.com.br\/planosdesaude\/wp-json\/wp\/v2\/users\/36"}],"replies":[{"embeddable":true,"href":"https:\/\/www.rotaseguros.com.br\/planosdesaude\/wp-json\/wp\/v2\/comments?post=33656"}],"version-history":[{"count":4,"href":"https:\/\/www.rotaseguros.com.br\/planosdesaude\/wp-json\/wp\/v2\/posts\/33656\/revisions"}],"predecessor-version":[{"id":33838,"href":"https:\/\/www.rotaseguros.com.br\/planosdesaude\/wp-json\/wp\/v2\/posts\/33656\/revisions\/33838"}],"wp:featuredmedia":[{"embeddable":true,"href":"https:\/\/www.rotaseguros.com.br\/planosdesaude\/wp-json\/wp\/v2\/media\/33657"}],"wp:attachment":[{"href":"https:\/\/www.rotaseguros.com.br\/planosdesaude\/wp-json\/wp\/v2\/media?parent=33656"}],"wp:term":[{"taxonomy":"category","embeddable":true,"href":"https:\/\/www.rotaseguros.com.br\/planosdesaude\/wp-json\/wp\/v2\/categories?post=33656"},{"taxonomy":"post_tag","embeddable":true,"href":"https:\/\/www.rotaseguros.com.br\/planosdesaude\/wp-json\/wp\/v2\/tags?post=33656"}],"curies":[{"name":"wp","href":"https:\/\/api.w.org\/{rel}","templated":true}]}}