{"id":33780,"date":"2025-11-17T08:49:17","date_gmt":"2025-11-17T11:49:17","guid":{"rendered":"https:\/\/www.rotaseguros.com.br\/planosdesaude\/?p=33780"},"modified":"2025-11-17T08:49:17","modified_gmt":"2025-11-17T11:49:17","slug":"tuberculose-saude-publica","status":"publish","type":"post","link":"https:\/\/www.rotaseguros.com.br\/planosdesaude\/tuberculose-saude-publica\/","title":{"rendered":"Tuberculose: uma doen\u00e7a que ainda preocupa a sa\u00fade p\u00fablica"},"content":{"rendered":"<span class=\"span-reading-time rt-reading-time\" style=\"display: block;\"><span class=\"rt-label rt-prefix\">Reading Time: <\/span> <span class=\"rt-time\"> 4<\/span> <span class=\"rt-label rt-postfix\">minutes<\/span><\/span><p data-start=\"73\" data-end=\"499\">A <strong data-start=\"75\" data-end=\"95\">tuberculose (TB)<\/strong> \u00e9 uma das doen\u00e7as infecciosas mais antigas da hist\u00f3ria da humanidade \u2014 e, surpreendentemente, continua sendo um <strong data-start=\"208\" data-end=\"243\">problema atual de sa\u00fade p\u00fablica<\/strong>. Apesar dos avan\u00e7os na medicina e das campanhas de preven\u00e7\u00e3o, o Brasil ainda registra milhares de novos casos todos os anos. Entender seus sintomas, formas de transmiss\u00e3o e tratamento \u00e9 fundamental para reduzir o impacto da doen\u00e7a e evitar complica\u00e7\u00f5es.<\/p><div id=\"ez-toc-container\" class=\"ez-toc-v2_0_82_2 counter-flat ez-toc-counter ez-toc-grey ez-toc-container-direction\">\n<div class=\"ez-toc-title-container\">\n<p class=\"ez-toc-title\" style=\"cursor:inherit\">Aqui voc\u00ea encontra:<\/p>\n<span class=\"ez-toc-title-toggle\"><a href=\"#\" class=\"ez-toc-pull-right ez-toc-btn ez-toc-btn-xs ez-toc-btn-default ez-toc-toggle\" aria-label=\"Alternar tabela de conte\u00fado\"><span class=\"ez-toc-js-icon-con\"><span class=\"\"><span class=\"eztoc-hide\" style=\"display:none;\">Toggle<\/span><span class=\"ez-toc-icon-toggle-span\"><svg style=\"fill: #999;color:#999\" xmlns=\"http:\/\/www.w3.org\/2000\/svg\" class=\"list-377408\" width=\"20px\" height=\"20px\" viewBox=\"0 0 24 24\" fill=\"none\"><path d=\"M6 6H4v2h2V6zm14 0H8v2h12V6zM4 11h2v2H4v-2zm16 0H8v2h12v-2zM4 16h2v2H4v-2zm16 0H8v2h12v-2z\" fill=\"currentColor\"><\/path><\/svg><svg style=\"fill: #999;color:#999\" class=\"arrow-unsorted-368013\" xmlns=\"http:\/\/www.w3.org\/2000\/svg\" width=\"10px\" height=\"10px\" viewBox=\"0 0 24 24\" version=\"1.2\" baseProfile=\"tiny\"><path d=\"M18.2 9.3l-6.2-6.3-6.2 6.3c-.2.2-.3.4-.3.7s.1.5.3.7c.2.2.4.3.7.3h11c.3 0 .5-.1.7-.3.2-.2.3-.5.3-.7s-.1-.5-.3-.7zM5.8 14.7l6.2 6.3 6.2-6.3c.2-.2.3-.5.3-.7s-.1-.5-.3-.7c-.2-.2-.4-.3-.7-.3h-11c-.3 0-.5.1-.7.3-.2.2-.3.5-.3.7s.1.5.3.7z\"\/><\/svg><\/span><\/span><\/span><\/a><\/span><\/div>\n<nav><ul class='ez-toc-list ez-toc-list-level-1 ' ><li class='ez-toc-page-1'><a class=\"ez-toc-link ez-toc-heading-1\" href=\"https:\/\/www.rotaseguros.com.br\/planosdesaude\/tuberculose-saude-publica\/#O_que_e_a_tuberculose\" >O que \u00e9 a tuberculose?<\/a><\/li><li class='ez-toc-page-1'><a class=\"ez-toc-link ez-toc-heading-2\" href=\"https:\/\/www.rotaseguros.com.br\/planosdesaude\/tuberculose-saude-publica\/#Sintomas_que_merecem_atencao\" >Sintomas que merecem aten\u00e7\u00e3o<\/a><\/li><li class='ez-toc-page-1'><a class=\"ez-toc-link ez-toc-heading-3\" href=\"https:\/\/www.rotaseguros.com.br\/planosdesaude\/tuberculose-saude-publica\/#Diagnostico_e_tratamento\" >Diagn\u00f3stico e tratamento<\/a><\/li><li class='ez-toc-page-1'><a class=\"ez-toc-link ez-toc-heading-4\" href=\"https:\/\/www.rotaseguros.com.br\/planosdesaude\/tuberculose-saude-publica\/#Fatores_de_risco_e_vulnerabilidade\" >Fatores de risco e vulnerabilidade<\/a><\/li><li class='ez-toc-page-1'><a class=\"ez-toc-link ez-toc-heading-5\" href=\"https:\/\/www.rotaseguros.com.br\/planosdesaude\/tuberculose-saude-publica\/#Prevencao_contra_a_tuberculose\" >Preven\u00e7\u00e3o contra a tuberculose<\/a><\/li><li class='ez-toc-page-1'><a class=\"ez-toc-link ez-toc-heading-6\" href=\"https:\/\/www.rotaseguros.com.br\/planosdesaude\/tuberculose-saude-publica\/#Um_olhar_para_o_futuro\" >Um olhar para o futuro<\/a><\/li><li class='ez-toc-page-1'><a class=\"ez-toc-link ez-toc-heading-7\" href=\"https:\/\/www.rotaseguros.com.br\/planosdesaude\/tuberculose-saude-publica\/#Um_compromisso_com_a_saude\" >Um compromisso com a sa\u00fade<\/a><\/li><\/ul><\/nav><\/div>\n\n<h2 data-start=\"506\" data-end=\"532\"><span class=\"ez-toc-section\" id=\"O_que_e_a_tuberculose\"><\/span>O que \u00e9 a tuberculose?<span class=\"ez-toc-section-end\"><\/span><\/h2>\n<p data-start=\"534\" data-end=\"861\">A <strong data-start=\"536\" data-end=\"551\">tuberculose<\/strong> \u00e9 uma infec\u00e7\u00e3o causada pela bact\u00e9ria <em data-start=\"589\" data-end=\"617\">Mycobacterium tuberculosis<\/em>, tamb\u00e9m conhecida como <strong data-start=\"641\" data-end=\"659\">bacilo de Koch<\/strong>. Ela afeta principalmente os <strong data-start=\"689\" data-end=\"700\">pulm\u00f5es<\/strong>, mas pode atingir outros \u00f3rg\u00e3os, como rins, ossos e sistema nervoso central. Quando n\u00e3o tratada corretamente, pode causar sequelas graves e at\u00e9 levar \u00e0 morte.<\/p>\n<p data-start=\"863\" data-end=\"1144\">A transmiss\u00e3o ocorre de forma <strong data-start=\"893\" data-end=\"902\">a\u00e9rea<\/strong>, quando uma pessoa infectada <strong data-start=\"932\" data-end=\"958\">tosse, espirra ou fala<\/strong>, liberando got\u00edculas com o bacilo no ambiente. Por isso, a preven\u00e7\u00e3o depende muito do diagn\u00f3stico precoce e do tratamento adequado dos casos ativos, reduzindo o risco de dissemina\u00e7\u00e3o.<\/p>\n<p data-start=\"863\" data-end=\"1144\"><img loading=\"lazy\" decoding=\"async\" class=\"alignnone wp-image-33782 size-full\" title=\"O que \u00e9 a tuberculose?\" src=\"https:\/\/www.rotaseguros.com.br\/planosdesaude\/wp-content\/uploads\/2025\/10\/O-que-e-a-tuberculose.png\" alt=\"O que \u00e9 a tuberculose?\" width=\"800\" height=\"200\" srcset=\"https:\/\/www.rotaseguros.com.br\/planosdesaude\/wp-content\/uploads\/2025\/10\/O-que-e-a-tuberculose.png 800w, https:\/\/www.rotaseguros.com.br\/planosdesaude\/wp-content\/uploads\/2025\/10\/O-que-e-a-tuberculose-300x75.png 300w, https:\/\/www.rotaseguros.com.br\/planosdesaude\/wp-content\/uploads\/2025\/10\/O-que-e-a-tuberculose-768x192.png 768w\" sizes=\"auto, (max-width: 800px) 100vw, 800px\" \/><\/p>\n<h2 data-start=\"1151\" data-end=\"1183\"><span class=\"ez-toc-section\" id=\"Sintomas_que_merecem_atencao\"><\/span>Sintomas que merecem aten\u00e7\u00e3o<span class=\"ez-toc-section-end\"><\/span><\/h2>\n<p data-start=\"1185\" data-end=\"1375\">Um dos maiores desafios da tuberculose \u00e9 que seus <strong data-start=\"1235\" data-end=\"1308\">sintomas iniciais s\u00e3o semelhantes aos de outras doen\u00e7as respirat\u00f3rias<\/strong>, o que pode atrasar o diagn\u00f3stico. Os principais sinais incluem: <strong>tosse persistente por mais de tr\u00eas semanas<\/strong>, com ou sem catarro; f<strong data-start=\"1451\" data-end=\"1482\">ebre baixa no final do dia<\/strong>; <strong data-start=\"1488\" data-end=\"1507\">suores noturnos<\/strong>; <strong data-start=\"1513\" data-end=\"1543\">perda de peso e de apetite e <\/strong><strong data-start=\"1549\" data-end=\"1571\">cansa\u00e7o<\/strong>.<\/p>\n<p data-start=\"1576\" data-end=\"1823\">Nos casos em que outros \u00f3rg\u00e3os s\u00e3o afetados, os sintomas variam conforme a regi\u00e3o atingida. Por exemplo, a tuberculose \u00f3ssea pode causar dor nas articula\u00e7\u00f5es, enquanto a tuberculose men\u00edngea pode provocar dor de cabe\u00e7a intensa e rigidez na nuca.<\/p>\n<h2 data-start=\"1830\" data-end=\"1858\"><span class=\"ez-toc-section\" id=\"Diagnostico_e_tratamento\"><\/span>Diagn\u00f3stico e tratamento<span class=\"ez-toc-section-end\"><\/span><\/h2>\n<p data-start=\"1860\" data-end=\"2141\">O diagn\u00f3stico da tuberculose \u00e9 feito principalmente por meio de exames laboratoriais, como a <strong data-start=\"1953\" data-end=\"1980\">baciloscopia do escarro<\/strong>, o <strong data-start=\"1984\" data-end=\"2019\">teste r\u00e1pido molecular (TRM-TB)<\/strong> e a <strong data-start=\"2024\" data-end=\"2048\">radiografia de t\u00f3rax<\/strong>. Esses exames permitem identificar a presen\u00e7a da bact\u00e9ria e avaliar o est\u00e1gio da infec\u00e7\u00e3o.<\/p>\n<p data-start=\"2143\" data-end=\"2538\">O <strong data-start=\"2145\" data-end=\"2216\">tratamento \u00e9 gratuito e oferecido pelo Sistema \u00danico de Sa\u00fade (SUS)<\/strong>. Ele dura, em m\u00e9dia, <strong data-start=\"2238\" data-end=\"2252\">seis meses<\/strong>, e consiste na combina\u00e7\u00e3o de antibi\u00f3ticos que precisam ser tomados diariamente. \u00c9 essencial <strong data-start=\"2345\" data-end=\"2393\">seguir corretamente o tratamento at\u00e9 o final<\/strong>, mesmo que os sintomas desapare\u00e7am antes, pois o abandono pode levar \u00e0 resist\u00eancia bacteriana, tornando a doen\u00e7a muito mais dif\u00edcil de tratar.<\/p>\n<p data-start=\"2540\" data-end=\"2833\">Durante o tratamento, o acompanhamento m\u00e9dico \u00e9 constante. Profissionais de sa\u00fade avaliam a resposta aos medicamentos e verificam poss\u00edveis efeitos colaterais. Al\u00e9m disso, o paciente recebe orienta\u00e7\u00f5es sobre alimenta\u00e7\u00e3o, repouso e preven\u00e7\u00e3o da transmiss\u00e3o para familiares e pessoas pr\u00f3ximas.<\/p>\n<h2 data-start=\"2840\" data-end=\"2878\"><span class=\"ez-toc-section\" id=\"Fatores_de_risco_e_vulnerabilidade\"><\/span>Fatores de risco e vulnerabilidade<span class=\"ez-toc-section-end\"><\/span><\/h2>\n<article class=\"text-token-text-primary w-full focus:outline-none [--shadow-height:45px] has-data-writing-block:pointer-events-none has-data-writing-block:-mt-(--shadow-height) has-data-writing-block:pt-(--shadow-height) [&amp;:has([data-writing-block])&gt;*]:pointer-events-auto [content-visibility:auto] supports-[content-visibility:auto]:[contain-intrinsic-size:auto_100lvh] scroll-mt-[calc(var(--header-height)+min(200px,max(70px,20svh)))]\" dir=\"auto\" tabindex=\"-1\" data-turn-id=\"request-WEB:04c975b8-e249-417d-8062-e3b9ca17a9f1-0\" data-testid=\"conversation-turn-2\" data-scroll-anchor=\"true\" data-turn=\"assistant\">\n<div class=\"text-base my-auto mx-auto pb-10 [--thread-content-margin:--spacing(4)] thread-sm:[--thread-content-margin:--spacing(6)] thread-lg:[--thread-content-margin:--spacing(16)] px-(--thread-content-margin)\">\n<div class=\"[--thread-content-max-width:40rem] thread-lg:[--thread-content-max-width:48rem] mx-auto max-w-(--thread-content-max-width) flex-1 group\/turn-messages focus-visible:outline-hidden relative flex w-full min-w-0 flex-col agent-turn\" tabindex=\"-1\">\n<div class=\"flex max-w-full flex-col grow\">\n<div class=\"min-h-8 text-message relative flex w-full flex-col items-end gap-2 text-start break-words whitespace-normal [.text-message+&amp;]:mt-1\" dir=\"auto\" data-message-author-role=\"assistant\" data-message-id=\"0d14d426-dc09-4f84-8b20-9f7c657b0a6b\" data-message-model-slug=\"gpt-5\">\n<div class=\"flex w-full flex-col gap-1 empty:hidden first:pt-[1px]\">\n<div class=\"markdown prose dark:prose-invert w-full break-words dark markdown-new-styling\">\n<p data-start=\"0\" data-end=\"579\" data-is-last-node=\"\" data-is-only-node=\"\">Embora qualquer pessoa possa contrair tuberculose, existem <strong>grupos mais vulner\u00e1veis \u00e0 doen\u00e7a<\/strong>, como pessoas com o sistema imunol\u00f3gico enfraquecido \u2014 por exemplo, pacientes com HIV\/AIDS \u2014, indiv\u00edduos em situa\u00e7\u00e3o de rua ou com baixa condi\u00e7\u00e3o socioecon\u00f4mica, pessoas privadas de liberdade, idosos, crian\u00e7as pequenas e profissionais de sa\u00fade que t\u00eam contato frequente com pacientes infectados. Esses grupos necessitam de vigil\u00e2ncia e acompanhamento mais intensos, especialmente em ambientes fechados e com pouca ventila\u00e7\u00e3o, locais onde o bacilo de Koch se espalha com maior facilidade.<\/p>\n<p data-start=\"0\" data-end=\"579\" data-is-last-node=\"\" data-is-only-node=\"\"><img loading=\"lazy\" decoding=\"async\" class=\"alignnone wp-image-33783 size-full\" title=\"Preven\u00e7\u00e3o contra a tuberculose\" src=\"https:\/\/www.rotaseguros.com.br\/planosdesaude\/wp-content\/uploads\/2025\/10\/Prevencao-contra-a-tuberculose.png\" alt=\"Preven\u00e7\u00e3o contra a tuberculose\" width=\"800\" height=\"200\" srcset=\"https:\/\/www.rotaseguros.com.br\/planosdesaude\/wp-content\/uploads\/2025\/10\/Prevencao-contra-a-tuberculose.png 800w, https:\/\/www.rotaseguros.com.br\/planosdesaude\/wp-content\/uploads\/2025\/10\/Prevencao-contra-a-tuberculose-300x75.png 300w, https:\/\/www.rotaseguros.com.br\/planosdesaude\/wp-content\/uploads\/2025\/10\/Prevencao-contra-a-tuberculose-768x192.png 768w\" sizes=\"auto, (max-width: 800px) 100vw, 800px\" \/><\/p>\n<\/div>\n<\/div>\n<\/div>\n<\/div>\n<\/div>\n<\/div>\n<\/article>\n<h2 data-start=\"3504\" data-end=\"3555\"><span class=\"ez-toc-section\" id=\"Prevencao_contra_a_tuberculose\"><\/span>Preven\u00e7\u00e3o contra a tuberculose<span class=\"ez-toc-section-end\"><\/span><\/h2>\n<p data-start=\"3557\" data-end=\"3799\">A <strong data-start=\"3559\" data-end=\"3572\">preven\u00e7\u00e3o<\/strong> da tuberculose come\u00e7a na inf\u00e2ncia, com a <strong data-start=\"3614\" data-end=\"3628\">vacina BCG<\/strong>, aplicada nos primeiros meses de vida. Ela n\u00e3o impede completamente a infec\u00e7\u00e3o, mas protege contra as formas mais graves da doen\u00e7a, como a <strong data-start=\"3768\" data-end=\"3796\">men\u00edngea e a disseminada<\/strong>.<\/p>\n<p data-start=\"3801\" data-end=\"3854\">Al\u00e9m da vacina\u00e7\u00e3o, outras medidas s\u00e3o fundamentais:<\/p>\n<ul>\n<li data-start=\"3858\" data-end=\"3940\"><strong data-start=\"3858\" data-end=\"3906\">Manter ambientes bem ventilados e iluminados<\/strong>, permitindo a circula\u00e7\u00e3o de ar;<\/li>\n<li data-start=\"3943\" data-end=\"4044\"><strong data-start=\"3943\" data-end=\"3985\">Evitar aglomera\u00e7\u00f5es em locais fechados<\/strong>, principalmente se houver pessoas com tosse persistente;<\/li>\n<li data-start=\"4047\" data-end=\"4108\"><strong data-start=\"4047\" data-end=\"4063\">Usar m\u00e1scara<\/strong> quando estiver com sintomas respirat\u00f3rios;<\/li>\n<li data-start=\"4111\" data-end=\"4170\"><strong data-start=\"4111\" data-end=\"4140\">Buscar atendimento m\u00e9dico<\/strong> diante de sinais suspeitos;<\/li>\n<li data-start=\"4173\" data-end=\"4256\"><strong data-start=\"4173\" data-end=\"4211\">Concluir o tratamento corretamente<\/strong>, para interromper a cadeia de transmiss\u00e3o.<\/li>\n<\/ul>\n<p data-start=\"4258\" data-end=\"4425\">Essas a\u00e7\u00f5es, somadas ao acompanhamento dos servi\u00e7os de sa\u00fade, s\u00e3o essenciais para <strong data-start=\"4340\" data-end=\"4379\">reduzir a incid\u00eancia da tuberculose<\/strong> e proteger as comunidades mais vulner\u00e1veis.<\/p>\n<h2 data-start=\"4432\" data-end=\"4458\"><span class=\"ez-toc-section\" id=\"Um_olhar_para_o_futuro\"><\/span>Um olhar para o futuro<span class=\"ez-toc-section-end\"><\/span><\/h2>\n<p data-start=\"4460\" data-end=\"4797\">Nos \u00faltimos anos, o Brasil tem avan\u00e7ado em estrat\u00e9gias de <strong data-start=\"4518\" data-end=\"4567\">diagn\u00f3stico precoce e controle da tuberculose<\/strong>, mas o desafio ainda \u00e9 grande. O Minist\u00e9rio da Sa\u00fade mant\u00e9m o <a href=\"https:\/\/www.gov.br\/saude\/pt-br\/centrais-de-conteudo\/publicacoes\/svsa\/tuberculose\/manual-de-recomendacoes-e-controle-da-tuberculose-no-brasil-2a-ed.pdf\/view\" target=\"_blank\" rel=\"noopener\"><strong data-start=\"4630\" data-end=\"4685\">Programa Nacional de Controle da Tuberculose (PNCT)<\/strong><\/a>, que busca fortalecer o atendimento prim\u00e1rio, expandir o acesso aos exames e ampliar as campanhas educativas.<\/p>\n<p data-start=\"4799\" data-end=\"5108\">A meta global estabelecida pela <strong data-start=\"4831\" data-end=\"4869\">Organiza\u00e7\u00e3o Mundial da Sa\u00fade (OMS)<\/strong> \u00e9 eliminar a tuberculose como problema de sa\u00fade p\u00fablica at\u00e9 <strong data-start=\"4930\" data-end=\"4938\">2035<\/strong>. Para isso, \u00e9 necess\u00e1rio unir esfor\u00e7os entre governo, profissionais de sa\u00fade e sociedade civil, garantindo acesso ao diagn\u00f3stico, tratamento e informa\u00e7\u00e3o de qualidade.<\/p>\n<p data-start=\"5110\" data-end=\"5325\">A tuberculose \u00e9 uma <strong data-start=\"5130\" data-end=\"5148\">doen\u00e7a cur\u00e1vel<\/strong>, mas que ainda causa impacto social e econ\u00f4mico significativo. Quanto mais cedo for identificada e tratada, maiores s\u00e3o as chances de cura e menores os riscos de transmiss\u00e3o.<\/p>\n<p data-start=\"5110\" data-end=\"5325\"><img loading=\"lazy\" decoding=\"async\" class=\"alignnone wp-image-33784 size-full\" title=\"Tuberculose: Um olhar para o futuro\" src=\"https:\/\/www.rotaseguros.com.br\/planosdesaude\/wp-content\/uploads\/2025\/10\/Tuberculose-Um-olhar-para-o-futuro.png\" alt=\"Tuberculose: Um olhar para o futuro\" width=\"800\" height=\"200\" srcset=\"https:\/\/www.rotaseguros.com.br\/planosdesaude\/wp-content\/uploads\/2025\/10\/Tuberculose-Um-olhar-para-o-futuro.png 800w, https:\/\/www.rotaseguros.com.br\/planosdesaude\/wp-content\/uploads\/2025\/10\/Tuberculose-Um-olhar-para-o-futuro-300x75.png 300w, https:\/\/www.rotaseguros.com.br\/planosdesaude\/wp-content\/uploads\/2025\/10\/Tuberculose-Um-olhar-para-o-futuro-768x192.png 768w\" sizes=\"auto, (max-width: 800px) 100vw, 800px\" \/><\/p>\n<h2 data-start=\"5332\" data-end=\"5362\"><span class=\"ez-toc-section\" id=\"Um_compromisso_com_a_saude\"><\/span>Um compromisso com a sa\u00fade<span class=\"ez-toc-section-end\"><\/span><\/h2>\n<p data-start=\"5364\" data-end=\"5573\">Manter a aten\u00e7\u00e3o aos sintomas e procurar ajuda m\u00e9dica \u00e9 o primeiro passo para cuidar de si e dos outros. <strong data-start=\"5469\" data-end=\"5524\">A informa\u00e7\u00e3o \u00e9 uma poderosa ferramenta de preven\u00e7\u00e3o<\/strong>, e o compromisso com o tratamento salva vidas.<\/p>\n<p data-start=\"5575\" data-end=\"5748\">Quer continuar aprendendo sobre temas que impactam sua sa\u00fade? Leia tamb\u00e9m nosso blog sobre o que s\u00e3o as <a href=\"https:\/\/www.rotaseguros.com.br\/planosdesaude\/doencas-hematologicas\/\"><strong>doen\u00e7as hematol\u00f3gicas<\/strong><\/a> e mantenha-se protegido todos os dias!<\/p>\n","protected":false},"excerpt":{"rendered":"<p><span class=\"span-reading-time rt-reading-time\" style=\"display: block;\"><span class=\"rt-label rt-prefix\">Reading Time: <\/span> <span class=\"rt-time\"> 4<\/span> <span class=\"rt-label rt-postfix\">minutes<\/span><\/span>A tuberculose (TB) \u00e9 uma das doen\u00e7as infecciosas mais antigas da hist\u00f3ria da humanidade \u2014 e, surpreendentemente, continua sendo um problema atual de sa\u00fade p\u00fablica. Apesar dos avan\u00e7os na medicina &#8230;<\/p>\n","protected":false},"author":37,"featured_media":33781,"comment_status":"open","ping_status":"open","sticky":false,"template":"","format":"standard","meta":{"_monsterinsights_skip_tracking":false,"_monsterinsights_sitenote_active":false,"_monsterinsights_sitenote_note":"","_monsterinsights_sitenote_category":0,"footnotes":"","_links_to":"","_links_to_target":""},"categories":[33,1005],"tags":[686,2061,3111,2678,3399,132,2431,1127,2429,2434,120,1201],"class_list":["post-33780","post","type-post","status-publish","format-standard","has-post-thumbnail","hentry","category-rota-seguros","category-saude","tag-bem-estar","tag-beneficios","tag-blog-rota-seguros","tag-contratar-plano-de-saude","tag-doencas-respiratorias","tag-plano-de-saude","tag-prevencao-da-tuberculose","tag-saude","tag-sintomas-da-tuberculose","tag-tratamento-da-tuberculose","tag-tuberculose","tag-vida-saudavel"],"_links":{"self":[{"href":"https:\/\/www.rotaseguros.com.br\/planosdesaude\/wp-json\/wp\/v2\/posts\/33780","targetHints":{"allow":["GET"]}}],"collection":[{"href":"https:\/\/www.rotaseguros.com.br\/planosdesaude\/wp-json\/wp\/v2\/posts"}],"about":[{"href":"https:\/\/www.rotaseguros.com.br\/planosdesaude\/wp-json\/wp\/v2\/types\/post"}],"author":[{"embeddable":true,"href":"https:\/\/www.rotaseguros.com.br\/planosdesaude\/wp-json\/wp\/v2\/users\/37"}],"replies":[{"embeddable":true,"href":"https:\/\/www.rotaseguros.com.br\/planosdesaude\/wp-json\/wp\/v2\/comments?post=33780"}],"version-history":[{"count":2,"href":"https:\/\/www.rotaseguros.com.br\/planosdesaude\/wp-json\/wp\/v2\/posts\/33780\/revisions"}],"predecessor-version":[{"id":33789,"href":"https:\/\/www.rotaseguros.com.br\/planosdesaude\/wp-json\/wp\/v2\/posts\/33780\/revisions\/33789"}],"wp:featuredmedia":[{"embeddable":true,"href":"https:\/\/www.rotaseguros.com.br\/planosdesaude\/wp-json\/wp\/v2\/media\/33781"}],"wp:attachment":[{"href":"https:\/\/www.rotaseguros.com.br\/planosdesaude\/wp-json\/wp\/v2\/media?parent=33780"}],"wp:term":[{"taxonomy":"category","embeddable":true,"href":"https:\/\/www.rotaseguros.com.br\/planosdesaude\/wp-json\/wp\/v2\/categories?post=33780"},{"taxonomy":"post_tag","embeddable":true,"href":"https:\/\/www.rotaseguros.com.br\/planosdesaude\/wp-json\/wp\/v2\/tags?post=33780"}],"curies":[{"name":"wp","href":"https:\/\/api.w.org\/{rel}","templated":true}]}}