{"id":33790,"date":"2025-12-01T08:49:03","date_gmt":"2025-12-01T11:49:03","guid":{"rendered":"https:\/\/www.rotaseguros.com.br\/planosdesaude\/?p=33790"},"modified":"2025-12-01T08:51:37","modified_gmt":"2025-12-01T11:51:37","slug":"aids-conscientizacao","status":"publish","type":"post","link":"https:\/\/www.rotaseguros.com.br\/planosdesaude\/aids-conscientizacao\/","title":{"rendered":"AIDS: o momento de conscientiza\u00e7\u00e3o \u00e9 o hoje!"},"content":{"rendered":"<span class=\"span-reading-time rt-reading-time\" style=\"display: block;\"><span class=\"rt-label rt-prefix\">Reading Time: <\/span> <span class=\"rt-time\"> 4<\/span> <span class=\"rt-label rt-postfix\">minutes<\/span><\/span><p data-start=\"78\" data-end=\"485\">O <strong data-start=\"80\" data-end=\"117\">Dia Mundial de Luta contra a AIDS<\/strong>, celebrado em <strong data-start=\"132\" data-end=\"150\">1\u00ba de dezembro<\/strong>, \u00e9 um lembrete de que o combate ao <strong data-start=\"186\" data-end=\"202\">HIV e \u00e0 AIDS<\/strong> vai muito al\u00e9m da data. Apesar dos avan\u00e7os cient\u00edficos e do acesso ampliado ao tratamento, o <strong data-start=\"296\" data-end=\"329\">preconceito e a desinforma\u00e7\u00e3o<\/strong> ainda s\u00e3o grandes desafios. Falar sobre o tema \u00e9 fundamental para <strong data-start=\"396\" data-end=\"417\">reduzir o estigma<\/strong>, <strong data-start=\"419\" data-end=\"453\">promover o diagn\u00f3stico precoce<\/strong> e <strong data-start=\"456\" data-end=\"482\">fortalecer a preven\u00e7\u00e3o<\/strong>.<\/p><div id=\"ez-toc-container\" class=\"ez-toc-v2_0_82_2 counter-flat ez-toc-counter ez-toc-grey ez-toc-container-direction\">\n<div class=\"ez-toc-title-container\">\n<p class=\"ez-toc-title\" style=\"cursor:inherit\">Aqui voc\u00ea encontra:<\/p>\n<span class=\"ez-toc-title-toggle\"><a href=\"#\" class=\"ez-toc-pull-right ez-toc-btn ez-toc-btn-xs ez-toc-btn-default ez-toc-toggle\" aria-label=\"Alternar tabela de conte\u00fado\"><span class=\"ez-toc-js-icon-con\"><span class=\"\"><span class=\"eztoc-hide\" style=\"display:none;\">Toggle<\/span><span class=\"ez-toc-icon-toggle-span\"><svg style=\"fill: #999;color:#999\" xmlns=\"http:\/\/www.w3.org\/2000\/svg\" class=\"list-377408\" width=\"20px\" height=\"20px\" viewBox=\"0 0 24 24\" fill=\"none\"><path d=\"M6 6H4v2h2V6zm14 0H8v2h12V6zM4 11h2v2H4v-2zm16 0H8v2h12v-2zM4 16h2v2H4v-2zm16 0H8v2h12v-2z\" fill=\"currentColor\"><\/path><\/svg><svg style=\"fill: #999;color:#999\" class=\"arrow-unsorted-368013\" xmlns=\"http:\/\/www.w3.org\/2000\/svg\" width=\"10px\" height=\"10px\" viewBox=\"0 0 24 24\" version=\"1.2\" baseProfile=\"tiny\"><path d=\"M18.2 9.3l-6.2-6.3-6.2 6.3c-.2.2-.3.4-.3.7s.1.5.3.7c.2.2.4.3.7.3h11c.3 0 .5-.1.7-.3.2-.2.3-.5.3-.7s-.1-.5-.3-.7zM5.8 14.7l6.2 6.3 6.2-6.3c.2-.2.3-.5.3-.7s-.1-.5-.3-.7c-.2-.2-.4-.3-.7-.3h-11c-.3 0-.5.1-.7.3-.2.2-.3.5-.3.7s.1.5.3.7z\"\/><\/svg><\/span><\/span><\/span><\/a><\/span><\/div>\n<nav><ul class='ez-toc-list ez-toc-list-level-1 ' ><li class='ez-toc-page-1'><a class=\"ez-toc-link ez-toc-heading-1\" href=\"https:\/\/www.rotaseguros.com.br\/planosdesaude\/aids-conscientizacao\/#HIV_e_AIDS_qual_e_a_diferenca\" >HIV e AIDS: qual \u00e9 a diferen\u00e7a?<\/a><\/li><li class='ez-toc-page-1'><a class=\"ez-toc-link ez-toc-heading-2\" href=\"https:\/\/www.rotaseguros.com.br\/planosdesaude\/aids-conscientizacao\/#O_panorama_da_AIDS_no_Brasil_e_no_mundo\" >O panorama da AIDS no Brasil e no mundo<\/a><\/li><li class='ez-toc-page-1'><a class=\"ez-toc-link ez-toc-heading-3\" href=\"https:\/\/www.rotaseguros.com.br\/planosdesaude\/aids-conscientizacao\/#Como_o_HIV_e_transmitido\" >Como o HIV \u00e9 transmitido?<\/a><\/li><li class='ez-toc-page-1'><a class=\"ez-toc-link ez-toc-heading-4\" href=\"https:\/\/www.rotaseguros.com.br\/planosdesaude\/aids-conscientizacao\/#Sintomas_e_diagnostico_precoce\" >Sintomas e diagn\u00f3stico precoce<\/a><\/li><li class='ez-toc-page-1'><a class=\"ez-toc-link ez-toc-heading-5\" href=\"https:\/\/www.rotaseguros.com.br\/planosdesaude\/aids-conscientizacao\/#Avancos_no_tratamento_e_prevencao\" >Avan\u00e7os no tratamento e preven\u00e7\u00e3o<\/a><\/li><li class='ez-toc-page-1'><a class=\"ez-toc-link ez-toc-heading-6\" href=\"https:\/\/www.rotaseguros.com.br\/planosdesaude\/aids-conscientizacao\/#O_papel_da_informacao\" >O papel da informa\u00e7\u00e3o<\/a><\/li><li class='ez-toc-page-1'><a class=\"ez-toc-link ez-toc-heading-7\" href=\"https:\/\/www.rotaseguros.com.br\/planosdesaude\/aids-conscientizacao\/#Um_compromisso_com_a_vida\" >Um compromisso com a vida!<\/a><\/li><\/ul><\/nav><\/div>\n\n<h2 data-start=\"492\" data-end=\"529\"><span class=\"ez-toc-section\" id=\"HIV_e_AIDS_qual_e_a_diferenca\"><\/span>HIV e AIDS: qual \u00e9 a diferen\u00e7a?<span class=\"ez-toc-section-end\"><\/span><\/h2>\n<p data-start=\"531\" data-end=\"927\">Um dos maiores equ\u00edvocos ainda presentes nas conversas sobre o tema \u00e9 <strong data-start=\"601\" data-end=\"627\">confundir HIV com AIDS<\/strong>. O <strong data-start=\"631\" data-end=\"673\">HIV (V\u00edrus da Imunodefici\u00eancia Humana)<\/strong> \u00e9 o v\u00edrus que enfraquece o sistema imunol\u00f3gico. J\u00e1 a <strong data-start=\"727\" data-end=\"776\">AIDS (S\u00edndrome da Imunodefici\u00eancia Adquirida)<\/strong> \u00e9 o est\u00e1gio mais avan\u00e7ado da infec\u00e7\u00e3o, quando o corpo fica vulner\u00e1vel a doen\u00e7as oportunistas, como tuberculose, pneumonias e alguns tipos de c\u00e2ncer.<\/p>\n<p data-start=\"929\" data-end=\"1147\">Gra\u00e7as aos <strong data-start=\"940\" data-end=\"972\">tratamentos antirretrovirais<\/strong>, uma pessoa com HIV pode <strong data-start=\"998\" data-end=\"1059\">viver bem, com qualidade de vida e sem desenvolver a AIDS<\/strong>, desde que o diagn\u00f3stico seja feito precocemente e o tratamento seguido corretamente.<\/p>\n<p data-start=\"929\" data-end=\"1147\"><img loading=\"lazy\" decoding=\"async\" class=\"alignnone wp-image-33866 size-full\" title=\"HIV e AIDS: qual \u00e9 a diferen\u00e7a?\" src=\"https:\/\/www.rotaseguros.com.br\/planosdesaude\/wp-content\/uploads\/2025\/11\/HIV-e-AIDS_-qual-e-a-diferenca.png\" alt=\"HIV e AIDS: qual \u00e9 a diferen\u00e7a?\" width=\"800\" height=\"200\" srcset=\"https:\/\/www.rotaseguros.com.br\/planosdesaude\/wp-content\/uploads\/2025\/11\/HIV-e-AIDS_-qual-e-a-diferenca.png 800w, https:\/\/www.rotaseguros.com.br\/planosdesaude\/wp-content\/uploads\/2025\/11\/HIV-e-AIDS_-qual-e-a-diferenca-300x75.png 300w, https:\/\/www.rotaseguros.com.br\/planosdesaude\/wp-content\/uploads\/2025\/11\/HIV-e-AIDS_-qual-e-a-diferenca-768x192.png 768w\" sizes=\"auto, (max-width: 800px) 100vw, 800px\" \/><\/p>\n<h2 data-start=\"1154\" data-end=\"1199\"><span class=\"ez-toc-section\" id=\"O_panorama_da_AIDS_no_Brasil_e_no_mundo\"><\/span>O panorama da AIDS no Brasil e no mundo<span class=\"ez-toc-section-end\"><\/span><\/h2>\n<p data-start=\"1201\" data-end=\"1501\">De acordo com dados mais recentes do <strong data-start=\"1238\" data-end=\"1268\">Minist\u00e9rio da Sa\u00fade (2025)<\/strong>, o Brasil registra <strong data-start=\"1288\" data-end=\"1334\">cerca de 40 mil novos casos de HIV por ano<\/strong>, sendo a maioria entre pessoas de 20 a 39 anos. Estima-se que<a href=\"https:\/\/www.cnnbrasil.com.br\/saude\/mais-de-um-milhao-de-pessoas-vivem-com-hiv-no-brasil-estima-ministerio-da-saude\/\" target=\"_blank\" rel=\"noopener\"> <strong data-start=\"1397\" data-end=\"1450\">mais de 1 milh\u00e3o de brasileiros vivam com o v\u00edrus<\/strong><\/a>, e aproximadamente <strong data-start=\"1470\" data-end=\"1498\">90% sabem do diagn\u00f3stico<\/strong>.<\/p>\n<p data-start=\"1503\" data-end=\"1843\">Os n\u00fameros mostram avan\u00e7os: a <strong data-start=\"1533\" data-end=\"1592\">mortalidade por AIDS caiu cerca de 20% na \u00faltima d\u00e9cada<\/strong>, resultado do acesso ampliado ao tratamento gratuito e da melhoria nos m\u00e9todos de preven\u00e7\u00e3o. Entretanto, o pa\u00eds ainda enfrenta desafios, especialmente entre <strong data-start=\"1750\" data-end=\"1785\">jovens e popula\u00e7\u00f5es vulner\u00e1veis<\/strong>, onde o aumento de novos casos preocupa as autoridades.<\/p>\n<p data-start=\"1845\" data-end=\"2165\">No mundo, segundo o <strong data-start=\"1865\" data-end=\"1928\">Programa Conjunto das Na\u00e7\u00f5es Unidas sobre HIV\/AIDS (UNAIDS)<\/strong>, mais de <strong data-start=\"1938\" data-end=\"1977\">39 milh\u00f5es de pessoas vivem com HIV<\/strong>, e <strong data-start=\"1981\" data-end=\"2020\">1,3 milh\u00e3o foram infectadas em 2023<\/strong>. A boa not\u00edcia \u00e9 que <strong data-start=\"2042\" data-end=\"2107\">76% das pessoas infectadas recebem tratamento antirretroviral<\/strong>, o que tem reduzido drasticamente a mortalidade global.<\/p>\n<p data-start=\"2167\" data-end=\"2339\">Esses dados refor\u00e7am a import\u00e2ncia de <strong data-start=\"2205\" data-end=\"2282\">manter pol\u00edticas p\u00fablicas de preven\u00e7\u00e3o, diagn\u00f3stico e tratamento cont\u00ednuo<\/strong>, al\u00e9m de a\u00e7\u00f5es educativas para combater o preconceito.<\/p>\n<h2 data-start=\"2346\" data-end=\"2377\"><span class=\"ez-toc-section\" id=\"Como_o_HIV_e_transmitido\"><\/span>Como o HIV \u00e9 transmitido?<span class=\"ez-toc-section-end\"><\/span><\/h2>\n<p data-start=\"2379\" data-end=\"2430\">O v\u00edrus \u00e9 transmitido principalmente por meio de:<\/p>\n<ul>\n<li data-start=\"2434\" data-end=\"2499\"><strong data-start=\"2434\" data-end=\"2468\">Rela\u00e7\u00f5es sexuais desprotegidas<\/strong> (sem o uso de preservativo);<\/li>\n<li data-start=\"2502\" data-end=\"2539\"><strong data-start=\"2502\" data-end=\"2536\">Contato com sangue contaminado<\/strong>;<\/li>\n<li data-start=\"2542\" data-end=\"2587\"><strong data-start=\"2542\" data-end=\"2584\">Compartilhamento de seringas e agulhas<\/strong>;<\/li>\n<li data-start=\"2590\" data-end=\"2677\"><strong data-start=\"2590\" data-end=\"2614\">Transmiss\u00e3o vertical<\/strong>, de m\u00e3e para filho durante a gesta\u00e7\u00e3o, parto ou amamenta\u00e7\u00e3o.<\/li>\n<\/ul>\n<p data-start=\"2679\" data-end=\"2851\">Vale destacar que o <strong data-start=\"2699\" data-end=\"2791\">HIV n\u00e3o \u00e9 transmitido por abra\u00e7os, beijos, apertos de m\u00e3o ou compartilhamento de objetos<\/strong>. Combater esses mitos \u00e9 essencial para reduzir o estigma.<\/p>\n<p data-start=\"2679\" data-end=\"2851\"><img loading=\"lazy\" decoding=\"async\" class=\"alignnone wp-image-33867 size-full\" title=\"O panorama da AIDS no Brasil e no mundo\" src=\"https:\/\/www.rotaseguros.com.br\/planosdesaude\/wp-content\/uploads\/2025\/11\/O-panorama-da-AIDS-no-Brasil-e-no-mundo.png\" alt=\"O panorama da AIDS no Brasil e no mundo\" width=\"800\" height=\"200\" srcset=\"https:\/\/www.rotaseguros.com.br\/planosdesaude\/wp-content\/uploads\/2025\/11\/O-panorama-da-AIDS-no-Brasil-e-no-mundo.png 800w, https:\/\/www.rotaseguros.com.br\/planosdesaude\/wp-content\/uploads\/2025\/11\/O-panorama-da-AIDS-no-Brasil-e-no-mundo-300x75.png 300w, https:\/\/www.rotaseguros.com.br\/planosdesaude\/wp-content\/uploads\/2025\/11\/O-panorama-da-AIDS-no-Brasil-e-no-mundo-768x192.png 768w\" sizes=\"auto, (max-width: 800px) 100vw, 800px\" \/><\/p>\n<h2 data-start=\"2858\" data-end=\"2894\"><span class=\"ez-toc-section\" id=\"Sintomas_e_diagnostico_precoce\"><\/span>Sintomas e diagn\u00f3stico precoce<span class=\"ez-toc-section-end\"><\/span><\/h2>\n<p data-start=\"2896\" data-end=\"3152\">Os <strong data-start=\"2899\" data-end=\"2927\">sintomas iniciais do HIV<\/strong> podem se assemelhar a uma gripe forte, com febre, mal-estar e linfonodos inchados. Ap\u00f3s essa fase, o v\u00edrus pode permanecer <strong data-start=\"3051\" data-end=\"3083\">sem causar sintomas por anos<\/strong>, o que refor\u00e7a a import\u00e2ncia de <strong data-start=\"3116\" data-end=\"3149\">realizar o teste regularmente<\/strong>.<\/p>\n<p data-start=\"3154\" data-end=\"3450\">O <strong data-start=\"3156\" data-end=\"3172\">teste de HIV<\/strong> \u00e9 gratuito e sigiloso no <strong data-start=\"3198\" data-end=\"3230\">Sistema \u00danico de Sa\u00fade (SUS)<\/strong>. O resultado sai rapidamente e permite o in\u00edcio imediato do tratamento, caso o diagn\u00f3stico seja positivo. Quanto mais cedo o tratamento \u00e9 iniciado, <strong data-start=\"3379\" data-end=\"3447\">maior a efic\u00e1cia dos medicamentos e menor o risco de transmiss\u00e3o<\/strong>.<\/p>\n<h2 data-start=\"3457\" data-end=\"3496\"><span class=\"ez-toc-section\" id=\"Avancos_no_tratamento_e_prevencao\"><\/span>Avan\u00e7os no tratamento e preven\u00e7\u00e3o<span class=\"ez-toc-section-end\"><\/span><\/h2>\n<p data-start=\"3498\" data-end=\"3766\">O Brasil \u00e9 refer\u00eancia mundial no <strong data-start=\"3531\" data-end=\"3562\">tratamento gratuito da AIDS<\/strong>. Desde 1996, o SUS oferece <strong data-start=\"3590\" data-end=\"3617\">antirretrovirais (ARVs)<\/strong> a todas as pessoas que vivem com HIV, o que permite controlar a carga viral at\u00e9 que ela fique <strong data-start=\"3712\" data-end=\"3728\">indetect\u00e1vel<\/strong> \u2014 e, portanto, <strong data-start=\"3744\" data-end=\"3763\">intransmiss\u00edvel<\/strong>.<\/p>\n<p data-start=\"3768\" data-end=\"3869\">Al\u00e9m do tratamento, o pa\u00eds tamb\u00e9m oferece m\u00e9todos eficazes de <strong data-start=\"3830\" data-end=\"3853\">preven\u00e7\u00e3o combinada<\/strong>, que incluem:<\/p>\n<ul>\n<li data-start=\"3873\" data-end=\"3920\"><strong data-start=\"3873\" data-end=\"3896\">Uso do preservativo<\/strong> em todas as rela\u00e7\u00f5es;<\/li>\n<li data-start=\"3923\" data-end=\"4035\"><strong data-start=\"3923\" data-end=\"3958\">Profilaxia Pr\u00e9-Exposi\u00e7\u00e3o (PrEP)<\/strong> \u2014 medicamento tomado diariamente por pessoas com maior risco de exposi\u00e7\u00e3o;<\/li>\n<li data-start=\"4038\" data-end=\"4148\"><strong data-start=\"4038\" data-end=\"4072\">Profilaxia P\u00f3s-Exposi\u00e7\u00e3o (PEP)<\/strong> \u2014 tratamento emergencial iniciado at\u00e9 72 horas ap\u00f3s uma rela\u00e7\u00e3o de risco;<\/li>\n<li data-start=\"4151\" data-end=\"4240\"><strong data-start=\"4151\" data-end=\"4171\">Testagem regular<\/strong> para HIV e outras <strong data-start=\"4190\" data-end=\"4237\">infec\u00e7\u00f5es sexualmente transmiss\u00edveis (ISTs)<\/strong>.<\/li>\n<\/ul>\n<p data-start=\"4242\" data-end=\"4350\">Essas estrat\u00e9gias t\u00eam mostrado resultados expressivos, <strong data-start=\"4297\" data-end=\"4347\">reduzindo novos casos e evitando a transmiss\u00e3o<\/strong>.<\/p>\n<p data-start=\"4242\" data-end=\"4350\"><img loading=\"lazy\" decoding=\"async\" class=\"alignnone wp-image-33865 size-full\" title=\"Avan\u00e7os no tratamento e preven\u00e7\u00e3o\" src=\"https:\/\/www.rotaseguros.com.br\/planosdesaude\/wp-content\/uploads\/2025\/11\/Avancos-no-tratamento-e-prevencao.png\" alt=\"Avan\u00e7os no tratamento e preven\u00e7\u00e3o\" width=\"800\" height=\"200\" srcset=\"https:\/\/www.rotaseguros.com.br\/planosdesaude\/wp-content\/uploads\/2025\/11\/Avancos-no-tratamento-e-prevencao.png 800w, https:\/\/www.rotaseguros.com.br\/planosdesaude\/wp-content\/uploads\/2025\/11\/Avancos-no-tratamento-e-prevencao-300x75.png 300w, https:\/\/www.rotaseguros.com.br\/planosdesaude\/wp-content\/uploads\/2025\/11\/Avancos-no-tratamento-e-prevencao-768x192.png 768w\" sizes=\"auto, (max-width: 800px) 100vw, 800px\" \/><\/p>\n<h2 data-start=\"4357\" data-end=\"4409\"><span class=\"ez-toc-section\" id=\"O_papel_da_informacao\"><\/span>O papel da informa\u00e7\u00e3o<span class=\"ez-toc-section-end\"><\/span><\/h2>\n<p data-start=\"4411\" data-end=\"4727\">Mesmo com o avan\u00e7o da medicina, o <strong data-start=\"4445\" data-end=\"4491\">preconceito contra pessoas vivendo com HIV<\/strong> ainda \u00e9 uma barreira significativa. A desinforma\u00e7\u00e3o perpetua o medo e o isolamento social. \u00c9 essencial compreender que <strong data-start=\"4611\" data-end=\"4643\">HIV n\u00e3o define quem algu\u00e9m \u00e9<\/strong> \u2014 \u00e9 uma condi\u00e7\u00e3o de sa\u00fade que pode ser controlada com responsabilidade e cuidado.<\/p>\n<p data-start=\"4729\" data-end=\"4922\">Campanhas educativas e a dissemina\u00e7\u00e3o de informa\u00e7\u00e3o confi\u00e1vel s\u00e3o ferramentas poderosas para mudar essa realidade. Promover o <strong data-start=\"4855\" data-end=\"4879\">respeito e a empatia<\/strong> \u00e9 parte essencial da luta contra a AIDS. Cuidar da <strong data-start=\"4973\" data-end=\"4989\">sa\u00fade sexual<\/strong> \u00e9 uma forma de autocuidado e responsabilidade. Al\u00e9m do uso do preservativo, manter <strong data-start=\"5073\" data-end=\"5104\">consultas m\u00e9dicas regulares<\/strong>, realizar <strong data-start=\"5115\" data-end=\"5133\">testes de ISTs<\/strong> e conversar abertamente com o parceiro sobre preven\u00e7\u00e3o s\u00e3o pr\u00e1ticas que <strong data-start=\"5206\" data-end=\"5246\">fortalecem a confian\u00e7a e a seguran\u00e7a<\/strong>.<\/p>\n<p data-start=\"5251\" data-end=\"5410\">A preven\u00e7\u00e3o n\u00e3o \u00e9 apenas um ato individual, mas uma a\u00e7\u00e3o coletiva. Quanto mais pessoas se informam, se testam e se tratam, <strong data-start=\"5374\" data-end=\"5407\">menor \u00e9 a propaga\u00e7\u00e3o do v\u00edrus<\/strong>.<\/p>\n<p data-start=\"5251\" data-end=\"5410\"><img loading=\"lazy\" decoding=\"async\" class=\"alignnone wp-image-33868 size-full\" title=\"Um compromisso com a vida!\" src=\"https:\/\/www.rotaseguros.com.br\/planosdesaude\/wp-content\/uploads\/2025\/11\/Um-compromisso-com-a-vida.png\" alt=\"Um compromisso com a vida!\" width=\"800\" height=\"200\" srcset=\"https:\/\/www.rotaseguros.com.br\/planosdesaude\/wp-content\/uploads\/2025\/11\/Um-compromisso-com-a-vida.png 800w, https:\/\/www.rotaseguros.com.br\/planosdesaude\/wp-content\/uploads\/2025\/11\/Um-compromisso-com-a-vida-300x75.png 300w, https:\/\/www.rotaseguros.com.br\/planosdesaude\/wp-content\/uploads\/2025\/11\/Um-compromisso-com-a-vida-768x192.png 768w\" sizes=\"auto, (max-width: 800px) 100vw, 800px\" \/><\/p>\n<h2 data-start=\"5417\" data-end=\"5448\"><span class=\"ez-toc-section\" id=\"Um_compromisso_com_a_vida\"><\/span>Um compromisso com a vida!<span class=\"ez-toc-section-end\"><\/span><\/h2>\n<p data-start=\"5450\" data-end=\"5700\">Neste <strong data-start=\"5456\" data-end=\"5474\">1\u00ba de dezembro<\/strong>, o convite \u00e9 para refletir sobre o impacto da informa\u00e7\u00e3o e da solidariedade. <strong data-start=\"5552\" data-end=\"5616\">Falar sobre HIV \u00e9 falar sobre cuidado, respeito e dignidade.<\/strong> A luta contra a AIDS n\u00e3o termina \u2014 ela se renova a cada gesto de conscientiza\u00e7\u00e3o.<\/p>\n<p data-start=\"5702\" data-end=\"5926\">A<a href=\"http:\/\/www.rotaseguros.com.br\/unidades\"> <strong data-start=\"5704\" data-end=\"5720\">Rota Seguros<\/strong> <\/a>apoia a\u00e7\u00f5es que promovem <strong data-start=\"5746\" data-end=\"5778\">sa\u00fade, preven\u00e7\u00e3o e bem-estar<\/strong>, refor\u00e7ando a import\u00e2ncia do <strong data-start=\"5808\" data-end=\"5854\">acesso \u00e0 informa\u00e7\u00e3o e aos cuidados m\u00e9dicos<\/strong>. Proteger-se \u00e9 um ato de amor \u2014 por voc\u00ea e por quem est\u00e1 ao seu lado.<\/p>\n<p data-start=\"5928\" data-end=\"6053\">Quer saber mais sobre sa\u00fade e autocuidado? Leia tamb\u00e9m nosso blog sobre <a href=\"https:\/\/www.rotaseguros.com.br\/planosdesaude\/problemas-no-penis\/\"><b>como reconhecer problemas de sa\u00fade no p\u00eanis!<\/b><\/a><\/p>\n","protected":false},"excerpt":{"rendered":"<p><span class=\"span-reading-time rt-reading-time\" style=\"display: block;\"><span class=\"rt-label rt-prefix\">Reading Time: <\/span> <span class=\"rt-time\"> 4<\/span> <span class=\"rt-label rt-postfix\">minutes<\/span><\/span>O Dia Mundial de Luta contra a AIDS, celebrado em 1\u00ba de dezembro, \u00e9 um lembrete de que o combate ao HIV e \u00e0 AIDS vai muito al\u00e9m da data. &#8230;<\/p>\n","protected":false},"author":37,"featured_media":33791,"comment_status":"open","ping_status":"open","sticky":false,"template":"","format":"standard","meta":{"_monsterinsights_skip_tracking":false,"_monsterinsights_sitenote_active":false,"_monsterinsights_sitenote_note":"","_monsterinsights_sitenote_category":0,"footnotes":"","_links_to":"","_links_to_target":""},"categories":[33,1005],"tags":[1393,1318,686,2093,1392,1029,41,1343,1235,1895,4120,2018,1201],"class_list":["post-33790","post","type-post","status-publish","format-standard","has-post-thumbnail","hentry","category-rota-seguros","category-saude","tag-aids","tag-autocuidado","tag-bem-estar","tag-conscientizacao","tag-hiv","tag-imunidade","tag-planos-de-saude","tag-prevencao","tag-qualidade-de-vida","tag-saude-sexual","tag-testagem","tag-tratamento","tag-vida-saudavel"],"_links":{"self":[{"href":"https:\/\/www.rotaseguros.com.br\/planosdesaude\/wp-json\/wp\/v2\/posts\/33790","targetHints":{"allow":["GET"]}}],"collection":[{"href":"https:\/\/www.rotaseguros.com.br\/planosdesaude\/wp-json\/wp\/v2\/posts"}],"about":[{"href":"https:\/\/www.rotaseguros.com.br\/planosdesaude\/wp-json\/wp\/v2\/types\/post"}],"author":[{"embeddable":true,"href":"https:\/\/www.rotaseguros.com.br\/planosdesaude\/wp-json\/wp\/v2\/users\/37"}],"replies":[{"embeddable":true,"href":"https:\/\/www.rotaseguros.com.br\/planosdesaude\/wp-json\/wp\/v2\/comments?post=33790"}],"version-history":[{"count":3,"href":"https:\/\/www.rotaseguros.com.br\/planosdesaude\/wp-json\/wp\/v2\/posts\/33790\/revisions"}],"predecessor-version":[{"id":33877,"href":"https:\/\/www.rotaseguros.com.br\/planosdesaude\/wp-json\/wp\/v2\/posts\/33790\/revisions\/33877"}],"wp:featuredmedia":[{"embeddable":true,"href":"https:\/\/www.rotaseguros.com.br\/planosdesaude\/wp-json\/wp\/v2\/media\/33791"}],"wp:attachment":[{"href":"https:\/\/www.rotaseguros.com.br\/planosdesaude\/wp-json\/wp\/v2\/media?parent=33790"}],"wp:term":[{"taxonomy":"category","embeddable":true,"href":"https:\/\/www.rotaseguros.com.br\/planosdesaude\/wp-json\/wp\/v2\/categories?post=33790"},{"taxonomy":"post_tag","embeddable":true,"href":"https:\/\/www.rotaseguros.com.br\/planosdesaude\/wp-json\/wp\/v2\/tags?post=33790"}],"curies":[{"name":"wp","href":"https:\/\/api.w.org\/{rel}","templated":true}]}}