{"id":33830,"date":"2025-11-30T10:00:54","date_gmt":"2025-11-30T13:00:54","guid":{"rendered":"https:\/\/www.rotaseguros.com.br\/planosdesaude\/?p=33830"},"modified":"2025-11-28T10:20:17","modified_gmt":"2025-11-28T13:20:17","slug":"depressao-e-ansiedade","status":"publish","type":"post","link":"https:\/\/www.rotaseguros.com.br\/planosdesaude\/depressao-e-ansiedade\/","title":{"rendered":"Depress\u00e3o e ansiedade: como lidar com o peso emocional do fim do ano"},"content":{"rendered":"<span class=\"span-reading-time rt-reading-time\" style=\"display: block;\"><span class=\"rt-label rt-prefix\">Reading Time: <\/span> <span class=\"rt-time\"> 4<\/span> <span class=\"rt-label rt-postfix\">minutes<\/span><\/span><p data-start=\"334\" data-end=\"687\">O fim do ano costuma ser associado a festas, reencontros e celebra\u00e7\u00f5es. Entretanto, para muitas pessoas, essa \u00e9poca desperta sentimentos de <strong data-start=\"474\" data-end=\"507\">ansiedade, solid\u00e3o e tristeza<\/strong>. A press\u00e3o para estar feliz, cumprir metas e participar de eventos sociais pode ser emocionalmente exaustiva \u2014 especialmente para quem enfrenta <strong data-start=\"652\" data-end=\"684\">depress\u00e3o, ansiedade ou luto<\/strong>.<\/p><div id=\"ez-toc-container\" class=\"ez-toc-v2_0_82_2 counter-flat ez-toc-counter ez-toc-grey ez-toc-container-direction\">\n<div class=\"ez-toc-title-container\">\n<p class=\"ez-toc-title\" style=\"cursor:inherit\">Aqui voc\u00ea encontra:<\/p>\n<span class=\"ez-toc-title-toggle\"><a href=\"#\" class=\"ez-toc-pull-right ez-toc-btn ez-toc-btn-xs ez-toc-btn-default ez-toc-toggle\" aria-label=\"Alternar tabela de conte\u00fado\"><span class=\"ez-toc-js-icon-con\"><span class=\"\"><span class=\"eztoc-hide\" style=\"display:none;\">Toggle<\/span><span class=\"ez-toc-icon-toggle-span\"><svg style=\"fill: #999;color:#999\" xmlns=\"http:\/\/www.w3.org\/2000\/svg\" class=\"list-377408\" width=\"20px\" height=\"20px\" viewBox=\"0 0 24 24\" fill=\"none\"><path d=\"M6 6H4v2h2V6zm14 0H8v2h12V6zM4 11h2v2H4v-2zm16 0H8v2h12v-2zM4 16h2v2H4v-2zm16 0H8v2h12v-2z\" fill=\"currentColor\"><\/path><\/svg><svg style=\"fill: #999;color:#999\" class=\"arrow-unsorted-368013\" xmlns=\"http:\/\/www.w3.org\/2000\/svg\" width=\"10px\" height=\"10px\" viewBox=\"0 0 24 24\" version=\"1.2\" baseProfile=\"tiny\"><path d=\"M18.2 9.3l-6.2-6.3-6.2 6.3c-.2.2-.3.4-.3.7s.1.5.3.7c.2.2.4.3.7.3h11c.3 0 .5-.1.7-.3.2-.2.3-.5.3-.7s-.1-.5-.3-.7zM5.8 14.7l6.2 6.3 6.2-6.3c.2-.2.3-.5.3-.7s-.1-.5-.3-.7c-.2-.2-.4-.3-.7-.3h-11c-.3 0-.5.1-.7.3-.2.2-.3.5-.3.7s.1.5.3.7z\"\/><\/svg><\/span><\/span><\/span><\/a><\/span><\/div>\n<nav><ul class='ez-toc-list ez-toc-list-level-1 ' ><li class='ez-toc-page-1'><a class=\"ez-toc-link ez-toc-heading-1\" href=\"https:\/\/www.rotaseguros.com.br\/planosdesaude\/depressao-e-ansiedade\/#Por_que_o_fim_do_ano_mexe_tanto_com_nossas_emocoes\" >Por que o fim do ano mexe tanto com nossas emo\u00e7\u00f5es?<\/a><\/li><li class='ez-toc-page-1'><a class=\"ez-toc-link ez-toc-heading-2\" href=\"https:\/\/www.rotaseguros.com.br\/planosdesaude\/depressao-e-ansiedade\/#Como_identificar_sinais_de_depressao_e_ansiedade\" >Como identificar sinais de depress\u00e3o e ansiedade<\/a><\/li><li class='ez-toc-page-1'><a class=\"ez-toc-link ez-toc-heading-3\" href=\"https:\/\/www.rotaseguros.com.br\/planosdesaude\/depressao-e-ansiedade\/#O_papel_das_redes_sociais_e_da_comparacao\" >O papel das redes sociais e da compara\u00e7\u00e3o<\/a><\/li><li class='ez-toc-page-1'><a class=\"ez-toc-link ez-toc-heading-4\" href=\"https:\/\/www.rotaseguros.com.br\/planosdesaude\/depressao-e-ansiedade\/#O_impacto_da_solidao_e_do_luto_nas_festas_de_fim_de_ano\" >O impacto da solid\u00e3o e do luto nas festas de fim de ano<\/a><\/li><li class='ez-toc-page-1'><a class=\"ez-toc-link ez-toc-heading-5\" href=\"https:\/\/www.rotaseguros.com.br\/planosdesaude\/depressao-e-ansiedade\/#Estrategias_para_cuidar_da_saude_mental_no_fim_do_ano\" >Estrat\u00e9gias para cuidar da sa\u00fade mental no fim do ano!<\/a><\/li><li class='ez-toc-page-1'><a class=\"ez-toc-link ez-toc-heading-6\" href=\"https:\/\/www.rotaseguros.com.br\/planosdesaude\/depressao-e-ansiedade\/#Cuidar_da_mente_e_cuidar_da_saude\" >Cuidar da mente \u00e9 cuidar da sa\u00fade!<\/a><\/li><\/ul><\/nav><\/div>\n\n<p data-start=\"689\" data-end=\"891\">Neste blog, a <strong data-start=\"703\" data-end=\"719\">Rota Seguros<\/strong> explica por que esses sentimentos se intensificam nessa \u00e9poca e apresenta estrat\u00e9gias para cuidar da sa\u00fade mental e atravessar o per\u00edodo com mais equil\u00edbrio e bem-estar.<\/p>\n<p data-start=\"689\" data-end=\"891\"><img loading=\"lazy\" decoding=\"async\" class=\"alignnone wp-image-33835 size-full\" title=\"Depress\u00e3o e ansiedade: Por que o fim do ano mexe tanto com nossas emo\u00e7\u00f5es\" src=\"https:\/\/www.rotaseguros.com.br\/planosdesaude\/wp-content\/uploads\/2025\/10\/Depressao-e-ansiedade_-Por-que-o-fim-do-ano-mexe-tanto-com-nossas-emocoes.png\" alt=\"Depress\u00e3o e ansiedade: Por que o fim do ano mexe tanto com nossas emo\u00e7\u00f5es\" width=\"800\" height=\"200\" srcset=\"https:\/\/www.rotaseguros.com.br\/planosdesaude\/wp-content\/uploads\/2025\/10\/Depressao-e-ansiedade_-Por-que-o-fim-do-ano-mexe-tanto-com-nossas-emocoes.png 800w, https:\/\/www.rotaseguros.com.br\/planosdesaude\/wp-content\/uploads\/2025\/10\/Depressao-e-ansiedade_-Por-que-o-fim-do-ano-mexe-tanto-com-nossas-emocoes-300x75.png 300w, https:\/\/www.rotaseguros.com.br\/planosdesaude\/wp-content\/uploads\/2025\/10\/Depressao-e-ansiedade_-Por-que-o-fim-do-ano-mexe-tanto-com-nossas-emocoes-768x192.png 768w\" sizes=\"auto, (max-width: 800px) 100vw, 800px\" \/><\/p>\n<h2 data-start=\"898\" data-end=\"956\"><span class=\"ez-toc-section\" id=\"Por_que_o_fim_do_ano_mexe_tanto_com_nossas_emocoes\"><\/span>Por que o fim do ano mexe tanto com nossas emo\u00e7\u00f5es?<span class=\"ez-toc-section-end\"><\/span><\/h2>\n<p data-start=\"958\" data-end=\"1241\">As festividades de dezembro costumam trazer uma s\u00e9rie de gatilhos emocionais. A compara\u00e7\u00e3o com os outros, o sentimento de culpa por n\u00e3o ter alcan\u00e7ado determinados objetivos e a sobrecarga de compromissos sociais s\u00e3o fatores que contribuem para o aumento do estresse e da ansiedade.<\/p>\n<p data-start=\"1243\" data-end=\"1491\">Al\u00e9m disso, o encerramento de um ciclo tende a gerar reflex\u00f5es profundas. Muitas pessoas revisitam mem\u00f3rias dolorosas, perdas familiares ou frustra\u00e7\u00f5es profissionais, o que pode reabrir feridas emocionais e aumentar a vulnerabilidade psicol\u00f3gica.<\/p>\n<p data-start=\"1493\" data-end=\"1762\">Estudos da <strong data-start=\"1504\" data-end=\"1542\">Organiza\u00e7\u00e3o Mundial da Sa\u00fade (OMS)<\/strong> indicam que os casos de<a href=\"https:\/\/www.cnnbrasil.com.br\/saude\/casos-de-ansiedade-e-depressao-cresceram-25-durante-pandemia-diz-oms\/\" target=\"_blank\" rel=\"noopener\"> <strong data-start=\"1567\" data-end=\"1635\">ansiedade e depress\u00e3o aumentam cerca de 25% durante o fim do ano<\/strong><\/a>, especialmente entre pessoas que vivem sozinhas, enfrentam dificuldades financeiras ou t\u00eam hist\u00f3rico de transtornos mentais.<\/p>\n<h2 data-start=\"1769\" data-end=\"1825\"><span class=\"ez-toc-section\" id=\"Como_identificar_sinais_de_depressao_e_ansiedade\"><\/span>Como identificar sinais de depress\u00e3o e ansiedade<span class=\"ez-toc-section-end\"><\/span><\/h2>\n<p data-start=\"1827\" data-end=\"2049\">Nem sempre \u00e9 f\u00e1cil perceber quando o cansa\u00e7o emocional ultrapassa o limite do normal. Por isso, \u00e9 importante observar <strong data-start=\"1945\" data-end=\"2002\">mudan\u00e7as de comportamento, sono, apetite e disposi\u00e7\u00e3o<\/strong>. Entre os principais sinais de alerta est\u00e3o:<\/p>\n<ul>\n<li data-start=\"2053\" data-end=\"2097\">Tristeza persistente ou sensa\u00e7\u00e3o de vazio;<\/li>\n<li data-start=\"2100\" data-end=\"2159\">Perda de interesse por atividades que antes davam prazer;<\/li>\n<li data-start=\"2162\" data-end=\"2218\">Irritabilidade ou crises de choro sem motivo aparente;<\/li>\n<li data-start=\"2221\" data-end=\"2251\">Dificuldade de concentra\u00e7\u00e3o;<\/li>\n<li data-start=\"2254\" data-end=\"2304\">Altera\u00e7\u00f5es no sono (ins\u00f4nia ou excesso de sono);<\/li>\n<li data-start=\"2307\" data-end=\"2358\">Sensa\u00e7\u00e3o constante de preocupa\u00e7\u00e3o, medo ou culpa;<\/li>\n<li data-start=\"2361\" data-end=\"2381\">Isolamento social;<\/li>\n<li data-start=\"2384\" data-end=\"2429\">Pensamentos negativos ou autodepreciativos.<\/li>\n<\/ul>\n<p data-start=\"2431\" data-end=\"2716\">Esses sintomas n\u00e3o devem ser ignorados. Se persistirem por mais de duas semanas, \u00e9 essencial buscar ajuda profissional. <strong data-start=\"2551\" data-end=\"2579\">Psic\u00f3logos e psiquiatras<\/strong> podem identificar o quadro e indicar o tratamento adequado, que pode incluir <strong data-start=\"2657\" data-end=\"2713\">psicoterapia, medica\u00e7\u00e3o e mudan\u00e7as no estilo de vida<\/strong>.<\/p>\n<p data-start=\"2431\" data-end=\"2716\"><img loading=\"lazy\" decoding=\"async\" class=\"alignnone wp-image-33834 size-full\" title=\"Depress\u00e3o e ansiedade: O papel das redes sociais e da compara\u00e7\u00e3o\" src=\"https:\/\/www.rotaseguros.com.br\/planosdesaude\/wp-content\/uploads\/2025\/10\/Depressao-e-ansiedade_-O-papel-das-redes-sociais-e-da-comparacao.png\" alt=\"Depress\u00e3o e ansiedade: O papel das redes sociais e da compara\u00e7\u00e3o\" width=\"800\" height=\"200\" srcset=\"https:\/\/www.rotaseguros.com.br\/planosdesaude\/wp-content\/uploads\/2025\/10\/Depressao-e-ansiedade_-O-papel-das-redes-sociais-e-da-comparacao.png 800w, https:\/\/www.rotaseguros.com.br\/planosdesaude\/wp-content\/uploads\/2025\/10\/Depressao-e-ansiedade_-O-papel-das-redes-sociais-e-da-comparacao-300x75.png 300w, https:\/\/www.rotaseguros.com.br\/planosdesaude\/wp-content\/uploads\/2025\/10\/Depressao-e-ansiedade_-O-papel-das-redes-sociais-e-da-comparacao-768x192.png 768w\" sizes=\"auto, (max-width: 800px) 100vw, 800px\" \/><\/p>\n<h2 data-start=\"2723\" data-end=\"2772\"><span class=\"ez-toc-section\" id=\"O_papel_das_redes_sociais_e_da_comparacao\"><\/span>O papel das redes sociais e da compara\u00e7\u00e3o<span class=\"ez-toc-section-end\"><\/span><\/h2>\n<p data-start=\"2774\" data-end=\"3025\">O fim do ano tamb\u00e9m \u00e9 marcado por um aumento do uso das <strong data-start=\"2830\" data-end=\"2847\">redes sociais<\/strong>, onde as pessoas compartilham viagens, festas e realiza\u00e7\u00f5es. Embora pare\u00e7am inofensivas, essas publica\u00e7\u00f5es podem gerar <strong data-start=\"2967\" data-end=\"3022\">compara\u00e7\u00f5es injustas e sentimentos de inferioridade<\/strong>.<\/p>\n<p data-start=\"3027\" data-end=\"3334\">\u00c9 importante lembrar que as redes mostram apenas uma vers\u00e3o editada da realidade. O que n\u00e3o aparece nas fotos s\u00e3o as dificuldades, os desafios e os momentos de vulnerabilidade que todos enfrentam. Por isso, limitar o tempo online e focar em atividades reais e prazerosas pode ajudar a reduzir a ansiedade.<\/p>\n<h2 data-start=\"4398\" data-end=\"4461\"><span class=\"ez-toc-section\" id=\"O_impacto_da_solidao_e_do_luto_nas_festas_de_fim_de_ano\"><\/span>O impacto da solid\u00e3o e do luto nas festas de fim de ano<span class=\"ez-toc-section-end\"><\/span><\/h2>\n<p data-start=\"4463\" data-end=\"4708\">Datas comemorativas podem ser especialmente dif\u00edceis para quem perdeu algu\u00e9m ou est\u00e1 longe da fam\u00edlia. A aus\u00eancia de entes queridos, que \u00e9 mais sentida nessas \u00e9pocas, pode intensificar sentimentos de <strong data-start=\"4663\" data-end=\"4705\">solid\u00e3o, nostalgia e tristeza profunda<\/strong>.<\/p>\n<p data-start=\"4710\" data-end=\"4959\">Nesses casos, \u00e9 importante acolher as emo\u00e7\u00f5es em vez de reprimi-las. Buscar apoio emocional, participar de grupos de conviv\u00eancia ou realizar atividades volunt\u00e1rias pode ajudar a ressignificar o per\u00edodo e trazer uma sensa\u00e7\u00e3o de prop\u00f3sito e conex\u00e3o.<\/p>\n<h2 data-start=\"3341\" data-end=\"3402\"><span class=\"ez-toc-section\" id=\"Estrategias_para_cuidar_da_saude_mental_no_fim_do_ano\"><\/span>Estrat\u00e9gias para cuidar da sa\u00fade mental no fim do ano!<span class=\"ez-toc-section-end\"><\/span><\/h2>\n<p data-start=\"3404\" data-end=\"3571\">Cuidar de si mesmo deve ser prioridade, especialmente em per\u00edodos emocionalmente intensos. Algumas atitudes simples podem fazer diferen\u00e7a significativa no bem-estar:<\/p>\n<ul>\n<li data-start=\"3575\" data-end=\"3707\"><strong data-start=\"3575\" data-end=\"3601\">Respeite seus limites:<\/strong> n\u00e3o se sinta obrigado a participar de todas as celebra\u00e7\u00f5es. Dizer \u201cn\u00e3o\u201d tamb\u00e9m \u00e9 um ato de autocuidado.<\/li>\n<li data-start=\"3710\" data-end=\"3846\"><strong data-start=\"3710\" data-end=\"3737\">Evite o perfeccionismo:<\/strong> nem tudo precisa sair como planejado. Permita-se viver momentos simples, sem a press\u00e3o de agradar a todos.<\/li>\n<li data-start=\"3849\" data-end=\"3981\"><strong data-start=\"3849\" data-end=\"3880\">Mantenha h\u00e1bitos saud\u00e1veis:<\/strong> alimenta\u00e7\u00e3o equilibrada, sono de qualidade e atividade f\u00edsica s\u00e3o aliados do equil\u00edbrio emocional.<\/li>\n<li data-start=\"3984\" data-end=\"4142\"><strong data-start=\"3984\" data-end=\"4008\">Valorize o descanso:<\/strong> reserve momentos para relaxar, meditar, ouvir m\u00fasica ou ler. T\u00e9cnicas de <strong data-start=\"4082\" data-end=\"4110\">respira\u00e7\u00e3o e mindfulness<\/strong> ajudam a reduzir a ansiedade.<\/li>\n<li data-start=\"4145\" data-end=\"4265\"><strong data-start=\"4145\" data-end=\"4163\">Procure apoio:<\/strong> conversar com amigos, familiares ou profissionais de sa\u00fade mental ajuda a aliviar o peso emocional.<\/li>\n<\/ul>\n<p data-start=\"4267\" data-end=\"4391\">O autocuidado n\u00e3o \u00e9 ego\u00edsmo \u2014 \u00e9 uma necessidade. \u00c9 imposs\u00edvel estar bem com o mundo se voc\u00ea n\u00e3o estiver bem consigo mesmo.<\/p>\n<p data-start=\"4267\" data-end=\"4391\"><img loading=\"lazy\" decoding=\"async\" class=\"alignnone wp-image-33833 size-full\" title=\"Depress\u00e3o e ansiedade: Estrat\u00e9gias para cuidar da sa\u00fade mental no fim do ano!\" src=\"https:\/\/www.rotaseguros.com.br\/planosdesaude\/wp-content\/uploads\/2025\/10\/Depressao-e-ansiedade_-Estrategias-para-cuidar-da-saude-mental-no-fim-do-ano.png\" alt=\"Depress\u00e3o e ansiedade: Estrat\u00e9gias para cuidar da sa\u00fade mental no fim do ano!\" width=\"800\" height=\"200\" srcset=\"https:\/\/www.rotaseguros.com.br\/planosdesaude\/wp-content\/uploads\/2025\/10\/Depressao-e-ansiedade_-Estrategias-para-cuidar-da-saude-mental-no-fim-do-ano.png 800w, https:\/\/www.rotaseguros.com.br\/planosdesaude\/wp-content\/uploads\/2025\/10\/Depressao-e-ansiedade_-Estrategias-para-cuidar-da-saude-mental-no-fim-do-ano-300x75.png 300w, https:\/\/www.rotaseguros.com.br\/planosdesaude\/wp-content\/uploads\/2025\/10\/Depressao-e-ansiedade_-Estrategias-para-cuidar-da-saude-mental-no-fim-do-ano-768x192.png 768w\" sizes=\"auto, (max-width: 800px) 100vw, 800px\" \/><\/p>\n<h2 data-start=\"4966\" data-end=\"5007\"><span class=\"ez-toc-section\" id=\"Cuidar_da_mente_e_cuidar_da_saude\"><\/span>Cuidar da mente \u00e9 cuidar da sa\u00fade!<span class=\"ez-toc-section-end\"><\/span><\/h2>\n<p data-start=\"5009\" data-end=\"5304\">A <strong data-start=\"5011\" data-end=\"5027\">sa\u00fade mental<\/strong> \u00e9 parte essencial do bem-estar geral. Assim como o corpo precisa de aten\u00e7\u00e3o, a mente tamb\u00e9m precisa de descanso e acolhimento. No fim do ano, reserve tempo para refletir sobre suas conquistas, aceitar suas limita\u00e7\u00f5es e planejar o futuro com leveza, sem cobran\u00e7as excessivas.<\/p>\n<p data-start=\"5306\" data-end=\"5601\">Se voc\u00ea perceber que est\u00e1 dif\u00edcil lidar com a sobrecarga emocional, <strong data-start=\"5374\" data-end=\"5419\">n\u00e3o hesite em procurar ajuda profissional<\/strong>. Um plano de sa\u00fade com cobertura psicol\u00f3gica garante o acesso a consultas com psic\u00f3logos e psiquiatras, permitindo que voc\u00ea cuide da mente com o mesmo cuidado que dedica ao corpo.<\/p>\n<p data-start=\"5747\" data-end=\"5923\">Quer continuar cuidando da mente e do corpo? Leia tamb\u00e9m nosso blog sobre <a href=\"https:\/\/www.rotaseguros.com.br\/planosdesaude\/ma-digestao-o-que-e\/\"><strong>m\u00e1 digest\u00e3o!<\/strong><\/a><\/p>\n","protected":false},"excerpt":{"rendered":"<p><span class=\"span-reading-time rt-reading-time\" style=\"display: block;\"><span class=\"rt-label rt-prefix\">Reading Time: <\/span> <span class=\"rt-time\"> 4<\/span> <span class=\"rt-label rt-postfix\">minutes<\/span><\/span>O fim do ano costuma ser associado a festas, reencontros e celebra\u00e7\u00f5es. Entretanto, para muitas pessoas, essa \u00e9poca desperta sentimentos de ansiedade, solid\u00e3o e tristeza. A press\u00e3o para estar feliz, &#8230;<\/p>\n","protected":false},"author":37,"featured_media":33831,"comment_status":"open","ping_status":"open","sticky":false,"template":"","format":"standard","meta":{"_monsterinsights_skip_tracking":false,"_monsterinsights_sitenote_active":false,"_monsterinsights_sitenote_note":"","_monsterinsights_sitenote_category":0,"footnotes":"","_links_to":"","_links_to_target":""},"categories":[1,1005],"tags":[692,1318,686,2061,1268,1904,4133,132,41,1343,1235,48,1313,693,1201],"class_list":["post-33830","post","type-post","status-publish","format-standard","has-post-thumbnail","hentry","category-sem-categoria","category-saude","tag-ansiedade","tag-autocuidado","tag-bem-estar","tag-beneficios","tag-depressao","tag-estresse","tag-fim-de-ano","tag-plano-de-saude","tag-planos-de-saude","tag-prevencao","tag-qualidade-de-vida","tag-rota-seguros-2","tag-saude-e-bem-estar","tag-saude-mental","tag-vida-saudavel"],"_links":{"self":[{"href":"https:\/\/www.rotaseguros.com.br\/planosdesaude\/wp-json\/wp\/v2\/posts\/33830","targetHints":{"allow":["GET"]}}],"collection":[{"href":"https:\/\/www.rotaseguros.com.br\/planosdesaude\/wp-json\/wp\/v2\/posts"}],"about":[{"href":"https:\/\/www.rotaseguros.com.br\/planosdesaude\/wp-json\/wp\/v2\/types\/post"}],"author":[{"embeddable":true,"href":"https:\/\/www.rotaseguros.com.br\/planosdesaude\/wp-json\/wp\/v2\/users\/37"}],"replies":[{"embeddable":true,"href":"https:\/\/www.rotaseguros.com.br\/planosdesaude\/wp-json\/wp\/v2\/comments?post=33830"}],"version-history":[{"count":4,"href":"https:\/\/www.rotaseguros.com.br\/planosdesaude\/wp-json\/wp\/v2\/posts\/33830\/revisions"}],"predecessor-version":[{"id":33841,"href":"https:\/\/www.rotaseguros.com.br\/planosdesaude\/wp-json\/wp\/v2\/posts\/33830\/revisions\/33841"}],"wp:featuredmedia":[{"embeddable":true,"href":"https:\/\/www.rotaseguros.com.br\/planosdesaude\/wp-json\/wp\/v2\/media\/33831"}],"wp:attachment":[{"href":"https:\/\/www.rotaseguros.com.br\/planosdesaude\/wp-json\/wp\/v2\/media?parent=33830"}],"wp:term":[{"taxonomy":"category","embeddable":true,"href":"https:\/\/www.rotaseguros.com.br\/planosdesaude\/wp-json\/wp\/v2\/categories?post=33830"},{"taxonomy":"post_tag","embeddable":true,"href":"https:\/\/www.rotaseguros.com.br\/planosdesaude\/wp-json\/wp\/v2\/tags?post=33830"}],"curies":[{"name":"wp","href":"https:\/\/api.w.org\/{rel}","templated":true}]}}