{"id":33853,"date":"2025-11-02T08:00:31","date_gmt":"2025-11-02T11:00:31","guid":{"rendered":"https:\/\/www.rotaseguros.com.br\/planosdesaude\/?p=33853"},"modified":"2025-10-31T19:05:40","modified_gmt":"2025-10-31T22:05:40","slug":"esmaltes-em-gel-anvisa","status":"publish","type":"post","link":"https:\/\/www.rotaseguros.com.br\/planosdesaude\/esmaltes-em-gel-anvisa\/","title":{"rendered":"Esmaltes em gel: o que muda com a nova decis\u00e3o da Anvisa"},"content":{"rendered":"<span class=\"span-reading-time rt-reading-time\" style=\"display: block;\"><span class=\"rt-label rt-prefix\">Reading Time: <\/span> <span class=\"rt-time\"> 3<\/span> <span class=\"rt-label rt-postfix\">minutes<\/span><\/span><p data-start=\"391\" data-end=\"655\">A Ag\u00eancia Nacional de Vigil\u00e2ncia Sanit\u00e1ria (Anvisa) anunciou uma nova medida que est\u00e1 chamando aten\u00e7\u00e3o de profissionais de beleza e consumidores: a proibi\u00e7\u00e3o de duas subst\u00e2ncias usadas em <strong data-start=\"579\" data-end=\"598\">esmaltes em gel<\/strong> e outros produtos para unhas que exigem luz UV ou LED.<\/p><div id=\"ez-toc-container\" class=\"ez-toc-v2_0_82_2 counter-flat ez-toc-counter ez-toc-grey ez-toc-container-direction\">\n<div class=\"ez-toc-title-container\">\n<p class=\"ez-toc-title\" style=\"cursor:inherit\">Aqui voc\u00ea encontra:<\/p>\n<span class=\"ez-toc-title-toggle\"><a href=\"#\" class=\"ez-toc-pull-right ez-toc-btn ez-toc-btn-xs ez-toc-btn-default ez-toc-toggle\" aria-label=\"Alternar tabela de conte\u00fado\"><span class=\"ez-toc-js-icon-con\"><span class=\"\"><span class=\"eztoc-hide\" style=\"display:none;\">Toggle<\/span><span class=\"ez-toc-icon-toggle-span\"><svg style=\"fill: #999;color:#999\" xmlns=\"http:\/\/www.w3.org\/2000\/svg\" class=\"list-377408\" width=\"20px\" height=\"20px\" viewBox=\"0 0 24 24\" fill=\"none\"><path d=\"M6 6H4v2h2V6zm14 0H8v2h12V6zM4 11h2v2H4v-2zm16 0H8v2h12v-2zM4 16h2v2H4v-2zm16 0H8v2h12v-2z\" fill=\"currentColor\"><\/path><\/svg><svg style=\"fill: #999;color:#999\" class=\"arrow-unsorted-368013\" xmlns=\"http:\/\/www.w3.org\/2000\/svg\" width=\"10px\" height=\"10px\" viewBox=\"0 0 24 24\" version=\"1.2\" baseProfile=\"tiny\"><path d=\"M18.2 9.3l-6.2-6.3-6.2 6.3c-.2.2-.3.4-.3.7s.1.5.3.7c.2.2.4.3.7.3h11c.3 0 .5-.1.7-.3.2-.2.3-.5.3-.7s-.1-.5-.3-.7zM5.8 14.7l6.2 6.3 6.2-6.3c.2-.2.3-.5.3-.7s-.1-.5-.3-.7c-.2-.2-.4-.3-.7-.3h-11c-.3 0-.5.1-.7.3-.2.2-.3.5-.3.7s.1.5.3.7z\"\/><\/svg><\/span><\/span><\/span><\/a><\/span><\/div>\n<nav><ul class='ez-toc-list ez-toc-list-level-1 ' ><li class='ez-toc-page-1'><a class=\"ez-toc-link ez-toc-heading-1\" href=\"https:\/\/www.rotaseguros.com.br\/planosdesaude\/esmaltes-em-gel-anvisa\/#Por_que_a_Anvisa_decidiu_agir_agora\" >Por que a Anvisa decidiu agir agora?<\/a><\/li><li class='ez-toc-page-1'><a class=\"ez-toc-link ez-toc-heading-2\" href=\"https:\/\/www.rotaseguros.com.br\/planosdesaude\/esmaltes-em-gel-anvisa\/#Quais_sao_as_substancias_proibidas\" >Quais s\u00e3o as subst\u00e2ncias proibidas?<\/a><\/li><li class='ez-toc-page-1'><a class=\"ez-toc-link ez-toc-heading-3\" href=\"https:\/\/www.rotaseguros.com.br\/planosdesaude\/esmaltes-em-gel-anvisa\/#O_que_muda_para_consumidores_e_profissionais\" >O que muda para consumidores e profissionais?<\/a><\/li><li class='ez-toc-page-1'><a class=\"ez-toc-link ez-toc-heading-4\" href=\"https:\/\/www.rotaseguros.com.br\/planosdesaude\/esmaltes-em-gel-anvisa\/#Para_quem_usa_esmaltes_em_gel\" >Para quem usa esmaltes em gel<\/a><\/li><li class='ez-toc-page-1'><a class=\"ez-toc-link ez-toc-heading-5\" href=\"https:\/\/www.rotaseguros.com.br\/planosdesaude\/esmaltes-em-gel-anvisa\/#Para_manicures_e_saloes_de_beleza\" >Para manicures e sal\u00f5es de beleza<\/a><\/li><li class='ez-toc-page-1'><a class=\"ez-toc-link ez-toc-heading-6\" href=\"https:\/\/www.rotaseguros.com.br\/planosdesaude\/esmaltes-em-gel-anvisa\/#Como_se_proteger_e_fazer_escolhas_seguras\" >Como se proteger e fazer escolhas seguras<\/a><\/li><li class='ez-toc-page-1'><a class=\"ez-toc-link ez-toc-heading-7\" href=\"https:\/\/www.rotaseguros.com.br\/planosdesaude\/esmaltes-em-gel-anvisa\/#Um_passo_importante_para_a_saude_e_o_bem-estar\" >Um passo importante para a sa\u00fade e o bem-estar<\/a><\/li><\/ul><\/nav><\/div>\n\n<p data-start=\"657\" data-end=\"862\">A decis\u00e3o segue o mesmo caminho da Uni\u00e3o Europeia e foi motivada por estudos que apontam <strong data-start=\"746\" data-end=\"782\">riscos de c\u00e2ncer e infertilidade<\/strong> associados ao uso cont\u00ednuo desses compostos presentes em esmaltes em gel.<\/p>\n<p data-start=\"864\" data-end=\"1068\">Mas afinal, quais subst\u00e2ncias s\u00e3o essas? O que muda no mercado e como essa decis\u00e3o pode impactar a sua sa\u00fade e o seu dia a dia? A Rota Seguros te explica tudo de forma simples, direta e respons\u00e1vel.<\/p>\n<p data-start=\"864\" data-end=\"1068\"><img loading=\"lazy\" decoding=\"async\" class=\"alignnone wp-image-33861 size-full\" title=\"Por que a Anvisa decidiu agir agora\" src=\"https:\/\/www.rotaseguros.com.br\/planosdesaude\/wp-content\/uploads\/2025\/10\/Por-que-a-Anvisa-decidiu-agir-agora.png\" alt=\"Por que a Anvisa decidiu agir agora\" width=\"800\" height=\"200\" srcset=\"https:\/\/www.rotaseguros.com.br\/planosdesaude\/wp-content\/uploads\/2025\/10\/Por-que-a-Anvisa-decidiu-agir-agora.png 800w, https:\/\/www.rotaseguros.com.br\/planosdesaude\/wp-content\/uploads\/2025\/10\/Por-que-a-Anvisa-decidiu-agir-agora-300x75.png 300w, https:\/\/www.rotaseguros.com.br\/planosdesaude\/wp-content\/uploads\/2025\/10\/Por-que-a-Anvisa-decidiu-agir-agora-768x192.png 768w\" sizes=\"auto, (max-width: 800px) 100vw, 800px\" \/><\/p>\n<h2 data-start=\"1075\" data-end=\"1116\"><span class=\"ez-toc-section\" id=\"Por_que_a_Anvisa_decidiu_agir_agora\"><\/span>Por que a <a href=\"https:\/\/www.gov.br\/anvisa\/pt-br\/assuntos\/noticias-anvisa\/2025\/anvisa-proibe-duas-substancias-utilizadas-em-produtos-para-unhas\" target=\"_blank\" rel=\"noopener\">Anvisa<\/a> decidiu agir agora?<span class=\"ez-toc-section-end\"><\/span><\/h2>\n<p data-start=\"1118\" data-end=\"1488\">A medida, aprovada no fim de outubro de 2025, \u00e9 uma <strong data-start=\"1170\" data-end=\"1217\">a\u00e7\u00e3o preventiva de prote\u00e7\u00e3o \u00e0 sa\u00fade p\u00fablica<\/strong>. A Anvisa se baseou em evid\u00eancias cient\u00edficas internacionais que demonstram o potencial risco dessas subst\u00e2ncias, especialmente para quem tem <strong data-start=\"1360\" data-end=\"1418\">exposi\u00e7\u00e3o prolongada ou repetitiva aos esmaltes em gel<\/strong>, como manicures e pessoas que utilizam essa t\u00e9cnica com frequ\u00eancia.<\/p>\n<p data-start=\"1490\" data-end=\"1703\">Al\u00e9m de seguir padr\u00f5es internacionais de seguran\u00e7a, a decis\u00e3o refor\u00e7a o papel da Anvisa em garantir que <strong data-start=\"1594\" data-end=\"1617\">produtos cosm\u00e9ticos<\/strong>, como os esmaltes em gel, dispon\u00edveis no Brasil n\u00e3o ofere\u00e7am risco \u00e0 popula\u00e7\u00e3o.<\/p>\n<p data-start=\"1705\" data-end=\"2019\">O \u00f3rg\u00e3o determinou que a <strong data-start=\"1730\" data-end=\"1759\">fabrica\u00e7\u00e3o e a importa\u00e7\u00e3o<\/strong> desses produtos sejam interrompidas imediatamente, e que o <strong data-start=\"1819\" data-end=\"1849\">com\u00e9rcio tenha at\u00e9 90 dias<\/strong> para vender ou recolher o que j\u00e1 est\u00e1 nas prateleiras. Ap\u00f3s esse prazo, os esmaltes em gel com as subst\u00e2ncias proibidas ser\u00e3o retirados definitivamente do mercado.<\/p>\n<h2 data-start=\"2026\" data-end=\"2066\"><span class=\"ez-toc-section\" id=\"Quais_sao_as_substancias_proibidas\"><\/span>Quais s\u00e3o as subst\u00e2ncias proibidas?<span class=\"ez-toc-section-end\"><\/span><\/h2>\n<p data-start=\"2068\" data-end=\"2102\">As duas subst\u00e2ncias vetadas s\u00e3o:<\/p>\n<ul data-start=\"2104\" data-end=\"2386\">\n<li data-start=\"2104\" data-end=\"2243\">\n<p data-start=\"2106\" data-end=\"2243\"><strong data-start=\"2106\" data-end=\"2140\">N,N-dimetil-p-toluidina (DMPT),<\/strong>\u00a0tamb\u00e9m conhecida como <strong data-start=\"2165\" data-end=\"2193\">dimetiltolilamina (DMTA)<\/strong>, \u00e9 classificada como possivelmente cancer\u00edgena.<\/p>\n<\/li>\n<li data-start=\"2244\" data-end=\"2386\">\n<p data-start=\"2246\" data-end=\"2386\"><strong data-start=\"2246\" data-end=\"2303\">\u00d3xido de difenil (2,4,6-trimetilbenzol) fosfina (TPO), <\/strong>considerado t\u00f3xico para a reprodu\u00e7\u00e3o, podendo causar problemas de fertilidade.<\/p>\n<\/li>\n<\/ul>\n<p data-start=\"2388\" data-end=\"2552\">Esses compostos s\u00e3o respons\u00e1veis pelo <strong data-start=\"2426\" data-end=\"2470\">endurecimento r\u00e1pido dos esmaltes em gel<\/strong> quando expostos \u00e0 luz UV ou LED, t\u00e9cnica amplamente usada em sal\u00f5es de beleza.<\/p>\n<p data-start=\"2554\" data-end=\"2789\">O problema \u00e9 que, com o uso cont\u00ednuo, h\u00e1 risco de absor\u00e7\u00e3o dessas subst\u00e2ncias pelo organismo, o que pode gerar efeitos cumulativos ao longo do tempo, afetando tanto quem usa quanto quem aplica os esmaltes em gel regularmente.<\/p>\n<h2 data-start=\"2796\" data-end=\"2846\"><\/h2>\n<p><img loading=\"lazy\" decoding=\"async\" class=\"alignnone wp-image-33860 size-full\" title=\"O que muda para consumidores e profissionais\" src=\"https:\/\/www.rotaseguros.com.br\/planosdesaude\/wp-content\/uploads\/2025\/10\/O-que-muda-para-consumidores-e-profissionais.png\" alt=\"O que muda para consumidores e profissionais\" width=\"800\" height=\"200\" srcset=\"https:\/\/www.rotaseguros.com.br\/planosdesaude\/wp-content\/uploads\/2025\/10\/O-que-muda-para-consumidores-e-profissionais.png 800w, https:\/\/www.rotaseguros.com.br\/planosdesaude\/wp-content\/uploads\/2025\/10\/O-que-muda-para-consumidores-e-profissionais-300x75.png 300w, https:\/\/www.rotaseguros.com.br\/planosdesaude\/wp-content\/uploads\/2025\/10\/O-que-muda-para-consumidores-e-profissionais-768x192.png 768w\" sizes=\"auto, (max-width: 800px) 100vw, 800px\" \/><\/p>\n<p>&nbsp;<\/p>\n<p>&nbsp;<\/p>\n<h2 data-start=\"2796\" data-end=\"2846\"><span class=\"ez-toc-section\" id=\"O_que_muda_para_consumidores_e_profissionais\"><\/span>O que muda para consumidores e profissionais?<span class=\"ez-toc-section-end\"><\/span><\/h2>\n<h3 data-start=\"2848\" data-end=\"2883\"><span class=\"ez-toc-section\" id=\"Para_quem_usa_esmaltes_em_gel\"><\/span>Para quem usa esmaltes em gel<span class=\"ez-toc-section-end\"><\/span><\/h3>\n<p data-start=\"2885\" data-end=\"3085\">O uso ocasional desses produtos n\u00e3o deve causar preocupa\u00e7\u00e3o imediata, mas a recomenda\u00e7\u00e3o \u00e9 <strong data-start=\"2976\" data-end=\"3007\">buscar alternativas seguras<\/strong> e questionar o sal\u00e3o sobre a composi\u00e7\u00e3o dos esmaltes em gel utilizados.<\/p>\n<p data-start=\"3087\" data-end=\"3316\">\u00c9 importante observar se o produto segue as novas normas da Anvisa e, se poss\u00edvel, <strong data-start=\"3170\" data-end=\"3235\">optar por marcas que declarem estar livres dessas subst\u00e2ncias<\/strong>. Dessa forma, o uso dos esmaltes em gel se torna mais seguro e consciente.<\/p>\n<h3 data-start=\"3318\" data-end=\"3357\"><span class=\"ez-toc-section\" id=\"Para_manicures_e_saloes_de_beleza\"><\/span>Para manicures e sal\u00f5es de beleza<span class=\"ez-toc-section-end\"><\/span><\/h3>\n<p data-start=\"3359\" data-end=\"3567\">Profissionais que trabalham diariamente com esmaltes em gel devem ter aten\u00e7\u00e3o redobrada. O contato constante pode representar um risco maior, principalmente em ambientes fechados e com pouca ventila\u00e7\u00e3o.<\/p>\n<p data-start=\"3569\" data-end=\"3944\">A recomenda\u00e7\u00e3o \u00e9 <strong data-start=\"3586\" data-end=\"3622\">verificar os produtos em estoque<\/strong>, substituir por alternativas seguras e garantir que todas as embalagens utilizadas estejam em conformidade com as novas regras. Al\u00e9m disso, investir em <strong data-start=\"3775\" data-end=\"3821\">equipamentos de prote\u00e7\u00e3o individual (EPIs)<\/strong> e em <strong data-start=\"3827\" data-end=\"3850\">ventila\u00e7\u00e3o adequada<\/strong> \u00e9 essencial para evitar exposi\u00e7\u00e3o prolongada aos produtos qu\u00edmicos dos esmaltes em gel.<\/p>\n<h2 data-start=\"4614\" data-end=\"4660\"><span class=\"ez-toc-section\" id=\"Como_se_proteger_e_fazer_escolhas_seguras\"><\/span>Como se proteger e fazer escolhas seguras<span class=\"ez-toc-section-end\"><\/span><\/h2>\n<p data-start=\"4662\" data-end=\"4763\">Para garantir mais seguran\u00e7a na hora de usar esmaltes em gel, siga algumas orienta\u00e7\u00f5es simples:<\/p>\n<ul data-start=\"4765\" data-end=\"5140\">\n<li data-start=\"4765\" data-end=\"4828\">\n<p data-start=\"4767\" data-end=\"4828\">Verifique sempre o <strong data-start=\"4786\" data-end=\"4825\">r\u00f3tulo e a proced\u00eancia dos produtos<\/strong>.<\/p>\n<\/li>\n<li data-start=\"4829\" data-end=\"4903\">\n<p data-start=\"4831\" data-end=\"4903\">Prefira <strong data-start=\"4839\" data-end=\"4900\">marcas que informem claramente os ingredientes utilizados<\/strong>.<\/p>\n<\/li>\n<li data-start=\"4904\" data-end=\"4977\">\n<p data-start=\"4906\" data-end=\"4977\">Converse com o profissional do sal\u00e3o sobre as novas regras da Anvisa.<\/p>\n<\/li>\n<li data-start=\"4978\" data-end=\"5040\">\n<p data-start=\"4980\" data-end=\"5040\">Evite <strong data-start=\"4986\" data-end=\"5037\">exposi\u00e7\u00f5es muito frequentes aos esmaltes em gel<\/strong>.<\/p>\n<\/li>\n<li data-start=\"5041\" data-end=\"5140\">\n<p data-start=\"5043\" data-end=\"5140\">Em caso de <strong data-start=\"5054\" data-end=\"5093\">irrita\u00e7\u00e3o, alergia ou sensibilidade<\/strong>, suspenda o uso e procure um dermatologista.<\/p>\n<\/li>\n<\/ul>\n<p data-start=\"5142\" data-end=\"5256\">Essas medidas ajudam a evitar problemas e garantem uma <strong data-start=\"5197\" data-end=\"5253\">rotina de beleza mais saud\u00e1vel, segura e respons\u00e1vel<\/strong>.<\/p>\n<h2 data-start=\"5263\" data-end=\"5314\"><\/h2>\n<p>&nbsp;<\/p>\n<p><img loading=\"lazy\" decoding=\"async\" class=\"alignnone wp-image-33859 size-full\" title=\"Um passo importante para a sa\u00fade e o bem-estar\" src=\"https:\/\/www.rotaseguros.com.br\/planosdesaude\/wp-content\/uploads\/2025\/10\/Um-passo-importante-para-a-saude-e-o-bem-estar.png\" alt=\"Um passo importante para a sa\u00fade e o bem-estar\" width=\"800\" height=\"200\" srcset=\"https:\/\/www.rotaseguros.com.br\/planosdesaude\/wp-content\/uploads\/2025\/10\/Um-passo-importante-para-a-saude-e-o-bem-estar.png 800w, https:\/\/www.rotaseguros.com.br\/planosdesaude\/wp-content\/uploads\/2025\/10\/Um-passo-importante-para-a-saude-e-o-bem-estar-300x75.png 300w, https:\/\/www.rotaseguros.com.br\/planosdesaude\/wp-content\/uploads\/2025\/10\/Um-passo-importante-para-a-saude-e-o-bem-estar-768x192.png 768w\" sizes=\"auto, (max-width: 800px) 100vw, 800px\" \/><\/p>\n<p>&nbsp;<\/p>\n<p>&nbsp;<\/p>\n<h2 data-start=\"5263\" data-end=\"5314\"><span class=\"ez-toc-section\" id=\"Um_passo_importante_para_a_saude_e_o_bem-estar\"><\/span>Um passo importante para a sa\u00fade e o bem-estar<span class=\"ez-toc-section-end\"><\/span><\/h2>\n<p data-start=\"5316\" data-end=\"5598\">A proibi\u00e7\u00e3o dessas subst\u00e2ncias mostra como a <strong data-start=\"5361\" data-end=\"5429\">ci\u00eancia e a regula\u00e7\u00e3o caminham juntas para proteger o consumidor<\/strong>. A mudan\u00e7a pode exigir adapta\u00e7\u00f5es do mercado, mas representa um <strong data-start=\"5494\" data-end=\"5549\">avan\u00e7o significativo para a seguran\u00e7a e a preven\u00e7\u00e3o<\/strong>, especialmente no uso dos esmaltes em gel.<\/p>\n<p data-start=\"5600\" data-end=\"5831\">A <strong data-start=\"5602\" data-end=\"5618\">Rota Seguros<\/strong> acredita que <strong data-start=\"5632\" data-end=\"5679\">informa\u00e7\u00e3o e cuidado s\u00e3o formas de prote\u00e7\u00e3o<\/strong>\u00a0e esse tipo de decis\u00e3o refor\u00e7a a import\u00e2ncia de escolher com consci\u00eancia tudo o que faz parte da sua rotina, inclusive na hora de cuidar da beleza.<\/p>\n<p data-start=\"5600\" data-end=\"5831\">Gostou desse texto? Leia mais artigos da Rota Seguros: <a href=\"https:\/\/www.rotaseguros.com.br\/planosdesaude\/cobertura-nacional\/\">Planos de sa\u00fade com cobertura nacional: vale a pena?<\/a><\/p>\n","protected":false},"excerpt":{"rendered":"<p><span class=\"span-reading-time rt-reading-time\" style=\"display: block;\"><span class=\"rt-label rt-prefix\">Reading Time: <\/span> <span class=\"rt-time\"> 3<\/span> <span class=\"rt-label rt-postfix\">minutes<\/span><\/span>A Ag\u00eancia Nacional de Vigil\u00e2ncia Sanit\u00e1ria (Anvisa) anunciou uma nova medida que est\u00e1 chamando aten\u00e7\u00e3o de profissionais de beleza e consumidores: a proibi\u00e7\u00e3o de duas subst\u00e2ncias usadas em esmaltes em &#8230;<\/p>\n","protected":false},"author":36,"featured_media":33857,"comment_status":"open","ping_status":"open","sticky":false,"template":"","format":"standard","meta":{"_monsterinsights_skip_tracking":false,"_monsterinsights_sitenote_active":false,"_monsterinsights_sitenote_note":"","_monsterinsights_sitenote_category":0,"footnotes":"","_links_to":"","_links_to_target":""},"categories":[12,13,33,1005],"tags":[3502,4150,4146,4144,4149,1343,4148,48,1127,4145,4147],"class_list":["post-33853","post","type-post","status-publish","format-standard","has-post-thumbnail","hentry","category-noticias","category-noticias-ans","category-rota-seguros","category-saude","tag-anvisa","tag-cosmeticos","tag-dmpt","tag-esmaltes-em-gel","tag-infertilidade","tag-prevencao","tag-risco-de-cancer","tag-rota-seguros-2","tag-saude","tag-substancias-proibidas","tag-tpo"],"_links":{"self":[{"href":"https:\/\/www.rotaseguros.com.br\/planosdesaude\/wp-json\/wp\/v2\/posts\/33853","targetHints":{"allow":["GET"]}}],"collection":[{"href":"https:\/\/www.rotaseguros.com.br\/planosdesaude\/wp-json\/wp\/v2\/posts"}],"about":[{"href":"https:\/\/www.rotaseguros.com.br\/planosdesaude\/wp-json\/wp\/v2\/types\/post"}],"author":[{"embeddable":true,"href":"https:\/\/www.rotaseguros.com.br\/planosdesaude\/wp-json\/wp\/v2\/users\/36"}],"replies":[{"embeddable":true,"href":"https:\/\/www.rotaseguros.com.br\/planosdesaude\/wp-json\/wp\/v2\/comments?post=33853"}],"version-history":[{"count":6,"href":"https:\/\/www.rotaseguros.com.br\/planosdesaude\/wp-json\/wp\/v2\/posts\/33853\/revisions"}],"predecessor-version":[{"id":33863,"href":"https:\/\/www.rotaseguros.com.br\/planosdesaude\/wp-json\/wp\/v2\/posts\/33853\/revisions\/33863"}],"wp:featuredmedia":[{"embeddable":true,"href":"https:\/\/www.rotaseguros.com.br\/planosdesaude\/wp-json\/wp\/v2\/media\/33857"}],"wp:attachment":[{"href":"https:\/\/www.rotaseguros.com.br\/planosdesaude\/wp-json\/wp\/v2\/media?parent=33853"}],"wp:term":[{"taxonomy":"category","embeddable":true,"href":"https:\/\/www.rotaseguros.com.br\/planosdesaude\/wp-json\/wp\/v2\/categories?post=33853"},{"taxonomy":"post_tag","embeddable":true,"href":"https:\/\/www.rotaseguros.com.br\/planosdesaude\/wp-json\/wp\/v2\/tags?post=33853"}],"curies":[{"name":"wp","href":"https:\/\/api.w.org\/{rel}","templated":true}]}}