{"id":33895,"date":"2025-12-30T09:31:49","date_gmt":"2025-12-30T12:31:49","guid":{"rendered":"https:\/\/www.rotaseguros.com.br\/planosdesaude\/?p=33895"},"modified":"2025-12-30T09:31:49","modified_gmt":"2025-12-30T12:31:49","slug":"autocuidado-em-2026","status":"publish","type":"post","link":"https:\/\/www.rotaseguros.com.br\/planosdesaude\/autocuidado-em-2026\/","title":{"rendered":"Autocuidado em 2026: metas de sa\u00fade para o pr\u00f3ximo ano"},"content":{"rendered":"<span class=\"span-reading-time rt-reading-time\" style=\"display: block;\"><span class=\"rt-label rt-prefix\">Reading Time: <\/span> <span class=\"rt-time\"> 4<\/span> <span class=\"rt-label rt-postfix\">minutes<\/span><\/span><p data-start=\"280\" data-end=\"639\">O in\u00edcio de um novo ciclo sempre traz a sensa\u00e7\u00e3o de recome\u00e7o, e 2026 chega com uma oportunidade importante: colocar o <strong data-start=\"398\" data-end=\"413\">autocuidado<\/strong> no centro das prioridades. Em um cen\u00e1rio em que a sa\u00fade f\u00edsica e emocional ganha cada vez mais relev\u00e2ncia, planejar metas realistas e sustent\u00e1veis \u00e9 essencial para que o ano comece com organiza\u00e7\u00e3o \u2014 e siga assim at\u00e9 dezembro.<\/p><div id=\"ez-toc-container\" class=\"ez-toc-v2_0_82_2 counter-flat ez-toc-counter ez-toc-grey ez-toc-container-direction\">\n<div class=\"ez-toc-title-container\">\n<p class=\"ez-toc-title\" style=\"cursor:inherit\">Aqui voc\u00ea encontra:<\/p>\n<span class=\"ez-toc-title-toggle\"><a href=\"#\" class=\"ez-toc-pull-right ez-toc-btn ez-toc-btn-xs ez-toc-btn-default ez-toc-toggle\" aria-label=\"Alternar tabela de conte\u00fado\"><span class=\"ez-toc-js-icon-con\"><span class=\"\"><span class=\"eztoc-hide\" style=\"display:none;\">Toggle<\/span><span class=\"ez-toc-icon-toggle-span\"><svg style=\"fill: #999;color:#999\" xmlns=\"http:\/\/www.w3.org\/2000\/svg\" class=\"list-377408\" width=\"20px\" height=\"20px\" viewBox=\"0 0 24 24\" fill=\"none\"><path d=\"M6 6H4v2h2V6zm14 0H8v2h12V6zM4 11h2v2H4v-2zm16 0H8v2h12v-2zM4 16h2v2H4v-2zm16 0H8v2h12v-2z\" fill=\"currentColor\"><\/path><\/svg><svg style=\"fill: #999;color:#999\" class=\"arrow-unsorted-368013\" xmlns=\"http:\/\/www.w3.org\/2000\/svg\" width=\"10px\" height=\"10px\" viewBox=\"0 0 24 24\" version=\"1.2\" baseProfile=\"tiny\"><path d=\"M18.2 9.3l-6.2-6.3-6.2 6.3c-.2.2-.3.4-.3.7s.1.5.3.7c.2.2.4.3.7.3h11c.3 0 .5-.1.7-.3.2-.2.3-.5.3-.7s-.1-.5-.3-.7zM5.8 14.7l6.2 6.3 6.2-6.3c.2-.2.3-.5.3-.7s-.1-.5-.3-.7c-.2-.2-.4-.3-.7-.3h-11c-.3 0-.5.1-.7.3-.2.2-.3.5-.3.7s.1.5.3.7z\"\/><\/svg><\/span><\/span><\/span><\/a><\/span><\/div>\n<nav><ul class='ez-toc-list ez-toc-list-level-1 ' ><li class='ez-toc-page-1'><a class=\"ez-toc-link ez-toc-heading-1\" href=\"https:\/\/www.rotaseguros.com.br\/planosdesaude\/autocuidado-em-2026\/#Por_que_o_autocuidado_precisa_ser_prioridade_em_2026\" >Por que o autocuidado precisa ser prioridade em 2026?<\/a><\/li><li class='ez-toc-page-1'><a class=\"ez-toc-link ez-toc-heading-2\" href=\"https:\/\/www.rotaseguros.com.br\/planosdesaude\/autocuidado-em-2026\/#Como_organizar_metas_de_saude_para_2026\" >Como organizar metas de sa\u00fade para 2026<\/a><\/li><li class='ez-toc-page-1'><a class=\"ez-toc-link ez-toc-heading-3\" href=\"https:\/\/www.rotaseguros.com.br\/planosdesaude\/autocuidado-em-2026\/#O_papel_da_saude_emocional_no_autocuidado\" >O papel da sa\u00fade emocional no autocuidado<\/a><\/li><li class='ez-toc-page-1'><a class=\"ez-toc-link ez-toc-heading-4\" href=\"https:\/\/www.rotaseguros.com.br\/planosdesaude\/autocuidado-em-2026\/#Prevencao_o_caminho_mais_eficiente_para_2026\" >Preven\u00e7\u00e3o: o caminho mais eficiente para 2026<\/a><\/li><li class='ez-toc-page-1'><a class=\"ez-toc-link ez-toc-heading-5\" href=\"https:\/\/www.rotaseguros.com.br\/planosdesaude\/autocuidado-em-2026\/#Por_que_a_Rota_Seguros_e_sua_aliada_no_planejamento_de_saude_para_2026\" >Por que a Rota Seguros \u00e9 sua aliada no planejamento de sa\u00fade para 2026<\/a><\/li><li class='ez-toc-page-1'><a class=\"ez-toc-link ez-toc-heading-6\" href=\"https:\/\/www.rotaseguros.com.br\/planosdesaude\/autocuidado-em-2026\/#Um_novo_ano_de_saude_comeca_com_planejamento\" >Um novo ano de sa\u00fade come\u00e7a com planejamento!<\/a><\/li><\/ul><\/nav><\/div>\n\n<p data-start=\"641\" data-end=\"888\">Mais do que decis\u00f5es pontuais, o <span style=\"color: #808080;\"><a style=\"color: #808080;\" href=\"https:\/\/www.conexasaude.com.br\/blog\/saude-mental-e-a-importancia-do-autocuidado\/\" target=\"_blank\" rel=\"noopener\">autocuidado<\/a> <\/span>demanda const\u00e2ncia, acompanhamento profissional e acesso facilitado a servi\u00e7os de sa\u00fade. E, para isso, contar com um <strong data-start=\"803\" data-end=\"821\">plano de sa\u00fade<\/strong> adequado e com o suporte da <strong data-start=\"850\" data-end=\"866\">Rota Seguros<\/strong> faz toda a diferen\u00e7a.<\/p>\n<p data-start=\"641\" data-end=\"888\"><img loading=\"lazy\" decoding=\"async\" class=\"alignnone wp-image-34092 size-full\" title=\"Por que o autocuidado precisa ser prioridade em 2026?\" src=\"https:\/\/www.rotaseguros.com.br\/planosdesaude\/wp-content\/uploads\/2025\/12\/Por-que-o-autocuidado-precisa-ser-prioridade-em-2026.png\" alt=\"Por que o autocuidado precisa ser prioridade em 2026?\" width=\"800\" height=\"200\" srcset=\"https:\/\/www.rotaseguros.com.br\/planosdesaude\/wp-content\/uploads\/2025\/12\/Por-que-o-autocuidado-precisa-ser-prioridade-em-2026.png 800w, https:\/\/www.rotaseguros.com.br\/planosdesaude\/wp-content\/uploads\/2025\/12\/Por-que-o-autocuidado-precisa-ser-prioridade-em-2026-300x75.png 300w, https:\/\/www.rotaseguros.com.br\/planosdesaude\/wp-content\/uploads\/2025\/12\/Por-que-o-autocuidado-precisa-ser-prioridade-em-2026-768x192.png 768w\" sizes=\"auto, (max-width: 800px) 100vw, 800px\" \/><\/p>\n<h2><span class=\"ez-toc-section\" id=\"Por_que_o_autocuidado_precisa_ser_prioridade_em_2026\"><\/span>Por que o autocuidado precisa ser prioridade em 2026?<span class=\"ez-toc-section-end\"><\/span><\/h2>\n<p data-start=\"957\" data-end=\"1214\">Nos \u00faltimos anos, fatores como estresse prolongado, mudan\u00e7as no ambiente de trabalho, aumento de doen\u00e7as cr\u00f4nicas e o crescimento da telemedicina transformaram a maneira como as pessoas lidam com a pr\u00f3pria sa\u00fade. Esse movimento deve se intensificar em 2026.<\/p>\n<p data-start=\"1216\" data-end=\"1533\">A busca por bem-estar se ampliou, n\u00e3o apenas em termos de alimenta\u00e7\u00e3o ou exerc\u00edcios, mas tamb\u00e9m na aten\u00e7\u00e3o \u00e0 sa\u00fade mental, ao monitoramento cl\u00ednico e \u00e0 preven\u00e7\u00e3o. Ao planejar metas de autocuidado para o pr\u00f3ximo ano, voc\u00ea cria um caminho mais seguro, organizado e realista para lidar com demandas f\u00edsicas e emocionais.<\/p>\n<h2><span class=\"ez-toc-section\" id=\"Como_organizar_metas_de_saude_para_2026\"><\/span>Como organizar metas de sa\u00fade para 2026<span class=\"ez-toc-section-end\"><\/span><\/h2>\n<p data-start=\"1642\" data-end=\"1777\">Para transformar 2026 em um ano de equil\u00edbrio e const\u00e2ncia, vale seguir algumas orienta\u00e7\u00f5es pr\u00e1ticas na hora de definir metas de sa\u00fade:<\/p>\n<ul>\n<li><strong data-start=\"1782\" data-end=\"1808\">Comece com um check-up: <\/strong>entender seu ponto de partida permite criar metas mais acertadas. Com um bom <strong data-start=\"1891\" data-end=\"1909\">plano de sa\u00fade<\/strong>, voc\u00ea tem acesso facilitado a exames e especialistas.<\/li>\n<li><strong data-start=\"1968\" data-end=\"2000\">Estabele\u00e7a metas mensur\u00e1veis: <\/strong>objetivos vagos tendem a ser abandonados. Prefira metas claras, como horas de sono, quantidade de \u00e1gua ingerida e frequ\u00eancia de exerc\u00edcios.<\/li>\n<li><strong data-start=\"2150\" data-end=\"2189\">Inclua sa\u00fade mental no planejamento: <\/strong>terapia, pausas no dia, hobbies e atividades relaxantes precisam entrar no planejamento anual.<\/li>\n<li><strong data-start=\"2294\" data-end=\"2336\">Crie metas semanais, n\u00e3o apenas anuais: <\/strong>dividir grandes objetivos em a\u00e7\u00f5es menores aumenta a ader\u00eancia e evita sobrecarga.<\/li>\n<li><strong data-start=\"2429\" data-end=\"2452\">Aposte na preven\u00e7\u00e3o: <\/strong>consultas de rotina, vacinas e acompanhamento regular reduzem riscos e custos.<\/li>\n<li><strong data-start=\"2541\" data-end=\"2575\">Busque orienta\u00e7\u00e3o profissional: <\/strong>m\u00e9dicos, nutricionistas e educadores f\u00edsicos oferecem direcionamento seguro e personalizado.<\/li>\n<\/ul>\n<p><img loading=\"lazy\" decoding=\"async\" class=\"alignnone wp-image-34093 size-full\" title=\"O papel da sa\u00fade emocional no autocuidado\" src=\"https:\/\/www.rotaseguros.com.br\/planosdesaude\/wp-content\/uploads\/2025\/12\/O-papel-da-saude-emocional-no-autocuidado.png\" alt=\"O papel da sa\u00fade emocional no autocuidado\" width=\"800\" height=\"200\" srcset=\"https:\/\/www.rotaseguros.com.br\/planosdesaude\/wp-content\/uploads\/2025\/12\/O-papel-da-saude-emocional-no-autocuidado.png 800w, https:\/\/www.rotaseguros.com.br\/planosdesaude\/wp-content\/uploads\/2025\/12\/O-papel-da-saude-emocional-no-autocuidado-300x75.png 300w, https:\/\/www.rotaseguros.com.br\/planosdesaude\/wp-content\/uploads\/2025\/12\/O-papel-da-saude-emocional-no-autocuidado-768x192.png 768w\" sizes=\"auto, (max-width: 800px) 100vw, 800px\" \/><\/p>\n<h2><span class=\"ez-toc-section\" id=\"O_papel_da_saude_emocional_no_autocuidado\"><\/span>O papel da sa\u00fade emocional no autocuidado<span class=\"ez-toc-section-end\"><\/span><\/h2>\n<p data-start=\"2730\" data-end=\"2953\">O bem-estar emocional ser\u00e1 um dos grandes temas de 2026. A rotina acelerada, o excesso de informa\u00e7\u00f5es e a necessidade de conciliar m\u00faltiplas demandas tornam a sa\u00fade mental um componente indispens\u00e1vel no planejamento do ano.<\/p>\n<p data-start=\"2955\" data-end=\"3286\">Priorizar descanso, qualidade do sono, atividades prazerosas e acompanhamento psicol\u00f3gico fortalece n\u00e3o s\u00f3 o equil\u00edbrio emocional, mas tamb\u00e9m a capacidade de manter metas f\u00edsicas e comportamentais ao longo dos meses. O autocuidado emocional n\u00e3o substitui o acompanhamento cl\u00ednico, mas complementa e sustenta uma vida mais saud\u00e1vel.<\/p>\n<h2 data-start=\"3293\" data-end=\"3345\"><span class=\"ez-toc-section\" id=\"Prevencao_o_caminho_mais_eficiente_para_2026\"><\/span>Preven\u00e7\u00e3o: o caminho mais eficiente para 2026<span class=\"ez-toc-section-end\"><\/span><\/h2>\n<p data-start=\"3347\" data-end=\"3598\">Uma das formas mais seguras de manter a sa\u00fade em dia \u00e9 investir na preven\u00e7\u00e3o. Em vez de esperar sintomas aparecerem ou problemas se agravarem, o planejamento para 2026 deve incluir h\u00e1bitos preventivos que reduzam riscos e melhorem a qualidade de vida.<\/p>\n<p data-start=\"3600\" data-end=\"3909\">Isso passa por realizar consultas peri\u00f3dicas, acompanhar indicadores cl\u00ednicos, manter exames regulares e atualizar o calend\u00e1rio vacinal. A preven\u00e7\u00e3o se torna ainda mais eficiente quando existe o suporte de um <strong data-start=\"3809\" data-end=\"3827\">plano de sa\u00fade<\/strong> que ofere\u00e7a acesso f\u00e1cil a especialistas, laborat\u00f3rios e hospitais de refer\u00eancia.<\/p>\n<p data-start=\"3911\" data-end=\"4109\">Al\u00e9m de mais segura, a preven\u00e7\u00e3o \u00e9 financeiramente vantajosa. Problemas detectados precocemente tendem a ter tratamentos mais simples e menos custosos, garantindo mais tranquilidade ao longo do ano.<\/p>\n<p data-start=\"3911\" data-end=\"4109\"><img loading=\"lazy\" decoding=\"async\" class=\"alignnone wp-image-34094 size-full\" title=\"Preven\u00e7\u00e3o: o caminho mais eficiente para 2026\" src=\"https:\/\/www.rotaseguros.com.br\/planosdesaude\/wp-content\/uploads\/2025\/12\/Prevencao_-o-caminho-mais-eficiente-para-2026.png\" alt=\"Preven\u00e7\u00e3o: o caminho mais eficiente para 2026\" width=\"800\" height=\"200\" srcset=\"https:\/\/www.rotaseguros.com.br\/planosdesaude\/wp-content\/uploads\/2025\/12\/Prevencao_-o-caminho-mais-eficiente-para-2026.png 800w, https:\/\/www.rotaseguros.com.br\/planosdesaude\/wp-content\/uploads\/2025\/12\/Prevencao_-o-caminho-mais-eficiente-para-2026-300x75.png 300w, https:\/\/www.rotaseguros.com.br\/planosdesaude\/wp-content\/uploads\/2025\/12\/Prevencao_-o-caminho-mais-eficiente-para-2026-768x192.png 768w\" sizes=\"auto, (max-width: 800px) 100vw, 800px\" \/><\/p>\n<h2 data-start=\"4116\" data-end=\"4193\"><span class=\"ez-toc-section\" id=\"Por_que_a_Rota_Seguros_e_sua_aliada_no_planejamento_de_saude_para_2026\"><\/span>Por que a Rota Seguros \u00e9 sua aliada no planejamento de sa\u00fade para 2026<span class=\"ez-toc-section-end\"><\/span><\/h2>\n<p data-start=\"4195\" data-end=\"4484\">Organizar metas de autocuidado \u00e9 importante, mas ter estrutura para execut\u00e1-las \u00e9 essencial. A <strong data-start=\"4290\" data-end=\"4306\">Rota Seguros<\/strong> atua justamente nesse ponto: ajudar voc\u00ea a encontrar o <strong data-start=\"4362\" data-end=\"4380\">plano de sa\u00fade<\/strong> que oferece a rede, a cobertura e os benef\u00edcios que melhor combinam com sua rotina e suas necessidades.<\/p>\n<p data-start=\"4486\" data-end=\"4508\">Com a Rota, voc\u00ea pode:<\/p>\n<ul>\n<li>Comparar operadoras e redes credenciadas;<\/li>\n<li>Entender com clareza car\u00eancias, coberturas e valores;<\/li>\n<li>Acessar planos que priorizam preven\u00e7\u00e3o e check-ups;<\/li>\n<li>Ter suporte especializado para esclarecer d\u00favidas antes, durante e depois da contrata\u00e7\u00e3o;<\/li>\n<li>Garantir tranquilidade e seguran\u00e7a para cumprir suas metas ao longo do ano.<\/li>\n<\/ul>\n<p data-start=\"4843\" data-end=\"5008\">Em 2026, o autocuidado depende tanto de disciplina quanto de estrutura. E a Rota Seguros est\u00e1 ao seu lado para tornar esse processo mais simples, seguro e eficiente.<\/p>\n<p data-start=\"4843\" data-end=\"5008\"><img loading=\"lazy\" decoding=\"async\" class=\"alignnone wp-image-34095 size-full\" title=\"Um novo ano de sa\u00fade come\u00e7a com planejamento!\" src=\"https:\/\/www.rotaseguros.com.br\/planosdesaude\/wp-content\/uploads\/2025\/12\/Um-novo-ano-de-saude-comeca-com-planejamento.png\" alt=\"Um novo ano de sa\u00fade come\u00e7a com planejamento!\" width=\"800\" height=\"200\" srcset=\"https:\/\/www.rotaseguros.com.br\/planosdesaude\/wp-content\/uploads\/2025\/12\/Um-novo-ano-de-saude-comeca-com-planejamento.png 800w, https:\/\/www.rotaseguros.com.br\/planosdesaude\/wp-content\/uploads\/2025\/12\/Um-novo-ano-de-saude-comeca-com-planejamento-300x75.png 300w, https:\/\/www.rotaseguros.com.br\/planosdesaude\/wp-content\/uploads\/2025\/12\/Um-novo-ano-de-saude-comeca-com-planejamento-768x192.png 768w\" sizes=\"auto, (max-width: 800px) 100vw, 800px\" \/><\/p>\n<h2 data-start=\"5015\" data-end=\"5066\"><span class=\"ez-toc-section\" id=\"Um_novo_ano_de_saude_comeca_com_planejamento\"><\/span>Um novo ano de sa\u00fade come\u00e7a com planejamento!<span class=\"ez-toc-section-end\"><\/span><\/h2>\n<p data-start=\"5068\" data-end=\"5358\">Colocar o autocuidado no centro das decis\u00f5es para 2026 significa assumir o compromisso de viver com mais qualidade, equil\u00edbrio e preven\u00e7\u00e3o. Metas bem estruturadas, const\u00e2ncia emocional e acesso a um bom <strong data-start=\"5271\" data-end=\"5289\">plano de sa\u00fade<\/strong> garantem que o ano seja constru\u00eddo com responsabilidade e bem-estar.<\/p>\n<p data-start=\"5360\" data-end=\"5495\">Quer continuar esse planejamento? Aproveite e confira tamb\u00e9m o nosso conte\u00fado sobre <strong><a href=\"https:\/\/www.rotaseguros.com.br\/planosdesaude\/vitamina-d-que-e-essencial\/\">vitamina D e sua import\u00e2ncia para a sa\u00fade!<\/a><\/strong><\/p>\n","protected":false},"excerpt":{"rendered":"<p><span class=\"span-reading-time rt-reading-time\" style=\"display: block;\"><span class=\"rt-label rt-prefix\">Reading Time: <\/span> <span class=\"rt-time\"> 4<\/span> <span class=\"rt-label rt-postfix\">minutes<\/span><\/span>O in\u00edcio de um novo ciclo sempre traz a sensa\u00e7\u00e3o de recome\u00e7o, e 2026 chega com uma oportunidade importante: colocar o autocuidado no centro das prioridades. Em um cen\u00e1rio em &#8230;<\/p>\n","protected":false},"author":37,"featured_media":34089,"comment_status":"open","ping_status":"open","sticky":false,"template":"","format":"standard","meta":{"_monsterinsights_skip_tracking":false,"_monsterinsights_sitenote_active":false,"_monsterinsights_sitenote_note":"","_monsterinsights_sitenote_category":0,"footnotes":"","_links_to":"","_links_to_target":""},"categories":[1,33,1005],"tags":[4154,686,4153,3609,132,1343,48,1127],"class_list":["post-33895","post","type-post","status-publish","format-standard","has-post-thumbnail","hentry","category-sem-categoria","category-rota-seguros","category-saude","tag-autocuidado-2026","tag-bem-estar","tag-metas-de-saude-2026","tag-planejamento-de-saude","tag-plano-de-saude","tag-prevencao","tag-rota-seguros-2","tag-saude"],"_links":{"self":[{"href":"https:\/\/www.rotaseguros.com.br\/planosdesaude\/wp-json\/wp\/v2\/posts\/33895","targetHints":{"allow":["GET"]}}],"collection":[{"href":"https:\/\/www.rotaseguros.com.br\/planosdesaude\/wp-json\/wp\/v2\/posts"}],"about":[{"href":"https:\/\/www.rotaseguros.com.br\/planosdesaude\/wp-json\/wp\/v2\/types\/post"}],"author":[{"embeddable":true,"href":"https:\/\/www.rotaseguros.com.br\/planosdesaude\/wp-json\/wp\/v2\/users\/37"}],"replies":[{"embeddable":true,"href":"https:\/\/www.rotaseguros.com.br\/planosdesaude\/wp-json\/wp\/v2\/comments?post=33895"}],"version-history":[{"count":6,"href":"https:\/\/www.rotaseguros.com.br\/planosdesaude\/wp-json\/wp\/v2\/posts\/33895\/revisions"}],"predecessor-version":[{"id":34104,"href":"https:\/\/www.rotaseguros.com.br\/planosdesaude\/wp-json\/wp\/v2\/posts\/33895\/revisions\/34104"}],"wp:featuredmedia":[{"embeddable":true,"href":"https:\/\/www.rotaseguros.com.br\/planosdesaude\/wp-json\/wp\/v2\/media\/34089"}],"wp:attachment":[{"href":"https:\/\/www.rotaseguros.com.br\/planosdesaude\/wp-json\/wp\/v2\/media?parent=33895"}],"wp:term":[{"taxonomy":"category","embeddable":true,"href":"https:\/\/www.rotaseguros.com.br\/planosdesaude\/wp-json\/wp\/v2\/categories?post=33895"},{"taxonomy":"post_tag","embeddable":true,"href":"https:\/\/www.rotaseguros.com.br\/planosdesaude\/wp-json\/wp\/v2\/tags?post=33895"}],"curies":[{"name":"wp","href":"https:\/\/api.w.org\/{rel}","templated":true}]}}