{"id":33909,"date":"2025-12-11T11:52:30","date_gmt":"2025-12-11T14:52:30","guid":{"rendered":"https:\/\/www.rotaseguros.com.br\/planosdesaude\/?p=33909"},"modified":"2025-12-11T11:52:30","modified_gmt":"2025-12-11T14:52:30","slug":"vitamina-d-que-e-essencial","status":"publish","type":"post","link":"https:\/\/www.rotaseguros.com.br\/planosdesaude\/vitamina-d-que-e-essencial\/","title":{"rendered":"Vitamina D: por que ela \u00e9 essencial e como manter n\u00edveis saud\u00e1veis?"},"content":{"rendered":"<span class=\"span-reading-time rt-reading-time\" style=\"display: block;\"><span class=\"rt-label rt-prefix\">Reading Time: <\/span> <span class=\"rt-time\"> 4<\/span> <span class=\"rt-label rt-postfix\">minutes<\/span><\/span><p data-start=\"403\" data-end=\"789\">A <strong data-start=\"405\" data-end=\"419\">vitamina D<\/strong> tem ganhado destaque nos \u00faltimos anos por seu papel fundamental no equil\u00edbrio do organismo. Embora seja conhecida como \u201cvitamina do sol\u201d, sua import\u00e2ncia vai muito al\u00e9m da s\u00edntese cut\u00e2nea. Ela participa de processos estruturais, metab\u00f3licos e imunol\u00f3gicos, influenciando desde a sa\u00fade dos ossos at\u00e9 o funcionamento adequado do sistema cardiovascular e do sistema imune.<\/p><div id=\"ez-toc-container\" class=\"ez-toc-v2_0_82_2 counter-flat ez-toc-counter ez-toc-grey ez-toc-container-direction\">\n<div class=\"ez-toc-title-container\">\n<p class=\"ez-toc-title\" style=\"cursor:inherit\">Aqui voc\u00ea encontra:<\/p>\n<span class=\"ez-toc-title-toggle\"><a href=\"#\" class=\"ez-toc-pull-right ez-toc-btn ez-toc-btn-xs ez-toc-btn-default ez-toc-toggle\" aria-label=\"Alternar tabela de conte\u00fado\"><span class=\"ez-toc-js-icon-con\"><span class=\"\"><span class=\"eztoc-hide\" style=\"display:none;\">Toggle<\/span><span class=\"ez-toc-icon-toggle-span\"><svg style=\"fill: #999;color:#999\" xmlns=\"http:\/\/www.w3.org\/2000\/svg\" class=\"list-377408\" width=\"20px\" height=\"20px\" viewBox=\"0 0 24 24\" fill=\"none\"><path d=\"M6 6H4v2h2V6zm14 0H8v2h12V6zM4 11h2v2H4v-2zm16 0H8v2h12v-2zM4 16h2v2H4v-2zm16 0H8v2h12v-2z\" fill=\"currentColor\"><\/path><\/svg><svg style=\"fill: #999;color:#999\" class=\"arrow-unsorted-368013\" xmlns=\"http:\/\/www.w3.org\/2000\/svg\" width=\"10px\" height=\"10px\" viewBox=\"0 0 24 24\" version=\"1.2\" baseProfile=\"tiny\"><path d=\"M18.2 9.3l-6.2-6.3-6.2 6.3c-.2.2-.3.4-.3.7s.1.5.3.7c.2.2.4.3.7.3h11c.3 0 .5-.1.7-.3.2-.2.3-.5.3-.7s-.1-.5-.3-.7zM5.8 14.7l6.2 6.3 6.2-6.3c.2-.2.3-.5.3-.7s-.1-.5-.3-.7c-.2-.2-.4-.3-.7-.3h-11c-.3 0-.5.1-.7.3-.2.2-.3.5-.3.7s.1.5.3.7z\"\/><\/svg><\/span><\/span><\/span><\/a><\/span><\/div>\n<nav><ul class='ez-toc-list ez-toc-list-level-1 ' ><li class='ez-toc-page-1'><a class=\"ez-toc-link ez-toc-heading-1\" href=\"https:\/\/www.rotaseguros.com.br\/planosdesaude\/vitamina-d-que-e-essencial\/#O_que_e_a_vitamina_D_e_por_que_ela_e_tao_importante\" >O que \u00e9 a vitamina D e por que ela \u00e9 t\u00e3o importante?<\/a><\/li><li class='ez-toc-page-1'><a class=\"ez-toc-link ez-toc-heading-2\" href=\"https:\/\/www.rotaseguros.com.br\/planosdesaude\/vitamina-d-que-e-essencial\/#Como_o_corpo_obtem_vitamina_D\" >Como o corpo obt\u00e9m vitamina D?<\/a><\/li><li class='ez-toc-page-1'><a class=\"ez-toc-link ez-toc-heading-3\" href=\"https:\/\/www.rotaseguros.com.br\/planosdesaude\/vitamina-d-que-e-essencial\/#Deficiencia_de_vitamina_D_sinais_que_merecem_atencao\" >Defici\u00eancia de vitamina D: sinais que merecem aten\u00e7\u00e3o<\/a><\/li><li class='ez-toc-page-1'><a class=\"ez-toc-link ez-toc-heading-4\" href=\"https:\/\/www.rotaseguros.com.br\/planosdesaude\/vitamina-d-que-e-essencial\/#Como_manter_niveis_saudaveis_de_vitamina_D\" >Como manter n\u00edveis saud\u00e1veis de vitamina D?<\/a><\/li><li class='ez-toc-page-1'><a class=\"ez-toc-link ez-toc-heading-5\" href=\"https:\/\/www.rotaseguros.com.br\/planosdesaude\/vitamina-d-que-e-essencial\/#Impactos_da_vitamina_D_na_saude_do_organismo\" >Impactos da vitamina D na sa\u00fade do organismo<\/a><\/li><li class='ez-toc-page-1'><a class=\"ez-toc-link ez-toc-heading-6\" href=\"https:\/\/www.rotaseguros.com.br\/planosdesaude\/vitamina-d-que-e-essencial\/#Quem_tem_maior_risco_de_deficiencia\" >Quem tem maior risco de defici\u00eancia?<\/a><\/li><li class='ez-toc-page-1'><a class=\"ez-toc-link ez-toc-heading-7\" href=\"https:\/\/www.rotaseguros.com.br\/planosdesaude\/vitamina-d-que-e-essencial\/#Vitamina_D_e_saude_preventiva_cuidando_hoje_do_seu_amanha\" >Vitamina D e sa\u00fade preventiva: cuidando hoje do seu amanh\u00e3<\/a><\/li><\/ul><\/nav><\/div>\n\n<p data-start=\"791\" data-end=\"1173\">A defici\u00eancia de vitamina D \u00e9 cada vez mais comum, especialmente entre pessoas que passam longos per\u00edodos em ambientes fechados, usam muita prote\u00e7\u00e3o solar, vivem em cidades com polui\u00e7\u00e3o intensa ou possuem doen\u00e7as cr\u00f4nicas. Por isso, compreender seus efeitos, reconhecer os sinais de alerta e saber como manter n\u00edveis adequados \u00e9 essencial para preservar a <strong data-start=\"1147\" data-end=\"1156\">sa\u00fade<\/strong> ao longo do ano.<\/p>\n<h2 data-start=\"1180\" data-end=\"1239\"><span class=\"ez-toc-section\" id=\"O_que_e_a_vitamina_D_e_por_que_ela_e_tao_importante\"><\/span>O que \u00e9 a vitamina D e por que ela \u00e9 t\u00e3o importante?<span class=\"ez-toc-section-end\"><\/span><\/h2>\n<p data-start=\"1241\" data-end=\"1593\">A vitamina D funciona como um <strong>horm\u00f4nio regulador<\/strong>. Ela participa do metabolismo do<strong> c\u00e1lcio, fortalece ossos e dentes, influencia o humor e atua diretamente no sistema imunol\u00f3gico.<\/strong> Sem n\u00edveis adequados, o corpo perde efici\u00eancia em processos b\u00e1sicos: absorver nutrientes, manter m\u00fasculos fortes, regular inflama\u00e7\u00f5es e proteger o organismo contra infec\u00e7\u00f5es.<\/p>\n<p data-start=\"1595\" data-end=\"1863\">Al\u00e9m disso, estudos v\u00eam associando a defici\u00eancia de <strong data-start=\"1647\" data-end=\"1661\">vitamina D<\/strong> ao aumento do risco de doen\u00e7as cardiovasculares, osteoporose, depress\u00e3o e condi\u00e7\u00f5es autoimunes. Embora ainda haja pesquisas em andamento, h\u00e1 consenso sobre sua import\u00e2ncia no equil\u00edbrio geral da sa\u00fade.<\/p>\n<p data-start=\"1595\" data-end=\"1863\"><img loading=\"lazy\" decoding=\"async\" class=\"alignnone wp-image-33911 size-full\" title=\"Impactos da vitamina D na sa\u00fade do organismo\" src=\"https:\/\/www.rotaseguros.com.br\/planosdesaude\/wp-content\/uploads\/2025\/11\/Impactos-da-vitamina-D-na-saude-do-organismo.png\" alt=\"Impactos da vitamina D na sa\u00fade do organismo\" width=\"800\" height=\"200\" srcset=\"https:\/\/www.rotaseguros.com.br\/planosdesaude\/wp-content\/uploads\/2025\/11\/Impactos-da-vitamina-D-na-saude-do-organismo.png 800w, https:\/\/www.rotaseguros.com.br\/planosdesaude\/wp-content\/uploads\/2025\/11\/Impactos-da-vitamina-D-na-saude-do-organismo-300x75.png 300w, https:\/\/www.rotaseguros.com.br\/planosdesaude\/wp-content\/uploads\/2025\/11\/Impactos-da-vitamina-D-na-saude-do-organismo-768x192.png 768w\" sizes=\"auto, (max-width: 800px) 100vw, 800px\" \/><\/p>\n<h2 data-start=\"1870\" data-end=\"1907\"><span class=\"ez-toc-section\" id=\"Como_o_corpo_obtem_vitamina_D\"><\/span>Como o corpo obt\u00e9m vitamina D?<span class=\"ez-toc-section-end\"><\/span><\/h2>\n<p data-start=\"1909\" data-end=\"2167\">Diferente de outras vitaminas, a vitamina D n\u00e3o \u00e9 obtida predominantemente pela alimenta\u00e7\u00e3o.<strong> Aproximadamente 80% a 90% dela \u00e9 produzida pela pele<\/strong> ap\u00f3s a exposi\u00e7\u00e3o solar, enquanto o restante vem de fontes alimentares como peixes gordurosos, ovos e latic\u00ednios.<\/p>\n<p data-start=\"2169\" data-end=\"2433\">A defici\u00eancia pode surgir quando n\u00e3o h\u00e1 exposi\u00e7\u00e3o suficiente ao sol, quando a absor\u00e7\u00e3o est\u00e1 comprometida ou quando o organismo apresenta maior necessidade metab\u00f3lica, como ocorre em idosos, gestantes, pessoas com pele mais escura e indiv\u00edduos com doen\u00e7as cr\u00f4nicas.<\/p>\n<h2 data-start=\"2440\" data-end=\"2500\"><span class=\"ez-toc-section\" id=\"Deficiencia_de_vitamina_D_sinais_que_merecem_atencao\"><\/span>Defici\u00eancia de vitamina D: sinais que merecem aten\u00e7\u00e3o<span class=\"ez-toc-section-end\"><\/span><\/h2>\n<p data-start=\"2502\" data-end=\"2865\">A baixa de vitamina D pode ser silenciosa, surgindo gradualmente. Muitas pessoas sentem apenas fadiga leve ou dores musculares, enquanto outras apresentam sintomas mais marcantes, como queda na imunidade, dores \u00f3sseas ou fraqueza muscular. Como esses sinais podem ser confundidos com outras condi\u00e7\u00f5es, exames peri\u00f3dicos s\u00e3o essenciais para identificar o problema.<\/p>\n<p data-start=\"2867\" data-end=\"3022\">A dosagem sangu\u00ednea permite avaliar se os n\u00edveis est\u00e3o adequados, insuficientes ou cr\u00edticos, indicando a necessidade de ajustes na rotina ou suplementa\u00e7\u00e3o.<\/p>\n<p data-start=\"2867\" data-end=\"3022\"><img loading=\"lazy\" decoding=\"async\" class=\"alignnone wp-image-33912 size-full\" title=\"O que \u00e9 a vitamina D e por que ela \u00e9 t\u00e3o importante?\" src=\"https:\/\/www.rotaseguros.com.br\/planosdesaude\/wp-content\/uploads\/2025\/11\/O-que-e-a-vitamina-D-e-por-que-ela-e-tao-importante.png\" alt=\"O que \u00e9 a vitamina D e por que ela \u00e9 t\u00e3o importante?\" width=\"800\" height=\"200\" srcset=\"https:\/\/www.rotaseguros.com.br\/planosdesaude\/wp-content\/uploads\/2025\/11\/O-que-e-a-vitamina-D-e-por-que-ela-e-tao-importante.png 800w, https:\/\/www.rotaseguros.com.br\/planosdesaude\/wp-content\/uploads\/2025\/11\/O-que-e-a-vitamina-D-e-por-que-ela-e-tao-importante-300x75.png 300w, https:\/\/www.rotaseguros.com.br\/planosdesaude\/wp-content\/uploads\/2025\/11\/O-que-e-a-vitamina-D-e-por-que-ela-e-tao-importante-768x192.png 768w\" sizes=\"auto, (max-width: 800px) 100vw, 800px\" \/><\/p>\n<h2 data-start=\"3029\" data-end=\"3081\"><span class=\"ez-toc-section\" id=\"Como_manter_niveis_saudaveis_de_vitamina_D\"><\/span>Como manter n\u00edveis saud\u00e1veis de vitamina D?<span class=\"ez-toc-section-end\"><\/span><\/h2>\n<ul>\n<li data-start=\"3150\" data-end=\"3306\"><strong data-start=\"3150\" data-end=\"3177\">Exposi\u00e7\u00e3o solar regular: <\/strong>cerca de 10 a 20 minutos de sol por dia, preferencialmente antes das 10h ou ap\u00f3s as 16h, auxilia na produ\u00e7\u00e3o de vitamina D.<\/li>\n<li data-start=\"3311\" data-end=\"3427\"><strong data-start=\"3311\" data-end=\"3338\">Alimenta\u00e7\u00e3o equilibrada: <\/strong>inclua peixes como salm\u00e3o e sardinha, ovos e latic\u00ednios enriquecidos em vitamina D.<\/li>\n<li data-start=\"3432\" data-end=\"3541\"><strong data-start=\"3432\" data-end=\"3452\">Atividade f\u00edsica: <\/strong>exerc\u00edcios estimulam o metabolismo e auxiliam o corpo a utilizar melhor a vitamina.<\/li>\n<li data-start=\"3546\" data-end=\"3700\"><strong data-start=\"3546\" data-end=\"3578\">Controle de doen\u00e7as cr\u00f4nicas: <\/strong>diabetes, obesidade e <span style=\"color: #808080;\"><a style=\"color: #808080;\" href=\"https:\/\/www.gov.br\/saude\/pt-br\/assuntos\/saude-de-a-a-z\/d\/drc\" target=\"_blank\" rel=\"noopener\">doen\u00e7as renais <\/a><\/span>podem comprometer a metaboliza\u00e7\u00e3o da vitamina, exigindo acompanhamento regular.<\/li>\n<li data-start=\"3705\" data-end=\"3832\"><strong data-start=\"3705\" data-end=\"3732\">Suplementa\u00e7\u00e3o orientada: <\/strong>deve ser feita somente com prescri\u00e7\u00e3o m\u00e9dica, de acordo com exames e necessidades individuais.<\/li>\n<\/ul>\n<h2 data-start=\"3839\" data-end=\"3890\"><span class=\"ez-toc-section\" id=\"Impactos_da_vitamina_D_na_saude_do_organismo\"><\/span>Impactos da vitamina D na sa\u00fade do organismo<span class=\"ez-toc-section-end\"><\/span><\/h2>\n<p data-start=\"3892\" data-end=\"4232\">N\u00edveis adequados de vitamina D fortalecem ossos e m\u00fasculos, reduzem o risco de quedas em idosos, contribuem para o bom funcionamento do sistema imunol\u00f3gico e podem auxiliar no equil\u00edbrio emocional. A sa\u00fade card\u00edaca tamb\u00e9m \u00e9 beneficiada, j\u00e1 que a vitamina participa de processos que controlam inflama\u00e7\u00f5es e mant\u00eam a press\u00e3o arterial est\u00e1vel.<\/p>\n<p data-start=\"4234\" data-end=\"4494\">Por outro lado, n\u00edveis baixos aumentam o risco de infec\u00e7\u00f5es respirat\u00f3rias, cansa\u00e7o excessivo, fraqueza muscular, altera\u00e7\u00f5es de humor e perda \u00f3ssea ao longo dos anos. A preven\u00e7\u00e3o \u00e9 sempre mais simples \u2014 e mais segura \u2014 do que o tratamento de doen\u00e7as instaladas.<\/p>\n<h2 data-start=\"4501\" data-end=\"4544\"><span class=\"ez-toc-section\" id=\"Quem_tem_maior_risco_de_deficiencia\"><\/span>Quem tem maior risco de defici\u00eancia?<span class=\"ez-toc-section-end\"><\/span><\/h2>\n<p data-start=\"4546\" data-end=\"4835\">Pessoas que passam pouco tempo ao sol, idosos, indiv\u00edduos com pele mais escura, pessoas com obesidade, pacientes com doen\u00e7as renais e indiv\u00edduos que utilizam determinados medicamentos est\u00e3o mais expostos \u00e0 defici\u00eancia. Em todos esses casos, o acompanhamento m\u00e9dico deve ser mais frequente.<\/p>\n<p data-start=\"4837\" data-end=\"4986\">Al\u00e9m disso, gestantes e crian\u00e7as precisam de aten\u00e7\u00e3o especial, j\u00e1 que a vitamina D influencia o desenvolvimento \u00f3sseo e imunol\u00f3gico desde a inf\u00e2ncia.<\/p>\n<p data-start=\"4837\" data-end=\"4986\"><img loading=\"lazy\" decoding=\"async\" class=\"alignnone wp-image-33913 size-full\" title=\"Vitamina D e sa\u00fade preventiva cuidando hoje do seu amanh\u00e3\" src=\"https:\/\/www.rotaseguros.com.br\/planosdesaude\/wp-content\/uploads\/2025\/11\/Vitamina-D-e-saude-preventiva-cuidando-hoje-do-seu-amanha.png\" alt=\"Vitamina D e sa\u00fade preventiva cuidando hoje do seu amanh\u00e3\" width=\"800\" height=\"200\" srcset=\"https:\/\/www.rotaseguros.com.br\/planosdesaude\/wp-content\/uploads\/2025\/11\/Vitamina-D-e-saude-preventiva-cuidando-hoje-do-seu-amanha.png 800w, https:\/\/www.rotaseguros.com.br\/planosdesaude\/wp-content\/uploads\/2025\/11\/Vitamina-D-e-saude-preventiva-cuidando-hoje-do-seu-amanha-300x75.png 300w, https:\/\/www.rotaseguros.com.br\/planosdesaude\/wp-content\/uploads\/2025\/11\/Vitamina-D-e-saude-preventiva-cuidando-hoje-do-seu-amanha-768x192.png 768w\" sizes=\"auto, (max-width: 800px) 100vw, 800px\" \/><\/p>\n<h2 data-start=\"4993\" data-end=\"5058\"><span class=\"ez-toc-section\" id=\"Vitamina_D_e_saude_preventiva_cuidando_hoje_do_seu_amanha\"><\/span>Vitamina D e sa\u00fade preventiva: cuidando hoje do seu amanh\u00e3<span class=\"ez-toc-section-end\"><\/span><\/h2>\n<p data-start=\"5060\" data-end=\"5327\">A manuten\u00e7\u00e3o de n\u00edveis ideais de vitamina D n\u00e3o \u00e9 apenas uma quest\u00e3o pontual. Ela representa um cuidado cont\u00ednuo, que reflete diretamente na sa\u00fade a longo prazo. Consultas regulares e exames ajudam a monitorar o organismo, corrigir defici\u00eancias e evitar complica\u00e7\u00f5es.<\/p>\n<p data-start=\"5329\" data-end=\"5616\">E, quando se fala em acompanhamento constante, contar com um bom <strong data-start=\"5394\" data-end=\"5412\">plano de sa\u00fade<\/strong> faz toda a diferen\u00e7a. A <a href=\"http:\/\/www.rotaseguros.com.br\/unidades\"><strong data-start=\"5437\" data-end=\"5453\">Rota Seguros<\/strong> <\/a>ajuda voc\u00ea a encontrar op\u00e7\u00f5es que oferecem suporte completo para exames, consultas e cuidados especializados, garantindo preven\u00e7\u00e3o e bem-estar durante todo o ano.<\/p>\n<p data-start=\"5618\" data-end=\"5688\">Leia tamb\u00e9m nosso blog de<strong> <a href=\"https:\/\/www.rotaseguros.com.br\/planosdesaude\/saude-no-trabalho\/\">dicas para cuidar da sa\u00fade no trabalho!<\/a><\/strong><\/p>\n","protected":false},"excerpt":{"rendered":"<p><span class=\"span-reading-time rt-reading-time\" style=\"display: block;\"><span class=\"rt-label rt-prefix\">Reading Time: <\/span> <span class=\"rt-time\"> 4<\/span> <span class=\"rt-label rt-postfix\">minutes<\/span><\/span>A vitamina D tem ganhado destaque nos \u00faltimos anos por seu papel fundamental no equil\u00edbrio do organismo. Embora seja conhecida como \u201cvitamina do sol\u201d, sua import\u00e2ncia vai muito al\u00e9m da &#8230;<\/p>\n","protected":false},"author":37,"featured_media":33910,"comment_status":"open","ping_status":"open","sticky":false,"template":"","format":"standard","meta":{"_monsterinsights_skip_tracking":false,"_monsterinsights_sitenote_active":false,"_monsterinsights_sitenote_note":"","_monsterinsights_sitenote_category":0,"footnotes":"","_links_to":"","_links_to_target":""},"categories":[33,1005],"tags":[1318,686,2061,3111,2678,4158,1343,3562,1079],"class_list":["post-33909","post","type-post","status-publish","format-standard","has-post-thumbnail","hentry","category-rota-seguros","category-saude","tag-autocuidado","tag-bem-estar","tag-beneficios","tag-blog-rota-seguros","tag-contratar-plano-de-saude","tag-deficiencia-de-vitamina-d","tag-prevencao","tag-prevencao-em-saude","tag-vitamina-d"],"_links":{"self":[{"href":"https:\/\/www.rotaseguros.com.br\/planosdesaude\/wp-json\/wp\/v2\/posts\/33909","targetHints":{"allow":["GET"]}}],"collection":[{"href":"https:\/\/www.rotaseguros.com.br\/planosdesaude\/wp-json\/wp\/v2\/posts"}],"about":[{"href":"https:\/\/www.rotaseguros.com.br\/planosdesaude\/wp-json\/wp\/v2\/types\/post"}],"author":[{"embeddable":true,"href":"https:\/\/www.rotaseguros.com.br\/planosdesaude\/wp-json\/wp\/v2\/users\/37"}],"replies":[{"embeddable":true,"href":"https:\/\/www.rotaseguros.com.br\/planosdesaude\/wp-json\/wp\/v2\/comments?post=33909"}],"version-history":[{"count":2,"href":"https:\/\/www.rotaseguros.com.br\/planosdesaude\/wp-json\/wp\/v2\/posts\/33909\/revisions"}],"predecessor-version":[{"id":33922,"href":"https:\/\/www.rotaseguros.com.br\/planosdesaude\/wp-json\/wp\/v2\/posts\/33909\/revisions\/33922"}],"wp:featuredmedia":[{"embeddable":true,"href":"https:\/\/www.rotaseguros.com.br\/planosdesaude\/wp-json\/wp\/v2\/media\/33910"}],"wp:attachment":[{"href":"https:\/\/www.rotaseguros.com.br\/planosdesaude\/wp-json\/wp\/v2\/media?parent=33909"}],"wp:term":[{"taxonomy":"category","embeddable":true,"href":"https:\/\/www.rotaseguros.com.br\/planosdesaude\/wp-json\/wp\/v2\/categories?post=33909"},{"taxonomy":"post_tag","embeddable":true,"href":"https:\/\/www.rotaseguros.com.br\/planosdesaude\/wp-json\/wp\/v2\/tags?post=33909"}],"curies":[{"name":"wp","href":"https:\/\/api.w.org\/{rel}","templated":true}]}}