{"id":33974,"date":"2025-12-21T08:00:34","date_gmt":"2025-12-21T11:00:34","guid":{"rendered":"https:\/\/www.rotaseguros.com.br\/planosdesaude\/?p=33974"},"modified":"2025-12-19T16:13:04","modified_gmt":"2025-12-19T19:13:04","slug":"verao-dezembro-laranja","status":"publish","type":"post","link":"https:\/\/www.rotaseguros.com.br\/planosdesaude\/verao-dezembro-laranja\/","title":{"rendered":"Ver\u00e3o: como proteger sua sa\u00fade no Dezembro Laranja, confira 6 dicas"},"content":{"rendered":"<span class=\"span-reading-time rt-reading-time\" style=\"display: block;\"><span class=\"rt-label rt-prefix\">Reading Time: <\/span> <span class=\"rt-time\"> 4<\/span> <span class=\"rt-label rt-postfix\">minutes<\/span><\/span><p data-start=\"446\" data-end=\"817\">O ver\u00e3o \u00e9 sin\u00f4nimo de sol forte, dias longos e maior disposi\u00e7\u00e3o para atividades ao ar livre. Por\u00e9m, junto com a divers\u00e3o, a temporada traz tamb\u00e9m riscos que exigem aten\u00e7\u00e3o \u2014 especialmente para a <strong data-start=\"641\" data-end=\"658\">sa\u00fade da pele<\/strong>. \u00c9 nesse contexto que surge o <strong data-start=\"689\" data-end=\"709\">Dezembro Laranja<\/strong>, campanha nacional de conscientiza\u00e7\u00e3o sobre a preven\u00e7\u00e3o do c\u00e2ncer de pele, o tipo mais frequente no Brasil.<\/p><div id=\"ez-toc-container\" class=\"ez-toc-v2_0_82_2 counter-flat ez-toc-counter ez-toc-grey ez-toc-container-direction\">\n<div class=\"ez-toc-title-container\">\n<p class=\"ez-toc-title\" style=\"cursor:inherit\">Aqui voc\u00ea encontra:<\/p>\n<span class=\"ez-toc-title-toggle\"><a href=\"#\" class=\"ez-toc-pull-right ez-toc-btn ez-toc-btn-xs ez-toc-btn-default ez-toc-toggle\" aria-label=\"Alternar tabela de conte\u00fado\"><span class=\"ez-toc-js-icon-con\"><span class=\"\"><span class=\"eztoc-hide\" style=\"display:none;\">Toggle<\/span><span class=\"ez-toc-icon-toggle-span\"><svg style=\"fill: #999;color:#999\" xmlns=\"http:\/\/www.w3.org\/2000\/svg\" class=\"list-377408\" width=\"20px\" height=\"20px\" viewBox=\"0 0 24 24\" fill=\"none\"><path d=\"M6 6H4v2h2V6zm14 0H8v2h12V6zM4 11h2v2H4v-2zm16 0H8v2h12v-2zM4 16h2v2H4v-2zm16 0H8v2h12v-2z\" fill=\"currentColor\"><\/path><\/svg><svg style=\"fill: #999;color:#999\" class=\"arrow-unsorted-368013\" xmlns=\"http:\/\/www.w3.org\/2000\/svg\" width=\"10px\" height=\"10px\" viewBox=\"0 0 24 24\" version=\"1.2\" baseProfile=\"tiny\"><path d=\"M18.2 9.3l-6.2-6.3-6.2 6.3c-.2.2-.3.4-.3.7s.1.5.3.7c.2.2.4.3.7.3h11c.3 0 .5-.1.7-.3.2-.2.3-.5.3-.7s-.1-.5-.3-.7zM5.8 14.7l6.2 6.3 6.2-6.3c.2-.2.3-.5.3-.7s-.1-.5-.3-.7c-.2-.2-.4-.3-.7-.3h-11c-.3 0-.5.1-.7.3-.2.2-.3.5-.3.7s.1.5.3.7z\"\/><\/svg><\/span><\/span><\/span><\/a><\/span><\/div>\n<nav><ul class='ez-toc-list ez-toc-list-level-1 ' ><li class='ez-toc-page-1'><a class=\"ez-toc-link ez-toc-heading-1\" href=\"https:\/\/www.rotaseguros.com.br\/planosdesaude\/verao-dezembro-laranja\/#Por_que_o_verao_exige_cuidados_redobrados_com_a_pele\" >Por que o ver\u00e3o exige cuidados redobrados com a pele?<\/a><\/li><li class='ez-toc-page-1'><a class=\"ez-toc-link ez-toc-heading-2\" href=\"https:\/\/www.rotaseguros.com.br\/planosdesaude\/verao-dezembro-laranja\/#Dezembro_Laranja_o_que_representa_a_campanha\" >Dezembro Laranja: o que representa a campanha?<\/a><\/li><li class='ez-toc-page-1'><a class=\"ez-toc-link ez-toc-heading-3\" href=\"https:\/\/www.rotaseguros.com.br\/planosdesaude\/verao-dezembro-laranja\/#6_dicas_para_se_proteger_no_verao\" >6 dicas para se proteger no ver\u00e3o!<\/a><\/li><li class='ez-toc-page-1'><a class=\"ez-toc-link ez-toc-heading-4\" href=\"https:\/\/www.rotaseguros.com.br\/planosdesaude\/verao-dezembro-laranja\/#Queimaduras_solares_mais_perigosas_do_que_parecem\" >Queimaduras solares: mais perigosas do que parecem<\/a><\/li><li class='ez-toc-page-1'><a class=\"ez-toc-link ez-toc-heading-5\" href=\"https:\/\/www.rotaseguros.com.br\/planosdesaude\/verao-dezembro-laranja\/#Como_reconhecer_sinais_importantes_na_pele\" >Como reconhecer sinais importantes na pele?<\/a><\/li><li class='ez-toc-page-1'><a class=\"ez-toc-link ez-toc-heading-6\" href=\"https:\/\/www.rotaseguros.com.br\/planosdesaude\/verao-dezembro-laranja\/#Verao_seguro_e_verao_com_prevencao\" >Ver\u00e3o seguro \u00e9 ver\u00e3o com preven\u00e7\u00e3o!<\/a><\/li><li class='ez-toc-page-1'><a class=\"ez-toc-link ez-toc-heading-7\" href=\"https:\/\/www.rotaseguros.com.br\/planosdesaude\/verao-dezembro-laranja\/#Rota_Seguros_ao_lado_da_sua_saude_em_todas_as_estacoes\" >Rota Seguros: ao lado da sua sa\u00fade em todas as esta\u00e7\u00f5es<\/a><\/li><\/ul><\/nav><\/div>\n\n<p data-start=\"819\" data-end=\"1097\">A exposi\u00e7\u00e3o solar excessiva, caracter\u00edstica do ver\u00e3o, eleva significativamente o risco de queimaduras, envelhecimento precoce, manchas e, sobretudo, les\u00f5es malignas. Por isso, adotar cuidados preventivos nessa \u00e9poca \u00e9 fundamental para garantir um per\u00edodo mais seguro e saud\u00e1vel.<\/p>\n<p data-start=\"819\" data-end=\"1097\"><img loading=\"lazy\" decoding=\"async\" class=\"alignnone wp-image-33978 size-full\" title=\"Por que o ver\u00e3o exige cuidados redobrados com a pele?\" src=\"https:\/\/www.rotaseguros.com.br\/planosdesaude\/wp-content\/uploads\/2025\/11\/Por-que-o-verao-exige-cuidados-redobrados-com-a-pele.png\" alt=\"Por que o ver\u00e3o exige cuidados redobrados com a pele?\" width=\"800\" height=\"200\" srcset=\"https:\/\/www.rotaseguros.com.br\/planosdesaude\/wp-content\/uploads\/2025\/11\/Por-que-o-verao-exige-cuidados-redobrados-com-a-pele.png 800w, https:\/\/www.rotaseguros.com.br\/planosdesaude\/wp-content\/uploads\/2025\/11\/Por-que-o-verao-exige-cuidados-redobrados-com-a-pele-300x75.png 300w, https:\/\/www.rotaseguros.com.br\/planosdesaude\/wp-content\/uploads\/2025\/11\/Por-que-o-verao-exige-cuidados-redobrados-com-a-pele-768x192.png 768w\" sizes=\"auto, (max-width: 800px) 100vw, 800px\" \/><\/p>\n<h2 data-start=\"1104\" data-end=\"1164\"><span class=\"ez-toc-section\" id=\"Por_que_o_verao_exige_cuidados_redobrados_com_a_pele\"><\/span>Por que o ver\u00e3o exige cuidados redobrados com a pele?<span class=\"ez-toc-section-end\"><\/span><\/h2>\n<p data-start=\"1166\" data-end=\"1534\">A radia\u00e7\u00e3o <a href=\"https:\/\/pt.wikipedia.org\/wiki\/Radia%C3%A7%C3%A3o_ultravioleta\" target=\"_blank\" rel=\"noopener\">ultravioleta<\/a> (UV), que incide com maior intensidade nos meses de ver\u00e3o, \u00e9 respons\u00e1vel por boa parte das agress\u00f5es \u00e0 pele. As ondas UVA e UVB penetram nas camadas cut\u00e2neas de maneiras diferentes, mas ambas contribuem para danos celulares. A exposi\u00e7\u00e3o prolongada pode causar queimaduras, inflama\u00e7\u00f5es, manchas permanentes e, a longo prazo, altera\u00e7\u00f5es malignas.<\/p>\n<p data-start=\"1536\" data-end=\"1791\">Somado a isso, o aumento da temperatura provoca desidrata\u00e7\u00e3o, fragiliza a barreira cut\u00e2nea e intensifica quadros de sensibilidade. Por isso, proteger a pele durante o ver\u00e3o vai al\u00e9m da est\u00e9tica \u2014 trata-se de uma medida essencial de <strong data-start=\"1768\" data-end=\"1790\">preven\u00e7\u00e3o em sa\u00fade<\/strong>.<\/p>\n<h2 data-start=\"1798\" data-end=\"1851\"><span class=\"ez-toc-section\" id=\"Dezembro_Laranja_o_que_representa_a_campanha\"><\/span>Dezembro Laranja: o que representa a campanha?<span class=\"ez-toc-section-end\"><\/span><\/h2>\n<p data-start=\"1853\" data-end=\"2058\">O Dezembro Laranja \u00e9 uma iniciativa que refor\u00e7a a import\u00e2ncia da preven\u00e7\u00e3o e do diagn\u00f3stico precoce do <strong data-start=\"1956\" data-end=\"1974\">c\u00e2ncer de pele<\/strong>, que corresponde a cerca de 30% de todos os tumores malignos registrados no pa\u00eds.<\/p>\n<p data-start=\"2060\" data-end=\"2338\">A proposta da campanha \u00e9 orientar a popula\u00e7\u00e3o sobre riscos, sinais de alerta e h\u00e1bitos seguros para reduzir a incid\u00eancia da doen\u00e7a. Com a chegada do ver\u00e3o, essas orienta\u00e7\u00f5es se tornam ainda mais urgentes, j\u00e1 que a radia\u00e7\u00e3o UV intensa \u00e9 um dos principais fatores desencadeadores.<\/p>\n<h2 data-start=\"2345\" data-end=\"2414\"><span class=\"ez-toc-section\" id=\"6_dicas_para_se_proteger_no_verao\"><\/span>6 dicas para se proteger no ver\u00e3o!<span class=\"ez-toc-section-end\"><\/span><\/h2>\n<ol>\n<li data-start=\"2419\" data-end=\"2576\"><strong data-start=\"2419\" data-end=\"2453\">Use protetor solar diariamente: <\/strong>FPS adequado ao seu tipo de pele, reaplicado a cada duas ou tr\u00eas horas, especialmente durante exposi\u00e7\u00e3o solar direta.<\/li>\n<li data-start=\"2581\" data-end=\"2690\"><strong data-start=\"2581\" data-end=\"2630\">Evite o sol nos hor\u00e1rios de maior intensidade<\/strong>: entre 10h e 16h, a radia\u00e7\u00e3o UV atinge n\u00edveis cr\u00edticos.<\/li>\n<li data-start=\"2695\" data-end=\"2836\"><strong data-start=\"2695\" data-end=\"2725\">Use acess\u00f3rios de prote\u00e7\u00e3o: <\/strong>chap\u00e9us, \u00f3culos escuros com prote\u00e7\u00e3o UV e roupas com fator de prote\u00e7\u00e3o ajudam a barrar parte da radia\u00e7\u00e3o.<\/li>\n<li data-start=\"2841\" data-end=\"2939\"><strong data-start=\"2841\" data-end=\"2869\">Hidrate-se adequadamente: <\/strong>a hidrata\u00e7\u00e3o favorece o equil\u00edbrio da pele e previne irrita\u00e7\u00f5es.<\/li>\n<li data-start=\"2944\" data-end=\"3114\"><strong data-start=\"2944\" data-end=\"2970\">Observe sinais na pele: <\/strong>manchas que surgem de repente, pintas que mudam de cor ou formato, feridas que n\u00e3o cicatrizam e coceiras persistentes devem ser avaliadas.<\/li>\n<li data-start=\"3119\" data-end=\"3251\"><strong data-start=\"3119\" data-end=\"3156\">Busque sombra sempre que poss\u00edvel: <\/strong>especialmente ao caminhar, praticar exerc\u00edcios ou permanecer longos per\u00edodos ao ar livre.<\/li>\n<\/ol>\n<p><img loading=\"lazy\" decoding=\"async\" class=\"alignnone wp-image-33976 size-full\" title=\"6 dicas para se proteger no ver\u00e3o!\" src=\"https:\/\/www.rotaseguros.com.br\/planosdesaude\/wp-content\/uploads\/2025\/11\/6-dicas-para-se-proteger-no-verao.png\" alt=\"6 dicas para se proteger no ver\u00e3o!\" width=\"800\" height=\"200\" srcset=\"https:\/\/www.rotaseguros.com.br\/planosdesaude\/wp-content\/uploads\/2025\/11\/6-dicas-para-se-proteger-no-verao.png 800w, https:\/\/www.rotaseguros.com.br\/planosdesaude\/wp-content\/uploads\/2025\/11\/6-dicas-para-se-proteger-no-verao-300x75.png 300w, https:\/\/www.rotaseguros.com.br\/planosdesaude\/wp-content\/uploads\/2025\/11\/6-dicas-para-se-proteger-no-verao-768x192.png 768w\" sizes=\"auto, (max-width: 800px) 100vw, 800px\" \/><\/p>\n<h2 data-start=\"3258\" data-end=\"3315\"><span class=\"ez-toc-section\" id=\"Queimaduras_solares_mais_perigosas_do_que_parecem\"><\/span>Queimaduras solares: mais perigosas do que parecem<span class=\"ez-toc-section-end\"><\/span><\/h2>\n<p data-start=\"3317\" data-end=\"3593\">Mesmo que pare\u00e7am \u201cinofensivas\u201d, as queimaduras provocam um processo inflamat\u00f3rio intenso e acumulam danos ao DNA das c\u00e9lulas da pele. Repetidas ao longo dos anos, elas aumentam drasticamente o risco de desenvolvimento de <strong data-start=\"3539\" data-end=\"3551\">melanoma<\/strong>, a forma mais perigosa do c\u00e2ncer de pele.<\/p>\n<p data-start=\"3595\" data-end=\"3837\">Os efeitos podem incluir vermelhid\u00e3o, descama\u00e7\u00e3o, bolhas, dor e sensibilidade extrema. A preven\u00e7\u00e3o \u00e9 sempre o melhor caminho, mas, quando ocorrem, a hidrata\u00e7\u00e3o adequada e o cuidado com a pele lesionada s\u00e3o essenciais para evitar complica\u00e7\u00f5es.<\/p>\n<h2 data-start=\"3844\" data-end=\"3894\"><span class=\"ez-toc-section\" id=\"Como_reconhecer_sinais_importantes_na_pele\"><\/span>Como reconhecer sinais importantes na pele?<span class=\"ez-toc-section-end\"><\/span><\/h2>\n<p data-start=\"3896\" data-end=\"3999\">A campanha do Dezembro Laranja refor\u00e7a o uso da regra do ABCDE para observar pintas e sinais suspeitos:<\/p>\n<ul>\n<li data-start=\"4003\" data-end=\"4062\"><strong data-start=\"4003\" data-end=\"4008\">A<\/strong> (Assimetria) \u2013 metade da pinta n\u00e3o \u00e9 igual \u00e0 outra<\/li>\n<li data-start=\"4065\" data-end=\"4106\"><strong data-start=\"4065\" data-end=\"4070\">B<\/strong> (Bordas) \u2013 contornos irregulares<\/li>\n<li data-start=\"4109\" data-end=\"4164\"><strong data-start=\"4109\" data-end=\"4114\">C<\/strong> (Cor) \u2013 colora\u00e7\u00f5es variadas em uma mesma les\u00e3o<\/li>\n<li data-start=\"4167\" data-end=\"4206\"><strong data-start=\"4167\" data-end=\"4172\">D<\/strong> (Di\u00e2metro) \u2013 maior do que 6 mm<\/li>\n<li data-start=\"4209\" data-end=\"4265\"><strong data-start=\"4209\" data-end=\"4214\">E<\/strong> (Evolu\u00e7\u00e3o) \u2013 mudan\u00e7as percept\u00edveis em curto tempo<\/li>\n<\/ul>\n<p data-start=\"4267\" data-end=\"4364\">Essas altera\u00e7\u00f5es exigem avalia\u00e7\u00e3o m\u00e9dica imediata, pois podem indicar les\u00f5es malignas iniciantes.<\/p>\n<p data-start=\"4267\" data-end=\"4364\"><img loading=\"lazy\" decoding=\"async\" class=\"alignnone wp-image-33977 size-full\" title=\"Como reconhecer sinais importantes na pele\" src=\"https:\/\/www.rotaseguros.com.br\/planosdesaude\/wp-content\/uploads\/2025\/11\/Como-reconhecer-sinais-importantes-na-pele.png\" alt=\"Como reconhecer sinais importantes na pele\" width=\"800\" height=\"200\" srcset=\"https:\/\/www.rotaseguros.com.br\/planosdesaude\/wp-content\/uploads\/2025\/11\/Como-reconhecer-sinais-importantes-na-pele.png 800w, https:\/\/www.rotaseguros.com.br\/planosdesaude\/wp-content\/uploads\/2025\/11\/Como-reconhecer-sinais-importantes-na-pele-300x75.png 300w, https:\/\/www.rotaseguros.com.br\/planosdesaude\/wp-content\/uploads\/2025\/11\/Como-reconhecer-sinais-importantes-na-pele-768x192.png 768w\" sizes=\"auto, (max-width: 800px) 100vw, 800px\" \/><\/p>\n<h2 data-start=\"4371\" data-end=\"4412\"><span class=\"ez-toc-section\" id=\"Verao_seguro_e_verao_com_prevencao\"><\/span>Ver\u00e3o seguro \u00e9 ver\u00e3o com preven\u00e7\u00e3o!<span class=\"ez-toc-section-end\"><\/span><\/h2>\n<p data-start=\"4414\" data-end=\"4722\">Al\u00e9m da pele, o ver\u00e3o tamb\u00e9m exige cuidados com hidrata\u00e7\u00e3o, rotina alimentar, pr\u00e1tica de exerc\u00edcios e exposi\u00e7\u00e3o consciente ao sol. Um ver\u00e3o bem aproveitado \u00e9 aquele em que o lazer anda ao lado da responsabilidade com o corpo \u2014 especialmente quando se trata de riscos cumulativos como a radia\u00e7\u00e3o ultravioleta.<\/p>\n<p data-start=\"4724\" data-end=\"4810\">Prevenir \u00e9 sempre mais eficaz do que tratar, e isso vale para todas as faixas et\u00e1rias.<\/p>\n<h2 data-start=\"4817\" data-end=\"4879\"><span class=\"ez-toc-section\" id=\"Rota_Seguros_ao_lado_da_sua_saude_em_todas_as_estacoes\"><\/span>Rota Seguros: ao lado da sua sa\u00fade em todas as esta\u00e7\u00f5es<span class=\"ez-toc-section-end\"><\/span><\/h2>\n<p data-start=\"4881\" data-end=\"5139\">Cuidar da pele, fazer consultas regulares com dermatologistas e realizar exames preventivos s\u00e3o medidas fundamentais para evitar complica\u00e7\u00f5es no ver\u00e3o e ao longo do ano. Com um bom <strong data-start=\"5062\" data-end=\"5080\">plano de sa\u00fade<\/strong>, esse cuidado se torna mais acess\u00edvel, seguro e constante.<\/p>\n<p data-start=\"5141\" data-end=\"5313\">A <strong data-start=\"5143\" data-end=\"5159\">Rota Seguros<\/strong> auxilia voc\u00ea a encontrar o plano ideal para garantir preven\u00e7\u00e3o, bem-estar e acompanhamento adequado \u2014 inclusive em campanhas como o <strong data-start=\"5292\" data-end=\"5312\">Dezembro Laranja<\/strong>.<\/p>\n<p data-start=\"5141\" data-end=\"5313\">Leia tamb\u00e9m nosso blog com outras 6 dicas, mas dessa vez de<a href=\"https:\/\/www.rotaseguros.com.br\/planosdesaude\/bebidas-alcoolicas-fim-do-ano\/\"> como reduzir os danos das bebidas alco\u00f3licas p\u00f3s-festas!<\/a><\/p>\n<p data-start=\"5141\" data-end=\"5313\"><strong>Confira nossas unidades e se prepare para o ver\u00e3o:<\/strong><\/p>\n<p>Belo Horizonte \u2013 MG: 0800 024 24 24<\/p>\n<p>Colatina \u2013 ES: (27) 3121-9393<\/p>\n<p>Londrina \u2013 PR: (43) 3233-2096<\/p>\n<p>Uberl\u00e2ndia \u2013 MG: (34) 3291-9300<\/p>\n<p>Cascavel \u2013 PR: (45) 2101-9406<\/p>\n<p>Curitiba \u2013 PR: (41) 3596-0365<\/p>\n<p>Maring\u00e1 \u2013 PR: (44) 2103-6720<\/p>\n<p>Vit\u00f3ria \u2013 ES: (27) 2233-3020<\/p>\n<p>Caxias do Sul \u2013 RS: (54) 2991-8270<\/p>\n<p>Divin\u00f3polis \u2013 MG: (37) 3511-3030<\/p>\n<p>Po\u00e7os de Caldas \u2013 MG:\u00a0(35)\u00a03713-2531<\/p>\n","protected":false},"excerpt":{"rendered":"<p><span class=\"span-reading-time rt-reading-time\" style=\"display: block;\"><span class=\"rt-label rt-prefix\">Reading Time: <\/span> <span class=\"rt-time\"> 4<\/span> <span class=\"rt-label rt-postfix\">minutes<\/span><\/span>O ver\u00e3o \u00e9 sin\u00f4nimo de sol forte, dias longos e maior disposi\u00e7\u00e3o para atividades ao ar livre. Por\u00e9m, junto com a divers\u00e3o, a temporada traz tamb\u00e9m riscos que exigem aten\u00e7\u00e3o &#8230;<\/p>\n","protected":false},"author":37,"featured_media":33975,"comment_status":"open","ping_status":"open","sticky":false,"template":"","format":"standard","meta":{"_monsterinsights_skip_tracking":false,"_monsterinsights_sitenote_active":false,"_monsterinsights_sitenote_note":"","_monsterinsights_sitenote_category":0,"footnotes":"","_links_to":"","_links_to_target":""},"categories":[33,1005],"tags":[3111,111,1025,2309,3260,4170,2747,132,1343,3236,1235,48,1127,1313,4169,1201],"class_list":["post-33974","post","type-post","status-publish","format-standard","has-post-thumbnail","hentry","category-rota-seguros","category-saude","tag-blog-rota-seguros","tag-cancer","tag-cancer-de-pele","tag-cuidados-com-a-pele","tag-cuidados-no-verao","tag-dezembro-laranja","tag-habitos-saudaveis","tag-plano-de-saude","tag-prevencao","tag-protecao-solar","tag-qualidade-de-vida","tag-rota-seguros-2","tag-saude","tag-saude-e-bem-estar","tag-verao","tag-vida-saudavel"],"_links":{"self":[{"href":"https:\/\/www.rotaseguros.com.br\/planosdesaude\/wp-json\/wp\/v2\/posts\/33974","targetHints":{"allow":["GET"]}}],"collection":[{"href":"https:\/\/www.rotaseguros.com.br\/planosdesaude\/wp-json\/wp\/v2\/posts"}],"about":[{"href":"https:\/\/www.rotaseguros.com.br\/planosdesaude\/wp-json\/wp\/v2\/types\/post"}],"author":[{"embeddable":true,"href":"https:\/\/www.rotaseguros.com.br\/planosdesaude\/wp-json\/wp\/v2\/users\/37"}],"replies":[{"embeddable":true,"href":"https:\/\/www.rotaseguros.com.br\/planosdesaude\/wp-json\/wp\/v2\/comments?post=33974"}],"version-history":[{"count":3,"href":"https:\/\/www.rotaseguros.com.br\/planosdesaude\/wp-json\/wp\/v2\/posts\/33974\/revisions"}],"predecessor-version":[{"id":33991,"href":"https:\/\/www.rotaseguros.com.br\/planosdesaude\/wp-json\/wp\/v2\/posts\/33974\/revisions\/33991"}],"wp:featuredmedia":[{"embeddable":true,"href":"https:\/\/www.rotaseguros.com.br\/planosdesaude\/wp-json\/wp\/v2\/media\/33975"}],"wp:attachment":[{"href":"https:\/\/www.rotaseguros.com.br\/planosdesaude\/wp-json\/wp\/v2\/media?parent=33974"}],"wp:term":[{"taxonomy":"category","embeddable":true,"href":"https:\/\/www.rotaseguros.com.br\/planosdesaude\/wp-json\/wp\/v2\/categories?post=33974"},{"taxonomy":"post_tag","embeddable":true,"href":"https:\/\/www.rotaseguros.com.br\/planosdesaude\/wp-json\/wp\/v2\/tags?post=33974"}],"curies":[{"name":"wp","href":"https:\/\/api.w.org\/{rel}","templated":true}]}}