{"id":33992,"date":"2025-12-26T09:00:59","date_gmt":"2025-12-26T12:00:59","guid":{"rendered":"https:\/\/www.rotaseguros.com.br\/planosdesaude\/?p=33992"},"modified":"2025-12-23T09:56:33","modified_gmt":"2025-12-23T12:56:33","slug":"plano-de-saude-e-as-ferias","status":"publish","type":"post","link":"https:\/\/www.rotaseguros.com.br\/planosdesaude\/plano-de-saude-e-as-ferias\/","title":{"rendered":"Plano de Sa\u00fade nas F\u00e9rias: tudo o que voc\u00ea precisa saber!"},"content":{"rendered":"<span class=\"span-reading-time rt-reading-time\" style=\"display: block;\"><span class=\"rt-label rt-prefix\">Reading Time: <\/span> <span class=\"rt-time\"> 4<\/span> <span class=\"rt-label rt-postfix\">minutes<\/span><\/span><p data-start=\"143\" data-end=\"632\">As f\u00e9rias chegam trazendo aquele clima gostoso de pausa, descanso e descoberta. \u00c9 o momento em que a gente finalmente desacelera, coloca o p\u00e9 na estrada \u2014 ou no avi\u00e3o \u2014 e vive experi\u00eancias que ficam na mem\u00f3ria. Mas existe um detalhe que, apesar de muitas vezes esquecido, faz toda a diferen\u00e7a entre uma viagem tranquila e um grande dor de cabe\u00e7a: o cuidado com a sa\u00fade. \u00c9 por isso que falar sobre <strong data-start=\"540\" data-end=\"561\">sa\u00fade e as f\u00e9rias<\/strong> \u00e9 t\u00e3o importante para quem valoriza uma viagem leve e sem imprevistos.<\/p><div id=\"ez-toc-container\" class=\"ez-toc-v2_0_82_2 counter-flat ez-toc-counter ez-toc-grey ez-toc-container-direction\">\n<div class=\"ez-toc-title-container\">\n<p class=\"ez-toc-title\" style=\"cursor:inherit\">Aqui voc\u00ea encontra:<\/p>\n<span class=\"ez-toc-title-toggle\"><a href=\"#\" class=\"ez-toc-pull-right ez-toc-btn ez-toc-btn-xs ez-toc-btn-default ez-toc-toggle\" aria-label=\"Alternar tabela de conte\u00fado\"><span class=\"ez-toc-js-icon-con\"><span class=\"\"><span class=\"eztoc-hide\" style=\"display:none;\">Toggle<\/span><span class=\"ez-toc-icon-toggle-span\"><svg style=\"fill: #999;color:#999\" xmlns=\"http:\/\/www.w3.org\/2000\/svg\" class=\"list-377408\" width=\"20px\" height=\"20px\" viewBox=\"0 0 24 24\" fill=\"none\"><path d=\"M6 6H4v2h2V6zm14 0H8v2h12V6zM4 11h2v2H4v-2zm16 0H8v2h12v-2zM4 16h2v2H4v-2zm16 0H8v2h12v-2z\" fill=\"currentColor\"><\/path><\/svg><svg style=\"fill: #999;color:#999\" class=\"arrow-unsorted-368013\" xmlns=\"http:\/\/www.w3.org\/2000\/svg\" width=\"10px\" height=\"10px\" viewBox=\"0 0 24 24\" version=\"1.2\" baseProfile=\"tiny\"><path d=\"M18.2 9.3l-6.2-6.3-6.2 6.3c-.2.2-.3.4-.3.7s.1.5.3.7c.2.2.4.3.7.3h11c.3 0 .5-.1.7-.3.2-.2.3-.5.3-.7s-.1-.5-.3-.7zM5.8 14.7l6.2 6.3 6.2-6.3c.2-.2.3-.5.3-.7s-.1-.5-.3-.7c-.2-.2-.4-.3-.7-.3h-11c-.3 0-.5.1-.7.3-.2.2-.3.5-.3.7s.1.5.3.7z\"\/><\/svg><\/span><\/span><\/span><\/a><\/span><\/div>\n<nav><ul class='ez-toc-list ez-toc-list-level-1 ' ><li class='ez-toc-page-1'><a class=\"ez-toc-link ez-toc-heading-1\" href=\"https:\/\/www.rotaseguros.com.br\/planosdesaude\/plano-de-saude-e-as-ferias\/#Por_que_pensar_no_plano_de_saude_antes_das_ferias\" >Por que pensar no plano de sa\u00fade antes das f\u00e9rias?<\/a><\/li><li class='ez-toc-page-1'><a class=\"ez-toc-link ez-toc-heading-2\" href=\"https:\/\/www.rotaseguros.com.br\/planosdesaude\/plano-de-saude-e-as-ferias\/#Viagens_nacionais_o_que_o_seu_plano_cobre\" >Viagens nacionais: o que o seu plano cobre?<\/a><\/li><li class='ez-toc-page-1'><a class=\"ez-toc-link ez-toc-heading-3\" href=\"https:\/\/www.rotaseguros.com.br\/planosdesaude\/plano-de-saude-e-as-ferias\/#E_em_viagens_internacionais\" >E em viagens internacionais?<\/a><\/li><li class='ez-toc-page-1'><a class=\"ez-toc-link ez-toc-heading-4\" href=\"https:\/\/www.rotaseguros.com.br\/planosdesaude\/plano-de-saude-e-as-ferias\/#Como_o_plano_de_saude_te_ajuda_a_viajar_com_mais_tranquilidade\" >Como o plano de sa\u00fade te ajuda a viajar com mais tranquilidade<\/a><\/li><li class='ez-toc-page-1'><a class=\"ez-toc-link ez-toc-heading-5\" href=\"https:\/\/www.rotaseguros.com.br\/planosdesaude\/plano-de-saude-e-as-ferias\/#1_Exames_e_consultas_antes_de_viajar\" >1. Exames e consultas antes de viajar<\/a><\/li><li class='ez-toc-page-1'><a class=\"ez-toc-link ez-toc-heading-6\" href=\"https:\/\/www.rotaseguros.com.br\/planosdesaude\/plano-de-saude-e-as-ferias\/#2_Acesso_rapido_em_casos_de_urgencia\" >2. Acesso r\u00e1pido em casos de urg\u00eancia<\/a><\/li><li class='ez-toc-page-1'><a class=\"ez-toc-link ez-toc-heading-7\" href=\"https:\/\/www.rotaseguros.com.br\/planosdesaude\/plano-de-saude-e-as-ferias\/#3_Orientacao_medica_remota\" >3. Orienta\u00e7\u00e3o m\u00e9dica remota<\/a><\/li><li class='ez-toc-page-1'><a class=\"ez-toc-link ez-toc-heading-8\" href=\"https:\/\/www.rotaseguros.com.br\/planosdesaude\/plano-de-saude-e-as-ferias\/#4_Previsibilidade_financeira\" >4. Previsibilidade financeira<\/a><\/li><li class='ez-toc-page-1'><a class=\"ez-toc-link ez-toc-heading-9\" href=\"https:\/\/www.rotaseguros.com.br\/planosdesaude\/plano-de-saude-e-as-ferias\/#Ferias_tambem_sao_autocuidado\" >F\u00e9rias tamb\u00e9m s\u00e3o autocuidado<\/a><\/li><li class='ez-toc-page-1'><a class=\"ez-toc-link ez-toc-heading-10\" href=\"https:\/\/www.rotaseguros.com.br\/planosdesaude\/plano-de-saude-e-as-ferias\/#Dicas_rapidas_para_uma_viagem_mais_segura\" >Dicas r\u00e1pidas para uma viagem mais segura<\/a><\/li><li class='ez-toc-page-1'><a class=\"ez-toc-link ez-toc-heading-11\" href=\"https:\/\/www.rotaseguros.com.br\/planosdesaude\/plano-de-saude-e-as-ferias\/#Saude_e_as_ferias\" >Sa\u00fade e as f\u00e9rias<\/a><\/li><\/ul><\/nav><\/div>\n\n<p data-start=\"634\" data-end=\"939\">N\u00e3o importa se o destino \u00e9 a praia, o interior, uma aventura gastron\u00f4mica ou uma viagem internacional. O ponto em comum \u00e9 o mesmo: sa\u00fade d\u00e1 liberdade. E, quando falamos de liberdade, um bom plano de sa\u00fade se torna um aliado poderoso para que as f\u00e9rias sejam realmente f\u00e9rias, sem preocupa\u00e7\u00f5es escondidas.<\/p>\n<p data-start=\"634\" data-end=\"939\"><img loading=\"lazy\" decoding=\"async\" class=\"alignnone wp-image-34006 size-full\" title=\"Por que pensar no plano de sa\u00fade antes das f\u00e9rias\" src=\"https:\/\/www.rotaseguros.com.br\/planosdesaude\/wp-content\/uploads\/2025\/12\/Por-que-pensar-no-plano-de-saude-antes-das-ferias.png\" alt=\"Por que pensar no plano de sa\u00fade antes das f\u00e9rias\" width=\"800\" height=\"200\" srcset=\"https:\/\/www.rotaseguros.com.br\/planosdesaude\/wp-content\/uploads\/2025\/12\/Por-que-pensar-no-plano-de-saude-antes-das-ferias.png 800w, https:\/\/www.rotaseguros.com.br\/planosdesaude\/wp-content\/uploads\/2025\/12\/Por-que-pensar-no-plano-de-saude-antes-das-ferias-300x75.png 300w, https:\/\/www.rotaseguros.com.br\/planosdesaude\/wp-content\/uploads\/2025\/12\/Por-que-pensar-no-plano-de-saude-antes-das-ferias-768x192.png 768w\" sizes=\"auto, (max-width: 800px) 100vw, 800px\" \/><\/p>\n<h2 data-start=\"1040\" data-end=\"1097\"><span class=\"ez-toc-section\" id=\"Por_que_pensar_no_plano_de_saude_antes_das_ferias\"><\/span>Por que pensar no plano de sa\u00fade antes das f\u00e9rias?<span class=\"ez-toc-section-end\"><\/span><\/h2>\n<p data-start=\"1005\" data-end=\"1238\">A gente nunca planeja ficar doente, mas imprevistos fazem parte da vida. Uma intoxica\u00e7\u00e3o alimentar, uma queda besta, uma virose fora de hora, um mal-estar no calor\u2026 Situa\u00e7\u00f5es comuns, por\u00e9m capazes de atrapalhar (e muito!) uma viagem.<\/p>\n<p data-start=\"1240\" data-end=\"1595\">\u00c9 a\u00ed que entra o plano de sa\u00fade: ele n\u00e3o est\u00e1 ali \u201cs\u00f3 em caso de <a href=\"https:\/\/www.dicio.com.br\/emergencia\/\" target=\"_blank\" rel=\"noopener\">emerg\u00eancia<\/a>\u201d, mas como um suporte cont\u00ednuo para voc\u00ea se sentir seguro longe de casa. Saber que voc\u00ea tem assist\u00eancia, orienta\u00e7\u00e3o e cobertura faz com que qualquer viagem seja vivida com leveza porque sa\u00fade tamb\u00e9m \u00e9 descanso mental. Esse \u00e9 o verdadeiro equil\u00edbrio entre <strong data-start=\"1573\" data-end=\"1594\">sa\u00fade e as f\u00e9rias<\/strong>.<\/p>\n<h2 data-start=\"101\" data-end=\"151\"><span class=\"ez-toc-section\" id=\"Viagens_nacionais_o_que_o_seu_plano_cobre\"><\/span>Viagens nacionais: o que o seu plano cobre?<span class=\"ez-toc-section-end\"><\/span><\/h2>\n<p data-start=\"153\" data-end=\"529\">\u00c9 comum surgir a d\u00favida: meu plano vale fora da cidade? A resposta depende da abrang\u00eancia contratada. Os planos nacionais garantem atendimento em diferentes estados, oferecendo suporte mesmo longe de casa. J\u00e1 os planos regionais podem ter limita\u00e7\u00f5es, mas costumam cobrir casos de urg\u00eancia e emerg\u00eancia em outras localidades ou oferecer atendimento por meio de redes parceiras.<\/p>\n<p data-start=\"531\" data-end=\"950\">Antes de viajar, \u00e9 importante verificar quais hospitais e cl\u00ednicas atendem na regi\u00e3o do destino, conferir se sua carteirinha \u2014 f\u00edsica ou digital \u2014 est\u00e1 atualizada, entender como entrar em contato com a central de atendimento e confirmar se existe alguma regra espec\u00edfica para receber atendimento fora da sua cidade. Com essas checagens simples, voc\u00ea evita imprevistos e aproveita as f\u00e9rias com muito mais tranquilidade.<\/p>\n<h2 data-start=\"957\" data-end=\"992\"><span class=\"ez-toc-section\" id=\"E_em_viagens_internacionais\"><\/span>E em viagens internacionais?<span class=\"ez-toc-section-end\"><\/span><\/h2>\n<p data-start=\"994\" data-end=\"1370\">Se o seu destino \u00e9 fora do Brasil, as f\u00e9rias pedem um cuidado extra. Muitos pa\u00edses exigem seguro ou cobertura m\u00e9dica para entrada, e at\u00e9 mesmo um atendimento b\u00e1sico pode custar muito caro no exterior. A boa not\u00edcia \u00e9 que muitos planos de sa\u00fade oferecem cobertura internacional, pacotes adicionais para viagens ou guias de orienta\u00e7\u00e3o espec\u00edficos para quem vai viajar para fora.<\/p>\n<p data-start=\"1372\" data-end=\"1733\" data-is-last-node=\"\" data-is-only-node=\"\">Aqui, a palavra-chave \u00e9 anteced\u00eancia. Antes de embarcar, verifique se o seu plano realmente oferece cobertura fora do pa\u00eds, se \u00e9 necess\u00e1rio contratar um servi\u00e7o adicional e quais documentos voc\u00ea precisar\u00e1 apresentar durante a viagem. Com essas informa\u00e7\u00f5es organizadas, voc\u00ea viaja com a seguran\u00e7a de saber que, mesmo longe de casa, ter\u00e1 a assist\u00eancia necess\u00e1ria.<\/p>\n<p data-start=\"1372\" data-end=\"1733\" data-is-last-node=\"\" data-is-only-node=\"\"><img loading=\"lazy\" decoding=\"async\" class=\"alignnone wp-image-34009 size-full\" title=\"Como o plano de sa\u00fade te ajuda a viajar com mais tranquilidade\" src=\"https:\/\/www.rotaseguros.com.br\/planosdesaude\/wp-content\/uploads\/2025\/12\/Como-o-plano-de-saude-te-ajuda-a-viajar-com-mais-tranquilidade.png\" alt=\"Como o plano de sa\u00fade te ajuda a viajar com mais tranquilidade\" width=\"800\" height=\"440\" srcset=\"https:\/\/www.rotaseguros.com.br\/planosdesaude\/wp-content\/uploads\/2025\/12\/Como-o-plano-de-saude-te-ajuda-a-viajar-com-mais-tranquilidade.png 800w, https:\/\/www.rotaseguros.com.br\/planosdesaude\/wp-content\/uploads\/2025\/12\/Como-o-plano-de-saude-te-ajuda-a-viajar-com-mais-tranquilidade-300x165.png 300w, https:\/\/www.rotaseguros.com.br\/planosdesaude\/wp-content\/uploads\/2025\/12\/Como-o-plano-de-saude-te-ajuda-a-viajar-com-mais-tranquilidade-768x422.png 768w\" sizes=\"auto, (max-width: 800px) 100vw, 800px\" \/><\/p>\n<h2 data-start=\"3022\" data-end=\"3091\"><span class=\"ez-toc-section\" id=\"Como_o_plano_de_saude_te_ajuda_a_viajar_com_mais_tranquilidade\"><\/span>Como o plano de sa\u00fade te ajuda a viajar com mais tranquilidade<span class=\"ez-toc-section-end\"><\/span><\/h2>\n<p data-start=\"3093\" data-end=\"3218\">Al\u00e9m da cobertura em si, o plano de sa\u00fade pode ser um forte aliado no pr\u00e9-viagem. Veja alguns benef\u00edcios que fazem diferen\u00e7a:<\/p>\n<h3 data-start=\"3220\" data-end=\"3265\"><span class=\"ez-toc-section\" id=\"1_Exames_e_consultas_antes_de_viajar\"><\/span>1. Exames e consultas antes de viajar<span class=\"ez-toc-section-end\"><\/span><\/h3>\n<p data-start=\"3266\" data-end=\"3437\">Uma rotina cheia pede que a sa\u00fade esteja em dia. Viajar com tudo checado evita imprevistos simples, como crises de dor de cabe\u00e7a, problemas g\u00e1stricos, press\u00e3o ou alergias.<\/p>\n<h3 data-start=\"3439\" data-end=\"3484\"><span class=\"ez-toc-section\" id=\"2_Acesso_rapido_em_casos_de_urgencia\"><\/span>2. Acesso r\u00e1pido em casos de urg\u00eancia<span class=\"ez-toc-section-end\"><\/span><\/h3>\n<p data-start=\"3485\" data-end=\"3601\">Em um cen\u00e1rio de emerg\u00eancia, tempo faz toda a diferen\u00e7a. Ter um plano significa ter caminho direto para atendimento.<\/p>\n<h3 data-start=\"3603\" data-end=\"3638\"><span class=\"ez-toc-section\" id=\"3_Orientacao_medica_remota\"><\/span>3. Orienta\u00e7\u00e3o m\u00e9dica remota<span class=\"ez-toc-section-end\"><\/span><\/h3>\n<p data-start=\"3639\" data-end=\"3805\">Muitos planos hoje oferecem telemedicina, um recurso que salva quando surge uma d\u00favida durante a viagem. \u00c0s vezes, tudo o que voc\u00ea precisa \u00e9 de orienta\u00e7\u00e3o r\u00e1pida.<\/p>\n<h3 data-start=\"3807\" data-end=\"3844\"><span class=\"ez-toc-section\" id=\"4_Previsibilidade_financeira\"><\/span>4. Previsibilidade financeira<span class=\"ez-toc-section-end\"><\/span><\/h3>\n<p data-start=\"3845\" data-end=\"3964\">Saber que n\u00e3o vai precisar pagar caro por consultas ou atendimentos fora de casa \u00e9 uma tranquilidade que n\u00e3o tem pre\u00e7o.<\/p>\n<h2 data-start=\"3971\" data-end=\"4007\"><span class=\"ez-toc-section\" id=\"Ferias_tambem_sao_autocuidado\"><\/span>F\u00e9rias tamb\u00e9m s\u00e3o autocuidado<span class=\"ez-toc-section-end\"><\/span><\/h2>\n<p data-start=\"3899\" data-end=\"4132\">A ess\u00eancia das f\u00e9rias \u00e9 recarregar. Dormir melhor, comer com calma, ver o mar, sentir a brisa, deixar a mente respirar. Mas o autocuidado tamb\u00e9m mora nos bastidores \u2014 nas decis\u00f5es que garantem que tudo isso aconte\u00e7a sem sobressaltos.<\/p>\n<p data-start=\"4134\" data-end=\"4433\">Viajar com um plano de sa\u00fade atualizado e adequado ao seu estilo de vida \u00e9 investir em si mesmo. \u00c9 entender que sa\u00fade faz parte da sua bagagem \u2014 aquela parte que voc\u00ea n\u00e3o v\u00ea, mas que te sustenta durante todo o caminho. E, quando pensamos em sa\u00fade e as f\u00e9rias, essa prepara\u00e7\u00e3o faz toda diferen\u00e7a.<\/p>\n<h2 data-start=\"4469\" data-end=\"4542\"><\/h2>\n<p>&nbsp;<\/p>\n<p><img loading=\"lazy\" decoding=\"async\" class=\"alignnone wp-image-34007 size-full\" title=\"Dicas r\u00e1pidas para uma viagem mais segura\" src=\"https:\/\/www.rotaseguros.com.br\/planosdesaude\/wp-content\/uploads\/2025\/12\/Dicas-rapidas-para-uma-viagem-mais-segura.png\" alt=\"Dicas r\u00e1pidas para uma viagem mais segura\" width=\"800\" height=\"200\" srcset=\"https:\/\/www.rotaseguros.com.br\/planosdesaude\/wp-content\/uploads\/2025\/12\/Dicas-rapidas-para-uma-viagem-mais-segura.png 800w, https:\/\/www.rotaseguros.com.br\/planosdesaude\/wp-content\/uploads\/2025\/12\/Dicas-rapidas-para-uma-viagem-mais-segura-300x75.png 300w, https:\/\/www.rotaseguros.com.br\/planosdesaude\/wp-content\/uploads\/2025\/12\/Dicas-rapidas-para-uma-viagem-mais-segura-768x192.png 768w\" sizes=\"auto, (max-width: 800px) 100vw, 800px\" \/><\/p>\n<p>&nbsp;<\/p>\n<h2 data-start=\"4469\" data-end=\"4542\"><span class=\"ez-toc-section\" id=\"Dicas_rapidas_para_uma_viagem_mais_segura\"><\/span>Dicas r\u00e1pidas para uma viagem mais segura<span class=\"ez-toc-section-end\"><\/span><\/h2>\n<ul data-start=\"4544\" data-end=\"4861\">\n<li data-start=\"4544\" data-end=\"4605\">\n<p data-start=\"4546\" data-end=\"4605\">Verifique a <strong data-start=\"4558\" data-end=\"4573\">abrang\u00eancia<\/strong> do seu plano antes de viajar.<\/p>\n<\/li>\n<li data-start=\"4606\" data-end=\"4673\">\n<p data-start=\"4608\" data-end=\"4673\">Atualize sua <strong data-start=\"4621\" data-end=\"4644\">carteirinha digital<\/strong> ou tenha uma c\u00f3pia f\u00edsica.<\/p>\n<\/li>\n<li data-start=\"4674\" data-end=\"4732\">\n<p data-start=\"4676\" data-end=\"4732\">Leve seus <strong data-start=\"4686\" data-end=\"4718\">medicamentos de uso cont\u00ednuo<\/strong> e receitas.<\/p>\n<\/li>\n<li data-start=\"4733\" data-end=\"4791\">\n<p data-start=\"4735\" data-end=\"4791\">Salve o <strong data-start=\"4743\" data-end=\"4779\">n\u00famero da central de atendimento<\/strong> do plano.<\/p>\n<\/li>\n<li data-start=\"4792\" data-end=\"4861\">\n<p data-start=\"4794\" data-end=\"4861\">Fa\u00e7a um <strong data-start=\"4802\" data-end=\"4822\">check-up simples<\/strong> caso v\u00e1 fazer uma viagem mais longa.<\/p>\n<\/li>\n<\/ul>\n<p data-start=\"4863\" data-end=\"4901\">Pequenos cuidados, grandes diferen\u00e7as.<\/p>\n<h2 data-start=\"4908\" data-end=\"4982\"><\/h2>\n<p><img loading=\"lazy\" decoding=\"async\" class=\"alignnone wp-image-34008 size-full\" title=\"Sa\u00fade e as f\u00e9rias\" src=\"https:\/\/www.rotaseguros.com.br\/planosdesaude\/wp-content\/uploads\/2025\/12\/Saude-e-as-ferias.png\" alt=\"Sa\u00fade e as f\u00e9rias\" width=\"800\" height=\"200\" srcset=\"https:\/\/www.rotaseguros.com.br\/planosdesaude\/wp-content\/uploads\/2025\/12\/Saude-e-as-ferias.png 800w, https:\/\/www.rotaseguros.com.br\/planosdesaude\/wp-content\/uploads\/2025\/12\/Saude-e-as-ferias-300x75.png 300w, https:\/\/www.rotaseguros.com.br\/planosdesaude\/wp-content\/uploads\/2025\/12\/Saude-e-as-ferias-768x192.png 768w\" sizes=\"auto, (max-width: 800px) 100vw, 800px\" \/><\/p>\n<p>&nbsp;<\/p>\n<h2 data-start=\"4908\" data-end=\"4982\"><span class=\"ez-toc-section\" id=\"Saude_e_as_ferias\"><\/span>Sa\u00fade e as f\u00e9rias<span class=\"ez-toc-section-end\"><\/span><\/h2>\n<p data-start=\"4866\" data-end=\"5126\">As f\u00e9rias passam r\u00e1pido, mas as mem\u00f3rias ficam. E o que a gente menos quer \u00e9 que esses momentos sejam interrompidos por algo que poderia ter sido evitado. Ter um plano de sa\u00fade adequado n\u00e3o \u00e9 um gasto: \u00e9 um investimento em tranquilidade, seguran\u00e7a e liberdade.<\/p>\n<p data-start=\"5128\" data-end=\"5289\">Porque viajar bem \u00e9, antes de tudo, viajar com sa\u00fade. E quando unimos <strong data-start=\"5198\" data-end=\"5219\">sa\u00fade e as f\u00e9rias<\/strong>, criamos o cen\u00e1rio perfeito para aproveitar cada instante com leveza.<\/p>\n<p data-start=\"5291\" data-end=\"5535\">Se voc\u00ea ainda n\u00e3o tem um plano que atenda \u00e0s suas necessidades ou quer revisar sua cobertura, esse \u00e9 o momento perfeito para se organizar antes de embarcar. Suas f\u00e9rias merecem o melhor: descanso, cuidado e a certeza de que voc\u00ea est\u00e1 protegido.<\/p>\n<p data-start=\"5365\" data-end=\"5663\">Entre em contato e solicite sua cota\u00e7\u00e3o personalizada!<\/p>\n<p>Belo Horizonte \u2013 MG:\u00a0<a href=\"https:\/\/www.rotaseguros.com.br\/index.html\">0800 024 24 24<\/a><\/p>\n<p>Colatina \u2013 ES:\u00a0<a href=\"https:\/\/www.rotaseguros.com.br\/colatina\/index.html\">(27) 3121-9393<\/a><\/p>\n<p>Londrina \u2013 PR:\u00a0<a href=\"https:\/\/www.rotaseguros.com.br\/londrina\/index.html\">(43) 3233-2096<\/a><\/p>\n<p>Uberl\u00e2ndia \u2013 MG:\u00a0<a href=\"https:\/\/www.rotaseguros.com.br\/uberlandia\/index.html\">(34) 3291-9300<\/a><\/p>\n<p>Cascavel \u2013 PR:\u00a0<a href=\"https:\/\/www.rotaseguros.com.br\/cascavel\/index.html\">(45) 2101-9406<\/a><\/p>\n<p>Curitiba \u2013 PR:\u00a0<a href=\"https:\/\/www.rotaseguros.com.br\/curitiba\/index.html\">(41) 3596-0365<\/a><\/p>\n<p>Maring\u00e1 \u2013 PR:\u00a0<a href=\"https:\/\/www.rotaseguros.com.br\/maringa\/index.html\">(44) 2103-6720<\/a><\/p>\n<p>Vit\u00f3ria \u2013 ES:\u00a0<a href=\"https:\/\/www.rotaseguros.com.br\/vitoria\/index.html\">(27) 2233-3020<\/a><\/p>\n<p>Caxias do Sul \u2013 RS:\u00a0<a href=\"https:\/\/www.rotaseguros.com.br\/caxias-do-sul\/index.html\">(54) 2991-8270<\/a><\/p>\n<p>Centro-Oeste MG:\u00a0<a href=\"https:\/\/www.rotaseguros.com.br\/divinopolis\/index.html\">(37) 3511-3030<\/a><\/p>\n<p>Sul de Minas :\u00a0<a href=\"https:\/\/www.rotaseguros.com.br\/pocos-de-caldas\/index.html\">0800 033 3386<\/a><\/p>\n<p data-start=\"5291\" data-end=\"5535\">\n","protected":false},"excerpt":{"rendered":"<p><span class=\"span-reading-time rt-reading-time\" style=\"display: block;\"><span class=\"rt-label rt-prefix\">Reading Time: <\/span> <span class=\"rt-time\"> 4<\/span> <span class=\"rt-label rt-postfix\">minutes<\/span><\/span>As f\u00e9rias chegam trazendo aquele clima gostoso de pausa, descanso e descoberta. \u00c9 o momento em que a gente finalmente desacelera, coloca o p\u00e9 na estrada \u2014 ou no avi\u00e3o &#8230;<\/p>\n","protected":false},"author":36,"featured_media":34005,"comment_status":"open","ping_status":"open","sticky":false,"template":"","format":"standard","meta":{"_monsterinsights_skip_tracking":false,"_monsterinsights_sitenote_active":false,"_monsterinsights_sitenote_note":"","_monsterinsights_sitenote_category":0,"footnotes":"","_links_to":"","_links_to_target":""},"categories":[27,33,1005],"tags":[4177,2394,3175,132,4175,4178,4176],"class_list":["post-33992","post","type-post","status-publish","format-standard","has-post-thumbnail","hentry","category-plano-de-saude","category-rota-seguros","category-saude","tag-cobertura-internacional","tag-cobertura-nacional","tag-ferias-tranquilas","tag-plano-de-saude","tag-saude-e-as-ferias","tag-urgencia-e-emergencia","tag-viagem-segura"],"_links":{"self":[{"href":"https:\/\/www.rotaseguros.com.br\/planosdesaude\/wp-json\/wp\/v2\/posts\/33992","targetHints":{"allow":["GET"]}}],"collection":[{"href":"https:\/\/www.rotaseguros.com.br\/planosdesaude\/wp-json\/wp\/v2\/posts"}],"about":[{"href":"https:\/\/www.rotaseguros.com.br\/planosdesaude\/wp-json\/wp\/v2\/types\/post"}],"author":[{"embeddable":true,"href":"https:\/\/www.rotaseguros.com.br\/planosdesaude\/wp-json\/wp\/v2\/users\/36"}],"replies":[{"embeddable":true,"href":"https:\/\/www.rotaseguros.com.br\/planosdesaude\/wp-json\/wp\/v2\/comments?post=33992"}],"version-history":[{"count":4,"href":"https:\/\/www.rotaseguros.com.br\/planosdesaude\/wp-json\/wp\/v2\/posts\/33992\/revisions"}],"predecessor-version":[{"id":34156,"href":"https:\/\/www.rotaseguros.com.br\/planosdesaude\/wp-json\/wp\/v2\/posts\/33992\/revisions\/34156"}],"wp:featuredmedia":[{"embeddable":true,"href":"https:\/\/www.rotaseguros.com.br\/planosdesaude\/wp-json\/wp\/v2\/media\/34005"}],"wp:attachment":[{"href":"https:\/\/www.rotaseguros.com.br\/planosdesaude\/wp-json\/wp\/v2\/media?parent=33992"}],"wp:term":[{"taxonomy":"category","embeddable":true,"href":"https:\/\/www.rotaseguros.com.br\/planosdesaude\/wp-json\/wp\/v2\/categories?post=33992"},{"taxonomy":"post_tag","embeddable":true,"href":"https:\/\/www.rotaseguros.com.br\/planosdesaude\/wp-json\/wp\/v2\/tags?post=33992"}],"curies":[{"name":"wp","href":"https:\/\/api.w.org\/{rel}","templated":true}]}}