{"id":33995,"date":"2026-01-05T09:47:10","date_gmt":"2026-01-05T12:47:10","guid":{"rendered":"https:\/\/www.rotaseguros.com.br\/planosdesaude\/?p=33995"},"modified":"2026-01-05T09:48:44","modified_gmt":"2026-01-05T12:48:44","slug":"saude-em-2026-prevencao","status":"publish","type":"post","link":"https:\/\/www.rotaseguros.com.br\/planosdesaude\/saude-em-2026-prevencao\/","title":{"rendered":"Sa\u00fade em 2026: Planejamento e preven\u00e7\u00e3o para todo o ano!"},"content":{"rendered":"<span class=\"span-reading-time rt-reading-time\" style=\"display: block;\"><span class=\"rt-label rt-prefix\">Reading Time: <\/span> <span class=\"rt-time\"> 3<\/span> <span class=\"rt-label rt-postfix\">minutes<\/span><\/span><p data-start=\"129\" data-end=\"544\">O in\u00edcio de um novo ano representa mais do que a virada do calend\u00e1rio \u2014 \u00e9 um momento de reorganiza\u00e7\u00e3o, planejamento e recome\u00e7o. Nesse per\u00edodo, surgem metas, ajustes de rotina e reflex\u00f5es sobre o que realmente importa. E, entre todas as decis\u00f5es estrat\u00e9gicas que uma fam\u00edlia ou profissional pode tomar, a escolha de um plano de sa\u00fade merece destaque central para garantir <strong data-start=\"500\" data-end=\"517\">sa\u00fade em 2026<\/strong> com seguran\u00e7a e preven\u00e7\u00e3o.<\/p><div id=\"ez-toc-container\" class=\"ez-toc-v2_0_82_2 counter-flat ez-toc-counter ez-toc-grey ez-toc-container-direction\">\n<div class=\"ez-toc-title-container\">\n<p class=\"ez-toc-title\" style=\"cursor:inherit\">Aqui voc\u00ea encontra:<\/p>\n<span class=\"ez-toc-title-toggle\"><a href=\"#\" class=\"ez-toc-pull-right ez-toc-btn ez-toc-btn-xs ez-toc-btn-default ez-toc-toggle\" aria-label=\"Alternar tabela de conte\u00fado\"><span class=\"ez-toc-js-icon-con\"><span class=\"\"><span class=\"eztoc-hide\" style=\"display:none;\">Toggle<\/span><span class=\"ez-toc-icon-toggle-span\"><svg style=\"fill: #999;color:#999\" xmlns=\"http:\/\/www.w3.org\/2000\/svg\" class=\"list-377408\" width=\"20px\" height=\"20px\" viewBox=\"0 0 24 24\" fill=\"none\"><path d=\"M6 6H4v2h2V6zm14 0H8v2h12V6zM4 11h2v2H4v-2zm16 0H8v2h12v-2zM4 16h2v2H4v-2zm16 0H8v2h12v-2z\" fill=\"currentColor\"><\/path><\/svg><svg style=\"fill: #999;color:#999\" class=\"arrow-unsorted-368013\" xmlns=\"http:\/\/www.w3.org\/2000\/svg\" width=\"10px\" height=\"10px\" viewBox=\"0 0 24 24\" version=\"1.2\" baseProfile=\"tiny\"><path d=\"M18.2 9.3l-6.2-6.3-6.2 6.3c-.2.2-.3.4-.3.7s.1.5.3.7c.2.2.4.3.7.3h11c.3 0 .5-.1.7-.3.2-.2.3-.5.3-.7s-.1-.5-.3-.7zM5.8 14.7l6.2 6.3 6.2-6.3c.2-.2.3-.5.3-.7s-.1-.5-.3-.7c-.2-.2-.4-.3-.7-.3h-11c-.3 0-.5.1-.7.3-.2.2-.3.5-.3.7s.1.5.3.7z\"\/><\/svg><\/span><\/span><\/span><\/a><\/span><\/div>\n<nav><ul class='ez-toc-list ez-toc-list-level-1 ' ><li class='ez-toc-page-1'><a class=\"ez-toc-link ez-toc-heading-1\" href=\"https:\/\/www.rotaseguros.com.br\/planosdesaude\/saude-em-2026-prevencao\/#Por_que_contratar_um_plano_de_saude_no_inicio_do_ano\" >Por que contratar um plano de sa\u00fade no in\u00edcio do ano<\/a><\/li><li class='ez-toc-page-1'><a class=\"ez-toc-link ez-toc-heading-2\" href=\"https:\/\/www.rotaseguros.com.br\/planosdesaude\/saude-em-2026-prevencao\/#Como_escolher_o_plano_de_saude_ideal_para_2026\" >Como escolher o plano de sa\u00fade ideal para 2026?<\/a><\/li><li class='ez-toc-page-1'><a class=\"ez-toc-link ez-toc-heading-3\" href=\"https:\/\/www.rotaseguros.com.br\/planosdesaude\/saude-em-2026-prevencao\/#Qual_modalidade_escolher\" >Qual modalidade escolher?<\/a><\/li><li class='ez-toc-page-1'><a class=\"ez-toc-link ez-toc-heading-4\" href=\"https:\/\/www.rotaseguros.com.br\/planosdesaude\/saude-em-2026-prevencao\/#Cuidado_que_vale_para_o_ano_inteiro\" >Cuidado que vale para o ano inteiro<\/a><\/li><\/ul><\/nav><\/div>\n\n<p data-start=\"546\" data-end=\"794\">Em um cen\u00e1rio em que os custos com procedimentos m\u00e9dicos continuam em alta e o acesso r\u00e1pido aos servi\u00e7os de sa\u00fade se torna cada vez mais necess\u00e1rio, come\u00e7ar o ano protegido n\u00e3o \u00e9 apenas prudente: \u00e9 essencial para manter a sa\u00fade em 2026 em dia.<\/p>\n<p data-start=\"546\" data-end=\"794\"><img loading=\"lazy\" decoding=\"async\" class=\"alignnone wp-image-34002 size-full\" title=\"Por que contratar um plano de sa\u00fade no in\u00edcio do ano\" src=\"https:\/\/www.rotaseguros.com.br\/planosdesaude\/wp-content\/uploads\/2025\/12\/Por-que-contratar-um-plano-de-saude-no-inicio-do-ano.png\" alt=\"Por que contratar um plano de sa\u00fade no in\u00edcio do ano\" width=\"800\" height=\"200\" srcset=\"https:\/\/www.rotaseguros.com.br\/planosdesaude\/wp-content\/uploads\/2025\/12\/Por-que-contratar-um-plano-de-saude-no-inicio-do-ano.png 800w, https:\/\/www.rotaseguros.com.br\/planosdesaude\/wp-content\/uploads\/2025\/12\/Por-que-contratar-um-plano-de-saude-no-inicio-do-ano-300x75.png 300w, https:\/\/www.rotaseguros.com.br\/planosdesaude\/wp-content\/uploads\/2025\/12\/Por-que-contratar-um-plano-de-saude-no-inicio-do-ano-768x192.png 768w\" sizes=\"auto, (max-width: 800px) 100vw, 800px\" \/><\/p>\n<h2 data-start=\"833\" data-end=\"889\"><span class=\"ez-toc-section\" id=\"Por_que_contratar_um_plano_de_saude_no_inicio_do_ano\"><\/span>Por que contratar um plano de sa\u00fade no in\u00edcio do ano<span class=\"ez-toc-section-end\"><\/span><\/h2>\n<p data-start=\"859\" data-end=\"1096\">O primeiro trimestre do ano costuma ser um per\u00edodo de maior organiza\u00e7\u00e3o pessoal e financeira. Aproveitar esse momento para contratar ou atualizar um plano de sa\u00fade oferece uma s\u00e9rie de benef\u00edcios pr\u00e1ticos para garantir sa\u00fade em 2026.<\/p>\n<ol data-start=\"1098\" data-end=\"2399\">\n<li data-start=\"1098\" data-end=\"1408\">\n<p data-start=\"1101\" data-end=\"1408\"><strong data-start=\"1101\" data-end=\"1142\">Organiza\u00e7\u00e3o financeira mais eficiente<\/strong><br data-start=\"1142\" data-end=\"1145\" \/>Assinar um plano no in\u00edcio do ano permite distribuir os custos ao longo dos 12 meses, sem comprometer o or\u00e7amento em momentos inesperados. Al\u00e9m disso, muitas pessoas reavaliam suas despesas anuais em janeiro, facilitando a inclus\u00e3o da mensalidade no planejamento.<\/p>\n<\/li>\n<li data-start=\"1410\" data-end=\"1663\">\n<p data-start=\"1413\" data-end=\"1663\"><strong data-start=\"1413\" data-end=\"1447\"><a href=\"https:\/\/dicionario.priberam.org\/checkup\" target=\"_blank\" rel=\"noopener\">Check-up<\/a> preventivo desde cedo<\/strong><br data-start=\"1447\" data-end=\"1450\" \/>Com o plano ativo logo no come\u00e7o do ano, \u00e9 poss\u00edvel programar consultas preventivas, exames de rotina e acompanhamento m\u00e9dico que ajudam a evitar problemas futuros, fortalecendo a<strong data-start=\"1630\" data-end=\"1647\"> sa\u00fade em 2026<\/strong> desde o in\u00edcio.<\/p>\n<\/li>\n<li data-start=\"1665\" data-end=\"1883\">\n<p data-start=\"1668\" data-end=\"1883\"><strong data-start=\"1668\" data-end=\"1698\">Evita atrasos por car\u00eancia<\/strong><br data-start=\"1698\" data-end=\"1701\" \/>Cada plano possui per\u00edodos de car\u00eancia. Quanto antes contratado, mais rapidamente voc\u00ea ter\u00e1 acesso completo aos servi\u00e7os, o que \u00e9 crucial para manter sua sa\u00fade\u00a0protegida.<\/p>\n<\/li>\n<li data-start=\"1885\" data-end=\"2172\">\n<p data-start=\"1888\" data-end=\"2172\"><strong data-start=\"1888\" data-end=\"1938\">Maior tranquilidade em \u00e9pocas de maior demanda<\/strong><br data-start=\"1938\" data-end=\"1941\" \/>Nos primeiros meses do ano, h\u00e1 aumento na procura por servi\u00e7os m\u00e9dicos devido a viagens, mudan\u00e7as clim\u00e1ticas e retomada das atividades. Estar com o plano ativo evita contratempos e garante mais seguran\u00e7a para sua sa\u00fade em 2026.<\/p>\n<\/li>\n<li data-start=\"2174\" data-end=\"2399\">\n<p data-start=\"2177\" data-end=\"2399\"><strong data-start=\"2177\" data-end=\"2212\">Seguran\u00e7a diante de emerg\u00eancias<\/strong><br data-start=\"2212\" data-end=\"2215\" \/>Acidentes e imprevistos podem acontecer a qualquer momento. Ter cobertura desde o in\u00edcio do ano oferece uma camada extra de prote\u00e7\u00e3o e tranquilidade, preservando sua sa\u00fade.<\/p>\n<\/li>\n<\/ol>\n<h2 data-start=\"86\" data-end=\"141\"><span class=\"ez-toc-section\" id=\"Como_escolher_o_plano_de_saude_ideal_para_2026\"><\/span>Como escolher o plano de sa\u00fade ideal para 2026?<span class=\"ez-toc-section-end\"><\/span><\/h2>\n<p data-start=\"2476\" data-end=\"2825\">Para acertar na escolha, comece avaliando a rede credenciada, verificando se hospitais, cl\u00ednicas e laborat\u00f3rios do plano atendem perto de voc\u00ea. Tamb\u00e9m \u00e9 essencial observar a cobertura assistencial, escolhendo entre op\u00e7\u00f5es ambulatoriais, hospitalares, com obstetr\u00edcia ou completas, conforme suas necessidades.<\/p>\n<p data-start=\"2476\" data-end=\"2825\">Entender as car\u00eancias e prazos evita surpresas ao utilizar o plano, assim como decidir entre coparticipa\u00e7\u00e3o ou plano tradicional, de acordo com a frequ\u00eancia com que voc\u00ea costuma usar servi\u00e7os m\u00e9dicos. Fique atento tamb\u00e9m \u00e0s regras de reajuste, que influenciam no valor ao longo do tempo.<\/p>\n<p data-start=\"2476\" data-end=\"2825\">Por fim, considere a facilidade de atendimento, incluindo suporte digital e canais r\u00e1pidos de comunica\u00e7\u00e3o. Com essas an\u00e1lises, voc\u00ea encontra o plano ideal para come\u00e7ar 2025 com seguran\u00e7a e tranquilidade.<\/p>\n<p data-start=\"2476\" data-end=\"2825\"><img loading=\"lazy\" decoding=\"async\" class=\"alignnone wp-image-34003 size-full\" title=\"Qual modalidade escolher\" src=\"https:\/\/www.rotaseguros.com.br\/planosdesaude\/wp-content\/uploads\/2025\/12\/Qual-modalidade-escolher.png\" alt=\"Qual modalidade escolher\" width=\"800\" height=\"200\" srcset=\"https:\/\/www.rotaseguros.com.br\/planosdesaude\/wp-content\/uploads\/2025\/12\/Qual-modalidade-escolher.png 800w, https:\/\/www.rotaseguros.com.br\/planosdesaude\/wp-content\/uploads\/2025\/12\/Qual-modalidade-escolher-300x75.png 300w, https:\/\/www.rotaseguros.com.br\/planosdesaude\/wp-content\/uploads\/2025\/12\/Qual-modalidade-escolher-768x192.png 768w\" sizes=\"auto, (max-width: 800px) 100vw, 800px\" \/><\/p>\n<h2 data-start=\"59\" data-end=\"92\"><span class=\"ez-toc-section\" id=\"Qual_modalidade_escolher\"><\/span>Qual modalidade escolher?<span class=\"ez-toc-section-end\"><\/span><\/h2>\n<p data-start=\"94\" data-end=\"492\">A modalidade ideal depende do seu perfil e da forma como voc\u00ea pretende usar o plano. Os <strong data-start=\"182\" data-end=\"218\">planos individuais ou familiares<\/strong> garantem contrata\u00e7\u00e3o direta e maior previsibilidade. J\u00e1 os <strong data-start=\"278\" data-end=\"302\">coletivos por ades\u00e3o<\/strong> costumam ter pre\u00e7os mais acess\u00edveis, contratados via entidades ou associa\u00e7\u00f5es. Para quem tem empresa, os <strong data-start=\"408\" data-end=\"431\">planos empresariais<\/strong> oferecem melhores condi\u00e7\u00f5es e benef\u00edcios para colaboradores.<\/p>\n<p data-start=\"494\" data-end=\"613\" data-is-last-node=\"\" data-is-only-node=\"\">Avalie suas necessidades, or\u00e7amento e frequ\u00eancia de uso para identificar qual modalidade combina melhor com sua rotina.<\/p>\n<h2 data-start=\"5175\" data-end=\"5245\"><\/h2>\n<h2 data-start=\"5175\" data-end=\"5245\"><img loading=\"lazy\" decoding=\"async\" class=\"alignnone wp-image-34001 size-full\" title=\"Cuidado que vale para o ano inteiro\" src=\"https:\/\/www.rotaseguros.com.br\/planosdesaude\/wp-content\/uploads\/2025\/12\/Cuidado-que-vale-para-o-ano-inteiro.png\" alt=\"Cuidado que vale para o ano inteiro\" width=\"800\" height=\"200\" srcset=\"https:\/\/www.rotaseguros.com.br\/planosdesaude\/wp-content\/uploads\/2025\/12\/Cuidado-que-vale-para-o-ano-inteiro.png 800w, https:\/\/www.rotaseguros.com.br\/planosdesaude\/wp-content\/uploads\/2025\/12\/Cuidado-que-vale-para-o-ano-inteiro-300x75.png 300w, https:\/\/www.rotaseguros.com.br\/planosdesaude\/wp-content\/uploads\/2025\/12\/Cuidado-que-vale-para-o-ano-inteiro-768x192.png 768w\" sizes=\"auto, (max-width: 800px) 100vw, 800px\" \/><\/h2>\n<h2 data-start=\"5175\" data-end=\"5245\"><\/h2>\n<h2 data-start=\"5175\" data-end=\"5245\"><span class=\"ez-toc-section\" id=\"Cuidado_que_vale_para_o_ano_inteiro\"><\/span>Cuidado que vale para o ano inteiro<span class=\"ez-toc-section-end\"><\/span><\/h2>\n<p data-start=\"5247\" data-end=\"5425\">Come\u00e7ar o ano com um plano de sa\u00fade n\u00e3o \u00e9 apenas cumprir uma meta, mas assumir um compromisso com o pr\u00f3prio bem-estar. \u00c9 dizer \u201csim\u201d \u00e0 preven\u00e7\u00e3o, \u00e0 seguran\u00e7a e \u00e0 tranquilidade.<\/p>\n<p data-start=\"5427\" data-end=\"5595\">Seja voc\u00ea um indiv\u00edduo, uma fam\u00edlia ou uma empresa, <strong data-start=\"5479\" data-end=\"5594\">a decis\u00e3o de contratar um plano de sa\u00fade no in\u00edcio do ano define um ciclo mais saud\u00e1vel, organizado e protegido<\/strong>.<\/p>\n<p data-start=\"5597\" data-end=\"5737\">Estamos \u00e0 disposi\u00e7\u00e3o para ajudar voc\u00ea a encontrar a melhor op\u00e7\u00e3o, com atendimento pr\u00f3ximo, humanizado e solu\u00e7\u00f5es que cabem no seu or\u00e7amento.<\/p>\n<p data-start=\"5365\" data-end=\"5663\">Entre em contato e solicite sua cota\u00e7\u00e3o personalizada!<\/p>\n<p>Belo Horizonte \u2013 MG:\u00a0<a href=\"https:\/\/www.rotaseguros.com.br\/index.html\">0800 024 24 24<\/a><\/p>\n<p>Colatina \u2013 ES:\u00a0<a href=\"https:\/\/www.rotaseguros.com.br\/colatina\/index.html\">(27) 3121-9393<\/a><\/p>\n<p>Londrina \u2013 PR:\u00a0<a href=\"https:\/\/www.rotaseguros.com.br\/londrina\/index.html\">(43) 3233-2096<\/a><\/p>\n<p>Uberl\u00e2ndia \u2013 MG:\u00a0<a href=\"https:\/\/www.rotaseguros.com.br\/uberlandia\/index.html\">(34) 3291-9300<\/a><\/p>\n<p>Cascavel \u2013 PR:\u00a0<a href=\"https:\/\/www.rotaseguros.com.br\/cascavel\/index.html\">(45) 2101-9406<\/a><\/p>\n<p>Curitiba \u2013 PR:\u00a0<a href=\"https:\/\/www.rotaseguros.com.br\/curitiba\/index.html\">(41) 3596-0365<\/a><\/p>\n<p>Maring\u00e1 \u2013 PR:\u00a0<a href=\"https:\/\/www.rotaseguros.com.br\/maringa\/index.html\">(44) 2103-6720<\/a><\/p>\n<p>Vit\u00f3ria \u2013 ES:\u00a0<a href=\"https:\/\/www.rotaseguros.com.br\/vitoria\/index.html\">(27) 2233-3020<\/a><\/p>\n<p>Caxias do Sul \u2013 RS:\u00a0<a href=\"https:\/\/www.rotaseguros.com.br\/caxias-do-sul\/index.html\">(54) 2991-8270<\/a><\/p>\n<p>Centro-Oeste MG:\u00a0<a href=\"https:\/\/www.rotaseguros.com.br\/divinopolis\/index.html\">(37) 3511-3030<\/a><\/p>\n<p>Sul de Minas :\u00a0<a href=\"https:\/\/www.rotaseguros.com.br\/pocos-de-caldas\/index.html\">0800 033 3386<\/a><\/p>\n","protected":false},"excerpt":{"rendered":"<p><span class=\"span-reading-time rt-reading-time\" style=\"display: block;\"><span class=\"rt-label rt-prefix\">Reading Time: <\/span> <span class=\"rt-time\"> 3<\/span> <span class=\"rt-label rt-postfix\">minutes<\/span><\/span>O in\u00edcio de um novo ano representa mais do que a virada do calend\u00e1rio \u2014 \u00e9 um momento de reorganiza\u00e7\u00e3o, planejamento e recome\u00e7o. Nesse per\u00edodo, surgem metas, ajustes de rotina &#8230;<\/p>\n","protected":false},"author":36,"featured_media":34000,"comment_status":"open","ping_status":"open","sticky":false,"template":"","format":"standard","meta":{"_monsterinsights_skip_tracking":false,"_monsterinsights_sitenote_active":false,"_monsterinsights_sitenote_note":"","_monsterinsights_sitenote_category":0,"footnotes":"","_links_to":"","_links_to_target":""},"categories":[27,33,1005],"tags":[2614,4181,3741,4180,132,1343,742,4179],"class_list":["post-33995","post","type-post","status-publish","format-standard","has-post-thumbnail","hentry","category-plano-de-saude","category-rota-seguros","category-saude","tag-check-up-anual","tag-cobertura-assistencial","tag-contratacao-de-plano-de-saude","tag-inicio-do-ano","tag-plano-de-saude","tag-prevencao","tag-rede-credenciada","tag-saude-em-2026"],"_links":{"self":[{"href":"https:\/\/www.rotaseguros.com.br\/planosdesaude\/wp-json\/wp\/v2\/posts\/33995","targetHints":{"allow":["GET"]}}],"collection":[{"href":"https:\/\/www.rotaseguros.com.br\/planosdesaude\/wp-json\/wp\/v2\/posts"}],"about":[{"href":"https:\/\/www.rotaseguros.com.br\/planosdesaude\/wp-json\/wp\/v2\/types\/post"}],"author":[{"embeddable":true,"href":"https:\/\/www.rotaseguros.com.br\/planosdesaude\/wp-json\/wp\/v2\/users\/36"}],"replies":[{"embeddable":true,"href":"https:\/\/www.rotaseguros.com.br\/planosdesaude\/wp-json\/wp\/v2\/comments?post=33995"}],"version-history":[{"count":4,"href":"https:\/\/www.rotaseguros.com.br\/planosdesaude\/wp-json\/wp\/v2\/posts\/33995\/revisions"}],"predecessor-version":[{"id":34193,"href":"https:\/\/www.rotaseguros.com.br\/planosdesaude\/wp-json\/wp\/v2\/posts\/33995\/revisions\/34193"}],"wp:featuredmedia":[{"embeddable":true,"href":"https:\/\/www.rotaseguros.com.br\/planosdesaude\/wp-json\/wp\/v2\/media\/34000"}],"wp:attachment":[{"href":"https:\/\/www.rotaseguros.com.br\/planosdesaude\/wp-json\/wp\/v2\/media?parent=33995"}],"wp:term":[{"taxonomy":"category","embeddable":true,"href":"https:\/\/www.rotaseguros.com.br\/planosdesaude\/wp-json\/wp\/v2\/categories?post=33995"},{"taxonomy":"post_tag","embeddable":true,"href":"https:\/\/www.rotaseguros.com.br\/planosdesaude\/wp-json\/wp\/v2\/tags?post=33995"}],"curies":[{"name":"wp","href":"https:\/\/api.w.org\/{rel}","templated":true}]}}